{"id":884,"date":"2023-04-20T19:49:26","date_gmt":"2023-04-20T19:49:26","guid":{"rendered":"https:\/\/tlcmagazinemexico.com.mx\/?p=884"},"modified":"2023-04-20T20:37:48","modified_gmt":"2023-04-20T20:37:48","slug":"el-litio-en-mexico","status":"publish","type":"post","link":"https:\/\/tlcmagazinemexico.com.mx\/index.php\/2023\/04\/20\/el-litio-en-mexico\/","title":{"rendered":"EL LITIO EN M\u00c9XICO"},"content":{"rendered":"\t\t<div data-elementor-type=\"wp-post\" data-elementor-id=\"884\" class=\"elementor elementor-884\">\n\t\t\t\t\t\t\t\t\t<section class=\"elementor-section elementor-top-section elementor-element elementor-element-39874333 elementor-section-boxed elementor-section-height-default elementor-section-height-default\" data-id=\"39874333\" data-element_type=\"section\">\n\t\t\t\t\t\t<div class=\"elementor-container elementor-column-gap-default\">\n\t\t\t\t\t<div class=\"elementor-column elementor-col-33 elementor-top-column elementor-element elementor-element-638f637c\" data-id=\"638f637c\" data-element_type=\"column\">\n\t\t\t<div class=\"elementor-widget-wrap elementor-element-populated\">\n\t\t\t\t\t\t\t\t<div class=\"elementor-element elementor-element-6a6e9a50 elementor-widget elementor-widget-theme-post-featured-image elementor-widget-image\" data-id=\"6a6e9a50\" data-element_type=\"widget\" data-widget_type=\"theme-post-featured-image.default\">\n\t\t\t\t<div class=\"elementor-widget-container\">\n\t\t\t<style>\/*! elementor - v3.12.0 - 29-03-2023 *\/\n.elementor-widget-image{text-align:center}.elementor-widget-image a{display:inline-block}.elementor-widget-image a img[src$=\".svg\"]{width:48px}.elementor-widget-image img{vertical-align:middle;display:inline-block}<\/style>\t\t\t\t\t\t\t\t\t\t\t\t<img loading=\"lazy\" decoding=\"async\" width=\"750\" height=\"500\" src=\"https:\/\/tlcmagazinemexico.com.mx\/wp-content\/uploads\/2023\/04\/Portadas-40-Web_Art.-2.png\" class=\"attachment-large size-large wp-image-878\" alt=\"\" srcset=\"https:\/\/tlcmagazinemexico.com.mx\/wp-content\/uploads\/2023\/04\/Portadas-40-Web_Art.-2.png 939w, https:\/\/tlcmagazinemexico.com.mx\/wp-content\/uploads\/2023\/04\/Portadas-40-Web_Art.-2-300x200.png 300w, https:\/\/tlcmagazinemexico.com.mx\/wp-content\/uploads\/2023\/04\/Portadas-40-Web_Art.-2-768x512.png 768w\" sizes=\"auto, (max-width: 750px) 100vw, 750px\" style=\"width:100%;height:66.67%;max-width:939px\" \/>\t\t\t\t\t\t\t\t\t\t\t\t\t\t\t<\/div>\n\t\t\t\t<\/div>\n\t\t\t\t<div class=\"elementor-element elementor-element-7f13647e elementor-widget elementor-widget-spacer\" data-id=\"7f13647e\" data-element_type=\"widget\" data-widget_type=\"spacer.default\">\n\t\t\t\t<div class=\"elementor-widget-container\">\n\t\t\t<style>\/*! elementor - v3.12.0 - 29-03-2023 *\/\n.elementor-column .elementor-spacer-inner{height:var(--spacer-size)}.e-con{--container-widget-width:100%}.e-con-inner>.elementor-widget-spacer,.e-con>.elementor-widget-spacer{width:var(--container-widget-width,var(--spacer-size));--align-self:var(--container-widget-align-self,initial);--flex-shrink:0}.e-con-inner>.elementor-widget-spacer>.elementor-widget-container,.e-con-inner>.elementor-widget-spacer>.elementor-widget-container>.elementor-spacer,.e-con>.elementor-widget-spacer>.elementor-widget-container,.e-con>.elementor-widget-spacer>.elementor-widget-container>.elementor-spacer{height:100%}.e-con-inner>.elementor-widget-spacer>.elementor-widget-container>.elementor-spacer>.elementor-spacer-inner,.e-con>.elementor-widget-spacer>.elementor-widget-container>.elementor-spacer>.elementor-spacer-inner{height:var(--container-widget-height,var(--spacer-size))}<\/style>\t\t<div class=\"elementor-spacer\">\n\t\t\t<div class=\"elementor-spacer-inner\"><\/div>\n\t\t<\/div>\n\t\t\t\t<\/div>\n\t\t\t\t<\/div>\n\t\t\t\t<div class=\"elementor-element elementor-element-112c9c1b elementor-widget elementor-widget-theme-post-title elementor-page-title elementor-widget-heading\" data-id=\"112c9c1b\" data-element_type=\"widget\" data-widget_type=\"theme-post-title.default\">\n\t\t\t\t<div class=\"elementor-widget-container\">\n\t\t\t<style>\/*! elementor - v3.12.0 - 29-03-2023 *\/\n.elementor-heading-title{padding:0;margin:0;line-height:1}.elementor-widget-heading .elementor-heading-title[class*=elementor-size-]>a{color:inherit;font-size:inherit;line-height:inherit}.elementor-widget-heading .elementor-heading-title.elementor-size-small{font-size:15px}.elementor-widget-heading .elementor-heading-title.elementor-size-medium{font-size:19px}.elementor-widget-heading .elementor-heading-title.elementor-size-large{font-size:29px}.elementor-widget-heading .elementor-heading-title.elementor-size-xl{font-size:39px}.elementor-widget-heading .elementor-heading-title.elementor-size-xxl{font-size:59px}<\/style><h1 class=\"elementor-heading-title elementor-size-default\">EL LITIO EN M\u00c9XICO<\/h1>\t\t<\/div>\n\t\t\t\t<\/div>\n\t\t\t\t<div class=\"elementor-element elementor-element-5652ac74 elementor-widget elementor-widget-text-editor\" data-id=\"5652ac74\" data-element_type=\"widget\" data-widget_type=\"text-editor.default\">\n\t\t\t\t<div class=\"elementor-widget-container\">\n\t\t\t<style>\/*! elementor - v3.12.0 - 29-03-2023 *\/\n.elementor-widget-text-editor.elementor-drop-cap-view-stacked .elementor-drop-cap{background-color:#69727d;color:#fff}.elementor-widget-text-editor.elementor-drop-cap-view-framed .elementor-drop-cap{color:#69727d;border:3px solid;background-color:transparent}.elementor-widget-text-editor:not(.elementor-drop-cap-view-default) .elementor-drop-cap{margin-top:8px}.elementor-widget-text-editor:not(.elementor-drop-cap-view-default) .elementor-drop-cap-letter{width:1em;height:1em}.elementor-widget-text-editor .elementor-drop-cap{float:left;text-align:center;line-height:1;font-size:50px}.elementor-widget-text-editor .elementor-drop-cap-letter{display:inline-block}<\/style>\t\t\t\t<p><!-- wp:paragraph --><\/p>\n<p style=\"line-height: var(--wp--typography--line-height, var(--global--line-height-body));\">Pareciera que el mundo est\u00e1 por experimentar un cambio importante con respecto a la energ\u00eda utilizada para el movimiento de veh\u00edculos automotores. Para nadie es desconocido, desde el siglo pasado han habido importantes avances cient\u00edficos y tecnol\u00f3gicos en diversas industrias, entre ellas la automotriz, con la finalidad de lograr una movilidad, mediante insumos distintos a aquellos derivados del petr\u00f3leo. As\u00ed, hemos escuchado la utilizaci\u00f3n en la industria de autom\u00f3viles de distintos insumos, ingredientes y tipos de materiales, por ejemplo, hidr\u00f3geno, metanol, mezclas de componentes, el viento, la energ\u00eda solar, y en las primeras d\u00e9cadas del Siglo XXI, de una manera m\u00e1s persistente la utilizaci\u00f3n de la energ\u00eda el\u00e9ctrica, la cual ha sido muy utilizada de forma exitosa en el movimiento de personas y mercanc\u00edas, en los ferrocarriles, principalmente en los pa\u00edses europeos y asi\u00e1ticos.<\/p><p style=\"line-height: var(--wp--typography--line-height, var(--global--line-height-body));\"><br><\/p>\n<p style=\"line-height: var(--wp--typography--line-height, var(--global--line-height-body));\">\n<\/p><p style=\"line-height: var(--wp--typography--line-height, var(--global--line-height-body));\">\n<\/p><p style=\"line-height: var(--wp--typography--line-height, var(--global--line-height-body));\">Ahora, diversos fabricantes de autom\u00f3viles en su \u00e1nimo de contribuir a un mejor ambiente y reducir las emisiones contaminantes en el planeta, se han comprometido a producir veh\u00edculos totalmente el\u00e9ctricos para la cuarta d\u00e9cada del presente siglo. Es decir, su meta es lograr una amplia gama de veh\u00edculos, similares a los ofertados actualmente, con una autonom\u00eda parecida a aquellos cuya vocaci\u00f3n es emplear \u00fanicamente gasolina o di\u00e9sel. En este sentido se observa que esta decisi\u00f3n no viene de los gobiernos y tal vez ha sido promovida por una gran cantidad de consumidores, quienes est\u00e1n dispuestos a pagar los precios derivados de una tecnolog\u00eda m\u00e1s avanzada y menos contaminante, en beneficio de la poblaci\u00f3n mundial.<\/p><p style=\"line-height: var(--wp--typography--line-height, var(--global--line-height-body));\"><br><\/p>\n<p style=\"line-height: var(--wp--typography--line-height, var(--global--line-height-body));\">\n<\/p><p style=\"line-height: var(--wp--typography--line-height, var(--global--line-height-body));\">\n<\/p><p style=\"line-height: var(--wp--typography--line-height, var(--global--line-height-body));\">Las actuales tecnolog\u00edas han reconocido que las bater\u00edas de litio son id\u00f3neas para la captaci\u00f3n de la energ\u00eda requerida por los autom\u00f3viles; raz\u00f3n por la cual, las armadoras de autos est\u00e1n interesadas en buscar el suministro de dicho insumo, a fin de lograr una industria integrada. Si bien es cierto, no es el \u00fanico factor determinante para el establecimiento de una empresa de este tipo en un determinado lugar. Si es claro, la abundancia del litio en un cierto espacio geogr\u00e1fico, junto con pol\u00edticas de gobierno sobre su tratamiento y la forma en la cual se brinde la disponibilidad del mencionado producto, pueden influir de manera importante en la toma de decisiones de los empresarios, los consejos de administraci\u00f3n de las empresas y sus accionistas.<\/p><p style=\"line-height: var(--wp--typography--line-height, var(--global--line-height-body));\"><br><\/p>\n<p style=\"line-height: var(--wp--typography--line-height, var(--global--line-height-body));\">\n<\/p><p style=\"line-height: var(--wp--typography--line-height, var(--global--line-height-body));\">\n<\/p><p style=\"line-height: var(--wp--typography--line-height, var(--global--line-height-body));\">Con base en lo anterior, al menos en el caso de M\u00e9xico, son relevantes las decisiones que el presidente de la Rep\u00fablica ha tomado en materia de energ\u00eda; sirva de ejemplo, las estrategias y acciones en materia de pol\u00edtica y administraci\u00f3n p\u00fablica para favorecer las actividades y participaci\u00f3n de las empresas del Estado en dicho rubro, como son: Comisi\u00f3n Federal de Electricidad (CFE) y Petr\u00f3leos Mexicanos (Pemex), lo cual ha impactado de manera negativa la participaci\u00f3n de las empresas extranjeras con respecto a la explotaci\u00f3n, distribuci\u00f3n y comercializaci\u00f3n de gas, energ\u00eda el\u00e9ctrica, gasolina y di\u00e9sel automotriz. Incluso, existe la posibilidad de que se ventile una controversia ante un panel arbitral, conforme a las reglas previstas en el Tratado suscrito entre M\u00e9xico, Estados Unidos y Canad\u00e1 (TMEC).<\/p><p style=\"line-height: var(--wp--typography--line-height, var(--global--line-height-body));\"><br><\/p>\n<p style=\"line-height: var(--wp--typography--line-height, var(--global--line-height-body));\">\n<\/p><p style=\"line-height: var(--wp--typography--line-height, var(--global--line-height-body));\">\n<\/p><p style=\"line-height: var(--wp--typography--line-height, var(--global--line-height-body));\">En adici\u00f3n a lo anterior, recordemos, en M\u00e9xico no existen empresas con capital 100% mexicano que produzcan autom\u00f3viles, donde al menos, en poco m\u00e1s de 100 a\u00f1os, la industria automotriz mexicana ha estado dominada por firmas extranjeras, primero norteamericanas, por ejemplo, Ford, General Motors y Chrysler; y luego por una combinaci\u00f3n con empresas asi\u00e1ticas \ua7f7japonesas como Nissan, Mazda, Mitsubishi y Toyota, coreanas como Hyundai y Kia\ua7f7, y europeas como Volkswagen, BMW, Mercedes Benz, Audi, Renault, Fiat, Jaguar, Land Rover y MG, entre otras. Entonces, las pol\u00edticas, producci\u00f3n y manejo del litio por parte del Gobierno de M\u00e9xico, se torna en una cuesti\u00f3n fundamental, entre otros elementos, para la toma de decisiones de dichas empresas, as\u00ed como para su asentamiento y permanencia en territorio mexicano.<\/p><p style=\"line-height: var(--wp--typography--line-height, var(--global--line-height-body));\"><br><\/p>\n<p style=\"line-height: var(--wp--typography--line-height, var(--global--line-height-body));\">\n<\/p><p style=\"line-height: var(--wp--typography--line-height, var(--global--line-height-body));\">\n<\/p><p style=\"line-height: var(--wp--typography--line-height, var(--global--line-height-body));\">Sobre todo, cuando desde la silla presidencial se instruye que el gobierno tomar\u00e1 un papel preponderante en la localizaci\u00f3n de yacimientos de litio, as\u00ed como en su explotaci\u00f3n y comercializaci\u00f3n, todo ello con un \u00e1nimo de favorecer las finanzas del Estado y, en \u00faltima instancia, a la poblaci\u00f3n en general. Los objetivos parecen leg\u00edtimos y asequibles, pero la realidad, al menos en M\u00e9xico, es otra. Sirva de ejemplo lo sucedido con el petr\u00f3leo, donde a pesar del control del Estado, las malas decisiones en su administraci\u00f3n no han servido, entre otros, para que M\u00e9xico salga de la pobreza. Incluso a tres a\u00f1os de gobierno de la actual administraci\u00f3n, no se percibe un \u00e9xito rotundo en la modificaci\u00f3n del rumbo de la empresa. En particular, cuando al parecer el mundo en general se est\u00e1 moviendo a energ\u00edas limpias y, al parecer las decisiones de gobierno actual se inclinan en favorecer incluso la explotaci\u00f3n y consumo de carb\u00f3n como generador de energ\u00eda.<\/p><p style=\"line-height: var(--wp--typography--line-height, var(--global--line-height-body));\"><br><\/p>\n<p style=\"line-height: var(--wp--typography--line-height, var(--global--line-height-body));\">\n<\/p><p style=\"line-height: var(--wp--typography--line-height, var(--global--line-height-body));\">\n<\/p><p style=\"line-height: var(--wp--typography--line-height, var(--global--line-height-body));\">Lo cierto es, el 23 de agosto de 2022 se public\u00f3 en el Diario Oficial de la Federaci\u00f3n (DOF) el Decreto de creaci\u00f3n del organismo p\u00fablico descentralizado denominado Litio para M\u00e9xico, el cual han nombrado como LitioMx seg\u00fan el art\u00edculo 1 del decreto, aunque consideramos, hubiera resultado m\u00e1s apropiado invocarlo con el acr\u00f3nimo Litiomex.<\/p><p style=\"line-height: var(--wp--typography--line-height, var(--global--line-height-body));\"><br><\/p>\n<p style=\"line-height: var(--wp--typography--line-height, var(--global--line-height-body));\">\n<\/p><p style=\"line-height: var(--wp--typography--line-height, var(--global--line-height-body));\">\n<\/p><p style=\"line-height: var(--wp--typography--line-height, var(--global--line-height-body));\">Como parte de los considerandos del decreto, se indican como fundamentos constitucionales los art\u00edculos 25 p\u00e1rrafo quinto, 27 p\u00e1rrafo cuarto y 28 p\u00e1rrafo cuarto de la Constituci\u00f3n Pol\u00edtica mexicana, en el entendido de que corresponde al sector p\u00fablico encargarse de las \u00e1reas estrat\u00e9gicas, a trav\u00e9s de los organismos y empresas productivas del Estado creadas o por crear. Corresponde a la Naci\u00f3n el dominio directo de los recursos naturales, entre ellos, minerales o sustancias localizables en vetas, mantos, masas o yacimientos localizables en la naturaleza y puedan ser extra\u00eddos para su utilizaci\u00f3n en la industria. Se refuerza lo anterior, con el hecho de exceptuar de los monopolios, las funciones que el Estado ejerza de manera exclusiva en las \u00e1reas estrat\u00e9gicas, as\u00ed como en las actividades expresamente se\u00f1aladas en las leyes expedidas por el Congreso de la Uni\u00f3n.<\/p><p style=\"line-height: var(--wp--typography--line-height, var(--global--line-height-body));\"><br><\/p>\n<p style=\"line-height: var(--wp--typography--line-height, var(--global--line-height-body));\">\n<\/p><p style=\"line-height: var(--wp--typography--line-height, var(--global--line-height-body));\">\n<\/p><p style=\"line-height: var(--wp--typography--line-height, var(--global--line-height-body));\">Al respecto, en los mencionados considerandos se agrega que mediante publicaci\u00f3n de un decreto en el DOF del 20 de abril de 2022 se realizaron diversas reformas y adiciones a la Ley Minera (LM). Lo anterior, con el prop\u00f3sito de declarar de utilidad p\u00fablica al litio; raz\u00f3n por la cual no se otorgar\u00e1n m\u00e1s concesiones, licencias, contratos, permisos o autorizaciones sobre dicho mineral y, se\u00f1ala el decreto, ser\u00e1n consideradas como zonas de reserva minera aqu\u00e9llas en las cuales haya yacimientos de litio.&nbsp;<\/p><p style=\"line-height: var(--wp--typography--line-height, var(--global--line-height-body));\"><br><\/p>\n<p style=\"line-height: var(--wp--typography--line-height, var(--global--line-height-body));\">\n<\/p><p style=\"line-height: var(--wp--typography--line-height, var(--global--line-height-body));\">\n<\/p><p style=\"line-height: var(--wp--typography--line-height, var(--global--line-height-body));\">Agrega el art\u00edculo 10 del referido decreto: la exploraci\u00f3n, explotaci\u00f3n, beneficio y aprovechamiento del litio quedan exclusivamente a cargo del Estado, a trav\u00e9s del organismo p\u00fablico descentralizado que al efecto se cree por el Ejecutivo Federal. Todo ello con la finalidad de garantizar la soberan\u00eda energ\u00e9tica de la Naci\u00f3n sobre el litio y, dem\u00e1s minerales estrat\u00e9gicos y necesarios para la transici\u00f3n energ\u00e9tica, la innovaci\u00f3n tecnol\u00f3gica y el desarrollo nacional. Dicho organismo conforme al decreto ser\u00eda creado dentro de los 90 d\u00edas h\u00e1biles posteriores a su entrada en vigor, lo cual sucedi\u00f3 dentro del t\u00e9rmino fijado.<\/p><p style=\"line-height: var(--wp--typography--line-height, var(--global--line-height-body));\"><br><\/p>\n<p style=\"line-height: var(--wp--typography--line-height, var(--global--line-height-body));\">\n<\/p><p style=\"line-height: var(--wp--typography--line-height, var(--global--line-height-body));\">\n<\/p><p style=\"line-height: var(--wp--typography--line-height, var(--global--line-height-body));\">Como parte de los lineamientos fijados se encuentran los siguientes: (1) el organismo cumplir\u00e1 con la legislaci\u00f3n y tratados internacionales en materia de protecci\u00f3n del medio ambiente; (2) respetar\u00e1 los derechos de los pueblos originarios, comunidades ind\u00edgenas y afromexicanas; (3) y que la Comisi\u00f3n Intersecretarial de Gasto P\u00fablico, Financiamiento y Desincorporaci\u00f3n opine favorablemente sobre su constituci\u00f3n, de conformidad con lo establecido en el art\u00edculo 5\u00ba p\u00e1rrafo segundo del Reglamento de la Ley Federal de Entidades Paraestatales. Lo cual se afirma, en el decreto de creaci\u00f3n, sucedi\u00f3 favorablemente, sin indicar la fecha en la cual se otorg\u00f3.<\/p><p style=\"line-height: var(--wp--typography--line-height, var(--global--line-height-body));\"><br><\/p>\n<p style=\"line-height: var(--wp--typography--line-height, var(--global--line-height-body));\">\n<\/p><p style=\"line-height: var(--wp--typography--line-height, var(--global--line-height-body));\">\n<\/p><p style=\"line-height: var(--wp--typography--line-height, var(--global--line-height-body));\">El Decreto mediante el cual se crea LitioMx est\u00e1 integrado por 17 art\u00edculos y seis transitorios, se indica en el primero de estos \u00faltimos: entrar\u00e1 en vigor al d\u00eda siguiente de su publicaci\u00f3n en el DOF y, seg\u00fan el art\u00edculo segundo transitorio, el Consejo de Administraci\u00f3n debe integrarse en un per\u00edodo no mayor a 60 d\u00edas naturales (23 de octubre) y para el cumplimiento de sus funciones el Estatuto Org\u00e1nico correspondiente debe expedirse en un plazo de 90 d\u00edas naturales (22 de noviembre). Lo anterior, permitir\u00e1 que el referido organismo inicie funciones dentro de los 180 d\u00edas a la entrada en vigor del decreto en comento, esto es, a m\u00e1s tardar el 20 de febrero de 2023 (art\u00edculo tercero transitorio).<\/p><p style=\"line-height: var(--wp--typography--line-height, var(--global--line-height-body));\"><br><\/p>\n<p style=\"line-height: var(--wp--typography--line-height, var(--global--line-height-body));\">\n<\/p><p style=\"line-height: var(--wp--typography--line-height, var(--global--line-height-body));\">\n<\/p><p style=\"line-height: var(--wp--typography--line-height, var(--global--line-height-body));\">Para el inicio de operaciones, la Secretar\u00eda de Energ\u00eda (Sener) transferir\u00e1 a LitioMx el personal necesario, quienes seguir\u00e1n disfrutando de las mismas prestaciones otorgadas por la SE (art\u00edculo cuarto transitorio). Asimismo, la Sener ser\u00e1 responsable de realizar todos los actos necesarios para transferir todos los recursos humanos, materiales, presupuestarios y financieros, as\u00ed como los bienes indispensables para que LitioMx pueda cumplir con sus atribuciones (art\u00edculo quinto transitorio). Las erogaciones en 2022 con motivo de la entrada en vigor del decreto, han de realizarse con cargo al presupuesto aprobado para la Sener durante el ejercicio 2022, sin admitir ampliaciones al presupuesto para la realizaci\u00f3n de tales fines. Lo anterior no impide la asignaci\u00f3n de importantes cantidades para el ejercicio 2023 con el prop\u00f3sito de que LitioMx cuente con todas las asignaciones necesarias para su puesta en marcha, as\u00ed como, al ser una nueva entidad de la administraci\u00f3n p\u00fablica para estatal reciba su propio presupuesto.<\/p><p style=\"line-height: var(--wp--typography--line-height, var(--global--line-height-body));\"><br><\/p>\n<p style=\"line-height: var(--wp--typography--line-height, var(--global--line-height-body));\">\n<\/p><p style=\"line-height: var(--wp--typography--line-height, var(--global--line-height-body));\">\n<\/p><p style=\"line-height: var(--wp--typography--line-height, var(--global--line-height-body));\">El art\u00edculo 1 del decreto se\u00f1ala: LitioMx al ser un organismo p\u00fablico descentralizado ser\u00e1 coordinado por la Sener, pero contar\u00e1 con la personalidad jur\u00eddica y patrimonio propios, con autonom\u00eda t\u00e9cnica, operativa y de gesti\u00f3n. Al respecto, el organismo mencionado cumple con lo establecido en el art\u00edculo 14 fracci\u00f3n I de la Ley Federal de las Entidades Paraestatales (LFEP), en raz\u00f3n a que fue creado para la realizaci\u00f3n de actividades correspondientes a las \u00e1reas estrat\u00e9gicas. En t\u00e9rminos del art\u00edculo 6 de la LFEP, las \u00e1reas estrat\u00e9gicas est\u00e1n determinadas en el p\u00e1rrafo cuarto del art\u00edculo 28 constitucional y las actividades expresamente se\u00f1aladas en las leyes expedidas por el Congreso de la Uni\u00f3n.<\/p><p style=\"line-height: var(--wp--typography--line-height, var(--global--line-height-body));\"><br><\/p>\n<p style=\"line-height: var(--wp--typography--line-height, var(--global--line-height-body));\">\n<\/p><p style=\"line-height: var(--wp--typography--line-height, var(--global--line-height-body));\">\n<\/p><p style=\"line-height: var(--wp--typography--line-height, var(--global--line-height-body));\">Sobre el particular, el mencionado p\u00e1rrafo y art\u00edculo constitucional no incluye en su primera parte al litio, al disponer lo siguiente:<\/p><p style=\"line-height: var(--wp--typography--line-height, var(--global--line-height-body));\"><br><\/p>\n<p style=\"line-height: var(--wp--typography--line-height, var(--global--line-height-body));\">\n<\/p><p style=\"line-height: var(--wp--typography--line-height, var(--global--line-height-body));\">\n<\/p><p style=\"line-height: var(--wp--typography--line-height, var(--global--line-height-body));\">No constituir\u00e1n monopolios las funciones que el Estado ejerza de manera exclusiva en las siguientes&nbsp;<span style=\"font-weight: 700;\">\u00e1reas estrat\u00e9gicas: correos, tel\u00e9grafos y radiotelegraf\u00eda; minerales radiactivos y generaci\u00f3n de energ\u00eda nuclear<\/span>;&nbsp;<span style=\"font-weight: 700;\">la planeaci\u00f3n y el control del sistema el\u00e9ctrico nacional, as\u00ed como el servicio p\u00fablico de transmisi\u00f3n y distribuci\u00f3n de energ\u00eda el\u00e9ctrica, y la exploraci\u00f3n y extracci\u00f3n del petr\u00f3leo y de los dem\u00e1s hidrocarburos<\/span>, en los t\u00e9rminos de los p\u00e1rrafos sexto y s\u00e9ptimo del art\u00edculo 27 de esta Constituci\u00f3n, respectivamente;&nbsp;<span style=\"font-weight: 700;\">as\u00ed como las actividades que expresamente se\u00f1alen las leyes que expida el Congreso de la Uni\u00f3n<\/span>. \u2026<\/p><p style=\"line-height: var(--wp--typography--line-height, var(--global--line-height-body));\"><br><\/p>\n<p style=\"line-height: var(--wp--typography--line-height, var(--global--line-height-body));\">\n<\/p><p style=\"line-height: var(--wp--typography--line-height, var(--global--line-height-body));\">\n<\/p><p style=\"line-height: var(--wp--typography--line-height, var(--global--line-height-body));\">Esto es, el litio no es un mineral radioactivo, tampoco se utiliza para generaci\u00f3n de energ\u00eda nuclear, y no es un hidrocarburo; en realidad se trata de un elemento qu\u00edmico representado por el s\u00edmbolo Li, se trata de un metal alcalino blando, de color blanco plata, muy reactivo, empleado entre otros usos para la fabricaci\u00f3n de bater\u00edas el\u00e9ctricas.&nbsp;<\/p><p style=\"line-height: var(--wp--typography--line-height, var(--global--line-height-body));\"><br><\/p>\n<p style=\"line-height: var(--wp--typography--line-height, var(--global--line-height-body));\">\n<\/p><p style=\"line-height: var(--wp--typography--line-height, var(--global--line-height-body));\">\n<\/p><p style=\"line-height: var(--wp--typography--line-height, var(--global--line-height-body));\">Entonces, la base legal para las funciones de LitioMx es el art\u00edculo 1 de la LM, la cual es reglamentaria del art\u00edculo 27 constitucional en materia minera y con motivo de la reforma del 20 de abril de 2022, se indica: la exploraci\u00f3n, explotaci\u00f3n, beneficio y aprovechamiento del litio, corresponde ahora a LitioMx y no a la Secretar\u00eda de Econom\u00eda (SE), a pesar de que \u00e9sta es responsable de la aplicaci\u00f3n y observancia de la LM, y seg\u00fan el art\u00edculo 4 fracci\u00f3n I de la LM inclu\u00eda al litio (competencia de la SE):<\/p><p style=\"line-height: var(--wp--typography--line-height, var(--global--line-height-body));\"><br><\/p>\n<p style=\"line-height: var(--wp--typography--line-height, var(--global--line-height-body));\">\n<\/p><p style=\"line-height: var(--wp--typography--line-height, var(--global--line-height-body));\">\n<\/p><p style=\"line-height: var(--wp--typography--line-height, var(--global--line-height-body));\">Art\u00edculo 4. Son minerales o sustancias que en vetas, mantos, masas o yacimientos constituyen dep\u00f3sitos distintos de los componentes de los terrenos los siguientes:<\/p>\n<p style=\"line-height: var(--wp--typography--line-height, var(--global--line-height-body));\">\n<\/p><p style=\"line-height: var(--wp--typography--line-height, var(--global--line-height-body));\">\n<\/p><ol style=\"padding-left: calc(2 * var(--global--spacing-horizontal)); font-family: var(--list--font-family);\">\n<p style=\"line-height: var(--wp--typography--line-height, var(--global--line-height-body));\">\n<\/p><li>Minerales o sustancias de los que se extraigan antimonio, ars\u00e9nico, \u2026 litio, magnesio, \u2026<\/li>\n<p style=\"line-height: var(--wp--typography--line-height, var(--global--line-height-body));\">\n<\/p><\/ol>\n<p style=\"line-height: var(--wp--typography--line-height, var(--global--line-height-body));\">\n<\/p><p style=\"line-height: var(--wp--typography--line-height, var(--global--line-height-body));\">\n<\/p><p style=\"line-height: var(--wp--typography--line-height, var(--global--line-height-body));\">Es decir, con la reforma a la LM se dispuso una excepci\u00f3n a la competencia y funciones de la SE, para conferirlas a LitioMx y otorgar, a trav\u00e9s del decreto de creaci\u00f3n de dicho organismo, la coordinaci\u00f3n a Sener. De este modo, LitioMx se apoya legalmente en el segundo supuesto del art\u00edculo 28 constitucional, en el sentido de que la LM es una ley expedida por el Congreso de la Uni\u00f3n y en \u00e9sta se le otorga un car\u00e1cter estrat\u00e9gico a la exploraci\u00f3n, explotaci\u00f3n y aprovechamiento del litio (art\u00edculo 10 de la LM).<\/p><p style=\"line-height: var(--wp--typography--line-height, var(--global--line-height-body));\"><br><\/p>\n<p style=\"line-height: var(--wp--typography--line-height, var(--global--line-height-body));\">\n<\/p><p style=\"line-height: var(--wp--typography--line-height, var(--global--line-height-body));\">\n<\/p><p style=\"line-height: var(--wp--typography--line-height, var(--global--line-height-body));\">LitioMx al tratarse de un organismo descentralizado del Estado est\u00e1 sujeto a la Ley Federal de Presupuesto y Responsabilidad Hacendaria y al Presupuesto de Egresos de la Federaci\u00f3n de cada a\u00f1o (art\u00edculo 1 p\u00e1rrafo segundo del decreto).<\/p><p style=\"line-height: var(--wp--typography--line-height, var(--global--line-height-body));\"><br><\/p>\n<p style=\"line-height: var(--wp--typography--line-height, var(--global--line-height-body));\">\n<\/p><p style=\"line-height: var(--wp--typography--line-height, var(--global--line-height-body));\">\n<\/p><p style=\"line-height: var(--wp--typography--line-height, var(--global--line-height-body));\">El art\u00edculo 2 del decreto impone una responsabilidad importante a LitioMx, no s\u00f3lo por indicar: se dedicar\u00e1 a la exploraci\u00f3n, explotaci\u00f3n, beneficio y aprovechamiento del litio, ubicado en el territorio nacional, donde nos preguntamos si Sener, la cual en un principio conferir\u00e1 los recursos, cuenta con el personal, bienes, maquinaria y recursos t\u00e9cnicos especializados para llevar a cabo dichas actividades. Verbigracia, se afirma que existen dos maneras de llevar a cabo la extracci\u00f3n del litio: la primera, a trav\u00e9s de la evaporaci\u00f3n solar de grandes piscinas de salmuera, en agua de mar, campos geotermales o en rocas; la segunda, por medio de la extracci\u00f3n minera.<\/p><p style=\"line-height: var(--wp--typography--line-height, var(--global--line-height-body));\"><br><\/p>\n<p style=\"line-height: var(--wp--typography--line-height, var(--global--line-height-body));\">\n<\/p><p style=\"line-height: var(--wp--typography--line-height, var(--global--line-height-body));\">\n<\/p><p style=\"line-height: var(--wp--typography--line-height, var(--global--line-height-body));\">En relaci\u00f3n con lo anterior, pensamos, la meta ser\u00eda contar con un insumo, en la cantidad y calidad necesarios para que, entre otras, las industrias automotriz y electr\u00f3nica, puedan disponer del litio para fabricar las bater\u00edas para autos, tel\u00e9fonos m\u00f3viles, computadoras y relojes. Entonces, existe un tremendo compromiso con vencimiento inicial para febrero de 2023, para definir las pol\u00edticas, estrategias y acciones de Sener y, en particular de LitioMx, para lograr y cumplir con los requerimientos de la industria mexicana y mundial.<\/p><p style=\"line-height: var(--wp--typography--line-height, var(--global--line-height-body));\"><br><\/p>\n<p style=\"line-height: var(--wp--typography--line-height, var(--global--line-height-body));\">\n<\/p><p style=\"line-height: var(--wp--typography--line-height, var(--global--line-height-body));\">\n<\/p><p style=\"line-height: var(--wp--typography--line-height, var(--global--line-height-body));\">Una segunda responsabilidad, igualmente importante que la anterior, previstas ambas en el art\u00edculo 2 del decreto, consiste en administrar y controlar las cadenas de valor econ\u00f3mico de dicho mineral, donde las reglas de mercado privar\u00e1n en la exploraci\u00f3n, explotaci\u00f3n, beneficio y aprovechamiento del litio; donde adem\u00e1s, por ejemplo, hay importantes productores de litio, los cuales cuentan con abundantes recursos naturales de dicho mineral. Seg\u00fan el Servicio Geol\u00f3gico de Estados Unidos, los 10 principales pa\u00edses con reservas de litio en el mundo son: (donde los tres primeros pa\u00edses integran el denominado Tri\u00e1ngulo del Litio).<\/p>\n<p><!-- \/wp:paragraph --><\/p>\t\t\t\t\t\t<\/div>\n\t\t\t\t<\/div>\n\t\t\t\t<div class=\"elementor-element elementor-element-872e21f elementor-widget elementor-widget-image\" data-id=\"872e21f\" data-element_type=\"widget\" data-widget_type=\"image.default\">\n\t\t\t\t<div class=\"elementor-widget-container\">\n\t\t\t\t\t\t\t\t\t\t\t\t\t\t\t<img loading=\"lazy\" decoding=\"async\" width=\"378\" height=\"463\" src=\"https:\/\/tlcmagazinemexico.com.mx\/wp-content\/uploads\/2023\/04\/Captura-de-pantalla-2023-04-20-134441.png\" class=\"attachment-large size-large wp-image-886\" alt=\"\" srcset=\"https:\/\/tlcmagazinemexico.com.mx\/wp-content\/uploads\/2023\/04\/Captura-de-pantalla-2023-04-20-134441.png 378w, https:\/\/tlcmagazinemexico.com.mx\/wp-content\/uploads\/2023\/04\/Captura-de-pantalla-2023-04-20-134441-245x300.png 245w\" sizes=\"auto, (max-width: 378px) 100vw, 378px\" style=\"width:100%;height:122.49%;max-width:378px\" \/>\t\t\t\t\t\t\t\t\t\t\t\t\t\t\t<\/div>\n\t\t\t\t<\/div>\n\t\t\t\t<div class=\"elementor-element elementor-element-8906600 elementor-widget elementor-widget-text-editor\" data-id=\"8906600\" data-element_type=\"widget\" data-widget_type=\"text-editor.default\">\n\t\t\t\t<div class=\"elementor-widget-container\">\n\t\t\t\t\t\t\t<p><!-- wp:paragraph --><\/p>\n<p><span style=\"font-weight: 400;\">Entonces, cuando los pa\u00edses que integran el Tri\u00e1ngulo del Litio cuentan con reservas aproximadas de 47 millones de toneladas (Bolivia 21 millones, Argentina 17 millones y Chile 9 millones) es natural considerar a M\u00e9xico como uno de los pa\u00edses con reducida abundancia de litio y tampoco est\u00e1 claro si ser\u00e1 un productor eficiente, o cu\u00e1nto tiempo le tome para lograrlo, por tanto, probablemente M\u00e9xico deba ser un seguidor de las reglas de mercado, donde las empresas, como siempre, buscar\u00e1n en el comercio mundial, qui\u00e9n o qui\u00e9nes pueden proveer en la cantidad y calidad necesarios el litio, y a los mejores precios o los m\u00e1s competitivos. Recordemos, M\u00e9xico es un pa\u00eds abierto a la econom\u00eda internacional, lo cual se corrobora con la abundante suscripci\u00f3n de acuerdos y tratados comerciales con diversas naciones (alrededor de 50) y es miembro de la Organizaci\u00f3n Mundial del Comercio que agrupa a 164 pa\u00edses.<\/span><\/p>\n<p><span style=\"font-weight: 400;\">\u00a0<\/span><\/p>\n<p><span style=\"font-weight: 400;\">En el \u00e1mbito nacional, el Servicio Geol\u00f3gico Mexicano hasta febrero de 2022 hab\u00eda verificado 66 localidades para cerciorarse de la posible existencia de litio; de cuyo resultado destacan ocho locaciones para explotar el litio: tres en Puebla, tres en Jalisco y dos en San Luis Potos\u00ed. Sin menoscabo de lo anterior, un mapa localizado en internet con informaci\u00f3n de 2020 de la Secretar\u00eda de Econom\u00eda, agrega Sonora y Baja California y otro m\u00e1s destaca los actuales proyectos de exploraci\u00f3n y explotaci\u00f3n del mencionado mineral:\u00a0<\/span><\/p>\n<p><!-- \/wp:paragraph --><\/p>\t\t\t\t\t\t<\/div>\n\t\t\t\t<\/div>\n\t\t\t\t<div class=\"elementor-element elementor-element-ade5b29 elementor-widget elementor-widget-image\" data-id=\"ade5b29\" data-element_type=\"widget\" data-widget_type=\"image.default\">\n\t\t\t\t<div class=\"elementor-widget-container\">\n\t\t\t\t\t\t\t\t\t\t\t\t\t\t\t<img loading=\"lazy\" decoding=\"async\" width=\"730\" height=\"464\" src=\"https:\/\/tlcmagazinemexico.com.mx\/wp-content\/uploads\/2023\/04\/Captura-de-pantalla-2023-04-20-134722.png\" class=\"attachment-large size-large wp-image-887\" alt=\"\" srcset=\"https:\/\/tlcmagazinemexico.com.mx\/wp-content\/uploads\/2023\/04\/Captura-de-pantalla-2023-04-20-134722.png 730w, https:\/\/tlcmagazinemexico.com.mx\/wp-content\/uploads\/2023\/04\/Captura-de-pantalla-2023-04-20-134722-300x191.png 300w\" sizes=\"auto, (max-width: 730px) 100vw, 730px\" style=\"width:100%;height:63.56%;max-width:730px\" \/>\t\t\t\t\t\t\t\t\t\t\t\t\t\t\t<\/div>\n\t\t\t\t<\/div>\n\t\t\t\t<div class=\"elementor-element elementor-element-ae0cb5f elementor-widget elementor-widget-image\" data-id=\"ae0cb5f\" data-element_type=\"widget\" data-widget_type=\"image.default\">\n\t\t\t\t<div class=\"elementor-widget-container\">\n\t\t\t\t\t\t\t\t\t\t\t\t\t\t\t<img loading=\"lazy\" decoding=\"async\" width=\"741\" height=\"482\" src=\"https:\/\/tlcmagazinemexico.com.mx\/wp-content\/uploads\/2023\/04\/Captura-de-pantalla-2023-04-20-134944.png\" class=\"attachment-large size-large wp-image-888\" alt=\"\" srcset=\"https:\/\/tlcmagazinemexico.com.mx\/wp-content\/uploads\/2023\/04\/Captura-de-pantalla-2023-04-20-134944.png 741w, https:\/\/tlcmagazinemexico.com.mx\/wp-content\/uploads\/2023\/04\/Captura-de-pantalla-2023-04-20-134944-300x195.png 300w\" sizes=\"auto, (max-width: 741px) 100vw, 741px\" style=\"width:100%;height:65.05%;max-width:741px\" \/>\t\t\t\t\t\t\t\t\t\t\t\t\t\t\t<\/div>\n\t\t\t\t<\/div>\n\t\t\t\t<div class=\"elementor-element elementor-element-30b3983 elementor-widget elementor-widget-text-editor\" data-id=\"30b3983\" data-element_type=\"widget\" data-widget_type=\"text-editor.default\">\n\t\t\t\t<div class=\"elementor-widget-container\">\n\t\t\t\t\t\t\t<p><!-- wp:paragraph --><\/p>\n<p dir=\"ltr\" style=\"line-height: 1.5999999999999999; text-align: justify; margin-top: 6pt; margin-bottom: 6pt;\"><span style=\"font-size: 12pt; font-family: Arial; color: #000000; background-color: transparent; font-weight: 400; font-style: normal; font-variant: normal; text-decoration: none; vertical-align: baseline; white-space: pre-wrap;\">Al respecto se afirma, en M\u00e9xico hay 36 proyectos mineros de capital extranjero destinados a la extracci\u00f3n de litio y son controlados por 10 empresas, pero el gobierno mexicano quiere recobrar la exploraci\u00f3n, explotaci\u00f3n y comercializaci\u00f3n del referido mineral. Se dice que:<\/span><\/p><p dir=\"ltr\" style=\"line-height: 1.5999999999999999; text-align: justify; margin-top: 6pt; margin-bottom: 6pt;\"><span style=\"font-size: 12pt; font-family: Arial; color: #000000; background-color: transparent; font-weight: 400; font-style: normal; font-variant: normal; text-decoration: none; vertical-align: baseline; white-space: pre-wrap;\"><br><\/span><\/p>\n<p dir=\"ltr\" style=\"line-height: 1.2; text-align: justify; margin: 6pt 28.35pt 9pt 28.35pt;\"><span style=\"font-size: 11pt; font-family: Arial; color: #000000; background-color: transparent; font-weight: 400; font-style: normal; font-variant: normal; text-decoration: none; vertical-align: baseline; white-space: pre-wrap;\">\u2026 Estos proyectos representan 97,000 hect\u00e1reas concesionadas, pero hay otras&nbsp;537,000 hect\u00e1reas, equivalentes al 84% de las concesiones asociadas con la extracci\u00f3n del litio, que estaban en tr\u00e1mite y que quedar\u00edan frenadas tras la aprobaci\u00f3n de la reforma a la&nbsp;Ley Minera<\/span><span style=\"font-size: 14.5pt; font-family: Georgia; color: #000000; background-color: transparent; font-weight: 400; font-style: normal; font-variant: normal; text-decoration: none; vertical-align: baseline; white-space: pre-wrap;\">.<\/span><\/p><p dir=\"ltr\" style=\"line-height: 1.2; text-align: justify; margin: 6pt 28.35pt 9pt 28.35pt;\"><span style=\"font-size: 14.5pt; font-family: Georgia; color: #000000; background-color: transparent; font-weight: 400; font-style: normal; font-variant: normal; text-decoration: none; vertical-align: baseline; white-space: pre-wrap;\"><br><\/span><\/p>\n<p dir=\"ltr\" style=\"line-height: 1.5999999999999999; text-align: justify; margin-top: 6pt; margin-bottom: 6pt;\"><span style=\"font-size: 12pt; font-family: Arial; color: #000000; background-color: transparent; font-weight: 400; font-style: normal; font-variant: normal; text-decoration: none; vertical-align: baseline; white-space: pre-wrap;\">Lo anterior puede significar la revocaci\u00f3n de concesiones o cancelaci\u00f3n de permisos y autorizaciones, o ambos, en contra de las mencionadas empresas, entre ellas, <\/span><span style=\"font-size: 12pt; font-family: Arial; color: #000000; background-color: transparent; font-weight: 400; font-style: italic; font-variant: normal; text-decoration: none; vertical-align: baseline; white-space: pre-wrap;\">Bacanora Lithium,<\/span><span style=\"font-size: 12pt; font-family: Arial; color: #000000; background-color: transparent; font-weight: 400; font-style: italic; font-variant: normal; text-decoration: none; vertical-align: baseline; white-space: pre-wrap;\"> Organimax y One World Lithium<\/span><span style=\"font-size: 12pt; font-family: Arial; color: #000000; background-color: transparent; font-weight: 400; font-style: normal; font-variant: normal; text-decoration: none; vertical-align: baseline; white-space: pre-wrap;\">, para efecto de que el Gobierno de M\u00e9xico recobre el control sobre la exploraci\u00f3n y explotaci\u00f3n del litio.<\/span><\/p><p dir=\"ltr\" style=\"line-height: 1.5999999999999999; text-align: justify; margin-top: 6pt; margin-bottom: 6pt;\"><span style=\"font-size: 12pt; font-family: Arial; color: #000000; background-color: transparent; font-weight: 400; font-style: normal; font-variant: normal; text-decoration: none; vertical-align: baseline; white-space: pre-wrap;\"><br><\/span><\/p>\n<p dir=\"ltr\" style=\"line-height: 1.5999999999999999; text-align: justify; margin-top: 6pt; margin-bottom: 6pt;\"><span style=\"font-size: 12pt; font-family: Arial; color: #000000; background-color: transparent; font-weight: 400; font-style: normal; font-variant: normal; text-decoration: none; vertical-align: baseline; white-space: pre-wrap;\">Adicionalmente, no entendemos como un organismo paraestatal se encargar\u00e1 de imponer reglas para la distribuci\u00f3n de productos derivados del litio, previsto en el art\u00edculo 6 fracci\u00f3n VII del decreto,<\/span><span style=\"font-size: 12pt; font-family: Arial; color: #000000; background-color: transparent; font-weight: 400; font-style: normal; font-variant: normal; text-decoration: none; vertical-align: baseline; white-space: pre-wrap;\"> cuando LitioMx, por ejemplo, no fabricar\u00e1 bater\u00edas de litio para autom\u00f3viles, tel\u00e9fonos m\u00f3viles, computadores y relojes. Lo anterior, no parece viable a pesar de lo instruido en el art\u00edculo 6 fracci\u00f3n VII, al se\u00f1alar lo siguiente: \u201c\u2026 el organismo podr\u00e1 asociarse con otras instituciones p\u00fablicas y privadas \u2026\u201d, es evidente, por la redacci\u00f3n, no se refiere a empresas del sector privado, las cuales son en realidad las fabricantes de las bater\u00edas de litio.<\/span><\/p>\n<p dir=\"ltr\" style=\"line-height: 1.5999999999999999; text-align: justify; margin-top: 6pt; margin-bottom: 6pt;\"><span style=\"font-size: 12pt; font-family: Arial; color: #000000; background-color: transparent; font-weight: 400; font-style: normal; font-variant: normal; text-decoration: none; vertical-align: baseline; white-space: pre-wrap;\">Lo anterior pone a la vista una gran interrogante y una importante responsabilidad a un sue\u00f1o nacionalista. La intenci\u00f3n no es mala, el compromiso es grande y los estudios de factibilidad del eventual \u00e9xito de LitioMx todav\u00eda est\u00e1n en el aire, as\u00ed como las presuntas asociaciones con instituciones p\u00fablicas y privadas para lograr el cumplimiento de sus atribuciones.<\/span><\/p><p dir=\"ltr\" style=\"line-height: 1.5999999999999999; text-align: justify; margin-top: 6pt; margin-bottom: 6pt;\"><span style=\"font-size: 12pt; font-family: Arial; color: #000000; background-color: transparent; font-weight: 400; font-style: normal; font-variant: normal; text-decoration: none; vertical-align: baseline; white-space: pre-wrap;\"><br><\/span><\/p>\n<p dir=\"ltr\" style=\"line-height: 1.5999999999999999; text-align: justify; margin-top: 6pt; margin-bottom: 6pt;\"><span style=\"font-size: 12pt; font-family: Arial; color: #000000; background-color: transparent; font-weight: 400; font-style: normal; font-variant: normal; text-decoration: none; vertical-align: baseline; white-space: pre-wrap;\">Un plano de menor alcance, el cual podr\u00eda ser v\u00e1lido, consistir\u00eda en que M\u00e9xico sea autosustentable en la producci\u00f3n de litio para lograr la transici\u00f3n energ\u00e9tica, en beneficio de la poblaci\u00f3n mexicana.<\/span><span style=\"font-size: 12pt; font-family: Arial; color: #000000; background-color: transparent; font-weight: 400; font-style: normal; font-variant: normal; text-decoration: none; vertical-align: baseline; white-space: pre-wrap;\"> Sin embargo, esto plantea el siguiente problema: LitioMx s\u00f3lo se encargar\u00e1 de obtener el litio y no de fabricar los art\u00edculos y productos requeridos por la sociedad (bater\u00edas de litio para autom\u00f3viles, tel\u00e9fonos m\u00f3viles, computadoras y relojes). Entonces c\u00f3mo lo lograr\u00e1. Sirvan de ejemplo otras experiencias de gobierno, sin los resultados deseados: la participaci\u00f3n del Estado mexicano en la comercializaci\u00f3n de gas a partir de agosto de 2021, donde todav\u00eda se pone en duda el \u00e9xito del programa, en cuanto a los beneficios econ\u00f3micos en favor de las clases o sectores menos favorecidos, tanto por la falta de cobertura o ampliaci\u00f3n a todo el territorio nacional, as\u00ed como por el precio del gas, el cual no ha sido significativamente m\u00e1s bajo con respecto al vendido por el sector privado.<\/span><\/p><p dir=\"ltr\" style=\"line-height: 1.5999999999999999; text-align: justify; margin-top: 6pt; margin-bottom: 6pt;\"><span style=\"font-size: 12pt; font-family: Arial; color: #000000; background-color: transparent; font-weight: 400; font-style: normal; font-variant: normal; text-decoration: none; vertical-align: baseline; white-space: pre-wrap;\"><br><\/span><\/p>\n<p dir=\"ltr\" style=\"line-height: 1.2; text-align: justify; margin: 0pt 28.35pt 3pt 28.35pt;\"><span style=\"font-size: 11pt; font-family: Arial; color: #000000; background-color: transparent; font-weight: 400; font-style: normal; font-variant: normal; text-decoration: none; vertical-align: baseline; white-space: pre-wrap;\">Este&nbsp;<\/span><span style=\"font-size: 11pt; font-family: Arial; color: #000000; background-color: transparent; font-weight: bold; font-style: normal; font-variant: normal; text-decoration: none; vertical-align: baseline; white-space: pre-wrap;\">31 de agosto<\/span><span style=\"font-size: 11pt; font-family: Arial; color: #000000; background-color: transparent; font-weight: 400; font-style: normal; font-variant: normal; text-decoration: none; vertical-align: baseline; white-space: pre-wrap;\">&nbsp;se cumple un a\u00f1o de que el presidente&nbsp;<\/span><a style=\"text-decoration: none;\" href=\"https:\/\/www.publimetro.com.mx\/tags\/andres-manuel-lopez-obrador\/\"><span style=\"font-size: 11pt; font-family: Arial; color: #000000; background-color: transparent; font-weight: 400; font-style: normal; font-variant: normal; text-decoration: none; vertical-align: baseline; white-space: pre-wrap;\">Andr\u00e9s Manuel L\u00f3pez Obrador<\/span><\/a><span style=\"font-size: 11pt; font-family: Arial; color: #000000; background-color: transparent; font-weight: 400; font-style: normal; font-variant: normal; text-decoration: none; vertical-align: baseline; white-space: pre-wrap;\">&nbsp;dio el banderazo de salida a uno de sus proyectos m\u00e1s ambiciosos en favor de las comunidades m\u00e1s pobres:&nbsp;<\/span><a style=\"text-decoration: none;\" href=\"https:\/\/www.publimetro.com.mx\/tags\/gas-bienestar\/\"><span style=\"font-size: 11pt; font-family: Arial; color: #000000; background-color: transparent; font-weight: 400; font-style: normal; font-variant: normal; text-decoration: none; vertical-align: baseline; white-space: pre-wrap;\">Gas Bienestar<\/span><\/a><span style=\"font-size: 11pt; font-family: Arial; color: #000000; background-color: transparent; font-weight: 400; font-style: normal; font-variant: normal; text-decoration: none; vertical-align: baseline; white-space: pre-wrap;\">, que lleg\u00f3 con el objetivo de ofrecer el gas LP a precios justos ante el incremento de los costos. Sin embargo, tras 12 meses de operaciones, Gas Bienestar est\u00e1 lejos de convertirse en lo que prometi\u00f3 ser.<\/span><\/p>\n<p dir=\"ltr\" style=\"line-height: 1.2; text-align: justify; margin: 0pt 28.35pt 9pt 28.35pt;\"><a style=\"text-decoration: none;\" href=\"https:\/\/www.gasbienestar.pemex.com\/\"><span style=\"font-size: 11pt; font-family: Arial; color: #000000; background-color: transparent; font-weight: 400; font-style: normal; font-variant: normal; text-decoration: none; vertical-align: baseline; white-space: pre-wrap;\">Gas Bienestar&nbsp;<\/span><\/a><span style=\"font-size: 11pt; font-family: Arial; color: #000000; background-color: transparent; font-weight: 400; font-style: normal; font-variant: normal; text-decoration: none; vertical-align: baseline; white-space: pre-wrap;\">tiene un&nbsp;<\/span><span style=\"font-size: 11pt; font-family: Arial; color: #000000; background-color: transparent; font-weight: bold; font-style: normal; font-variant: normal; text-decoration: none; vertical-align: baseline; white-space: pre-wrap;\">centenar de camionetas distribuidoras,<\/span><span style=\"font-size: 11pt; font-family: Arial; color: #000000; background-color: transparent; font-weight: 400; font-style: normal; font-variant: normal; text-decoration: none; vertical-align: baseline; white-space: pre-wrap;\">&nbsp;y su presencia solamente se enfoca en siete de las 16 alcald\u00edas de la Ciudad de M\u00e9xico y no existen, en la realidad, esbozos por llegar al interior de la Rep\u00fablica, \u2026<\/span><\/p><p dir=\"ltr\" style=\"line-height: 1.2; text-align: justify; margin: 0pt 28.35pt 9pt 28.35pt;\"><span style=\"font-size: 11pt; font-family: Arial; color: #000000; background-color: transparent; font-weight: 400; font-style: normal; font-variant: normal; text-decoration: none; vertical-align: baseline; white-space: pre-wrap;\"><br><\/span><\/p>\n<p dir=\"ltr\" style=\"line-height: 1.5999999999999999; text-align: justify; margin-top: 6pt; margin-bottom: 6pt;\"><span style=\"font-size: 12pt; font-family: Arial; color: #000000; background-color: transparent; font-weight: 400; font-style: normal; font-variant: normal; text-decoration: none; vertical-align: baseline; white-space: pre-wrap;\">Otra evidencia de las grandes dificultades a las cuales se enfrenta el Estado mexicano es, por ejemplo, con el precio de la gasolina y el di\u00e9sel automotriz, es decir, no es suficiente contar con los mantos, vetas, yacimientos de un insumo como el petr\u00f3leo, para lograr que el precio de los mencionados productos sean los mejores del mercado, los m\u00e1s competitivos y se cuente con un producto de calidad. Incluso a pesar de administrar una importante empresa del Estado como lo es Pemex.<\/span><\/p><p dir=\"ltr\" style=\"line-height: 1.5999999999999999; text-align: justify; margin-top: 6pt; margin-bottom: 6pt;\"><span style=\"font-size: 12pt; font-family: Arial; color: #000000; background-color: transparent; font-weight: 400; font-style: normal; font-variant: normal; text-decoration: none; vertical-align: baseline; white-space: pre-wrap;\"><br><\/span><\/p>\n<p dir=\"ltr\" style=\"line-height: 1.5999999999999999; text-align: justify; margin-top: 6pt; margin-bottom: 6pt;\"><span style=\"font-size: 12pt; font-family: Arial; color: #000000; background-color: transparent; font-weight: 400; font-style: normal; font-variant: normal; text-decoration: none; vertical-align: baseline; white-space: pre-wrap;\">Otro ejemplo, es la empresa del Estado Uranio(s) Mexicano(s) (Uramex) creado en enero de 1979, como un organismo p\u00fablico descentralizado, cuyo objetivo era la generaci\u00f3n de energ\u00eda el\u00e9ctrica a trav\u00e9s de combustible nuclear, la cual tampoco logr\u00f3 los resultados esperados.<\/span><\/p><p dir=\"ltr\" style=\"line-height: 1.5999999999999999; text-align: justify; margin-top: 6pt; margin-bottom: 6pt;\"><span style=\"font-size: 12pt; font-family: Arial; color: #000000; background-color: transparent; font-weight: 400; font-style: normal; font-variant: normal; text-decoration: none; vertical-align: baseline; white-space: pre-wrap;\"><br><\/span><\/p>\n<p dir=\"ltr\" style=\"line-height: 1.5999999999999999; text-align: justify; margin-top: 6pt; margin-bottom: 6pt;\"><span style=\"font-size: 12pt; font-family: Arial; color: #000000; background-color: transparent; font-weight: 400; font-style: normal; font-variant: normal; text-decoration: none; vertical-align: baseline; white-space: pre-wrap;\">Entonces dichos ejemplos deben servir de base para que los funcionarios p\u00fablicos responsables de LitioMx puedan lograr el \u00e9xito esperado por el presidente de la Rep\u00fablica y por todos los mexicanos; pero resulta claro, el camino todav\u00eda es largo para conocer los primeros resultados de este nuevo organismo descentralizado, el cual viene a incrementar el sector p\u00fablico paraestatal, donde seg\u00fan el \u00faltimo listado de entidades paraestatales, suman 207<\/span><span style=\"font-size: 12pt; font-family: Arial; color: #000000; background-color: transparent; font-weight: 400; font-style: normal; font-variant: normal; text-decoration: none; vertical-align: baseline; white-space: pre-wrap;\"> (incluidas las empresas productivas del Estado y subsidiarias).&nbsp;&nbsp;<\/span><\/p>\n<p><span id=\"docs-internal-guid-9aee20a7-7fff-16ae-ed0d-7792303500f3\"><\/span><\/p>\n<p><\/p>\n<p><!-- \/wp:paragraph --><\/p>\t\t\t\t\t\t<\/div>\n\t\t\t\t<\/div>\n\t\t\t\t<div class=\"elementor-element elementor-element-3f50f08e elementor-widget elementor-widget-image\" data-id=\"3f50f08e\" data-element_type=\"widget\" data-widget_type=\"image.default\">\n\t\t\t\t<div class=\"elementor-widget-container\">\n\t\t\t\t\t\t\t\t\t\t\t\t\t\t\t<img loading=\"lazy\" decoding=\"async\" width=\"750\" height=\"273\" src=\"https:\/\/tlcmagazinemexico.com.mx\/wp-content\/uploads\/2023\/04\/Semblanzas-E40_4-1024x373.png\" class=\"attachment-large size-large wp-image-889\" alt=\"\" srcset=\"https:\/\/tlcmagazinemexico.com.mx\/wp-content\/uploads\/2023\/04\/Semblanzas-E40_4-1024x373.png 1024w, https:\/\/tlcmagazinemexico.com.mx\/wp-content\/uploads\/2023\/04\/Semblanzas-E40_4-300x109.png 300w, https:\/\/tlcmagazinemexico.com.mx\/wp-content\/uploads\/2023\/04\/Semblanzas-E40_4-768x279.png 768w, https:\/\/tlcmagazinemexico.com.mx\/wp-content\/uploads\/2023\/04\/Semblanzas-E40_4.png 1311w\" sizes=\"auto, (max-width: 750px) 100vw, 750px\" style=\"width:100%;height:36.38%;max-width:1311px\" \/>\t\t\t\t\t\t\t\t\t\t\t\t\t\t\t<\/div>\n\t\t\t\t<\/div>\n\t\t\t\t<section class=\"elementor-section elementor-inner-section elementor-element elementor-element-68f301d6 elementor-section-boxed elementor-section-height-default elementor-section-height-default\" data-id=\"68f301d6\" data-element_type=\"section\">\n\t\t\t\t\t\t<div class=\"elementor-container elementor-column-gap-default\">\n\t\t\t\t\t<div class=\"elementor-column elementor-col-50 elementor-inner-column elementor-element elementor-element-434e8a60\" data-id=\"434e8a60\" data-element_type=\"column\">\n\t\t\t<div class=\"elementor-widget-wrap elementor-element-populated\">\n\t\t\t\t\t\t\t\t<div class=\"elementor-element elementor-element-51617af9 elementor-widget elementor-widget-heading\" data-id=\"51617af9\" data-element_type=\"widget\" data-widget_type=\"heading.default\">\n\t\t\t\t<div class=\"elementor-widget-container\">\n\t\t\t<h2 class=\"elementor-heading-title elementor-size-default\">Compartir <\/h2>\t\t<\/div>\n\t\t\t\t<\/div>\n\t\t\t\t\t<\/div>\n\t\t<\/div>\n\t\t\t\t<div class=\"elementor-column elementor-col-50 elementor-inner-column elementor-element elementor-element-58a9d6f5\" data-id=\"58a9d6f5\" data-element_type=\"column\">\n\t\t\t<div class=\"elementor-widget-wrap elementor-element-populated\">\n\t\t\t\t\t\t\t\t<div class=\"elementor-element elementor-element-319dcb5a elementor-share-buttons--view-icon elementor-share-buttons--skin-flat elementor-share-buttons--align-right elementor-share-buttons--color-custom elementor-share-buttons-mobile--align-center elementor-share-buttons--shape-square elementor-grid-0 elementor-widget elementor-widget-share-buttons\" data-id=\"319dcb5a\" data-element_type=\"widget\" data-widget_type=\"share-buttons.default\">\n\t\t\t\t<div class=\"elementor-widget-container\">\n\t\t\t<link rel=\"stylesheet\" href=\"https:\/\/tlcmagazinemexico.com.mx\/wp-content\/plugins\/elementor-pro\/assets\/css\/widget-share-buttons.min.css\">\t\t<div class=\"elementor-grid\">\n\t\t\t\t\t\t\t\t<div class=\"elementor-grid-item\">\n\t\t\t\t\t\t<div\n\t\t\t\t\t\t\tclass=\"elementor-share-btn elementor-share-btn_facebook\"\n\t\t\t\t\t\t\trole=\"button\"\n\t\t\t\t\t\t\ttabindex=\"0\"\n\t\t\t\t\t\t\taria-label=\"Compartir en facebook\"\n\t\t\t\t\t\t>\n\t\t\t\t\t\t\t\t\t\t\t\t\t\t\t<span class=\"elementor-share-btn__icon\">\n\t\t\t\t\t\t\t\t<i class=\"fab fa-facebook\" aria-hidden=\"true\"><\/i>\t\t\t\t\t\t\t<\/span>\n\t\t\t\t\t\t\t\t\t\t\t\t\t\t\t\t\t\t\t\t<\/div>\n\t\t\t\t\t<\/div>\n\t\t\t\t\t\t\t\t\t<div class=\"elementor-grid-item\">\n\t\t\t\t\t\t<div\n\t\t\t\t\t\t\tclass=\"elementor-share-btn elementor-share-btn_linkedin\"\n\t\t\t\t\t\t\trole=\"button\"\n\t\t\t\t\t\t\ttabindex=\"0\"\n\t\t\t\t\t\t\taria-label=\"Compartir en linkedin\"\n\t\t\t\t\t\t>\n\t\t\t\t\t\t\t\t\t\t\t\t\t\t\t<span class=\"elementor-share-btn__icon\">\n\t\t\t\t\t\t\t\t<i class=\"fab fa-linkedin\" aria-hidden=\"true\"><\/i>\t\t\t\t\t\t\t<\/span>\n\t\t\t\t\t\t\t\t\t\t\t\t\t\t\t\t\t\t\t\t<\/div>\n\t\t\t\t\t<\/div>\n\t\t\t\t\t\t\t\t\t<div class=\"elementor-grid-item\">\n\t\t\t\t\t\t<div\n\t\t\t\t\t\t\tclass=\"elementor-share-btn elementor-share-btn_twitter\"\n\t\t\t\t\t\t\trole=\"button\"\n\t\t\t\t\t\t\ttabindex=\"0\"\n\t\t\t\t\t\t\taria-label=\"Compartir en twitter\"\n\t\t\t\t\t\t>\n\t\t\t\t\t\t\t\t\t\t\t\t\t\t\t<span class=\"elementor-share-btn__icon\">\n\t\t\t\t\t\t\t\t<i class=\"fab fa-twitter\" aria-hidden=\"true\"><\/i>\t\t\t\t\t\t\t<\/span>\n\t\t\t\t\t\t\t\t\t\t\t\t\t\t\t\t\t\t\t\t<\/div>\n\t\t\t\t\t<\/div>\n\t\t\t\t\t\t\t\t\t<div class=\"elementor-grid-item\">\n\t\t\t\t\t\t<div\n\t\t\t\t\t\t\tclass=\"elementor-share-btn elementor-share-btn_email\"\n\t\t\t\t\t\t\trole=\"button\"\n\t\t\t\t\t\t\ttabindex=\"0\"\n\t\t\t\t\t\t\taria-label=\"Compartir en email\"\n\t\t\t\t\t\t>\n\t\t\t\t\t\t\t\t\t\t\t\t\t\t\t<span class=\"elementor-share-btn__icon\">\n\t\t\t\t\t\t\t\t<i class=\"fas fa-envelope\" aria-hidden=\"true\"><\/i>\t\t\t\t\t\t\t<\/span>\n\t\t\t\t\t\t\t\t\t\t\t\t\t\t\t\t\t\t\t\t<\/div>\n\t\t\t\t\t<\/div>\n\t\t\t\t\t\t<\/div>\n\t\t\t\t<\/div>\n\t\t\t\t<\/div>\n\t\t\t\t\t<\/div>\n\t\t<\/div>\n\t\t\t\t\t\t\t<\/div>\n\t\t<\/section>\n\t\t\t\t\t<\/div>\n\t\t<\/div>\n\t\t\t\t<div class=\"elementor-column elementor-col-33 elementor-top-column elementor-element elementor-element-e6cb7ba\" data-id=\"e6cb7ba\" data-element_type=\"column\">\n\t\t\t<div class=\"elementor-widget-wrap\">\n\t\t\t\t\t\t\t\t\t<\/div>\n\t\t<\/div>\n\t\t\t\t<div class=\"elementor-column elementor-col-33 elementor-top-column elementor-element elementor-element-5ce0b495\" data-id=\"5ce0b495\" data-element_type=\"column\">\n\t\t\t<div class=\"elementor-widget-wrap elementor-element-populated\">\n\t\t\t\t\t\t\t\t<div class=\"elementor-element elementor-element-1c2475e6 elementor-grid-1 elementor-posts--align-center elementor-posts__hover-none elementor-widget__width-inherit elementor-absolute elementor-grid-tablet-2 elementor-grid-mobile-1 elementor-posts--thumbnail-top elementor-card-shadow-yes elementor-widget elementor-widget-posts\" data-id=\"1c2475e6\" data-element_type=\"widget\" data-settings=\"{&quot;cards_columns&quot;:&quot;1&quot;,&quot;cards_row_gap&quot;:{&quot;unit&quot;:&quot;px&quot;,&quot;size&quot;:&quot;30&quot;,&quot;sizes&quot;:[]},&quot;_position&quot;:&quot;absolute&quot;,&quot;cards_columns_tablet&quot;:&quot;2&quot;,&quot;cards_columns_mobile&quot;:&quot;1&quot;,&quot;cards_row_gap_tablet&quot;:{&quot;unit&quot;:&quot;px&quot;,&quot;size&quot;:&quot;&quot;,&quot;sizes&quot;:[]},&quot;cards_row_gap_mobile&quot;:{&quot;unit&quot;:&quot;px&quot;,&quot;size&quot;:&quot;&quot;,&quot;sizes&quot;:[]}}\" data-widget_type=\"posts.cards\">\n\t\t\t\t<div class=\"elementor-widget-container\">\n\t\t\t<link rel=\"stylesheet\" href=\"https:\/\/tlcmagazinemexico.com.mx\/wp-content\/plugins\/elementor-pro\/assets\/css\/widget-posts.min.css\">\t\t<div class=\"elementor-posts-container elementor-posts elementor-posts--skin-cards elementor-grid\">\n\t\t\t\t<article class=\"elementor-post elementor-grid-item post-437 post type-post status-publish format-standard has-post-thumbnail hentry category-edicion-42 entry\">\n\t\t\t<div class=\"elementor-post__card\">\n\t\t\t\t<a class=\"elementor-post__thumbnail__link\" href=\"https:\/\/tlcmagazinemexico.com.mx\/index.php\/2023\/04\/06\/relaciones-comerciales-entre-mexico-y-australia-importancia-y-trascendencia\/\" ><div class=\"elementor-post__thumbnail\"><img loading=\"lazy\" decoding=\"async\" width=\"939\" height=\"626\" src=\"https:\/\/tlcmagazinemexico.com.mx\/wp-content\/uploads\/2023\/04\/Portadas-42-Web-P2_Art.-8-1.png\" class=\"attachment-full size-full wp-image-439\" alt=\"\" srcset=\"https:\/\/tlcmagazinemexico.com.mx\/wp-content\/uploads\/2023\/04\/Portadas-42-Web-P2_Art.-8-1.png 939w, https:\/\/tlcmagazinemexico.com.mx\/wp-content\/uploads\/2023\/04\/Portadas-42-Web-P2_Art.-8-1-300x200.png 300w, https:\/\/tlcmagazinemexico.com.mx\/wp-content\/uploads\/2023\/04\/Portadas-42-Web-P2_Art.-8-1-768x512.png 768w\" sizes=\"auto, (max-width: 939px) 100vw, 939px\" style=\"width:100%;height:66.67%;max-width:939px;\" \/><\/div><\/a>\n\t\t\t\t<div class=\"elementor-post__text\">\n\t\t\t\t<h1 class=\"elementor-post__title\">\n\t\t\t<a href=\"https:\/\/tlcmagazinemexico.com.mx\/index.php\/2023\/04\/06\/relaciones-comerciales-entre-mexico-y-australia-importancia-y-trascendencia\/\" >\n\t\t\t\tRelaciones comerciales entre M\u00e9xico y Australia, importancia y trascendencia\t\t\t<\/a>\n\t\t<\/h1>\n\t\t\t\t<div class=\"elementor-post__excerpt\">\n\t\t\t<p>En el presente art\u00edculo se tendr\u00e1 la oportunidad de examinar la importancia de las relaciones comerciales que existen, entre M\u00e9xico y Australia, relaciones que en<\/p>\n\t\t<\/div>\n\t\t\n\t\t<a class=\"elementor-post__read-more\" href=\"https:\/\/tlcmagazinemexico.com.mx\/index.php\/2023\/04\/06\/relaciones-comerciales-entre-mexico-y-australia-importancia-y-trascendencia\/\" aria-label=\"Read more about Relaciones comerciales entre M\u00e9xico y Australia, importancia y trascendencia\" >\n\t\t\tLeer m\u00e1s \u00bb\t\t<\/a>\n\n\t\t\t\t<\/div>\n\t\t\t\t\t<\/div>\n\t\t<\/article>\n\t\t\t\t<article class=\"elementor-post elementor-grid-item post-427 post type-post status-publish format-standard has-post-thumbnail hentry category-edicion-42 entry\">\n\t\t\t<div class=\"elementor-post__card\">\n\t\t\t\t<a class=\"elementor-post__thumbnail__link\" href=\"https:\/\/tlcmagazinemexico.com.mx\/index.php\/2023\/04\/06\/las-relaciones-comerciales-entre-mexico-y-espana-importancia-y-trascendencia\/\" ><div class=\"elementor-post__thumbnail\"><img loading=\"lazy\" decoding=\"async\" width=\"939\" height=\"626\" src=\"https:\/\/tlcmagazinemexico.com.mx\/wp-content\/uploads\/2023\/04\/Portadas-42-Web-P2_Art.-7-1.png\" class=\"attachment-full size-full wp-image-428\" alt=\"\" srcset=\"https:\/\/tlcmagazinemexico.com.mx\/wp-content\/uploads\/2023\/04\/Portadas-42-Web-P2_Art.-7-1.png 939w, https:\/\/tlcmagazinemexico.com.mx\/wp-content\/uploads\/2023\/04\/Portadas-42-Web-P2_Art.-7-1-300x200.png 300w, https:\/\/tlcmagazinemexico.com.mx\/wp-content\/uploads\/2023\/04\/Portadas-42-Web-P2_Art.-7-1-768x512.png 768w\" sizes=\"auto, (max-width: 939px) 100vw, 939px\" style=\"width:100%;height:66.67%;max-width:939px;\" \/><\/div><\/a>\n\t\t\t\t<div class=\"elementor-post__text\">\n\t\t\t\t<h1 class=\"elementor-post__title\">\n\t\t\t<a href=\"https:\/\/tlcmagazinemexico.com.mx\/index.php\/2023\/04\/06\/las-relaciones-comerciales-entre-mexico-y-espana-importancia-y-trascendencia\/\" >\n\t\t\t\tLas relaciones comerciales entre M\u00e9xico y Espa\u00f1a, importancia y trascendencia\t\t\t<\/a>\n\t\t<\/h1>\n\t\t\t\t<div class=\"elementor-post__excerpt\">\n\t\t\t<p>Por medio del presente art\u00edculo, se tendr\u00e1 la oportunidad de examinar las relaciones comerciales existentes entre dos pa\u00edses en los cuales existen fuertes v\u00ednculos hist\u00f3ricos,<\/p>\n\t\t<\/div>\n\t\t\n\t\t<a class=\"elementor-post__read-more\" href=\"https:\/\/tlcmagazinemexico.com.mx\/index.php\/2023\/04\/06\/las-relaciones-comerciales-entre-mexico-y-espana-importancia-y-trascendencia\/\" aria-label=\"Read more about Las relaciones comerciales entre M\u00e9xico y Espa\u00f1a, importancia y trascendencia\" >\n\t\t\tLeer m\u00e1s \u00bb\t\t<\/a>\n\n\t\t\t\t<\/div>\n\t\t\t\t\t<\/div>\n\t\t<\/article>\n\t\t\t\t<article class=\"elementor-post elementor-grid-item post-420 post type-post status-publish format-standard has-post-thumbnail hentry category-edicion-42 entry\">\n\t\t\t<div class=\"elementor-post__card\">\n\t\t\t\t<a class=\"elementor-post__thumbnail__link\" href=\"https:\/\/tlcmagazinemexico.com.mx\/index.php\/2023\/04\/06\/oro-azul-el-motivo-de-guerra-para-el-proximo-siglo\/\" ><div class=\"elementor-post__thumbnail\"><img loading=\"lazy\" decoding=\"async\" width=\"939\" height=\"626\" src=\"https:\/\/tlcmagazinemexico.com.mx\/wp-content\/uploads\/2023\/04\/Portadas-42-Web-P2_Art.-6-1.png\" class=\"attachment-full size-full wp-image-422\" alt=\"\" srcset=\"https:\/\/tlcmagazinemexico.com.mx\/wp-content\/uploads\/2023\/04\/Portadas-42-Web-P2_Art.-6-1.png 939w, https:\/\/tlcmagazinemexico.com.mx\/wp-content\/uploads\/2023\/04\/Portadas-42-Web-P2_Art.-6-1-300x200.png 300w, https:\/\/tlcmagazinemexico.com.mx\/wp-content\/uploads\/2023\/04\/Portadas-42-Web-P2_Art.-6-1-768x512.png 768w\" sizes=\"auto, (max-width: 939px) 100vw, 939px\" style=\"width:100%;height:66.67%;max-width:939px;\" \/><\/div><\/a>\n\t\t\t\t<div class=\"elementor-post__text\">\n\t\t\t\t<h1 class=\"elementor-post__title\">\n\t\t\t<a href=\"https:\/\/tlcmagazinemexico.com.mx\/index.php\/2023\/04\/06\/oro-azul-el-motivo-de-guerra-para-el-proximo-siglo\/\" >\n\t\t\t\tOro azul: El motivo de guerra para el pr\u00f3ximo siglo\t\t\t<\/a>\n\t\t<\/h1>\n\t\t\t\t<div class=\"elementor-post__excerpt\">\n\t\t\t<p>Me referir\u00e9 en esta ocasi\u00f3n al oro azul como recurso natural: el agua, debido al alto valor que mantiene actualmente y su similitud al mismo<\/p>\n\t\t<\/div>\n\t\t\n\t\t<a class=\"elementor-post__read-more\" href=\"https:\/\/tlcmagazinemexico.com.mx\/index.php\/2023\/04\/06\/oro-azul-el-motivo-de-guerra-para-el-proximo-siglo\/\" aria-label=\"Read more about Oro azul: El motivo de guerra para el pr\u00f3ximo siglo\" >\n\t\t\tLeer m\u00e1s \u00bb\t\t<\/a>\n\n\t\t\t\t<\/div>\n\t\t\t\t\t<\/div>\n\t\t<\/article>\n\t\t\t\t<article class=\"elementor-post elementor-grid-item post-403 post type-post status-publish format-standard has-post-thumbnail hentry category-edicion-42 entry\">\n\t\t\t<div class=\"elementor-post__card\">\n\t\t\t\t<a class=\"elementor-post__thumbnail__link\" href=\"https:\/\/tlcmagazinemexico.com.mx\/index.php\/2023\/04\/05\/el-manejo-del-riesgo-en-elcomercio-internacional\/\" ><div class=\"elementor-post__thumbnail\"><img loading=\"lazy\" decoding=\"async\" width=\"939\" height=\"626\" src=\"https:\/\/tlcmagazinemexico.com.mx\/wp-content\/uploads\/2023\/04\/Portadas-42-Web_Art.-4-1.png\" class=\"attachment-full size-full wp-image-404\" alt=\"\" srcset=\"https:\/\/tlcmagazinemexico.com.mx\/wp-content\/uploads\/2023\/04\/Portadas-42-Web_Art.-4-1.png 939w, https:\/\/tlcmagazinemexico.com.mx\/wp-content\/uploads\/2023\/04\/Portadas-42-Web_Art.-4-1-300x200.png 300w, https:\/\/tlcmagazinemexico.com.mx\/wp-content\/uploads\/2023\/04\/Portadas-42-Web_Art.-4-1-768x512.png 768w\" sizes=\"auto, (max-width: 939px) 100vw, 939px\" style=\"width:100%;height:66.67%;max-width:939px;\" \/><\/div><\/a>\n\t\t\t\t<div class=\"elementor-post__text\">\n\t\t\t\t<h1 class=\"elementor-post__title\">\n\t\t\t<a href=\"https:\/\/tlcmagazinemexico.com.mx\/index.php\/2023\/04\/05\/el-manejo-del-riesgo-en-elcomercio-internacional\/\" >\n\t\t\t\tEl manejo del riesgo en el comercio internacional\t\t\t<\/a>\n\t\t<\/h1>\n\t\t\t\t<div class=\"elementor-post__excerpt\">\n\t\t\t<p>En el mundo de los negocios el RIESGO es un elemento siempre presente. No es posible, y tal vez ni siquiera deseable \u201chuir\u201d de este.<\/p>\n\t\t<\/div>\n\t\t\n\t\t<a class=\"elementor-post__read-more\" href=\"https:\/\/tlcmagazinemexico.com.mx\/index.php\/2023\/04\/05\/el-manejo-del-riesgo-en-elcomercio-internacional\/\" aria-label=\"Read more about El manejo del riesgo en el comercio internacional\" >\n\t\t\tLeer m\u00e1s \u00bb\t\t<\/a>\n\n\t\t\t\t<\/div>\n\t\t\t\t\t<\/div>\n\t\t<\/article>\n\t\t\t\t<article class=\"elementor-post elementor-grid-item post-393 post type-post status-publish format-standard has-post-thumbnail hentry category-edicion-42 entry\">\n\t\t\t<div class=\"elementor-post__card\">\n\t\t\t\t<a class=\"elementor-post__thumbnail__link\" href=\"https:\/\/tlcmagazinemexico.com.mx\/index.php\/2023\/04\/05\/oportunidades-que-favorecen-el-desarrollo-del-comercio-internacional-en-mexico\/\" ><div class=\"elementor-post__thumbnail\"><img loading=\"lazy\" decoding=\"async\" width=\"939\" height=\"626\" src=\"https:\/\/tlcmagazinemexico.com.mx\/wp-content\/uploads\/2023\/04\/Portadas-42-Web_Art.-3-1.png\" class=\"attachment-full size-full wp-image-394\" alt=\"\" srcset=\"https:\/\/tlcmagazinemexico.com.mx\/wp-content\/uploads\/2023\/04\/Portadas-42-Web_Art.-3-1.png 939w, https:\/\/tlcmagazinemexico.com.mx\/wp-content\/uploads\/2023\/04\/Portadas-42-Web_Art.-3-1-300x200.png 300w, https:\/\/tlcmagazinemexico.com.mx\/wp-content\/uploads\/2023\/04\/Portadas-42-Web_Art.-3-1-768x512.png 768w\" sizes=\"auto, (max-width: 939px) 100vw, 939px\" style=\"width:100%;height:66.67%;max-width:939px;\" \/><\/div><\/a>\n\t\t\t\t<div class=\"elementor-post__text\">\n\t\t\t\t<h1 class=\"elementor-post__title\">\n\t\t\t<a href=\"https:\/\/tlcmagazinemexico.com.mx\/index.php\/2023\/04\/05\/oportunidades-que-favorecen-el-desarrollo-del-comercio-internacional-en-mexico\/\" >\n\t\t\t\tOportunidades que favorecen el desarrollo del Comercio Internacional en M\u00e9xico\t\t\t<\/a>\n\t\t<\/h1>\n\t\t\t\t<div class=\"elementor-post__excerpt\">\n\t\t\t<p>M\u00e9xico es un pa\u00eds atractivo para la inversi\u00f3n extranjera debido a su posici\u00f3n estrat\u00e9gica y su poblaci\u00f3n joven, adem\u00e1s de que somos un pa\u00eds consumista<\/p>\n\t\t<\/div>\n\t\t\n\t\t<a class=\"elementor-post__read-more\" href=\"https:\/\/tlcmagazinemexico.com.mx\/index.php\/2023\/04\/05\/oportunidades-que-favorecen-el-desarrollo-del-comercio-internacional-en-mexico\/\" aria-label=\"Read more about Oportunidades que favorecen el desarrollo del Comercio Internacional en M\u00e9xico\" >\n\t\t\tLeer m\u00e1s \u00bb\t\t<\/a>\n\n\t\t\t\t<\/div>\n\t\t\t\t\t<\/div>\n\t\t<\/article>\n\t\t\t\t<article class=\"elementor-post elementor-grid-item post-379 post type-post status-publish format-standard has-post-thumbnail hentry category-edicion-42 entry\">\n\t\t\t<div class=\"elementor-post__card\">\n\t\t\t\t<a class=\"elementor-post__thumbnail__link\" href=\"https:\/\/tlcmagazinemexico.com.mx\/index.php\/2023\/04\/05\/cumplimiento-de-las-disposiciones-aduaneras-en-el-dictamen-fiscal\/\" ><div class=\"elementor-post__thumbnail\"><img loading=\"lazy\" decoding=\"async\" width=\"939\" height=\"626\" src=\"https:\/\/tlcmagazinemexico.com.mx\/wp-content\/uploads\/2023\/04\/Portadas-42-Web_Art.-2-1.png\" class=\"attachment-full size-full wp-image-380\" alt=\"\" srcset=\"https:\/\/tlcmagazinemexico.com.mx\/wp-content\/uploads\/2023\/04\/Portadas-42-Web_Art.-2-1.png 939w, https:\/\/tlcmagazinemexico.com.mx\/wp-content\/uploads\/2023\/04\/Portadas-42-Web_Art.-2-1-300x200.png 300w, https:\/\/tlcmagazinemexico.com.mx\/wp-content\/uploads\/2023\/04\/Portadas-42-Web_Art.-2-1-768x512.png 768w\" sizes=\"auto, (max-width: 939px) 100vw, 939px\" style=\"width:100%;height:66.67%;max-width:939px;\" \/><\/div><\/a>\n\t\t\t\t<div class=\"elementor-post__text\">\n\t\t\t\t<h1 class=\"elementor-post__title\">\n\t\t\t<a href=\"https:\/\/tlcmagazinemexico.com.mx\/index.php\/2023\/04\/05\/cumplimiento-de-las-disposiciones-aduaneras-en-el-dictamen-fiscal\/\" >\n\t\t\t\tCumplimiento de las disposiciones aduaneras en el Dictamen Fiscal\t\t\t<\/a>\n\t\t<\/h1>\n\t\t\t\t<div class=\"elementor-post__excerpt\">\n\t\t\t<p>En el a\u00f1o 2023 se aplicar\u00e1n cambios relevantes en materia de presentaci\u00f3n de los \u201cdict\u00e1menes de los estados financieros\u201d, los cuales tienen relaci\u00f3n con la<\/p>\n\t\t<\/div>\n\t\t\n\t\t<a class=\"elementor-post__read-more\" href=\"https:\/\/tlcmagazinemexico.com.mx\/index.php\/2023\/04\/05\/cumplimiento-de-las-disposiciones-aduaneras-en-el-dictamen-fiscal\/\" aria-label=\"Read more about Cumplimiento de las disposiciones aduaneras en el Dictamen Fiscal\" >\n\t\t\tLeer m\u00e1s \u00bb\t\t<\/a>\n\n\t\t\t\t<\/div>\n\t\t\t\t\t<\/div>\n\t\t<\/article>\n\t\t\t\t<article class=\"elementor-post elementor-grid-item post-364 post type-post status-publish format-standard has-post-thumbnail hentry category-edicion-42 entry\">\n\t\t\t<div class=\"elementor-post__card\">\n\t\t\t\t<a class=\"elementor-post__thumbnail__link\" href=\"https:\/\/tlcmagazinemexico.com.mx\/index.php\/2023\/04\/05\/anzcerta-australia-y-nueva-zelanda\/\" ><div class=\"elementor-post__thumbnail\"><img loading=\"lazy\" decoding=\"async\" width=\"939\" height=\"626\" src=\"https:\/\/tlcmagazinemexico.com.mx\/wp-content\/uploads\/2023\/04\/Portadas-42-Web_Art.-1-1.png\" class=\"attachment-full size-full wp-image-365\" alt=\"\" srcset=\"https:\/\/tlcmagazinemexico.com.mx\/wp-content\/uploads\/2023\/04\/Portadas-42-Web_Art.-1-1.png 939w, https:\/\/tlcmagazinemexico.com.mx\/wp-content\/uploads\/2023\/04\/Portadas-42-Web_Art.-1-1-300x200.png 300w, https:\/\/tlcmagazinemexico.com.mx\/wp-content\/uploads\/2023\/04\/Portadas-42-Web_Art.-1-1-768x512.png 768w\" sizes=\"auto, (max-width: 939px) 100vw, 939px\" style=\"width:100%;height:66.67%;max-width:939px;\" \/><\/div><\/a>\n\t\t\t\t<div class=\"elementor-post__text\">\n\t\t\t\t<h1 class=\"elementor-post__title\">\n\t\t\t<a href=\"https:\/\/tlcmagazinemexico.com.mx\/index.php\/2023\/04\/05\/anzcerta-australia-y-nueva-zelanda\/\" >\n\t\t\t\tAnzcerta Australia y Nueva Zelanda\t\t\t<\/a>\n\t\t<\/h1>\n\t\t\t\t<div class=\"elementor-post__excerpt\">\n\t\t\t<p>Desde que Estados Unidos mostr\u00f3 inter\u00e9s en Ocean\u00eda para asociarse comercialmente con los pa\u00edses de la regi\u00f3n y enfrentar el expansionismo de China y sus<\/p>\n\t\t<\/div>\n\t\t\n\t\t<a class=\"elementor-post__read-more\" href=\"https:\/\/tlcmagazinemexico.com.mx\/index.php\/2023\/04\/05\/anzcerta-australia-y-nueva-zelanda\/\" aria-label=\"Read more about Anzcerta Australia y Nueva Zelanda\" >\n\t\t\tLeer m\u00e1s \u00bb\t\t<\/a>\n\n\t\t\t\t<\/div>\n\t\t\t\t\t<\/div>\n\t\t<\/article>\n\t\t\t\t<\/div>\n\t\t\n\t\t\t\t<\/div>\n\t\t\t\t<\/div>\n\t\t\t\t\t<\/div>\n\t\t<\/div>\n\t\t\t\t\t\t\t<\/div>\n\t\t<\/section>\n\t\t\t\t\t\t\t<\/div>\n\t\t","protected":false},"excerpt":{"rendered":"<p>Pareciera que el mundo est\u00e1 por experimentar un cambio importante con respecto a la energ\u00eda utilizada para el movimiento de veh\u00edculos automotores. Para nadie es desconocido, desde el siglo pasado han habido importantes avances cient\u00edficos y tecnol\u00f3gicos en diversas industrias, entre ellas la automotriz, con la finalidad de lograr una movilidad, mediante insumos distintos a&hellip; <a class=\"more-link\" href=\"https:\/\/tlcmagazinemexico.com.mx\/index.php\/2023\/04\/05\/anzcerta-australia-y-nueva-zelanda\/\">Seguir leyendo <span class=\"screen-reader-text\">Anzcerta Australia y Nueva Zelanda<\/span><\/a><\/p>\n","protected":false},"author":3,"featured_media":878,"comment_status":"open","ping_status":"open","sticky":false,"template":"elementor_header_footer","format":"standard","meta":{"_monsterinsights_skip_tracking":false,"_monsterinsights_sitenote_active":false,"_monsterinsights_sitenote_note":"","_monsterinsights_sitenote_category":0,"footnotes":""},"categories":[11],"tags":[],"class_list":["post-884","post","type-post","status-publish","format-standard","has-post-thumbnail","hentry","category-edicion-40","entry"],"views":1663,"_links":{"self":[{"href":"https:\/\/tlcmagazinemexico.com.mx\/index.php\/wp-json\/wp\/v2\/posts\/884","targetHints":{"allow":["GET"]}}],"collection":[{"href":"https:\/\/tlcmagazinemexico.com.mx\/index.php\/wp-json\/wp\/v2\/posts"}],"about":[{"href":"https:\/\/tlcmagazinemexico.com.mx\/index.php\/wp-json\/wp\/v2\/types\/post"}],"author":[{"embeddable":true,"href":"https:\/\/tlcmagazinemexico.com.mx\/index.php\/wp-json\/wp\/v2\/users\/3"}],"replies":[{"embeddable":true,"href":"https:\/\/tlcmagazinemexico.com.mx\/index.php\/wp-json\/wp\/v2\/comments?post=884"}],"version-history":[{"count":5,"href":"https:\/\/tlcmagazinemexico.com.mx\/index.php\/wp-json\/wp\/v2\/posts\/884\/revisions"}],"predecessor-version":[{"id":910,"href":"https:\/\/tlcmagazinemexico.com.mx\/index.php\/wp-json\/wp\/v2\/posts\/884\/revisions\/910"}],"wp:featuredmedia":[{"embeddable":true,"href":"https:\/\/tlcmagazinemexico.com.mx\/index.php\/wp-json\/wp\/v2\/media\/878"}],"wp:attachment":[{"href":"https:\/\/tlcmagazinemexico.com.mx\/index.php\/wp-json\/wp\/v2\/media?parent=884"}],"wp:term":[{"taxonomy":"category","embeddable":true,"href":"https:\/\/tlcmagazinemexico.com.mx\/index.php\/wp-json\/wp\/v2\/categories?post=884"},{"taxonomy":"post_tag","embeddable":true,"href":"https:\/\/tlcmagazinemexico.com.mx\/index.php\/wp-json\/wp\/v2\/tags?post=884"}],"curies":[{"name":"wp","href":"https:\/\/api.w.org\/{rel}","templated":true}]}}