{"id":874,"date":"2023-04-20T19:28:51","date_gmt":"2023-04-20T19:28:51","guid":{"rendered":"https:\/\/tlcmagazinemexico.com.mx\/?p=874"},"modified":"2023-04-20T20:31:58","modified_gmt":"2023-04-20T20:31:58","slug":"el-tribunal-federal-de-justicia-administrativa-85o-aniversario","status":"publish","type":"post","link":"https:\/\/tlcmagazinemexico.com.mx\/index.php\/2023\/04\/20\/el-tribunal-federal-de-justicia-administrativa-85o-aniversario\/","title":{"rendered":"El Tribunal Federal de Justicia Administrativa. 85\u00ba aniversario"},"content":{"rendered":"\t\t<div data-elementor-type=\"wp-post\" data-elementor-id=\"874\" class=\"elementor elementor-874\">\n\t\t\t\t\t\t\t\t\t<section class=\"elementor-section elementor-top-section elementor-element elementor-element-280cf51b elementor-section-boxed elementor-section-height-default elementor-section-height-default\" data-id=\"280cf51b\" data-element_type=\"section\">\n\t\t\t\t\t\t<div class=\"elementor-container elementor-column-gap-default\">\n\t\t\t\t\t<div class=\"elementor-column elementor-col-33 elementor-top-column elementor-element elementor-element-7bd7f34d\" data-id=\"7bd7f34d\" data-element_type=\"column\">\n\t\t\t<div class=\"elementor-widget-wrap elementor-element-populated\">\n\t\t\t\t\t\t\t\t<div class=\"elementor-element elementor-element-50f6723e elementor-widget elementor-widget-theme-post-featured-image elementor-widget-image\" data-id=\"50f6723e\" data-element_type=\"widget\" data-widget_type=\"theme-post-featured-image.default\">\n\t\t\t\t<div class=\"elementor-widget-container\">\n\t\t\t<style>\/*! elementor - v3.12.0 - 29-03-2023 *\/\n.elementor-widget-image{text-align:center}.elementor-widget-image a{display:inline-block}.elementor-widget-image a img[src$=\".svg\"]{width:48px}.elementor-widget-image img{vertical-align:middle;display:inline-block}<\/style>\t\t\t\t\t\t\t\t\t\t\t\t<img loading=\"lazy\" decoding=\"async\" width=\"750\" height=\"500\" src=\"https:\/\/tlcmagazinemexico.com.mx\/wp-content\/uploads\/2023\/04\/Portadas-40-Web_Art.-1.png\" class=\"attachment-large size-large wp-image-879\" alt=\"\" srcset=\"https:\/\/tlcmagazinemexico.com.mx\/wp-content\/uploads\/2023\/04\/Portadas-40-Web_Art.-1.png 939w, https:\/\/tlcmagazinemexico.com.mx\/wp-content\/uploads\/2023\/04\/Portadas-40-Web_Art.-1-300x200.png 300w, https:\/\/tlcmagazinemexico.com.mx\/wp-content\/uploads\/2023\/04\/Portadas-40-Web_Art.-1-768x512.png 768w\" sizes=\"auto, (max-width: 750px) 100vw, 750px\" style=\"width:100%;height:66.67%;max-width:939px\" \/>\t\t\t\t\t\t\t\t\t\t\t\t\t\t\t<\/div>\n\t\t\t\t<\/div>\n\t\t\t\t<div class=\"elementor-element elementor-element-640ec377 elementor-widget elementor-widget-spacer\" data-id=\"640ec377\" data-element_type=\"widget\" data-widget_type=\"spacer.default\">\n\t\t\t\t<div class=\"elementor-widget-container\">\n\t\t\t<style>\/*! elementor - v3.12.0 - 29-03-2023 *\/\n.elementor-column .elementor-spacer-inner{height:var(--spacer-size)}.e-con{--container-widget-width:100%}.e-con-inner>.elementor-widget-spacer,.e-con>.elementor-widget-spacer{width:var(--container-widget-width,var(--spacer-size));--align-self:var(--container-widget-align-self,initial);--flex-shrink:0}.e-con-inner>.elementor-widget-spacer>.elementor-widget-container,.e-con-inner>.elementor-widget-spacer>.elementor-widget-container>.elementor-spacer,.e-con>.elementor-widget-spacer>.elementor-widget-container,.e-con>.elementor-widget-spacer>.elementor-widget-container>.elementor-spacer{height:100%}.e-con-inner>.elementor-widget-spacer>.elementor-widget-container>.elementor-spacer>.elementor-spacer-inner,.e-con>.elementor-widget-spacer>.elementor-widget-container>.elementor-spacer>.elementor-spacer-inner{height:var(--container-widget-height,var(--spacer-size))}<\/style>\t\t<div class=\"elementor-spacer\">\n\t\t\t<div class=\"elementor-spacer-inner\"><\/div>\n\t\t<\/div>\n\t\t\t\t<\/div>\n\t\t\t\t<\/div>\n\t\t\t\t<div class=\"elementor-element elementor-element-3a4ed787 elementor-widget elementor-widget-theme-post-title elementor-page-title elementor-widget-heading\" data-id=\"3a4ed787\" data-element_type=\"widget\" data-widget_type=\"theme-post-title.default\">\n\t\t\t\t<div class=\"elementor-widget-container\">\n\t\t\t<style>\/*! elementor - v3.12.0 - 29-03-2023 *\/\n.elementor-heading-title{padding:0;margin:0;line-height:1}.elementor-widget-heading .elementor-heading-title[class*=elementor-size-]>a{color:inherit;font-size:inherit;line-height:inherit}.elementor-widget-heading .elementor-heading-title.elementor-size-small{font-size:15px}.elementor-widget-heading .elementor-heading-title.elementor-size-medium{font-size:19px}.elementor-widget-heading .elementor-heading-title.elementor-size-large{font-size:29px}.elementor-widget-heading .elementor-heading-title.elementor-size-xl{font-size:39px}.elementor-widget-heading .elementor-heading-title.elementor-size-xxl{font-size:59px}<\/style><h1 class=\"elementor-heading-title elementor-size-default\">El Tribunal Federal de Justicia Administrativa. 85\u00ba aniversario<\/h1>\t\t<\/div>\n\t\t\t\t<\/div>\n\t\t\t\t<div class=\"elementor-element elementor-element-1d1ada40 elementor-widget elementor-widget-text-editor\" data-id=\"1d1ada40\" data-element_type=\"widget\" data-widget_type=\"text-editor.default\">\n\t\t\t\t<div class=\"elementor-widget-container\">\n\t\t\t<style>\/*! elementor - v3.12.0 - 29-03-2023 *\/\n.elementor-widget-text-editor.elementor-drop-cap-view-stacked .elementor-drop-cap{background-color:#69727d;color:#fff}.elementor-widget-text-editor.elementor-drop-cap-view-framed .elementor-drop-cap{color:#69727d;border:3px solid;background-color:transparent}.elementor-widget-text-editor:not(.elementor-drop-cap-view-default) .elementor-drop-cap{margin-top:8px}.elementor-widget-text-editor:not(.elementor-drop-cap-view-default) .elementor-drop-cap-letter{width:1em;height:1em}.elementor-widget-text-editor .elementor-drop-cap{float:left;text-align:center;line-height:1;font-size:50px}.elementor-widget-text-editor .elementor-drop-cap-letter{display:inline-block}<\/style>\t\t\t\t<p><!-- wp:paragraph --><\/p>\n<p style=\"line-height: var(--wp--typography--line-height, var(--global--line-height-body));\">En M\u00e9xico, la impugnaci\u00f3n de las actuaciones y resoluciones de las autoridades de la Administraci\u00f3n P\u00fablica, entre ellas las aduaneras, que afectan los derechos de los particulares, se realiza a trav\u00e9s del juicio contencioso administrativo que se ventila ante el Tribunal Federal de Justicia Administrativa.&nbsp;<\/p>\n<p style=\"line-height: var(--wp--typography--line-height, var(--global--line-height-body));\"><br><\/p>\n<p style=\"line-height: var(--wp--typography--line-height, var(--global--line-height-body));\">\n<\/p><p style=\"line-height: var(--wp--typography--line-height, var(--global--line-height-body));\">\n<\/p><p style=\"line-height: var(--wp--typography--line-height, var(--global--line-height-body));\">\n<\/p><p style=\"line-height: var(--wp--typography--line-height, var(--global--line-height-body));\">En cuanto a la designaci\u00f3n de contencioso administrativo, \u201cdistintos son los nombres con los que se ha conocido al proceso administrativo, tales como el contencioso administrativo, recurso contencioso administrativo, jurisdicci\u00f3n administrativa, jurisdicci\u00f3n contencioso administrativa, justicia administrativa, fase contenciosa del procedimiento tributario y algunos otros m\u00e1s, sin embargo, se le ha conocido generalmente como el contencioso administrativo.\u201d &nbsp;<\/p>\n<p style=\"line-height: var(--wp--typography--line-height, var(--global--line-height-body));\"><br><\/p>\n<p style=\"line-height: var(--wp--typography--line-height, var(--global--line-height-body));\">\n<\/p><p style=\"line-height: var(--wp--typography--line-height, var(--global--line-height-body));\">\n<\/p><p style=\"line-height: var(--wp--typography--line-height, var(--global--line-height-body));\">\n<\/p><ol style=\"padding-left: calc(2 * var(--global--spacing-horizontal)); font-family: var(--list--font-family);\">\n<li style=\"list-style-type: none;\">\n<ol style=\"padding-left: calc(2 * var(--global--spacing-horizontal)); font-family: var(--list--font-family);\">\n<li>Los antecedentes hist\u00f3ricos&nbsp;<\/li>\n<\/ol>\n<\/li>\n<\/ol>\n<p style=\"line-height: var(--wp--typography--line-height, var(--global--line-height-body));\">\n<\/p><p style=\"line-height: var(--wp--typography--line-height, var(--global--line-height-body));\">\n<\/p><p style=\"line-height: var(--wp--typography--line-height, var(--global--line-height-body));\">\n<\/p><p style=\"line-height: var(--wp--typography--line-height, var(--global--line-height-body));\">En la Nueva Espa\u00f1a se aplic\u00f3 el r\u00e9gimen de las Reales Audiencias como instancia para resolver los conflictos administrativos de sus pobladores con las autoridades virreinales y con la primera Constituci\u00f3n Pol\u00edtica del M\u00e9xico independiente (1824) se previ\u00f3 para la soluci\u00f3n de tales controversias el establecimiento de un Consejo de Estado, \u00f3rgano que, sin embargo, no oper\u00f3 por la convulsi\u00f3n imperante en aquella \u00e9poca, pues muy pronto el r\u00e9gimen pol\u00edtico centralista establecido con las Siete Leyes Constitucionales (1836) lo sustituy\u00f3 con la creaci\u00f3n de un Tribunal de Hacienda.<\/p>\n<p style=\"line-height: var(--wp--typography--line-height, var(--global--line-height-body));\"><br><\/p>\n<p style=\"line-height: var(--wp--typography--line-height, var(--global--line-height-body));\">\n<\/p><p style=\"line-height: var(--wp--typography--line-height, var(--global--line-height-body));\">\n<\/p><p style=\"line-height: var(--wp--typography--line-height, var(--global--line-height-body));\">A los pocos a\u00f1os, ese tribunal pretendi\u00f3 ser substituido por la \u201cLey para el Arreglo de lo Contencioso Administrativo\u201d, conocida como Ley Lares, (1853) que atribu\u00eda las controversias administrativas a un Consejo de Estado (dentro del Poder Ejecutivo) y que tuvo tambi\u00e9n vida ef\u00edmera, ya que la Constituci\u00f3n Pol\u00edtica de 1857, de trazo liberal, someti\u00f3 dichas controversias a los tribunales judiciales. Durante esa etapa, destac\u00f3 el primer C\u00f3digo Federal de Procedimientos Civiles de 1897 que contempl\u00f3 el sumario judicial de oposici\u00f3n que podr\u00eda promover el contribuyente inconforme.&nbsp;<\/p>\n<p style=\"line-height: var(--wp--typography--line-height, var(--global--line-height-body));\"><br><\/p>\n<p style=\"line-height: var(--wp--typography--line-height, var(--global--line-height-body));\">\n<\/p><p style=\"line-height: var(--wp--typography--line-height, var(--global--line-height-body));\">\n<\/p><p style=\"line-height: var(--wp--typography--line-height, var(--global--line-height-body));\">En los decenios siguientes a esa Constituci\u00f3n, la pr\u00e1ctica y la doctrina mexicana sostuvieron que las controversias administrativas \u2013entre autoridades y particulares\u2013 eran competencia de las instancias judiciales con base en la tesis de que los tribunales administrativos resultaban inconstitucionales, por invasi\u00f3n de esferas de competencia y la violaci\u00f3n a la divisi\u00f3n de poderes.&nbsp;<\/p>\n<p style=\"line-height: var(--wp--typography--line-height, var(--global--line-height-body));\"><br><\/p>\n<p style=\"line-height: var(--wp--typography--line-height, var(--global--line-height-body));\">\n<\/p><p style=\"line-height: var(--wp--typography--line-height, var(--global--line-height-body));\">\n<\/p><p style=\"line-height: var(--wp--typography--line-height, var(--global--line-height-body));\">Es a partir de 1920 que se expiden reglamentos administrativos que permit\u00edan que la autoridad hacendaria, en la propia sede administrativa, pudiera revisar los cr\u00e9ditos fiscales a cargo de los contribuyentes, por ejemplo, en la Junta Revisora del Impuesto sobre la Renta y en el Jurado de Infracciones Fiscales, antecedentes incipientes y todav\u00eda carentes de sustento jur\u00eddico de la impugnaci\u00f3n de las resoluciones de las autoridades tributarias.&nbsp;<\/p>\n<p style=\"line-height: var(--wp--typography--line-height, var(--global--line-height-body));\"><br><\/p>\n<p style=\"line-height: var(--wp--typography--line-height, var(--global--line-height-body));\">\n<\/p><p style=\"line-height: var(--wp--typography--line-height, var(--global--line-height-body));\">\n<\/p><p style=\"line-height: var(--wp--typography--line-height, var(--global--line-height-body));\">En la tercera d\u00e9cada del siglo XX se emitieron los primeros ordenamientos legales sobre la materia contenciosa fiscal, como lo fueron la Ley de Justicia Fiscal publicada en el DOF de 31 de agosto de 1936 y en vigor el 1\u00ba de enero de 1937, que cre\u00f3 el Tribunal Fiscal de la Federaci\u00f3n, juicio que despu\u00e9s pas\u00f3 a regularse por el C\u00f3digo Fiscal de la Federaci\u00f3n publicado en el DOF de 31 de diciembre de 1938, en vigor el 1\u00ba de enero de 1939.&nbsp;<\/p>\n<p style=\"line-height: var(--wp--typography--line-height, var(--global--line-height-body));\"><br><\/p>\n<p style=\"line-height: var(--wp--typography--line-height, var(--global--line-height-body));\">\n<\/p><p style=\"line-height: var(--wp--typography--line-height, var(--global--line-height-body));\">\n<\/p><p style=\"line-height: var(--wp--typography--line-height, var(--global--line-height-body));\">Asi pues, desde el a\u00f1o de 1937 se estableci\u00f3 la v\u00eda jurisdiccional ante un tribunal administrativo para la impugnaci\u00f3n de los actos y resoluciones de las autoridades fiscales, hecho que motiv\u00f3 la discusi\u00f3n sobre la constitucionalidad de los tribunales administrativos que fue superada con las reformas constitucionales de 1946 y 1967. Actualmente, el art\u00edculo 104 fracci\u00f3n I de la Constituci\u00f3n Pol\u00edtica de M\u00e9xico consagra el establecimiento y funcionamiento de dichos tribunales, sustento del vigente Tribunal Federal de Justicia Administrativa.&nbsp;<\/p>\n<p style=\"line-height: var(--wp--typography--line-height, var(--global--line-height-body));\"><br><\/p>\n<p style=\"line-height: var(--wp--typography--line-height, var(--global--line-height-body));\">\n<\/p><p style=\"line-height: var(--wp--typography--line-height, var(--global--line-height-body));\">\n<\/p><p style=\"line-height: var(--wp--typography--line-height, var(--global--line-height-body));\">Durante todos estos ochenta y cinco a\u00f1os, el Tribunal Federal de Justicia Administrativa ha evolucionado progresiva, positiva y destacadamente para transformarse en un tribunal de competencia amplia en la materia administrativa, amplificando el alcance y efectos de sus sentencias y con las medidas para hacerlas cumplir, convirti\u00e9ndolo as\u00ed en un \u00f3rgano jurisdiccional con jurisdicci\u00f3n plena, como lo dispone expresamente el art\u00edculo 1\u00ba de su Ley Org\u00e1nica, publicada en el Diario Oficial de la Federaci\u00f3n de 18 de julio de 2016, en vigor.&nbsp;<\/p>\n<p style=\"line-height: var(--wp--typography--line-height, var(--global--line-height-body));\"><br><\/p>\n<p style=\"line-height: var(--wp--typography--line-height, var(--global--line-height-body));\">\n<\/p><p style=\"line-height: var(--wp--typography--line-height, var(--global--line-height-body));\">\n<\/p><p style=\"line-height: var(--wp--typography--line-height, var(--global--line-height-body));\">El recuento de las leyes org\u00e1nicas que han regido al Tribunal Federal de Justicia Administrativa es el siguiente.&nbsp;<\/p>\n<p style=\"line-height: var(--wp--typography--line-height, var(--global--line-height-body));\"><br><\/p>\n<p style=\"line-height: var(--wp--typography--line-height, var(--global--line-height-body));\">\n<\/p><p style=\"line-height: var(--wp--typography--line-height, var(--global--line-height-body));\">\n<\/p><p style=\"line-height: var(--wp--typography--line-height, var(--global--line-height-body));\">Su fundaci\u00f3n se debe, como ya mencion\u00e9 a la Ley de Justicia Fiscal publicada el 31 de agosto de 1936 que cre\u00f3 el Tribunal Fiscal de la Federaci\u00f3n, la cual fue abrogada por el C\u00f3digo Fiscal de la Federaci\u00f3n publicado en el DOF de 31 de diciembre de 1938, en vigor el 1\u00ba de enero de 1939, cuyo T\u00edtulo Cuarto, art\u00edculos 146 al 204, establecieron y regularon al citado Tribunal, con la particularidad que el primero de sus preceptos estableci\u00f3 que el Tribunal Fiscal \u201cdictara sus fallos en representaci\u00f3n del Ejecutivo Federal\u201d, esto es, le atribuy\u00f3 el car\u00e1cter de ser un tribunal de \u201cjusticia retenida\u201d.&nbsp;<\/p>\n<p style=\"line-height: var(--wp--typography--line-height, var(--global--line-height-body));\"><br><\/p>\n<p style=\"line-height: var(--wp--typography--line-height, var(--global--line-height-body));\">\n<\/p><p style=\"line-height: var(--wp--typography--line-height, var(--global--line-height-body));\">\n<\/p><p style=\"line-height: var(--wp--typography--line-height, var(--global--line-height-body));\">Habi\u00e9ndose efectuado las reformas constitucionales antes citadas, se promulg\u00f3 la Ley Org\u00e1nica del Tribunal Fiscal de la Federaci\u00f3n, publicada el 19 de enero de 1967 en vigor el 1\u00ba de abril de ese a\u00f1o, cuyo art\u00edculo 1\u00ba estableci\u00f3 que este Tribunal \u201ces un tribunal administrativo dotado de plena autonom\u00eda, con la organizaci\u00f3n y las atribuciones que esta ley establece\u201d esto es, el Tribunal felizmente se transform\u00f3 en un tribunal de \u201cjusticia delegada\u201d.&nbsp;<\/p>\n<p style=\"line-height: var(--wp--typography--line-height, var(--global--line-height-body));\"><br><\/p>\n<p style=\"line-height: var(--wp--typography--line-height, var(--global--line-height-body));\">\n<\/p><p style=\"line-height: var(--wp--typography--line-height, var(--global--line-height-body));\">\n<\/p><p style=\"line-height: var(--wp--typography--line-height, var(--global--line-height-body));\">Le siguieron la Ley Org\u00e1nica del Tribunal Fiscal de la Federaci\u00f3n publicada el 2 de febrero de 1978 (cuya novedad principal fue la creaci\u00f3n de sus Salas Regionales) y posteriormente, su Ley Org\u00e1nica publicada el 15 de diciembre de 1995 que cambi\u00f3 su nombre a Tribunal Federal de Justicia Fiscal y Administrativa que mantuvo con la Ley Org\u00e1nica publicada el 6 de diciembre de 2007.&nbsp;<\/p>\n<p style=\"line-height: var(--wp--typography--line-height, var(--global--line-height-body));\"><br><\/p>\n<p style=\"line-height: var(--wp--typography--line-height, var(--global--line-height-body));\">\n<\/p><p style=\"line-height: var(--wp--typography--line-height, var(--global--line-height-body));\">\n<\/p><p style=\"line-height: var(--wp--typography--line-height, var(--global--line-height-body));\">Actualmente, se rige por la Ley Org\u00e1nica del Tribunal Federal de Justicia Administrativa, publicada en el DOF de 18 de julio de 2016, en vigor al d\u00eda siguiente, cuyo art\u00edculo 1\u00ba dispone que tiene por objeto determinar la integraci\u00f3n, organizaci\u00f3n, atribuciones y funcionamiento del Tribunal Federal de Justicia Administrativa, como un \u00f3rgano jurisdiccional con autonom\u00eda para emitir sus fallos y con jurisdicci\u00f3n plena, que se rige por los principios de legalidad, m\u00e1xima publicidad, respeto a los derechos humanos, verdad material, razonabilidad, proporcionalidad, presunci\u00f3n de inocencia, tipicidad y debido proceso, adem\u00e1s de tener autonom\u00eda presupuestal, debiendo ejercer su presupuesto bajo los principios de legalidad, certeza, independencia, honestidad, responsabilidad y transparencia.<\/p>\n<p style=\"line-height: var(--wp--typography--line-height, var(--global--line-height-body));\"><br><\/p>\n<p style=\"line-height: var(--wp--typography--line-height, var(--global--line-height-body));\">\n<\/p><p style=\"line-height: var(--wp--typography--line-height, var(--global--line-height-body));\">\n<\/p><p style=\"line-height: var(--wp--typography--line-height, var(--global--line-height-body));\">\n<\/p><ol style=\"padding-left: calc(2 * var(--global--spacing-horizontal)); font-family: var(--list--font-family);\" start=\"2\">\n<li style=\"list-style-type: none;\">\n<\/li>\n<ol style=\"padding-left: calc(2 * var(--global--spacing-horizontal)); font-family: var(--list--font-family);\" start=\"2\">\n<li>Los acuerdos y resoluciones impugnables ante el Tribunal Federal de Justicia Administrativa.<\/li>\n<\/ol>\n<\/ol>\n<div><font face=\"-apple-system, BlinkMacSystemFont, Segoe UI, Roboto, Oxygen-Sans, Ubuntu, Cantarell, Helvetica Neue, sans-serif\"><br><\/font><\/div>\n<p style=\"line-height: var(--wp--typography--line-height, var(--global--line-height-body));\">\n<\/p><p style=\"line-height: var(--wp--typography--line-height, var(--global--line-height-body));\">\n<\/p><p style=\"line-height: var(--wp--typography--line-height, var(--global--line-height-body));\">\n<\/p><p style=\"line-height: var(--wp--typography--line-height, var(--global--line-height-body));\">Como se\u00f1al\u00e9, el Tribunal ha venido ampliando su competencia para abarcar de manera constante cada vez m\u00e1s materias del \u00e1mbito administrativo, y as\u00ed lo refleja su ley que dispone una larga y extensa enumeraci\u00f3n de los actos y resoluciones susceptibles de ser impugnados a trav\u00e9s del juicio contencioso administrativo que se interponga contra las resoluciones definitivas y disposiciones siguientes: I. Los decretos y acuerdos de car\u00e1cter general, diversos a los reglamentos, cuando sean autoaplicativos o cuando el interesado los controvierta con motivo de su primer acto de aplicaci\u00f3n II. Las dictadas por autoridades fiscales federales y organismos fiscales aut\u00f3nomos, en que se determine la existencia de una obligaci\u00f3n fiscal, se fije en cantidad l\u00edquida o se den las bases para su liquidaci\u00f3n III. Las que nieguen la devoluci\u00f3n de un ingreso de los regulados por el C\u00f3digo Fiscal de la Federaci\u00f3n, indebidamente percibido por el Estado o cuya devoluci\u00f3n proceda de conformidad con las leyes fiscales IV. Las que impongan multas por infracci\u00f3n a las normas administrativas federales V.<\/p>\n<p style=\"line-height: var(--wp--typography--line-height, var(--global--line-height-body));\"><br><\/p>\n<p style=\"line-height: var(--wp--typography--line-height, var(--global--line-height-body));\">Las que causen un agravio en materia fiscal distinto al que se refieren las fracciones anteriores VI. Las que nieguen o reduzcan las pensiones y dem\u00e1s prestaciones sociales que concedan las leyes en favor de los miembros del Ej\u00e9rcito, de la Fuerza A\u00e9rea y de la Armada Nacional o de sus familiares o derechohabientes con cargo a la Direcci\u00f3n de Pensiones Militares o al erario federal, as\u00ed como las que establezcan obligaciones a cargo de las mismas personas, de acuerdo con las leyes que otorgan dichas prestaciones VII. Las que se dicten en materia de pensiones civiles, sea con cargo al erario federal o al Instituto de Seguridad y Servicios Sociales de los Trabajadores del Estado VIII. Las que se originen por fallos en licitaciones p\u00fablicas y la interpretaci\u00f3n y cumplimiento de contratos p\u00fablicos, de obra p\u00fablica, adquisiciones, arrendamientos y servicios celebrados por las dependencias y entidades de la Administraci\u00f3n P\u00fablica Federal centralizada y paraestatal, y las empresas productivas del Estado; as\u00ed como, las que est\u00e9n bajo responsabilidad de los entes p\u00fablicos federales cuando las leyes se\u00f1alen expresamente la competencia del tribunal IX. Las que nieguen la indemnizaci\u00f3n por responsabilidad patrimonial del Estado, declaren improcedente su reclamaci\u00f3n o cuando habi\u00e9ndola otorgado no satisfaga al reclamante. Tambi\u00e9n, las que por repetici\u00f3n, impongan la obligaci\u00f3n a los servidores p\u00fablicos de resarcir al Estado el pago correspondiente a la indemnizaci\u00f3n, en los t\u00e9rminos de la ley de la materia X.&nbsp;<\/p>\n<p style=\"line-height: var(--wp--typography--line-height, var(--global--line-height-body));\"><br><\/p>\n<p style=\"line-height: var(--wp--typography--line-height, var(--global--line-height-body));\">Las que requieran el pago de garant\u00edas a favor de la Federaci\u00f3n, las entidades federativas o los Municipios, as\u00ed como de sus entidades paraestatales y las empresas productivas del Estado XI. Las que traten las materias se\u00f1aladas en el art\u00edculo 94 de la Ley de Comercio Exterior XII. Las dictadas por las autoridades administrativas que pongan fin a un procedimiento administrativo, a una instancia o resuelvan un expediente, en los t\u00e9rminos de la Ley Federal de Procedimiento Administrativo XIII. Las que resuelvan los recursos administrativos en contra de las resoluciones que se indican en las dem\u00e1s fracciones XIV. Las que se funden en un tratado o acuerdo internacional para evitar la doble tributaci\u00f3n o en materia comercial, suscritos por M\u00e9xico, o cuando el demandante haga valer como concepto de impugnaci\u00f3n que no se haya aplicado en su favor alguno de los referidos tratados o acuerdos XV. Las que se configuren por negativa ficta en las materias se\u00f1aladas, por el transcurso del plazo que se\u00f1alen el C\u00f3digo Fiscal de la Federaci\u00f3n, la Ley Federal de Procedimiento Administrativo o las disposiciones aplicables o, en su defecto, en el plazo de tres meses, as\u00ed como las que nieguen la expedici\u00f3n de la constancia de haberse configurado la resoluci\u00f3n positiva ficta, cuando \u00e9sta se encuentre prevista por la ley que rija a dichas materias XVI.&nbsp;<\/p>\n<p style=\"line-height: var(--wp--typography--line-height, var(--global--line-height-body));\"><br><\/p>\n<p style=\"line-height: var(--wp--typography--line-height, var(--global--line-height-body));\">Las resoluciones definitivas por las que se impongan sanciones administrativas a los servidores p\u00fablicos en t\u00e9rminos de la legislaci\u00f3n aplicable, as\u00ed como contra las que decidan los recursos administrativos previstos en dichos ordenamientos, adem\u00e1s de los \u00f3rganos constitucionales aut\u00f3nomos XVII. Las resoluciones de la Contralor\u00eda General del Instituto Nacional Electoral que impongan sanciones administrativas no graves, en t\u00e9rminos de la Ley General de Instituciones y Procedimientos Electorales XVIII. Las sanciones y dem\u00e1s resoluciones emitidas por la Auditor\u00eda Superior de la Federaci\u00f3n, en t\u00e9rminos de la Ley de Fiscalizaci\u00f3n y Rendici\u00f3n de Cuentas de la Federaci\u00f3n y XIX. Las se\u00f1aladas en esta y otras leyes como competencia del Tribunal.&nbsp;<\/p>\n<p style=\"line-height: var(--wp--typography--line-height, var(--global--line-height-body));\"><br><\/p>\n<p style=\"line-height: var(--wp--typography--line-height, var(--global--line-height-body));\">\n<\/p><p style=\"line-height: var(--wp--typography--line-height, var(--global--line-height-body));\">\n<\/p><p style=\"line-height: var(--wp--typography--line-height, var(--global--line-height-body));\">\n<\/p><ol style=\"padding-left: calc(2 * var(--global--spacing-horizontal)); font-family: var(--list--font-family);\" start=\"3\">\n<li style=\"list-style-type: none;\">\n<ol style=\"padding-left: calc(2 * var(--global--spacing-horizontal)); font-family: var(--list--font-family);\" start=\"3\">\n<li>Su estructura org\u00e1nica<\/li>\n<\/ol>\n<\/li>\n<\/ol>\n<p style=\"line-height: var(--wp--typography--line-height, var(--global--line-height-body));\">\n<\/p><p style=\"line-height: var(--wp--typography--line-height, var(--global--line-height-body));\">\n<\/p><p style=\"line-height: var(--wp--typography--line-height, var(--global--line-height-body));\">\n<\/p><p style=\"line-height: var(--wp--typography--line-height, var(--global--line-height-body));\">Para la eficiente, pronta y justa atenci\u00f3n de los numerosos y complejos juicios, todos ellos de alta especialidad, derivados de esa amplia competencia citada en el p\u00e1rrafo anterior, el Tribunal Federal de Justicia Administrativa (TFJA) se integra por los siguientes \u00f3rganos:&nbsp;<\/p>\n<p style=\"line-height: var(--wp--typography--line-height, var(--global--line-height-body));\"><br><\/p>\n<p style=\"line-height: var(--wp--typography--line-height, var(--global--line-height-body));\">\n<\/p><p style=\"line-height: var(--wp--typography--line-height, var(--global--line-height-body));\">\n<\/p><p style=\"line-height: var(--wp--typography--line-height, var(--global--line-height-body));\">\n<\/p><ul style=\"padding-left: calc(2 * var(--global--spacing-horizontal)); font-family: var(--list--font-family);\">\n<li style=\"list-style-type: none;\">\n<ul style=\"padding-left: calc(2 * var(--global--spacing-horizontal)); font-family: var(--list--font-family);\">\n<li>La Sala Superior<\/li>\n<\/ul>\n<\/li>\n<\/ul>\n<p style=\"line-height: var(--wp--typography--line-height, var(--global--line-height-body));\">\n<\/p><p style=\"line-height: var(--wp--typography--line-height, var(--global--line-height-body));\">\n<\/p><ul style=\"padding-left: calc(2 * var(--global--spacing-horizontal)); font-family: var(--list--font-family);\">\n<li style=\"list-style-type: none;\">\n<ul style=\"padding-left: calc(2 * var(--global--spacing-horizontal)); font-family: var(--list--font-family);\">\n<li>La Junta de Gobierno y Administraci\u00f3n&nbsp;<\/li>\n<\/ul>\n<\/li>\n<\/ul>\n<p style=\"line-height: var(--wp--typography--line-height, var(--global--line-height-body));\">\n<\/p><p style=\"line-height: var(--wp--typography--line-height, var(--global--line-height-body));\">\n<\/p><ul style=\"padding-left: calc(2 * var(--global--spacing-horizontal)); font-family: var(--list--font-family);\">\n<li style=\"list-style-type: none;\">\n<ul style=\"padding-left: calc(2 * var(--global--spacing-horizontal)); font-family: var(--list--font-family);\">\n<li>Las Salas Regionales<\/li>\n<\/ul>\n<\/li>\n<\/ul>\n<p style=\"line-height: var(--wp--typography--line-height, var(--global--line-height-body));\">\n<\/p><p style=\"line-height: var(--wp--typography--line-height, var(--global--line-height-body));\">\n<\/p><p style=\"line-height: var(--wp--typography--line-height, var(--global--line-height-body));\">\n<\/p><p style=\"line-height: var(--wp--typography--line-height, var(--global--line-height-body));\">\n<\/p><ol style=\"padding-left: calc(2 * var(--global--spacing-horizontal)); font-family: var(--list--font-family);\">\n<li style=\"list-style-type: none;\">\n<\/li>\n<ol style=\"padding-left: calc(2 * var(--global--spacing-horizontal)); font-family: var(--list--font-family);\">\n<li>La Sala Superior<\/li>\n<\/ol>\n<\/ol>\n<div><font face=\"-apple-system, BlinkMacSystemFont, Segoe UI, Roboto, Oxygen-Sans, Ubuntu, Cantarell, Helvetica Neue, sans-serif\"><br><\/font><\/div>\n<p style=\"line-height: var(--wp--typography--line-height, var(--global--line-height-body));\">\n<\/p><p style=\"line-height: var(--wp--typography--line-height, var(--global--line-height-body));\">\n<\/p><p style=\"line-height: var(--wp--typography--line-height, var(--global--line-height-body));\">\n<\/p><p style=\"line-height: var(--wp--typography--line-height, var(--global--line-height-body));\">Se integra por 16 Magistrados, de \u00e9stos 14 ejercer\u00e1n funciones jurisdiccionales, uno de los cuales presidir\u00e1 el Tribunal y dos formar\u00e1n parte de la Junta de Gobierno y Administraci\u00f3n.&nbsp;<\/p>\n<p style=\"line-height: var(--wp--typography--line-height, var(--global--line-height-body));\"><br><\/p>\n<p style=\"line-height: var(--wp--typography--line-height, var(--global--line-height-body));\">\n<\/p><p style=\"line-height: var(--wp--typography--line-height, var(--global--line-height-body));\">\n<\/p><p style=\"line-height: var(--wp--typography--line-height, var(--global--line-height-body));\">La Sala Superior, a su vez, funcionar\u00e1 en:<\/p>\n<p style=\"line-height: var(--wp--typography--line-height, var(--global--line-height-body));\">\n<\/p><p style=\"line-height: var(--wp--typography--line-height, var(--global--line-height-body));\">\n<\/p><p style=\"line-height: var(--wp--typography--line-height, var(--global--line-height-body));\">\n<\/p><ul style=\"padding-left: calc(2 * var(--global--spacing-horizontal)); font-family: var(--list--font-family);\">\n<li style=\"list-style-type: none;\">\n<ul style=\"padding-left: calc(2 * var(--global--spacing-horizontal)); font-family: var(--list--font-family);\">\n<li>Pleno General<\/li>\n<\/ul>\n<\/li>\n<\/ul>\n<p style=\"line-height: var(--wp--typography--line-height, var(--global--line-height-body));\">\n<\/p><p style=\"line-height: var(--wp--typography--line-height, var(--global--line-height-body));\">\n<\/p><ul style=\"padding-left: calc(2 * var(--global--spacing-horizontal)); font-family: var(--list--font-family);\">\n<li style=\"list-style-type: none;\">\n<ul style=\"padding-left: calc(2 * var(--global--spacing-horizontal)); font-family: var(--list--font-family);\">\n<li>Pleno Jurisdiccional&nbsp;<\/li>\n<\/ul>\n<\/li>\n<\/ul>\n<p style=\"line-height: var(--wp--typography--line-height, var(--global--line-height-body));\">\n<\/p><p style=\"line-height: var(--wp--typography--line-height, var(--global--line-height-body));\">\n<\/p><ul style=\"padding-left: calc(2 * var(--global--spacing-horizontal)); font-family: var(--list--font-family);\">\n<li style=\"list-style-type: none;\">\n<\/li>\n<ul style=\"padding-left: calc(2 * var(--global--spacing-horizontal)); font-family: var(--list--font-family);\">\n<li>Tres Secciones<\/li>\n<\/ul>\n<\/ul>\n<div><font face=\"-apple-system, BlinkMacSystemFont, Segoe UI, Roboto, Oxygen-Sans, Ubuntu, Cantarell, Helvetica Neue, sans-serif\"><br><\/font><\/div>\n<p style=\"line-height: var(--wp--typography--line-height, var(--global--line-height-body));\">\n<\/p><p style=\"line-height: var(--wp--typography--line-height, var(--global--line-height-body));\">\n<\/p><p style=\"line-height: var(--wp--typography--line-height, var(--global--line-height-body));\">\n<\/p><p style=\"line-height: var(--wp--typography--line-height, var(--global--line-height-body));\">El Pleno General se conformar\u00e1 por los 16 Magistrados y entre sus facultades est\u00e1n: I. Elegir al Presidente del Tribunal de entre los Magistrados de la Sala Superior II. Aprobar el proyecto de presupuesto del Tribunal y enviarlo a la Secretar\u00eda de Hacienda y Cr\u00e9dito P\u00fablico para su incorporaci\u00f3n en el proyecto de Presupuesto de Egresos de la Federaci\u00f3n III. Aprobar, expedir y modificar el Reglamento Interior del Tribunal IV. Expedir el Estatuto de Carrera V. Aprobar y someter a consideraci\u00f3n del Presidente de la Rep\u00fablica la propuesta para el nombramiento de Magistrados del Tribunal VI. Fijar y, en su caso, cambiar la adscripci\u00f3n de los Magistrados de las tres Secciones VII. Designar al Secretario General de Acuerdos y al Titular del \u00d3rgano Interno de Control.<\/p>\n<p style=\"line-height: var(--wp--typography--line-height, var(--global--line-height-body));\"><br><\/p>\n<p style=\"line-height: var(--wp--typography--line-height, var(--global--line-height-body));\">\n<\/p><p style=\"line-height: var(--wp--typography--line-height, var(--global--line-height-body));\">\n<\/p><p style=\"line-height: var(--wp--typography--line-height, var(--global--line-height-body));\">El Pleno Jurisdiccional est\u00e1 integrado por el Presidente del Tribunal y por los 10 Magistrados integrantes de la Primera y Segunda Secciones de la Sala Superior, y entre sus facultades est\u00e1n las siguientes: I. Establecer, modificar y suspender la jurisprudencia del Tribunal y ordenar su publicaci\u00f3n en la Revista del Tribunal II. Resolver las contradicciones de criterios, tesis o jurisprudencias de las Salas Regionales y Secciones de Sala Superior, determinando cu\u00e1l constituir\u00e1 jurisprudencia III. Resolver los juicios con caracter\u00edsticas especiales, con excepci\u00f3n de los que sean competencia exclusiva de la Tercera Secci\u00f3n.&nbsp;<\/p>\n<p style=\"line-height: var(--wp--typography--line-height, var(--global--line-height-body));\"><br><\/p>\n<p style=\"line-height: var(--wp--typography--line-height, var(--global--line-height-body));\">\n<\/p><p style=\"line-height: var(--wp--typography--line-height, var(--global--line-height-body));\">\n<\/p><p style=\"line-height: var(--wp--typography--line-height, var(--global--line-height-body));\">Las Secciones Primera y Segunda tienen competencia administrativa y fiscal y la Tercera en materia de responsabilidades administrativas de los servidores p\u00fablicos, estando integradas las dos primeras por 5 Magistrados y la tercera por 3 Magistrados.&nbsp;<\/p>\n<p style=\"line-height: var(--wp--typography--line-height, var(--global--line-height-body));\"><br><\/p>\n<p style=\"line-height: var(--wp--typography--line-height, var(--global--line-height-body));\">\n<\/p><p style=\"line-height: var(--wp--typography--line-height, var(--global--line-height-body));\">\n<\/p><p style=\"line-height: var(--wp--typography--line-height, var(--global--line-height-body));\">El Presidente del Tribunal no integrar\u00e1 Secci\u00f3n, salvo cuando sea requerido para integrarla por la falta de qu\u00f3rum o cuando la Secci\u00f3n se encuentre imposibilitada para elegir su Presidente.<\/p>\n<p style=\"line-height: var(--wp--typography--line-height, var(--global--line-height-body));\"><br><\/p>\n<p style=\"line-height: var(--wp--typography--line-height, var(--global--line-height-body));\">\n<\/p><p style=\"line-height: var(--wp--typography--line-height, var(--global--line-height-body));\">\n<\/p><p style=\"line-height: var(--wp--typography--line-height, var(--global--line-height-body));\">Entre las facultades de la Primera y Segunda Secci\u00f3n est\u00e1n: I. Dictar sentencia definitiva en los juicios que traten las materias se\u00f1aladas en el art\u00edculo 94 de la Ley de Comercio Exterior, a excepci\u00f3n de aqu\u00e9llos en los que se controvierta exclusivamente la aplicaci\u00f3n de cuotas compensatorias II. Resolver los juicios con caracter\u00edsticas especiales, con excepci\u00f3n de los que sean competencia exclusiva de la Tercera Secci\u00f3n III. Establecer, modificar y suspender la jurisprudencia, aprobar las tesis y sus precedentes, as\u00ed como ordenar su publicaci\u00f3n en la Revista del Tribunal IV. Resolver los juicios que se promuevan contra las resoluciones definitivas, actos administrativos y procedimientos que se funden en un tratado o acuerdo internacional para evitar la doble tributaci\u00f3n, o en materia comercial, suscrito por M\u00e9xico, o cuando el demandante haga valer como concepto de impugnaci\u00f3n que no se haya aplicado a su favor alguno de los referidos tratados o acuerdos. Cuando exista una Sala Especializada con competencia en determinada materia, ser\u00e1 dicha Sala quien tendr\u00e1 la competencia original para conocer y resolver los asuntos que se funden en un Convenio, Acuerdo o Tratado Internacional relacionado con las materias de su competencia, salvo que la Sala Superior ejerza su facultad de atracci\u00f3n;<\/p>\n<p style=\"line-height: var(--wp--typography--line-height, var(--global--line-height-body));\"><br><\/p>\n<p style=\"line-height: var(--wp--typography--line-height, var(--global--line-height-body));\">\n<\/p><p style=\"line-height: var(--wp--typography--line-height, var(--global--line-height-body));\">\n<\/p><p style=\"line-height: var(--wp--typography--line-height, var(--global--line-height-body));\">Entre las facultades de la Tercera Secci\u00f3n est\u00e1n: I. Resolver el recurso de apelaci\u00f3n que interpongan las partes en contra de las resoluciones dictadas por las Salas Especializadas en materia de Responsabilidades Administrativas II. Fijar jurisprudencia, con la aprobaci\u00f3n de cinco precedentes en el mismo sentido no interrumpidos por otro en contrario III. Conocer de asuntos que le sean turnados para sancionar responsabilidades administrativas que la ley determine como graves en casos de servidores p\u00fablicos y de los particulares que participen en dichos actos IV. Fincar a los servidores p\u00fablicos y particulares responsables el pago de las indemnizaciones y sanciones pecuniarias que deriven de los da\u00f1os y perjuicios que afecten a la Hacienda P\u00fablica Federal o al patrimonio de los entes p\u00fablicos federales V. Imponer a los particulares que intervengan en actos vinculados con faltas administrativas graves, inhabilitaci\u00f3n para participar en adquisiciones, arrendamientos, servicios u obras p\u00fablicas, as\u00ed como posibles nombramientos o encargos p\u00fablicos del orden federal, en las entidades federativas, municipios o demarcaciones territoriales, seg\u00fan corresponda VI. Sancionar a las personas morales cuando los actos vinculados con faltas administrativas graves sean realizados por personas f\u00edsicas que act\u00faen a nombre o representaci\u00f3n de la persona moral y en beneficio de ella.&nbsp;<\/p>\n<p style=\"line-height: var(--wp--typography--line-height, var(--global--line-height-body));\"><br><\/p>\n<p style=\"line-height: var(--wp--typography--line-height, var(--global--line-height-body));\">\n<\/p><p style=\"line-height: var(--wp--typography--line-height, var(--global--line-height-body));\">\n<\/p><p style=\"line-height: var(--wp--typography--line-height, var(--global--line-height-body));\">\n<\/p><ol style=\"padding-left: calc(2 * var(--global--spacing-horizontal)); font-family: var(--list--font-family);\" start=\"2\">\n<li style=\"list-style-type: none;\">\n<ol style=\"padding-left: calc(2 * var(--global--spacing-horizontal)); font-family: var(--list--font-family);\" start=\"2\">\n<li>La Junta de Gobierno y Administraci\u00f3n<\/li>\n<\/ol>\n<\/li>\n<\/ol>\n<p style=\"line-height: var(--wp--typography--line-height, var(--global--line-height-body));\">\n<\/p><p style=\"line-height: var(--wp--typography--line-height, var(--global--line-height-body));\">\n<\/p><p style=\"line-height: var(--wp--typography--line-height, var(--global--line-height-body));\">\n<\/p><p style=\"line-height: var(--wp--typography--line-height, var(--global--line-height-body));\">Esta Junta es el \u00f3rgano que tiene a su cargo la administraci\u00f3n, vigilancia, disciplina y carrera jurisdiccional y cuenta con autonom\u00eda t\u00e9cnica y de gesti\u00f3n para el adecuado cumplimiento de sus funciones y se integra por el Presidente del Tribunal, dos Magistrados de Sala Superior y dos Magistrados de Sala Regional.<\/p>\n<p style=\"line-height: var(--wp--typography--line-height, var(--global--line-height-body));\"><br><\/p>\n<p style=\"line-height: var(--wp--typography--line-height, var(--global--line-height-body));\">\n<\/p><p style=\"line-height: var(--wp--typography--line-height, var(--global--line-height-body));\">\n<\/p><p style=\"line-height: var(--wp--typography--line-height, var(--global--line-height-body));\">La Junta de Gobierno y Administraci\u00f3n contar\u00e1 con los Secretarios T\u00e9cnicos, Operativos y Auxiliares necesarios y entre sus facultades est\u00e1n: I. Proponer, para aprobaci\u00f3n del Pleno General, el proyecto de Reglamento Interior del Tribunal II. Aprobar la formulaci\u00f3n del proyecto de presupuesto del Tribunal III. Llevar a cabo los estudios necesarios para determinar las regiones, sedes y n\u00famero de las Salas Regionales; las sedes y n\u00famero de las Salas Auxiliares; la competencia material y territorial de las Salas Especializadas, as\u00ed como las materias espec\u00edficas de competencia de las Secciones de la Sala Superior y los criterios conforme a los cuales se ejercer\u00e1 la facultad de atracci\u00f3n, de acuerdo con lo que establezcan las disposiciones aplicables IV. Adscribir a las Salas Regionales ordinarias, auxiliares, especializadas o mixtas a los Magistrados Regionales V. Aprobar los nombramientos de los servidores p\u00fablicos jurisdiccionales y administrativos del Tribunal VI. Establecer, mediante acuerdos generales, las unidades administrativas que estime necesarias para el eficiente desempe\u00f1o de las funciones del Tribunal, de conformidad con su presupuesto autorizado VII. Expedir las normas de carrera para los servidores p\u00fablicos que corresponda VIII. Autorizar los programas permanentes de capacitaci\u00f3n, especializaci\u00f3n y actualizaci\u00f3n en las materias competencia del Tribunal para sus servidores p\u00fablicos IX. Dictar las reglas conforme a las cuales se deber\u00e1n practicar visitas para verificar el correcto funcionamiento de las Salas Regionales, ordinarias, auxiliares, especializadas o mixtas, as\u00ed como se\u00f1alar las que corresponder\u00e1 visitar a cada uno de sus miembros X. Llevar el registro de los peritos del Tribunal y mantenerlo actualizado; XII. Nombrar, a propuesta de su Presidente, a los titulares de los \u00f3rganos auxiliares y unidades de apoyo administrativo, as\u00ed como a los titulares de las comisiones, y removerlos de acuerdo con las disposiciones aplicables XIII. Regular y supervisar las adquisiciones de bienes y servicios, las obras y los arrendamientos que contrate el Tribunal y comprobar que se apeguen a las leyes y disposiciones en dichas materias XIV. Recibir y atender las visitas de verificaci\u00f3n ordenadas por la Auditor\u00eda Superior de la Federaci\u00f3n y supervisar que se solventen las observaciones que formule, a trav\u00e9s de la Secretar\u00eda T\u00e9cnica correspondiente XV. Establecer y administrar el Bolet\u00edn Electr\u00f3nico para la notificaci\u00f3n de las resoluciones y acuerdos, as\u00ed como el control de las notificaciones que se realicen por medios electr\u00f3nicos y supervisar la correcta operaci\u00f3n y funcionamiento de los sistemas de justicia en l\u00ednea y de control de juicios del tribunal para la tramitaci\u00f3n de los juicios XVI. Emitir los acuerdos normativos que contengan los lineamientos t\u00e9cnicos y formales que deban observarse en la substanciaci\u00f3n del juicio en l\u00ednea y de las notificaciones electr\u00f3nicas, as\u00ed como del Bolet\u00edn Electr\u00f3nico y el sistema de control de juicios XVII. Supervisar la publicaci\u00f3n de las jurisprudencias, precedentes y tesis aisladas emitidas por las Salas y Secciones en la Revista del Tribunal XVIII. Formular la memoria anual de funcionamiento del Tribunal para ser presentada al Presidente de la Rep\u00fablica y al Congreso de la Uni\u00f3n XIX. Determinar el establecimiento de Salas Especializadas, incluyendo su \u00e1mbito jurisdiccional, que podr\u00e1 ser nacional o regional, de conformidad con criterios de racionalidad y de accesibilidad a la justicia.<\/p>\n<p style=\"line-height: var(--wp--typography--line-height, var(--global--line-height-body));\"><br><\/p>\n<p style=\"line-height: var(--wp--typography--line-height, var(--global--line-height-body));\">\n<\/p><p style=\"line-height: var(--wp--typography--line-height, var(--global--line-height-body));\">\n<\/p><p style=\"line-height: var(--wp--typography--line-height, var(--global--line-height-body));\">\n<\/p><ol style=\"padding-left: calc(2 * var(--global--spacing-horizontal)); font-family: var(--list--font-family);\" start=\"3\">\n<li style=\"list-style-type: none;\">\n<ol style=\"padding-left: calc(2 * var(--global--spacing-horizontal)); font-family: var(--list--font-family);\" start=\"3\">\n<li>El Presidente del Tribunal<\/li>\n<\/ol>\n<\/li>\n<\/ol>\n<p style=\"line-height: var(--wp--typography--line-height, var(--global--line-height-body));\">\n<\/p><p style=\"line-height: var(--wp--typography--line-height, var(--global--line-height-body));\">\n<\/p><p style=\"line-height: var(--wp--typography--line-height, var(--global--line-height-body));\">\n<\/p><p style=\"line-height: var(--wp--typography--line-height, var(--global--line-height-body));\">Ser\u00e1 electo por el Pleno General de la Sala Superior en la primera sesi\u00f3n del a\u00f1o siguiente a aqu\u00e9l en que concluya el periodo del Presidente en funciones. Durar\u00e1 en su cargo tres a\u00f1os y no podr\u00e1 ser reelecto para ning\u00fan otro periodo. Ser\u00e1n elegibles para ese puesto los Magistrados de Sala Superior cuyos nombramientos cubran el periodo antes se\u00f1alado y sus atribuciones son, entre otras, representar al Tribunal, a la Sala Superior, al Pleno General y Jurisdiccional de la Sala Superior y a la Junta de Gobierno y Administraci\u00f3n, ante toda clase de autoridades y delegar el ejercicio de esta funci\u00f3n en servidores p\u00fablicos subalternos sin perjuicio de su ejercicio directo; formar parte del Comit\u00e9 Coordinador del Sistema Nacional Anticorrupci\u00f3n; despachar la correspondencia del Tribunal; convocar a sesiones al Pleno General y Jurisdiccional de la Sala Superior y a la Junta de Gobierno y Administraci\u00f3n, dirigir sus debates y conservar el orden en \u00e9stas; someter al conocimiento del Pleno General y Jurisdiccional de la Sala Superior los asuntos de la competencia del mismo, as\u00ed como aqu\u00e9llos que considere necesarios; ejercer la facultad de atracci\u00f3n de los juicios con caracter\u00edsticas especiales, a efecto de someterlos al Pleno para su resoluci\u00f3n; rendir anualmente ante la Sala Superior un informe dando cuenta de la marcha del Tribunal y de las principales jurisprudencias establecidas por el Pleno y las Secciones; rendir un informe anual al Senado de la Rep\u00fablica basado en indicadores en materia de Responsabilidades Administrativas, tomar\u00e1 en consideraci\u00f3n las directrices y pol\u00edticas que emita el Comit\u00e9 Coordinador del Sistema Nacional Anticorrupci\u00f3n y nombrar al Director del Centro de Estudios.<\/p>\n<p style=\"line-height: var(--wp--typography--line-height, var(--global--line-height-body));\"><br><\/p>\n<p style=\"line-height: var(--wp--typography--line-height, var(--global--line-height-body));\">\n<\/p><p style=\"line-height: var(--wp--typography--line-height, var(--global--line-height-body));\">\n<\/p><p style=\"line-height: var(--wp--typography--line-height, var(--global--line-height-body));\">\n<\/p><ol style=\"padding-left: calc(2 * var(--global--spacing-horizontal)); font-family: var(--list--font-family);\" start=\"4\">\n<li style=\"list-style-type: none;\">\n<ol style=\"padding-left: calc(2 * var(--global--spacing-horizontal)); font-family: var(--list--font-family);\" start=\"4\">\n<li>Las Salas Regionales&nbsp;<\/li>\n<\/ol>\n<\/li>\n<\/ol>\n<p style=\"line-height: var(--wp--typography--line-height, var(--global--line-height-body));\">\n<\/p><p style=\"line-height: var(--wp--typography--line-height, var(--global--line-height-body));\">\n<\/p><p style=\"line-height: var(--wp--typography--line-height, var(--global--line-height-body));\">\n<\/p><p style=\"line-height: var(--wp--typography--line-height, var(--global--line-height-body));\">Las Salas Regionales pueden ser de cuatro clases, atendiendo a diversos criterios para la asignaci\u00f3n de sus competencias:<\/p>\n<p style=\"line-height: var(--wp--typography--line-height, var(--global--line-height-body));\">\n<\/p><p style=\"line-height: var(--wp--typography--line-height, var(--global--line-height-body));\">\n<\/p><p style=\"line-height: var(--wp--typography--line-height, var(--global--line-height-body));\">\n<\/p><ul style=\"padding-left: calc(2 * var(--global--spacing-horizontal)); font-family: var(--list--font-family);\">\n<li style=\"list-style-type: none;\">\n<ul style=\"padding-left: calc(2 * var(--global--spacing-horizontal)); font-family: var(--list--font-family);\">\n<li>Ordinarias<\/li>\n<\/ul>\n<\/li>\n<\/ul>\n<p style=\"line-height: var(--wp--typography--line-height, var(--global--line-height-body));\">\n<\/p><p style=\"line-height: var(--wp--typography--line-height, var(--global--line-height-body));\">\n<\/p><ul style=\"padding-left: calc(2 * var(--global--spacing-horizontal)); font-family: var(--list--font-family);\">\n<li style=\"list-style-type: none;\">\n<ul style=\"padding-left: calc(2 * var(--global--spacing-horizontal)); font-family: var(--list--font-family);\">\n<li>Auxiliares<\/li>\n<\/ul>\n<\/li>\n<\/ul>\n<p style=\"line-height: var(--wp--typography--line-height, var(--global--line-height-body));\">\n<\/p><p style=\"line-height: var(--wp--typography--line-height, var(--global--line-height-body));\">\n<\/p><ul style=\"padding-left: calc(2 * var(--global--spacing-horizontal)); font-family: var(--list--font-family);\">\n<li style=\"list-style-type: none;\">\n<ul style=\"padding-left: calc(2 * var(--global--spacing-horizontal)); font-family: var(--list--font-family);\">\n<li>Especializadas&nbsp;<\/li>\n<\/ul>\n<\/li>\n<\/ul>\n<p style=\"line-height: var(--wp--typography--line-height, var(--global--line-height-body));\">\n<\/p><p style=\"line-height: var(--wp--typography--line-height, var(--global--line-height-body));\">\n<\/p><ul style=\"padding-left: calc(2 * var(--global--spacing-horizontal)); font-family: var(--list--font-family);\">\n<li style=\"list-style-type: none;\">\n<\/li>\n<ul style=\"padding-left: calc(2 * var(--global--spacing-horizontal)); font-family: var(--list--font-family);\">\n<li>Mixtas<\/li>\n<\/ul>\n<\/ul>\n<div><font face=\"-apple-system, BlinkMacSystemFont, Segoe UI, Roboto, Oxygen-Sans, Ubuntu, Cantarell, Helvetica Neue, sans-serif\"><br><\/font><\/div>\n<p style=\"line-height: var(--wp--typography--line-height, var(--global--line-height-body));\">\n<\/p><p style=\"line-height: var(--wp--typography--line-height, var(--global--line-height-body));\">\n<\/p><p style=\"line-height: var(--wp--typography--line-height, var(--global--line-height-body));\">\n<\/p><p style=\"line-height: var(--wp--typography--line-height, var(--global--line-height-body));\">Las Salas Regionales estar\u00e1n integradas por 3 Magistrados, con jurisdicci\u00f3n en la circunscripci\u00f3n territorial y sede que les sea asignada en el Reglamento Interior del Tribunal o en la Ley. Para estos efectos, el territorio nacional se dividir\u00e1 en regiones con los l\u00edmites territoriales que se determinen en el Reglamento Interior del Tribunal, el cual dispone las siguientes con sus l\u00edmites territoriales:<\/p>\n<p style=\"line-height: var(--wp--typography--line-height, var(--global--line-height-body));\"><br><\/p>\n<p style=\"line-height: var(--wp--typography--line-height, var(--global--line-height-body));\">\n<\/p><p style=\"line-height: var(--wp--typography--line-height, var(--global--line-height-body));\">\n<\/p><p style=\"line-height: var(--wp--typography--line-height, var(--global--line-height-body));\">I. Noroeste I, que comprende el Estado de Baja California, con dos Salas que se denominar\u00e1n, \u201cPrimera Sala Regional del Noroeste I\u201d y \u201cSegunda Sala Regional del Noroeste I\u201d, con sede en la Ciudad de Tijuana, Estado de Baja California.<\/p>\n<p style=\"line-height: var(--wp--typography--line-height, var(--global--line-height-body));\"><br><\/p>\n<p style=\"line-height: var(--wp--typography--line-height, var(--global--line-height-body));\">\n<\/p><p style=\"line-height: var(--wp--typography--line-height, var(--global--line-height-body));\">\n<\/p><p style=\"line-height: var(--wp--typography--line-height, var(--global--line-height-body));\">II. Noroeste II, que comprende el Estado de Sonora, con una Sala que se denominar\u00e1 \u201cSala Regional del Noroeste II\u201d, con sede en Ciudad Obreg\u00f3n, Estado de Sonora.<\/p>\n<p style=\"line-height: var(--wp--typography--line-height, var(--global--line-height-body));\"><br><\/p>\n<p style=\"line-height: var(--wp--typography--line-height, var(--global--line-height-body));\">\n<\/p><p style=\"line-height: var(--wp--typography--line-height, var(--global--line-height-body));\">\n<\/p><p style=\"line-height: var(--wp--typography--line-height, var(--global--line-height-body));\">III. Noroeste III, que comprende los Estados de Baja California Sur y Sinaloa, con dos Salas que se denominar\u00e1n, \u201cPrimera Sala Regional del Noroeste III\u201d y \u201cSegunda Sala Regional del Noroeste III\u201d, con sede en la Ciudad de Culiac\u00e1n, Estado de Sinaloa.&nbsp;<\/p>\n<p style=\"line-height: var(--wp--typography--line-height, var(--global--line-height-body));\"><br><\/p>\n<p style=\"line-height: var(--wp--typography--line-height, var(--global--line-height-body));\">\n<\/p><p style=\"line-height: var(--wp--typography--line-height, var(--global--line-height-body));\">\n<\/p><p style=\"line-height: var(--wp--typography--line-height, var(--global--line-height-body));\">IV. Norte-Centro I, que comprende el Estado de Chihuahua, con una Sala que se denominar\u00e1 \u201cSala Regional del Norte-Centro I\u201d, con sede en la Ciudad de Chihuahua, Estado de Chihuahua.&nbsp;<\/p>\n<p style=\"line-height: var(--wp--typography--line-height, var(--global--line-height-body));\"><br><\/p>\n<p style=\"line-height: var(--wp--typography--line-height, var(--global--line-height-body));\">\n<\/p><p style=\"line-height: var(--wp--typography--line-height, var(--global--line-height-body));\">\n<\/p><p style=\"line-height: var(--wp--typography--line-height, var(--global--line-height-body));\">V. Norte\u2013Centro II, que comprende todo el Estado de Coahuila y los Municipios de Lerdo y G\u00f3mez Palacio del Estado de Durango, con dos Salas que se denominar\u00e1n, \u201cPrimera Sala Regional del Norte- Centro II\u201d y \u201cSegunda Sala Regional del Norte-Centro II\u201d, ambas con sede en la Ciudad de Torre\u00f3n, Estado de Coahuila.<\/p>\n<p style=\"line-height: var(--wp--typography--line-height, var(--global--line-height-body));\"><br><\/p>\n<p style=\"line-height: var(--wp--typography--line-height, var(--global--line-height-body));\">\n<\/p><p style=\"line-height: var(--wp--typography--line-height, var(--global--line-height-body));\">\n<\/p><p style=\"line-height: var(--wp--typography--line-height, var(--global--line-height-body));\">VI. Noreste, que comprende el Estado de Nuevo Le\u00f3n y los municipios de Nuevo Laredo, Guerrero, Mier, Miguel Alem\u00e1n, Ciudad Camargo, D\u00edaz Ordaz y Reynosa del Estado de Tamaulipas, con tres Salas que se denominar\u00e1n, \u201cPrimera Sala Regional del Noreste\u201d, \u201cSegunda Sala Regional del Noreste\u201d, y \u201cTercera Sala Regional del Noreste\u201d, todas con sede en San Pedro Garza Garc\u00eda, Nuevo Le\u00f3n.&nbsp;<\/p>\n<p style=\"line-height: var(--wp--typography--line-height, var(--global--line-height-body));\"><br><\/p>\n<p style=\"line-height: var(--wp--typography--line-height, var(--global--line-height-body));\">\n<\/p><p style=\"line-height: var(--wp--typography--line-height, var(--global--line-height-body));\">\n<\/p><p style=\"line-height: var(--wp--typography--line-height, var(--global--line-height-body));\">VII. Occidente, que comprende los Estados de Colima, Jalisco y Nayarit, con tres Salas que se denominar\u00e1n, \u201cPrimera Sala Regional de Occidente\u201d, \u201cSegunda Sala Regional de Occidente\u201d y \u201cTercera Sala Regional de Occidente\u201d, todas con sede en la Ciudad de Guadalajara, Estado de Jalisco.&nbsp;<\/p>\n<p style=\"line-height: var(--wp--typography--line-height, var(--global--line-height-body));\"><br><\/p>\n<p style=\"line-height: var(--wp--typography--line-height, var(--global--line-height-body));\">\n<\/p><p style=\"line-height: var(--wp--typography--line-height, var(--global--line-height-body));\">\n<\/p><p style=\"line-height: var(--wp--typography--line-height, var(--global--line-height-body));\">VIII. Centro I, que comprende el Estado de Aguascalientes, con una Sala que se denominar\u00e1 \u201cSala Regional del Centro I\u201d, con sede en la Ciudad de Aguascalientes, Estado de Aguascalientes.&nbsp;<\/p>\n<p style=\"line-height: var(--wp--typography--line-height, var(--global--line-height-body));\"><br><\/p>\n<p style=\"line-height: var(--wp--typography--line-height, var(--global--line-height-body));\">\n<\/p><p style=\"line-height: var(--wp--typography--line-height, var(--global--line-height-body));\">\n<\/p><p style=\"line-height: var(--wp--typography--line-height, var(--global--line-height-body));\">IX. Centro II, que comprende el Estado de Quer\u00e9taro, con una Sala que se denominar\u00e1 \u201cSala Regional del Centro II\u201d, con sede en la Ciudad de Quer\u00e9taro, Estado de Quer\u00e9taro.&nbsp;<\/p>\n<p style=\"line-height: var(--wp--typography--line-height, var(--global--line-height-body));\"><br><\/p>\n<p style=\"line-height: var(--wp--typography--line-height, var(--global--line-height-body));\">\n<\/p><p style=\"line-height: var(--wp--typography--line-height, var(--global--line-height-body));\">\n<\/p><p style=\"line-height: var(--wp--typography--line-height, var(--global--line-height-body));\">X. Centro III, que comprende algunos municipios del Estado de Guanajuato, con una Sala que se denominar\u00e1, \u201cSala Regional del Centro III\u201d, con sede en la Ciudad de Celaya, Estado de Guanajuato.&nbsp;<\/p>\n<p style=\"line-height: var(--wp--typography--line-height, var(--global--line-height-body));\"><br><\/p>\n<p style=\"line-height: var(--wp--typography--line-height, var(--global--line-height-body));\">\n<\/p><p style=\"line-height: var(--wp--typography--line-height, var(--global--line-height-body));\">\n<\/p><p style=\"line-height: var(--wp--typography--line-height, var(--global--line-height-body));\">XI. Norte-Este del Estado de M\u00e9xico que comprende algunos municipios de ese Estado, con dos Salas que se denominar\u00e1n, \u201cPrimera Sala Regional Norte-Este del Estado de M\u00e9xico\u201d y \u201cSegunda Sala Regional Norte-Este del Estado de M\u00e9xico\u201d, con sede en Tlalnepantla, Estado de M\u00e9xico.&nbsp;<\/p>\n<p style=\"line-height: var(--wp--typography--line-height, var(--global--line-height-body));\"><br><\/p>\n<p style=\"line-height: var(--wp--typography--line-height, var(--global--line-height-body));\">\n<\/p><p style=\"line-height: var(--wp--typography--line-height, var(--global--line-height-body));\">\n<\/p><p style=\"line-height: var(--wp--typography--line-height, var(--global--line-height-body));\">XII. Oriente, que comprende el Estado de Puebla, con dos Salas que se denominaran, \u201cPrimera Sala Regional de Oriente\u201d y \u201cSegunda Sala Regional de Oriente\u201d, con sede en el municipio de San Andr\u00e9s Cholula, Estado de Puebla.&nbsp;<\/p>\n<p style=\"line-height: var(--wp--typography--line-height, var(--global--line-height-body));\"><br><\/p>\n<p style=\"line-height: var(--wp--typography--line-height, var(--global--line-height-body));\">\n<\/p><p style=\"line-height: var(--wp--typography--line-height, var(--global--line-height-body));\">\n<\/p><p style=\"line-height: var(--wp--typography--line-height, var(--global--line-height-body));\">XIII. Golfo, que comprende el Estado de Veracruz de Ignacio de la Llave, con una Sala que se denominar\u00e1 \u201cSala Regional del Golfo\u201d, con sede en la ciudad de Xalapa-Enr\u00edquez, Estado de Veracruz de Ignacio de la Llave.&nbsp;<\/p>\n<p style=\"line-height: var(--wp--typography--line-height, var(--global--line-height-body));\"><br><\/p>\n<p style=\"line-height: var(--wp--typography--line-height, var(--global--line-height-body));\">\n<\/p><p style=\"line-height: var(--wp--typography--line-height, var(--global--line-height-body));\">\n<\/p><p style=\"line-height: var(--wp--typography--line-height, var(--global--line-height-body));\">XIV. Pac\u00edfico, que comprende el Estado de Guerrero, con una Sala que se denominar\u00e1 \u201cSala Regional del Pac\u00edfico\u201d, con sede en la Ciudad de Acapulco, Estado de Guerrero.&nbsp;<\/p>\n<p style=\"line-height: var(--wp--typography--line-height, var(--global--line-height-body));\"><br><\/p>\n<p style=\"line-height: var(--wp--typography--line-height, var(--global--line-height-body));\">\n<\/p><p style=\"line-height: var(--wp--typography--line-height, var(--global--line-height-body));\">\n<\/p><p style=\"line-height: var(--wp--typography--line-height, var(--global--line-height-body));\">XV. Sureste, que comprende el Estado de Oaxaca, con una Sala que se denominar\u00e1 \u201cSala Regional del Sureste\u201d, con sede en la Ciudad de Oaxaca, Estado de Oaxaca.&nbsp;<\/p>\n<p style=\"line-height: var(--wp--typography--line-height, var(--global--line-height-body));\"><br><\/p>\n<p style=\"line-height: var(--wp--typography--line-height, var(--global--line-height-body));\">\n<\/p><p style=\"line-height: var(--wp--typography--line-height, var(--global--line-height-body));\">\n<\/p><p style=\"line-height: var(--wp--typography--line-height, var(--global--line-height-body));\">XVI. Peninsular, que comprende los Estados de Yucat\u00e1n y Campeche, con una Sala que se denominar\u00e1 \u201cSala Regional Peninsular\u201d, con sede en la Ciudad de M\u00e9rida, Estado de Yucat\u00e1n.&nbsp;<\/p>\n<p style=\"line-height: var(--wp--typography--line-height, var(--global--line-height-body));\"><br><\/p>\n<p style=\"line-height: var(--wp--typography--line-height, var(--global--line-height-body));\">\n<\/p><p style=\"line-height: var(--wp--typography--line-height, var(--global--line-height-body));\">\n<\/p><p style=\"line-height: var(--wp--typography--line-height, var(--global--line-height-body));\">XVII. Metropolitanas, que comprenden la Ciudad de M\u00e9xico, con doce Salas que se denominar\u00e1n, &#8220;Primera Sala Regional Metropolitana&#8221;, &#8220;Segunda Sala Regional Metropolitana&#8221;, &#8220;Tercera Sala Regional Metropolitana&#8221;, &#8220;Quinta Sala Regional Metropolitana&#8221;, &#8220;Sexta Sala Regional Metropolitana&#8221;, &#8220;S\u00e9ptima Sala Regional Metropolitana&#8221;, &#8220;Octava Sala Regional Metropolitana&#8221;, &#8220;Novena Sala Regional Metropolitana&#8221;, &#8220;D\u00e9cima Sala Regional Metropolitana&#8221;, &#8220;D\u00e9cimo Primera Sala Regional Metropolitana&#8221;, &#8220;D\u00e9cimo Segunda Sala Regional Metropolitana&#8221;, y &#8220;D\u00e9cimo Cuarta Sala Regional Metropolitana&#8221;, todas con sede en la Ciudad de M\u00e9xico.&nbsp;<\/p>\n<p style=\"line-height: var(--wp--typography--line-height, var(--global--line-height-body));\"><br><\/p>\n<p style=\"line-height: var(--wp--typography--line-height, var(--global--line-height-body));\">\n<\/p><p style=\"line-height: var(--wp--typography--line-height, var(--global--line-height-body));\">\n<\/p><p style=\"line-height: var(--wp--typography--line-height, var(--global--line-height-body));\">XVIII. Golfo-Norte, que comprende el Estado de Tamaulipas, con excepci\u00f3n de los municipios de Nuevo Laredo, Guerrero, Mier, Miguel Alem\u00e1n, Ciudad Camargo, D\u00edaz Ordaz y Reynosa, del propio Estado, con una Sala que se denominar\u00e1 \u201cSala Regional del Golfo-Norte\u201d, con sede en Ciudad Victoria, Estado de Tamaulipas.&nbsp;<\/p>\n<p style=\"line-height: var(--wp--typography--line-height, var(--global--line-height-body));\"><br><\/p>\n<p style=\"line-height: var(--wp--typography--line-height, var(--global--line-height-body));\">\n<\/p><p style=\"line-height: var(--wp--typography--line-height, var(--global--line-height-body));\">\n<\/p><p style=\"line-height: var(--wp--typography--line-height, var(--global--line-height-body));\">XIX. Chiapas, que comprende el Estado de Chiapas, con una Sala que se denominar\u00e1 \u201cSala Regional de Chiapas\u201d, con sede en la Ciudad de Tuxtla Guti\u00e9rrez, Estado de Chiapas.&nbsp;<\/p>\n<p style=\"line-height: var(--wp--typography--line-height, var(--global--line-height-body));\"><br><\/p>\n<p style=\"line-height: var(--wp--typography--line-height, var(--global--line-height-body));\">\n<\/p><p style=\"line-height: var(--wp--typography--line-height, var(--global--line-height-body));\">\n<\/p><p style=\"line-height: var(--wp--typography--line-height, var(--global--line-height-body));\">XX. Caribe, que comprende el Estado de Quintana Roo, con una Sala que se denominar\u00e1 \u201cSala Regional del Caribe\u201d, con sede en la ciudad de Canc\u00fan, Municipio de Benito Ju\u00e1rez, Estado de Quintana Roo.&nbsp;<\/p>\n<p style=\"line-height: var(--wp--typography--line-height, var(--global--line-height-body));\"><br><\/p>\n<p style=\"line-height: var(--wp--typography--line-height, var(--global--line-height-body));\">\n<\/p><p style=\"line-height: var(--wp--typography--line-height, var(--global--line-height-body));\">\n<\/p><p style=\"line-height: var(--wp--typography--line-height, var(--global--line-height-body));\">XXI. Pac\u00edfico-Centro, que comprende el Estado de Michoac\u00e1n, con una Sala que se denominar\u00e1 \u201cSala Regional del Pac\u00edfico-Centro\u201d, con sede en la ciudad de Morelia, Estado de Michoac\u00e1n.&nbsp;<\/p>\n<p style=\"line-height: var(--wp--typography--line-height, var(--global--line-height-body));\"><br><\/p>\n<p style=\"line-height: var(--wp--typography--line-height, var(--global--line-height-body));\">\n<\/p><p style=\"line-height: var(--wp--typography--line-height, var(--global--line-height-body));\">\n<\/p><p style=\"line-height: var(--wp--typography--line-height, var(--global--line-height-body));\">XXII. Norte-Centro III, que comprende el Estado de Durango, con excepci\u00f3n de los Municipios de Lerdo y G\u00f3mez Palacio, del propio Estado, con una Sala que se denominar\u00e1 \u201cSala Regional del Norte-Centro III\u201d, con sede en la ciudad de Victoria de Durango, Estado de Durango.&nbsp;<\/p>\n<p style=\"line-height: var(--wp--typography--line-height, var(--global--line-height-body));\"><br><\/p>\n<p style=\"line-height: var(--wp--typography--line-height, var(--global--line-height-body));\">\n<\/p><p style=\"line-height: var(--wp--typography--line-height, var(--global--line-height-body));\">\n<\/p><p style=\"line-height: var(--wp--typography--line-height, var(--global--line-height-body));\">XXIII. Norte-Centro IV, que comprende el Estado de Zacatecas, con una Sala que se denominar\u00e1 \u201cSala Regional del Norte-Centro IV\u201d, con sede en la ciudad de Zacatecas, Estado de Zacatecas.&nbsp;<\/p>\n<p style=\"line-height: var(--wp--typography--line-height, var(--global--line-height-body));\"><br><\/p>\n<p style=\"line-height: var(--wp--typography--line-height, var(--global--line-height-body));\">\n<\/p><p style=\"line-height: var(--wp--typography--line-height, var(--global--line-height-body));\">\n<\/p><p style=\"line-height: var(--wp--typography--line-height, var(--global--line-height-body));\">XXIV. Morelos, que comprende el Estado de Morelos, con una Sala que se denominar\u00e1 \u201cSala Regional de Morelos\u201d, con sede en la Ciudad de Cuernavaca, Estado de Morelos.&nbsp;<\/p>\n<p style=\"line-height: var(--wp--typography--line-height, var(--global--line-height-body));\"><br><\/p>\n<p style=\"line-height: var(--wp--typography--line-height, var(--global--line-height-body));\">\n<\/p><p style=\"line-height: var(--wp--typography--line-height, var(--global--line-height-body));\">\n<\/p><p style=\"line-height: var(--wp--typography--line-height, var(--global--line-height-body));\">XXV. San Luis Potos\u00ed, que comprende el Estado de San Luis Potos\u00ed, con una Sala que se denominar\u00e1 \u201cSala Regional de San Luis Potos\u00ed\u201d, con sede en la Ciudad de San Luis Potos\u00ed, Estado de San Luis Potos\u00ed.<\/p>\n<p style=\"line-height: var(--wp--typography--line-height, var(--global--line-height-body));\"><br><\/p>\n<p style=\"line-height: var(--wp--typography--line-height, var(--global--line-height-body));\">\n<\/p><p style=\"line-height: var(--wp--typography--line-height, var(--global--line-height-body));\">\n<\/p><p style=\"line-height: var(--wp--typography--line-height, var(--global--line-height-body));\">XXVI. Tabasco, que comprende el Estado de Tabasco, con una Sala que se denominar\u00e1 \u201cSala Regional de Tabasco\u201d, con sede en la Ciudad de Villahermosa, Estado de Tabasco.&nbsp;<\/p>\n<p style=\"line-height: var(--wp--typography--line-height, var(--global--line-height-body));\"><br><\/p>\n<p style=\"line-height: var(--wp--typography--line-height, var(--global--line-height-body));\">\n<\/p><p style=\"line-height: var(--wp--typography--line-height, var(--global--line-height-body));\">\n<\/p><p style=\"line-height: var(--wp--typography--line-height, var(--global--line-height-body));\">XXVII. Hidalgo, que comprende el Estado de Hidalgo, con una Sala que se denominar\u00e1 \u201cSala Regional de Hidalgo\u201d con sede en la Ciudad de Pachuca, Estado de Hidalgo.<\/p>\n<p style=\"line-height: var(--wp--typography--line-height, var(--global--line-height-body));\"><br><\/p>\n<p style=\"line-height: var(--wp--typography--line-height, var(--global--line-height-body));\">\n<\/p><p style=\"line-height: var(--wp--typography--line-height, var(--global--line-height-body));\">\n<\/p><p style=\"line-height: var(--wp--typography--line-height, var(--global--line-height-body));\">XXVIII. Tlaxcala, que comprende el Estado de Tlaxcala, con una Sala que se denominar\u00e1 \u201cSala Regional de Tlaxcala\u201d, con sede en el Municipio de Apetatitl\u00e1n de Antonio Carvajal, Estado de Tlaxcala.&nbsp;<\/p>\n<p style=\"line-height: var(--wp--typography--line-height, var(--global--line-height-body));\"><br><\/p>\n<p style=\"line-height: var(--wp--typography--line-height, var(--global--line-height-body));\">\n<\/p><p style=\"line-height: var(--wp--typography--line-height, var(--global--line-height-body));\">\n<\/p><p style=\"line-height: var(--wp--typography--line-height, var(--global--line-height-body));\">XXIX. Sur del Estado de M\u00e9xico, que comprende los otros municipios de ese Estado, con una Sala que se denominar\u00e1 \u201cSala Regional Sur del Estado de M\u00e9xico\u201d, con sede en la Ciudad de Toluca, Estado de M\u00e9xico.&nbsp;<\/p>\n<p style=\"line-height: var(--wp--typography--line-height, var(--global--line-height-body));\"><br><\/p>\n<p style=\"line-height: var(--wp--typography--line-height, var(--global--line-height-body));\">\n<\/p><p style=\"line-height: var(--wp--typography--line-height, var(--global--line-height-body));\">\n<\/p><p style=\"line-height: var(--wp--typography--line-height, var(--global--line-height-body));\">XXX. Centro IV, que comprende los otros municipios del Estado de Guanajuato, con una Sala que se denominar\u00e1, \u201cSala Regional del Centro IV\u201d, con sede en el municipio de Silao, Guanajuato.&nbsp;&nbsp;<\/p>\n<p style=\"line-height: var(--wp--typography--line-height, var(--global--line-height-body));\"><br><\/p>\n<p style=\"line-height: var(--wp--typography--line-height, var(--global--line-height-body));\">\n<\/p><p style=\"line-height: var(--wp--typography--line-height, var(--global--line-height-body));\">\n<\/p><p style=\"line-height: var(--wp--typography--line-height, var(--global--line-height-body));\">En cuanto a las Salas Especializadas existen algunas por raz\u00f3n de la materia de la cual derivan las controversias deben conocer, otra caracterizada por el medio electr\u00f3nico usado para su tramitaci\u00f3n y otra por la clase de agravios que solo se pueden hacer valer u oponerse en contra de cierta clase de resoluciones, todas ellas enfocadas en la especializaci\u00f3n de la materia o del uso de la tecnolog\u00eda. En la actualidad existen las siguientes:<\/p>\n<p style=\"line-height: var(--wp--typography--line-height, var(--global--line-height-body));\"><br><\/p>\n<p style=\"line-height: var(--wp--typography--line-height, var(--global--line-height-body));\">\n<\/p><p style=\"line-height: var(--wp--typography--line-height, var(--global--line-height-body));\">\n<\/p><p style=\"line-height: var(--wp--typography--line-height, var(--global--line-height-body));\">\n<\/p><ul style=\"padding-left: calc(2 * var(--global--spacing-horizontal)); font-family: var(--list--font-family);\">\n<li style=\"list-style-type: none;\">\n<ul style=\"padding-left: calc(2 * var(--global--spacing-horizontal)); font-family: var(--list--font-family);\">\n<li>La Sala Especializada en Materia de Propiedad Intelectual<\/li>\n<\/ul>\n<\/li>\n<\/ul>\n<p style=\"line-height: var(--wp--typography--line-height, var(--global--line-height-body));\">\n<\/p><p style=\"line-height: var(--wp--typography--line-height, var(--global--line-height-body));\">\n<\/p><ul style=\"padding-left: calc(2 * var(--global--spacing-horizontal)); font-family: var(--list--font-family);\">\n<li style=\"list-style-type: none;\">\n<ul style=\"padding-left: calc(2 * var(--global--spacing-horizontal)); font-family: var(--list--font-family);\">\n<li>La Sala Especializada en Juicios en L\u00ednea<\/li>\n<\/ul>\n<\/li>\n<\/ul>\n<p style=\"line-height: var(--wp--typography--line-height, var(--global--line-height-body));\">\n<\/p><p style=\"line-height: var(--wp--typography--line-height, var(--global--line-height-body));\">\n<\/p><ul style=\"padding-left: calc(2 * var(--global--spacing-horizontal)); font-family: var(--list--font-family);\">\n<li style=\"list-style-type: none;\">\n<ul style=\"padding-left: calc(2 * var(--global--spacing-horizontal)); font-family: var(--list--font-family);\">\n<li>La Sala Especializada en Materia Ambiental y de Regulaci\u00f3n<\/li>\n<\/ul>\n<\/li>\n<\/ul>\n<p style=\"line-height: var(--wp--typography--line-height, var(--global--line-height-body));\">\n<\/p><p style=\"line-height: var(--wp--typography--line-height, var(--global--line-height-body));\">\n<\/p><ul style=\"padding-left: calc(2 * var(--global--spacing-horizontal)); font-family: var(--list--font-family);\">\n<li style=\"list-style-type: none;\">\n<ul style=\"padding-left: calc(2 * var(--global--spacing-horizontal)); font-family: var(--list--font-family);\">\n<li>Las Salas Especializadas en Comercio Exterior<\/li>\n<\/ul>\n<\/li>\n<\/ul>\n<p style=\"line-height: var(--wp--typography--line-height, var(--global--line-height-body));\">\n<\/p><p style=\"line-height: var(--wp--typography--line-height, var(--global--line-height-body));\">\n<\/p><ul style=\"padding-left: calc(2 * var(--global--spacing-horizontal)); font-family: var(--list--font-family);\">\n<li style=\"list-style-type: none;\">\n<ul style=\"padding-left: calc(2 * var(--global--spacing-horizontal)); font-family: var(--list--font-family);\">\n<li>Las Salas Especializadas en Materia de Responsabilidades Administrativas<\/li>\n<\/ul>\n<\/li>\n<\/ul>\n<p style=\"line-height: var(--wp--typography--line-height, var(--global--line-height-body));\">\n<\/p><p style=\"line-height: var(--wp--typography--line-height, var(--global--line-height-body));\">\n<\/p><ul style=\"padding-left: calc(2 * var(--global--spacing-horizontal)); font-family: var(--list--font-family);\">\n<li style=\"list-style-type: none;\">\n<\/li>\n<ul style=\"padding-left: calc(2 * var(--global--spacing-horizontal)); font-family: var(--list--font-family);\">\n<li>La Sala Especializada en Materia del Juicio de Resoluci\u00f3n Exclusiva de Fondo<\/li>\n<\/ul>\n<\/ul>\n<div><font face=\"-apple-system, BlinkMacSystemFont, Segoe UI, Roboto, Oxygen-Sans, Ubuntu, Cantarell, Helvetica Neue, sans-serif\"><br><\/font><\/div>\n<p style=\"line-height: var(--wp--typography--line-height, var(--global--line-height-body));\">\n<\/p><p style=\"line-height: var(--wp--typography--line-height, var(--global--line-height-body));\">\n<\/p><p style=\"line-height: var(--wp--typography--line-height, var(--global--line-height-body));\">\n<\/p><p style=\"line-height: var(--wp--typography--line-height, var(--global--line-height-body));\">\n<\/p><ol style=\"padding-left: calc(2 * var(--global--spacing-horizontal)); font-family: var(--list--font-family);\" start=\"3\">\n<li style=\"list-style-type: none;\">\n<ol style=\"padding-left: calc(2 * var(--global--spacing-horizontal)); font-family: var(--list--font-family);\" start=\"3\">\n<li>Los servidores p\u00fablicos del Tribunal<\/li>\n<\/ol>\n<\/li>\n<\/ol>\n<p style=\"line-height: var(--wp--typography--line-height, var(--global--line-height-body));\">\n<\/p><p style=\"line-height: var(--wp--typography--line-height, var(--global--line-height-body));\">\n<\/p><p style=\"line-height: var(--wp--typography--line-height, var(--global--line-height-body));\">\n<\/p><p style=\"line-height: var(--wp--typography--line-height, var(--global--line-height-body));\">El Tribunal tendr\u00e1 los servidores p\u00fablicos siguientes: I. Magistrados de Sala Superior II. Magistrados de Sala Regional III. Magistrados de Salas Especializadas IV. Magistrados Supernumerarios de Sala Regional V. Secretario General de Acuerdos VI. Secretarios Adjuntos de Acuerdos de las Secciones VII. Secretarios de Acuerdos de Sala Superior VIII. Secretarios de Acuerdos de Sala Regional IX. Actuarios X. Oficiales Jurisdiccionales XI. Titular del \u00d3rgano Interno de Control XII. Secretarios T\u00e9cnicos, Operativos o Auxiliares XIII. Director del Centro de Estudios sobre Justicia Administrativa y XIV. Los dem\u00e1s que con el car\u00e1cter de mandos medios y superiores se\u00f1ale el Reglamento Interior del Tribunal y se encuentren previstos en el presupuesto autorizado, todos los cuales ser\u00e1n considerados personal de confianza.<\/p>\n<p style=\"line-height: var(--wp--typography--line-height, var(--global--line-height-body));\"><br><\/p>\n<p style=\"line-height: var(--wp--typography--line-height, var(--global--line-height-body));\">\n<\/p><p style=\"line-height: var(--wp--typography--line-height, var(--global--line-height-body));\">\n<\/p><p style=\"line-height: var(--wp--typography--line-height, var(--global--line-height-body));\">Adem\u00e1s, contar\u00e1 con el personal profesional, administrativo y t\u00e9cnico necesario para el desempe\u00f1o de sus funciones y con un sistema profesional de carrera jurisdiccional, basado en los principios de honestidad, eficiencia, capacidad y experiencia. El sistema abarcar\u00e1 las fases de ingreso, promoci\u00f3n, permanencia y retiro de dichos servidores p\u00fablicos, de manera que se procure la excelencia por medio de concursos y evaluaciones peri\u00f3dicas, y de acuerdo con los procedimientos y criterios establecidos en el Estatuto correspondiente.<\/p>\n<p style=\"line-height: var(--wp--typography--line-height, var(--global--line-height-body));\"><br><\/p>\n<p style=\"line-height: var(--wp--typography--line-height, var(--global--line-height-body));\">\n<\/p><p style=\"line-height: var(--wp--typography--line-height, var(--global--line-height-body));\">\n<\/p><p style=\"line-height: var(--wp--typography--line-height, var(--global--line-height-body));\">Los Magistrados, Secretarios, Actuarios y Oficiales Jurisdiccionales estar\u00e1n impedidos para desempe\u00f1ar cualquier otro empleo, cargo o comisi\u00f3n p\u00fablico o privado, excepto los de car\u00e1cter docente u honor\u00edfico. Tambi\u00e9n estar\u00e1n impedidos para ejercer su profesi\u00f3n bajo cualquier causa.&nbsp;<\/p>\n<p style=\"line-height: var(--wp--typography--line-height, var(--global--line-height-body));\"><br><\/p>\n<p style=\"line-height: var(--wp--typography--line-height, var(--global--line-height-body));\">\n<\/p><p style=\"line-height: var(--wp--typography--line-height, var(--global--line-height-body));\">\n<\/p><p style=\"line-height: var(--wp--typography--line-height, var(--global--line-height-body));\">Los Magistrados ser\u00e1n designados por el Presidente de la Rep\u00fablica y ratificados por el voto de las dos terceras partes de los miembros presentes del Senado de la Rep\u00fablica o, en sus recesos, por la Comisi\u00f3n Permanente y en el caso de los magistrados de la Sala Superior durar\u00e1n en su encargo 15 a\u00f1os improrrogables, mientras que los de Sala Regional, de Sala Especializada y Supernumerarios durar\u00e1n en su encargo 10 a\u00f1os, al cabo de los cuales podr\u00e1n ser ratificados por una sola ocasi\u00f3n para otro periodo igual, excepci\u00f3n hecha de los Magistrados de las Salas Especializadas en materia de Responsabilidades Administrativas, cuyo nombramiento en ning\u00fan caso podr\u00e1 ser prorrogable.&nbsp;<\/p>\n<p style=\"line-height: var(--wp--typography--line-height, var(--global--line-height-body));\"><br><\/p>\n<p style=\"line-height: var(--wp--typography--line-height, var(--global--line-height-body));\">\n<\/p><p style=\"line-height: var(--wp--typography--line-height, var(--global--line-height-body));\">\n<\/p><p style=\"line-height: var(--wp--typography--line-height, var(--global--line-height-body));\">Los requisitos para ser Magistrado son: I. Ser mexicano por nacimiento II. Estar en pleno goce y ejercicio de sus derechos civiles y pol\u00edticos III. Ser mayor de treinta y cinco a\u00f1os a la fecha del nombramiento IV. Contar con buena reputaci\u00f3n y haberse distinguido por su honorabilidad, competencia y excelencia profesional en el ejercicio de la actividad jur\u00eddica V. Ser licenciado en derecho con t\u00edtulo registrado, expedido cuando menos diez a\u00f1os antes del nombramiento y VI. Contar como m\u00ednimo con ocho a\u00f1os de experiencia en materia fiscal, administrativa o en materia de fiscalizaci\u00f3n, responsabilidades administrativas, hechos de corrupci\u00f3n o rendici\u00f3n de cuentas.&nbsp;<\/p>\n<p style=\"line-height: var(--wp--typography--line-height, var(--global--line-height-body));\"><br><\/p>\n<p style=\"line-height: var(--wp--typography--line-height, var(--global--line-height-body));\">\n<\/p><p style=\"line-height: var(--wp--typography--line-height, var(--global--line-height-body));\">\n<\/p><p style=\"line-height: var(--wp--typography--line-height, var(--global--line-height-body));\">Son causas de retiro forzoso de los Magistrados del Tribunal, padecer incapacidad f\u00edsica o mental para desempe\u00f1ar el cargo, as\u00ed como cumplir 75 a\u00f1os.<\/p>\n<p style=\"line-height: var(--wp--typography--line-height, var(--global--line-height-body));\"><br><\/p>\n<p style=\"line-height: var(--wp--typography--line-height, var(--global--line-height-body));\">\n<\/p><p style=\"line-height: var(--wp--typography--line-height, var(--global--line-height-body));\">\n<\/p><p style=\"line-height: var(--wp--typography--line-height, var(--global--line-height-body));\">Los Secretarios de Acuerdos del tribunal son el Secretario General de Acuerdos, los Secretarios Adjuntos de Acuerdos de las Secciones, los Secretarios de Acuerdos de la Sala Superior y los Secretarios de Acuerdos de Sala Regional.<\/p>\n<p style=\"line-height: var(--wp--typography--line-height, var(--global--line-height-body));\"><br><\/p>\n<p style=\"line-height: var(--wp--typography--line-height, var(--global--line-height-body));\">\n<\/p><p style=\"line-height: var(--wp--typography--line-height, var(--global--line-height-body));\">\n<\/p><p style=\"line-height: var(--wp--typography--line-height, var(--global--line-height-body));\">Para ser Secretario de Acuerdos se requiere: I. Ser mexicano II. Ser mayor de veinticinco a\u00f1os III. Contar con reconocida buena conducta IV. Ser licenciado en derecho con t\u00edtulo debidamente registrado y V. Contar como m\u00ednimo con tres a\u00f1os de experiencia en materia fiscal o administrativa.<\/p>\n<p style=\"line-height: var(--wp--typography--line-height, var(--global--line-height-body));\"><br><\/p>\n<p style=\"line-height: var(--wp--typography--line-height, var(--global--line-height-body));\">\n<\/p><p style=\"line-height: var(--wp--typography--line-height, var(--global--line-height-body));\">\n<\/p><p style=\"line-height: var(--wp--typography--line-height, var(--global--line-height-body));\">Es importante se\u00f1alar que el personal del Tribunal tendr\u00e1 cada a\u00f1o dos periodos de vacaciones que coincidir\u00e1n con los del Poder Judicial de la Federaci\u00f3n.<\/p>\n<p style=\"line-height: var(--wp--typography--line-height, var(--global--line-height-body));\"><br><\/p>\n<p style=\"line-height: var(--wp--typography--line-height, var(--global--line-height-body));\">\n<\/p><p style=\"line-height: var(--wp--typography--line-height, var(--global--line-height-body));\">\n<\/p><p style=\"line-height: var(--wp--typography--line-height, var(--global--line-height-body));\">Durante dichas vacaciones se suspender\u00e1n las labores generales del Tribunal y no correr\u00e1n los plazos los d\u00edas que acuerde el Pleno General del Tribunal.&nbsp;<\/p>\n<p style=\"line-height: var(--wp--typography--line-height, var(--global--line-height-body));\"><br><\/p>\n<p style=\"line-height: var(--wp--typography--line-height, var(--global--line-height-body));\">\n<\/p><p style=\"line-height: var(--wp--typography--line-height, var(--global--line-height-body));\">\n<\/p><p style=\"line-height: var(--wp--typography--line-height, var(--global--line-height-body));\">Durante las vacaciones del Tribunal, la Junta de Gobierno y Administraci\u00f3n, determinar\u00e1 el personal que deber\u00e1 realizar las guardias necesarias en las diferentes regiones, para atender y resolver, en los casos urgentes que no admitan demora, las medidas cautelares y suspensi\u00f3n.<\/p>\n<p style=\"line-height: var(--wp--typography--line-height, var(--global--line-height-body));\"><br><\/p>\n<p style=\"line-height: var(--wp--typography--line-height, var(--global--line-height-body));\">\n<\/p><p style=\"line-height: var(--wp--typography--line-height, var(--global--line-height-body));\">\n<\/p><p style=\"line-height: var(--wp--typography--line-height, var(--global--line-height-body));\">\n<\/p><ol style=\"padding-left: calc(2 * var(--global--spacing-horizontal)); font-family: var(--list--font-family);\" start=\"4\">\n<li style=\"list-style-type: none;\">\n<ol style=\"padding-left: calc(2 * var(--global--spacing-horizontal)); font-family: var(--list--font-family);\" start=\"4\">\n<li>Las modalidades del juicio contencioso administrativo&nbsp;<\/li>\n<\/ol>\n<\/li>\n<\/ol>\n<p style=\"line-height: var(--wp--typography--line-height, var(--global--line-height-body));\">\n<\/p><p style=\"line-height: var(--wp--typography--line-height, var(--global--line-height-body));\">\n<\/p><p style=\"line-height: var(--wp--typography--line-height, var(--global--line-height-body));\">\n<\/p><p style=\"line-height: var(--wp--typography--line-height, var(--global--line-height-body));\">El juicio contencioso administrativo se tramita conforme a diversas modalidades: 1) el juicio en l\u00ednea 2) en la v\u00eda sumaria 3) resoluci\u00f3n exclusiva de fondo 4) en la v\u00eda ordinaria o tradicional y 5) el juicio de lesividad.&nbsp;&nbsp;&nbsp;<\/p>\n<p style=\"line-height: var(--wp--typography--line-height, var(--global--line-height-body));\"><br><\/p>\n<p style=\"line-height: var(--wp--typography--line-height, var(--global--line-height-body));\">\n<\/p><p style=\"line-height: var(--wp--typography--line-height, var(--global--line-height-body));\">\n<\/p><p style=\"line-height: var(--wp--typography--line-height, var(--global--line-height-body));\">\n<\/p><ol style=\"padding-left: calc(2 * var(--global--spacing-horizontal)); font-family: var(--list--font-family);\">\n<li style=\"list-style-type: none;\">\n<ol style=\"padding-left: calc(2 * var(--global--spacing-horizontal)); font-family: var(--list--font-family);\">\n<li>El Juicio en L\u00ednea&nbsp;<\/li>\n<\/ol>\n<\/li>\n<\/ol>\n<p style=\"line-height: var(--wp--typography--line-height, var(--global--line-height-body));\">\n<\/p><p style=\"line-height: var(--wp--typography--line-height, var(--global--line-height-body));\">\n<\/p><p style=\"line-height: var(--wp--typography--line-height, var(--global--line-height-body));\">\n<\/p><p style=\"line-height: var(--wp--typography--line-height, var(--global--line-height-body));\">El juicio en l\u00ednea entr\u00f3 en vigor el 13 de diciembre de 2010 y consiste en el uso de las tecnolog\u00edas de la informaci\u00f3n en los procesos jurisdiccionales, llevando a la impartici\u00f3n de la justicia a los nuevos medios que evitan el uso de papel y el traslado f\u00edsico de las personas a trav\u00e9s de actuaciones y diligencias electr\u00f3nicas a distancia.&nbsp;<\/p>\n<p style=\"line-height: var(--wp--typography--line-height, var(--global--line-height-body));\"><br><\/p>\n<p style=\"line-height: var(--wp--typography--line-height, var(--global--line-height-body));\">\n<\/p><p style=\"line-height: var(--wp--typography--line-height, var(--global--line-height-body));\">\n<\/p><p style=\"line-height: var(--wp--typography--line-height, var(--global--line-height-body));\">Es importante advertir que para el particular es opcional ejercer su derecho a presentar su demanda (como actor) o su contestaci\u00f3n a la demanda (como demandado) a trav\u00e9s del Sistema de Juicio en L\u00ednea o por la v\u00eda tradicional, mientras que las autoridades deber\u00e1n comparecer y tramitar el juicio en l\u00ednea ya sean demandadas o demandantes.&nbsp;<\/p>\n<p style=\"line-height: var(--wp--typography--line-height, var(--global--line-height-body));\"><br><\/p>\n<p style=\"line-height: var(--wp--typography--line-height, var(--global--line-height-body));\">\n<\/p><p style=\"line-height: var(--wp--typography--line-height, var(--global--line-height-body));\">\n<\/p><p style=\"line-height: var(--wp--typography--line-height, var(--global--line-height-body));\">\n<\/p><ol style=\"padding-left: calc(2 * var(--global--spacing-horizontal)); font-family: var(--list--font-family);\" start=\"2\">\n<li style=\"list-style-type: none;\">\n<ol style=\"padding-left: calc(2 * var(--global--spacing-horizontal)); font-family: var(--list--font-family);\" start=\"2\">\n<li>El Juicio en la V\u00eda Sumaria&nbsp;<\/li>\n<\/ol>\n<\/li>\n<\/ol>\n<p style=\"line-height: var(--wp--typography--line-height, var(--global--line-height-body));\">\n<\/p><p style=\"line-height: var(--wp--typography--line-height, var(--global--line-height-body));\">\n<\/p><p style=\"line-height: var(--wp--typography--line-height, var(--global--line-height-body));\">\n<\/p><p style=\"line-height: var(--wp--typography--line-height, var(--global--line-height-body));\">El juicio en la v\u00eda sumaria entr\u00f3 en vigor el 08 de agosto de 2011, y actualmente ya no es optativa, ya que deber\u00e1 agotarse cuando el monto del asunto no exceda cierta cantidad y no se trate de ciertas excepciones. En efecto, est\u00e1 v\u00eda es obligatoria cuando se impugnen resoluciones definitivas cuyo importe no exceda de quince veces el salario m\u00ednimo general vigente en la ciudad de M\u00e9xico elevado al a\u00f1o al momento de su emisi\u00f3n y siempre que se trate de alguna de las resoluciones definitivas siguientes: I. Las dictadas por autoridades fiscales federales y organismos fiscales aut\u00f3nomos, por las que se fije en cantidad l\u00edquida un cr\u00e9dito fiscal II. Las que \u00fanicamente impongan multas o sanciones, pecuniaria o restitutoria, por infracci\u00f3n a las normas administrativas federales III. Las que exijan el pago de cr\u00e9ditos fiscales, cuando el monto de los exigibles no exceda el importe citado IV. Las que requieran el pago de una p\u00f3liza de fianza o de una garant\u00eda que hubiere sido otorgada a favor de la Federaci\u00f3n, de organismos fiscales aut\u00f3nomos o de otras entidades paraestatales de aqu\u00e9lla, \u00f3 V. Las reca\u00eddas a un recurso administrativo, cuando la recurrida sea alguna de las consideradas en los incisos anteriores y el importe de esta \u00faltima, no exceda el antes se\u00f1alado.<\/p>\n<p style=\"line-height: var(--wp--typography--line-height, var(--global--line-height-body));\"><br><\/p>\n<p style=\"line-height: var(--wp--typography--line-height, var(--global--line-height-body));\">\n<\/p><p style=\"line-height: var(--wp--typography--line-height, var(--global--line-height-body));\">\n<\/p><p style=\"line-height: var(--wp--typography--line-height, var(--global--line-height-body));\">Como su nombre la califica, la principal diferencia especifica con la v\u00eda tradicional u ordinaria es la reducci\u00f3n de los plazos para la realizaci\u00f3n de los actos procesales y por ende, de la emisi\u00f3n de la sentencia respectiva.&nbsp;<\/p>\n<p style=\"line-height: var(--wp--typography--line-height, var(--global--line-height-body));\"><br><\/p>\n<p style=\"line-height: var(--wp--typography--line-height, var(--global--line-height-body));\">\n<\/p><p style=\"line-height: var(--wp--typography--line-height, var(--global--line-height-body));\">\n<\/p><p style=\"line-height: var(--wp--typography--line-height, var(--global--line-height-body));\">\n<\/p><ol style=\"padding-left: calc(2 * var(--global--spacing-horizontal)); font-family: var(--list--font-family);\" start=\"3\">\n<li style=\"list-style-type: none;\">\n<ol style=\"padding-left: calc(2 * var(--global--spacing-horizontal)); font-family: var(--list--font-family);\" start=\"3\">\n<li>El juicio de resoluci\u00f3n exclusiva de fondo&nbsp;<\/li>\n<\/ol>\n<\/li>\n<\/ol>\n<p style=\"line-height: var(--wp--typography--line-height, var(--global--line-height-body));\">\n<\/p><p style=\"line-height: var(--wp--typography--line-height, var(--global--line-height-body));\">\n<\/p><p style=\"line-height: var(--wp--typography--line-height, var(--global--line-height-body));\">\n<\/p><p style=\"line-height: var(--wp--typography--line-height, var(--global--line-height-body));\">Esta modalidad del juicio contencioso administrativo empez\u00f3 a funcionar a partir del 30 de junio de 2017, misma que se tramita a petici\u00f3n del actor ante las Salas Regionales Especializadas en Materia del Juicio de Resoluci\u00f3n Exclusiva de Fondo que deber\u00e1n observar los principios de oralidad y celeridad.<\/p>\n<p style=\"line-height: var(--wp--typography--line-height, var(--global--line-height-body));\"><br><\/p>\n<p style=\"line-height: var(--wp--typography--line-height, var(--global--line-height-body));\">\n<\/p><p style=\"line-height: var(--wp--typography--line-height, var(--global--line-height-body));\">\n<\/p><p style=\"line-height: var(--wp--typography--line-height, var(--global--line-height-body));\">\u00danicamente procede en contra de resoluciones definitivas que deriven del ejercicio de las facultades de comprobaci\u00f3n a que se refiere el art\u00edculo 42, fracciones II, III o IX del C\u00f3digo Fiscal de la Federaci\u00f3n y la cuant\u00eda del asunto sea mayor a doscientas veces la Unidad de Medida y Actualizaci\u00f3n, elevada al a\u00f1o, vigente al momento de emisi\u00f3n de la resoluci\u00f3n combatida y que el demandante s\u00f3lo haga conceptos de impugnaci\u00f3n sobre el fondo del asunto.&nbsp;<\/p>\n<p style=\"line-height: var(--wp--typography--line-height, var(--global--line-height-body));\"><br><\/p>\n<p style=\"line-height: var(--wp--typography--line-height, var(--global--line-height-body));\">\n<\/p><p style=\"line-height: var(--wp--typography--line-height, var(--global--line-height-body));\">\n<\/p><p style=\"line-height: var(--wp--typography--line-height, var(--global--line-height-body));\">\n<\/p><ol style=\"padding-left: calc(2 * var(--global--spacing-horizontal)); font-family: var(--list--font-family);\" start=\"4\">\n<li style=\"list-style-type: none;\">\n<ol style=\"padding-left: calc(2 * var(--global--spacing-horizontal)); font-family: var(--list--font-family);\" start=\"4\">\n<li>El Juicio Ordinario o Tradicional<\/li>\n<\/ol>\n<\/li>\n<\/ol>\n<p style=\"line-height: var(--wp--typography--line-height, var(--global--line-height-body));\">\n<\/p><p style=\"line-height: var(--wp--typography--line-height, var(--global--line-height-body));\">\n<\/p><p style=\"line-height: var(--wp--typography--line-height, var(--global--line-height-body));\">\n<\/p><p style=\"line-height: var(--wp--typography--line-height, var(--global--line-height-body));\">Es el juicio contencioso administrativo general cuyas disposiciones y formalidades generales se aplicar\u00e1n en caso de que el asunto no se ventile a trav\u00e9s de ninguna de las modalidades antes expuestas.&nbsp;&nbsp;&nbsp;<\/p>\n<p style=\"line-height: var(--wp--typography--line-height, var(--global--line-height-body));\"><br><\/p>\n<p style=\"line-height: var(--wp--typography--line-height, var(--global--line-height-body));\">\n<\/p><p style=\"line-height: var(--wp--typography--line-height, var(--global--line-height-body));\">\n<\/p><p style=\"line-height: var(--wp--typography--line-height, var(--global--line-height-body));\">\n<\/p><ol style=\"padding-left: calc(2 * var(--global--spacing-horizontal)); font-family: var(--list--font-family);\" start=\"5\">\n<li style=\"list-style-type: none;\">\n<ol style=\"padding-left: calc(2 * var(--global--spacing-horizontal)); font-family: var(--list--font-family);\" start=\"5\">\n<li>El juicio de lesividad<\/li>\n<\/ol>\n<\/li>\n<\/ol>\n<p style=\"line-height: var(--wp--typography--line-height, var(--global--line-height-body));\">\n<\/p><p style=\"line-height: var(--wp--typography--line-height, var(--global--line-height-body));\">\n<\/p><p style=\"line-height: var(--wp--typography--line-height, var(--global--line-height-body));\">\n<\/p><p style=\"line-height: var(--wp--typography--line-height, var(--global--line-height-body));\">Conforme con las disposiciones legales las resoluciones administrativas de car\u00e1cter individual favorables a un particular s\u00f3lo podr\u00e1n ser modificadas por el Tribunal Federal de Justicia Administrativa mediante juicio iniciado por las autoridades fiscales para lo cual estas \u00faltimas tendr\u00e1n acci\u00f3n para interponer el juicio respectivo, denominado juicio de lesividad para lo cual goza de un plazo de cinco a\u00f1os y en cual el particular tendr\u00e1 el car\u00e1cter de parte demandada.<\/p>\n<p style=\"line-height: var(--wp--typography--line-height, var(--global--line-height-body));\"><br><\/p>\n<p style=\"line-height: var(--wp--typography--line-height, var(--global--line-height-body));\">\n<\/p><p style=\"line-height: var(--wp--typography--line-height, var(--global--line-height-body));\">\n<\/p><p style=\"line-height: var(--wp--typography--line-height, var(--global--line-height-body));\">\n<\/p><ol style=\"padding-left: calc(2 * var(--global--spacing-horizontal)); font-family: var(--list--font-family);\" start=\"5\">\n<li style=\"list-style-type: none;\">\n<ol style=\"padding-left: calc(2 * var(--global--spacing-horizontal)); font-family: var(--list--font-family);\" start=\"5\">\n<li>Alcance de sus sentencias<\/li>\n<\/ol>\n<\/li>\n<\/ol>\n<p style=\"line-height: var(--wp--typography--line-height, var(--global--line-height-body));\">\n<\/p><p style=\"line-height: var(--wp--typography--line-height, var(--global--line-height-body));\">\n<\/p><p style=\"line-height: var(--wp--typography--line-height, var(--global--line-height-body));\">\n<\/p><p style=\"line-height: var(--wp--typography--line-height, var(--global--line-height-body));\">Sus sentencias no solo anulan los actos y resoluciones administrativos sino que tambi\u00e9n condenan a las autoridades a otorgar beneficios y prestaciones a los particulares exitosos de sus demandas.&nbsp;<\/p>\n<p style=\"line-height: var(--wp--typography--line-height, var(--global--line-height-body));\"><br><\/p>\n<p style=\"line-height: var(--wp--typography--line-height, var(--global--line-height-body));\">\n<\/p><p style=\"line-height: var(--wp--typography--line-height, var(--global--line-height-body));\">\n<\/p><p style=\"line-height: var(--wp--typography--line-height, var(--global--line-height-body));\">La evoluci\u00f3n de sus sentencias pas\u00f3 de limitarse exclusivamente a declarar la nulidad de resoluciones concretas y particulares, despu\u00e9s a declarar la nulidad de ordenamientos generales y abstractos, que no sean leyes ni reglamentos y ahora para ordenar a que las autoridades ejecuten ciertas actividades o emitan ciertas resoluciones o actos a favor de los demandantes.&nbsp;<\/p>\n<p style=\"line-height: var(--wp--typography--line-height, var(--global--line-height-body));\"><br><\/p>\n<p style=\"line-height: var(--wp--typography--line-height, var(--global--line-height-body));\">\n<\/p><p style=\"line-height: var(--wp--typography--line-height, var(--global--line-height-body));\">\n<\/p><p style=\"line-height: var(--wp--typography--line-height, var(--global--line-height-body));\">\n<\/p><ol style=\"padding-left: calc(2 * var(--global--spacing-horizontal)); font-family: var(--list--font-family);\" start=\"6\">\n<li style=\"list-style-type: none;\">\n<ol style=\"padding-left: calc(2 * var(--global--spacing-horizontal)); font-family: var(--list--font-family);\" start=\"6\">\n<li>Los vol\u00famenes de los asuntos sometidos a su conocimiento y resoluci\u00f3n&nbsp;<\/li>\n<\/ol>\n<\/li>\n<\/ol>\n<p style=\"line-height: var(--wp--typography--line-height, var(--global--line-height-body));\">\n<\/p><p style=\"line-height: var(--wp--typography--line-height, var(--global--line-height-body));\">\n<\/p><p style=\"line-height: var(--wp--typography--line-height, var(--global--line-height-body));\">\n<\/p><p style=\"line-height: var(--wp--typography--line-height, var(--global--line-height-body));\">El aumento de atribuciones de las autoridades administrativas y el uso de nuevas tecnolog\u00edas y programas para la verificaci\u00f3n y fiscalizaci\u00f3n de los particulares ha implicado tambi\u00e9n el aumento de actos y resoluciones de dichas autoridades que son susceptibles de afectar los derechos de los particulares y, por ello, la ampliaci\u00f3n de la competencia del Tribunal Federal de Justicia Administrativa para que sean susceptibles de ser revisados o impugnados a trav\u00e9s del juicio contencioso administrativo. Ello ha tenido por consecuencia el crecimiento de la carga de trabajo de dicho Tribunal el cual ha venido atendiendo eficazmente \u2013los n\u00fameros que se presentan as\u00ed lo demuestran\u2013 para brindar una impartici\u00f3n de justicia administrativa de la manera m\u00e1s pronta y eficaz posible.&nbsp;<\/p>\n<p style=\"line-height: var(--wp--typography--line-height, var(--global--line-height-body));\"><br><\/p>\n<p style=\"line-height: var(--wp--typography--line-height, var(--global--line-height-body));\">\n<\/p><p style=\"line-height: var(--wp--typography--line-height, var(--global--line-height-body));\">\n<\/p><p style=\"line-height: var(--wp--typography--line-height, var(--global--line-height-body));\">La Memoria Anual correspondiente a 2021 informa que en ese a\u00f1o la Sala Superior (Pleno y Secciones) emiti\u00f3 un total de 2,239 sentencias, cantidad ligeramente superior al n\u00famero de asuntos ingresados en ese a\u00f1o.&nbsp;<\/p>\n<p style=\"line-height: var(--wp--typography--line-height, var(--global--line-height-body));\"><br><\/p>\n<p style=\"line-height: var(--wp--typography--line-height, var(--global--line-height-body));\">\n<\/p><p style=\"line-height: var(--wp--typography--line-height, var(--global--line-height-body));\">\n<\/p><p style=\"line-height: var(--wp--typography--line-height, var(--global--line-height-body));\">Por lo que hace a las Salas Regionales, los ingresos fueron 165,970 casos mientras que los concluidos excedieron esa cifra, ya que ascendieron a 172,640 casos, de los cuales 118,323 lo fueron por sentencia simple de fondo.&nbsp;<\/p>\n<p style=\"line-height: var(--wp--typography--line-height, var(--global--line-height-body));\"><br><\/p>\n<p style=\"line-height: var(--wp--typography--line-height, var(--global--line-height-body));\">\n<\/p><p style=\"line-height: var(--wp--typography--line-height, var(--global--line-height-body));\">\n<\/p><p style=\"line-height: var(--wp--typography--line-height, var(--global--line-height-body));\">De estas sentencias 42,594 fueron dictadas por las Salas Regionales con sede en la Ciudad de M\u00e9xico, 15,794 por las Salas Especializadas y 1,714 por las Salas Auxiliares.<\/p>\n<p style=\"line-height: var(--wp--typography--line-height, var(--global--line-height-body));\"><br><\/p>\n<p style=\"line-height: var(--wp--typography--line-height, var(--global--line-height-body));\">\n<\/p><p style=\"line-height: var(--wp--typography--line-height, var(--global--line-height-body));\">\n<\/p><p style=\"line-height: var(--wp--typography--line-height, var(--global--line-height-body));\">En el caso concreto de las tres Salas Especializadas en Comercio Exterior, durante el a\u00f1o 2021 ingresaron 4,831 casos (50% m\u00e1s que 2020) y concluyeron una cifra mayor de 4,969 casos (93% m\u00e1s que 2020).&nbsp;<\/p>\n<p style=\"line-height: var(--wp--typography--line-height, var(--global--line-height-body));\"><br><\/p>\n<p style=\"line-height: var(--wp--typography--line-height, var(--global--line-height-body));\">\n<\/p><p style=\"line-height: var(--wp--typography--line-height, var(--global--line-height-body));\">\n<\/p><p style=\"line-height: var(--wp--typography--line-height, var(--global--line-height-body));\">En medio de la percepci\u00f3n generalizada de la sociedad mexicana de las grandes fallas y vicios de la procuraci\u00f3n e impartici\u00f3n de justicia, la actuaci\u00f3n del Tribunal Federal de Justicia Administrativa se distingue como un tribunal por excelencia, por la eficiencia, responsabilidad y calidad de su personal jurisdiccional y administrativo y su comportamiento jur\u00eddico y \u00e9tico, virtudes que no solo le permitieron obtener mejores resultados durante la pandemia del COVID-19 en comparaci\u00f3n con los a\u00f1os previos, sino que adem\u00e1s implement\u00f3 mejoras sustanciales al Sistema de Juicio en L\u00ednea y a las utilidades del Bolet\u00edn Jurisdiccional, que conllevaron a la reducci\u00f3n significativa de tiempos y costos en la soluci\u00f3n de las controversias que le competen.<\/p>\n<p style=\"line-height: var(--wp--typography--line-height, var(--global--line-height-body));\"><br><\/p>\n<p style=\"line-height: var(--wp--typography--line-height, var(--global--line-height-body));\">\n<\/p><p style=\"line-height: var(--wp--typography--line-height, var(--global--line-height-body));\">\n<\/p><p style=\"line-height: var(--wp--typography--line-height, var(--global--line-height-body));\">Tambi\u00e9n se debe remarcar que una cantidad sustancial de las sentencias del Tribunal son aceptadas voluntariamente por las partes y que las impugnadas ante los tribunales judiciales son confirmadas en una proporci\u00f3n muy elevada. Por ejemplo, de las sentencias totales emitidas por las Salas Especializadas en materia de Comercio Exterior, el 31% fueron impugnadas en juicio de amparo o en revisi\u00f3n fiscal y de ellas, solo el 8.5% fueron revocadas.&nbsp;<\/p>\n<p style=\"line-height: var(--wp--typography--line-height, var(--global--line-height-body));\"><br><\/p>\n<p style=\"line-height: var(--wp--typography--line-height, var(--global--line-height-body));\">\n<\/p><p style=\"line-height: var(--wp--typography--line-height, var(--global--line-height-body));\">\n<\/p><p style=\"line-height: var(--wp--typography--line-height, var(--global--line-height-body));\">Estoy convencido que el Tribunal Federal de Justicia Administrativa, el primero y el m\u00e1s destacado en su g\u00e9nero en Latinoam\u00e9rica, debe ser motivo de leg\u00edtimo orgullo de los que participamos, en alguna faceta de nuestra profesi\u00f3n, en la justicia administrativa mexicana, y por ello, motivo de festejo su aniversario 86\u00ba.&nbsp;<\/p>\n<p style=\"line-height: var(--wp--typography--line-height, var(--global--line-height-body));\"><span style=\"color: var( --e-global-color-text ); font-family: var( --e-global-typography-text-font-family ), Sans-serif; font-weight: var( --e-global-typography-text-font-weight ); font-size: var(--global--font-size-base);\"><br><\/span><\/p>\n<p style=\"line-height: var(--wp--typography--line-height, var(--global--line-height-body));\"><br><\/p>\n<p><!-- \/wp:paragraph --><\/p>\t\t\t\t\t\t<\/div>\n\t\t\t\t<\/div>\n\t\t\t\t<div class=\"elementor-element elementor-element-2d5f703c elementor-widget elementor-widget-image\" data-id=\"2d5f703c\" data-element_type=\"widget\" data-widget_type=\"image.default\">\n\t\t\t\t<div class=\"elementor-widget-container\">\n\t\t\t\t\t\t\t\t\t\t\t\t\t\t\t<img loading=\"lazy\" decoding=\"async\" width=\"750\" height=\"272\" src=\"https:\/\/tlcmagazinemexico.com.mx\/wp-content\/uploads\/2023\/04\/Semblanzas-E40_1-1024x372.png\" class=\"attachment-large size-large wp-image-880\" alt=\"\" srcset=\"https:\/\/tlcmagazinemexico.com.mx\/wp-content\/uploads\/2023\/04\/Semblanzas-E40_1-1024x372.png 1024w, https:\/\/tlcmagazinemexico.com.mx\/wp-content\/uploads\/2023\/04\/Semblanzas-E40_1-300x109.png 300w, https:\/\/tlcmagazinemexico.com.mx\/wp-content\/uploads\/2023\/04\/Semblanzas-E40_1-768x279.png 768w, https:\/\/tlcmagazinemexico.com.mx\/wp-content\/uploads\/2023\/04\/Semblanzas-E40_1.png 1311w\" sizes=\"auto, (max-width: 750px) 100vw, 750px\" style=\"width:100%;height:36.31%;max-width:1311px\" \/>\t\t\t\t\t\t\t\t\t\t\t\t\t\t\t<\/div>\n\t\t\t\t<\/div>\n\t\t\t\t<section class=\"elementor-section elementor-inner-section elementor-element elementor-element-717eb92c elementor-section-boxed elementor-section-height-default elementor-section-height-default\" data-id=\"717eb92c\" data-element_type=\"section\">\n\t\t\t\t\t\t<div class=\"elementor-container elementor-column-gap-default\">\n\t\t\t\t\t<div class=\"elementor-column elementor-col-50 elementor-inner-column elementor-element elementor-element-c395465\" data-id=\"c395465\" data-element_type=\"column\">\n\t\t\t<div class=\"elementor-widget-wrap elementor-element-populated\">\n\t\t\t\t\t\t\t\t<div class=\"elementor-element elementor-element-d110aa2 elementor-widget elementor-widget-heading\" data-id=\"d110aa2\" data-element_type=\"widget\" data-widget_type=\"heading.default\">\n\t\t\t\t<div class=\"elementor-widget-container\">\n\t\t\t<h2 class=\"elementor-heading-title elementor-size-default\">Compartir <\/h2>\t\t<\/div>\n\t\t\t\t<\/div>\n\t\t\t\t\t<\/div>\n\t\t<\/div>\n\t\t\t\t<div class=\"elementor-column elementor-col-50 elementor-inner-column elementor-element elementor-element-29a8966b\" data-id=\"29a8966b\" data-element_type=\"column\">\n\t\t\t<div class=\"elementor-widget-wrap elementor-element-populated\">\n\t\t\t\t\t\t\t\t<div class=\"elementor-element elementor-element-6a4b14ea elementor-share-buttons--view-icon elementor-share-buttons--skin-flat elementor-share-buttons--align-right elementor-share-buttons--color-custom elementor-share-buttons-mobile--align-center elementor-share-buttons--shape-square elementor-grid-0 elementor-widget elementor-widget-share-buttons\" data-id=\"6a4b14ea\" data-element_type=\"widget\" data-widget_type=\"share-buttons.default\">\n\t\t\t\t<div class=\"elementor-widget-container\">\n\t\t\t<link rel=\"stylesheet\" href=\"https:\/\/tlcmagazinemexico.com.mx\/wp-content\/plugins\/elementor-pro\/assets\/css\/widget-share-buttons.min.css\">\t\t<div class=\"elementor-grid\">\n\t\t\t\t\t\t\t\t<div class=\"elementor-grid-item\">\n\t\t\t\t\t\t<div\n\t\t\t\t\t\t\tclass=\"elementor-share-btn elementor-share-btn_facebook\"\n\t\t\t\t\t\t\trole=\"button\"\n\t\t\t\t\t\t\ttabindex=\"0\"\n\t\t\t\t\t\t\taria-label=\"Compartir en facebook\"\n\t\t\t\t\t\t>\n\t\t\t\t\t\t\t\t\t\t\t\t\t\t\t<span class=\"elementor-share-btn__icon\">\n\t\t\t\t\t\t\t\t<i class=\"fab fa-facebook\" aria-hidden=\"true\"><\/i>\t\t\t\t\t\t\t<\/span>\n\t\t\t\t\t\t\t\t\t\t\t\t\t\t\t\t\t\t\t\t<\/div>\n\t\t\t\t\t<\/div>\n\t\t\t\t\t\t\t\t\t<div class=\"elementor-grid-item\">\n\t\t\t\t\t\t<div\n\t\t\t\t\t\t\tclass=\"elementor-share-btn elementor-share-btn_linkedin\"\n\t\t\t\t\t\t\trole=\"button\"\n\t\t\t\t\t\t\ttabindex=\"0\"\n\t\t\t\t\t\t\taria-label=\"Compartir en linkedin\"\n\t\t\t\t\t\t>\n\t\t\t\t\t\t\t\t\t\t\t\t\t\t\t<span class=\"elementor-share-btn__icon\">\n\t\t\t\t\t\t\t\t<i class=\"fab fa-linkedin\" aria-hidden=\"true\"><\/i>\t\t\t\t\t\t\t<\/span>\n\t\t\t\t\t\t\t\t\t\t\t\t\t\t\t\t\t\t\t\t<\/div>\n\t\t\t\t\t<\/div>\n\t\t\t\t\t\t\t\t\t<div class=\"elementor-grid-item\">\n\t\t\t\t\t\t<div\n\t\t\t\t\t\t\tclass=\"elementor-share-btn elementor-share-btn_twitter\"\n\t\t\t\t\t\t\trole=\"button\"\n\t\t\t\t\t\t\ttabindex=\"0\"\n\t\t\t\t\t\t\taria-label=\"Compartir en twitter\"\n\t\t\t\t\t\t>\n\t\t\t\t\t\t\t\t\t\t\t\t\t\t\t<span class=\"elementor-share-btn__icon\">\n\t\t\t\t\t\t\t\t<i class=\"fab fa-twitter\" aria-hidden=\"true\"><\/i>\t\t\t\t\t\t\t<\/span>\n\t\t\t\t\t\t\t\t\t\t\t\t\t\t\t\t\t\t\t\t<\/div>\n\t\t\t\t\t<\/div>\n\t\t\t\t\t\t\t\t\t<div class=\"elementor-grid-item\">\n\t\t\t\t\t\t<div\n\t\t\t\t\t\t\tclass=\"elementor-share-btn elementor-share-btn_email\"\n\t\t\t\t\t\t\trole=\"button\"\n\t\t\t\t\t\t\ttabindex=\"0\"\n\t\t\t\t\t\t\taria-label=\"Compartir en email\"\n\t\t\t\t\t\t>\n\t\t\t\t\t\t\t\t\t\t\t\t\t\t\t<span class=\"elementor-share-btn__icon\">\n\t\t\t\t\t\t\t\t<i class=\"fas fa-envelope\" aria-hidden=\"true\"><\/i>\t\t\t\t\t\t\t<\/span>\n\t\t\t\t\t\t\t\t\t\t\t\t\t\t\t\t\t\t\t\t<\/div>\n\t\t\t\t\t<\/div>\n\t\t\t\t\t\t<\/div>\n\t\t\t\t<\/div>\n\t\t\t\t<\/div>\n\t\t\t\t\t<\/div>\n\t\t<\/div>\n\t\t\t\t\t\t\t<\/div>\n\t\t<\/section>\n\t\t\t\t\t<\/div>\n\t\t<\/div>\n\t\t\t\t<div class=\"elementor-column elementor-col-33 elementor-top-column elementor-element elementor-element-6a577831\" data-id=\"6a577831\" data-element_type=\"column\">\n\t\t\t<div class=\"elementor-widget-wrap\">\n\t\t\t\t\t\t\t\t\t<\/div>\n\t\t<\/div>\n\t\t\t\t<div class=\"elementor-column elementor-col-33 elementor-top-column elementor-element elementor-element-2af8249b\" data-id=\"2af8249b\" data-element_type=\"column\">\n\t\t\t<div class=\"elementor-widget-wrap elementor-element-populated\">\n\t\t\t\t\t\t\t\t<div class=\"elementor-element elementor-element-215bd4de elementor-grid-1 elementor-posts--align-center elementor-posts__hover-none elementor-widget__width-inherit elementor-absolute elementor-grid-tablet-2 elementor-grid-mobile-1 elementor-posts--thumbnail-top elementor-card-shadow-yes elementor-widget elementor-widget-posts\" data-id=\"215bd4de\" data-element_type=\"widget\" data-settings=\"{&quot;cards_columns&quot;:&quot;1&quot;,&quot;cards_row_gap&quot;:{&quot;unit&quot;:&quot;px&quot;,&quot;size&quot;:&quot;30&quot;,&quot;sizes&quot;:[]},&quot;_position&quot;:&quot;absolute&quot;,&quot;cards_columns_tablet&quot;:&quot;2&quot;,&quot;cards_columns_mobile&quot;:&quot;1&quot;,&quot;cards_row_gap_tablet&quot;:{&quot;unit&quot;:&quot;px&quot;,&quot;size&quot;:&quot;&quot;,&quot;sizes&quot;:[]},&quot;cards_row_gap_mobile&quot;:{&quot;unit&quot;:&quot;px&quot;,&quot;size&quot;:&quot;&quot;,&quot;sizes&quot;:[]}}\" data-widget_type=\"posts.cards\">\n\t\t\t\t<div class=\"elementor-widget-container\">\n\t\t\t<link rel=\"stylesheet\" href=\"https:\/\/tlcmagazinemexico.com.mx\/wp-content\/plugins\/elementor-pro\/assets\/css\/widget-posts.min.css\">\t\t<div class=\"elementor-posts-container elementor-posts elementor-posts--skin-cards elementor-grid\">\n\t\t\t\t<article class=\"elementor-post elementor-grid-item post-437 post type-post status-publish format-standard has-post-thumbnail hentry category-edicion-42 entry\">\n\t\t\t<div class=\"elementor-post__card\">\n\t\t\t\t<a class=\"elementor-post__thumbnail__link\" href=\"https:\/\/tlcmagazinemexico.com.mx\/index.php\/2023\/04\/06\/relaciones-comerciales-entre-mexico-y-australia-importancia-y-trascendencia\/\" ><div class=\"elementor-post__thumbnail\"><img loading=\"lazy\" decoding=\"async\" width=\"939\" height=\"626\" src=\"https:\/\/tlcmagazinemexico.com.mx\/wp-content\/uploads\/2023\/04\/Portadas-42-Web-P2_Art.-8-1.png\" class=\"attachment-full size-full wp-image-439\" alt=\"\" srcset=\"https:\/\/tlcmagazinemexico.com.mx\/wp-content\/uploads\/2023\/04\/Portadas-42-Web-P2_Art.-8-1.png 939w, https:\/\/tlcmagazinemexico.com.mx\/wp-content\/uploads\/2023\/04\/Portadas-42-Web-P2_Art.-8-1-300x200.png 300w, https:\/\/tlcmagazinemexico.com.mx\/wp-content\/uploads\/2023\/04\/Portadas-42-Web-P2_Art.-8-1-768x512.png 768w\" sizes=\"auto, (max-width: 939px) 100vw, 939px\" style=\"width:100%;height:66.67%;max-width:939px;\" \/><\/div><\/a>\n\t\t\t\t<div class=\"elementor-post__text\">\n\t\t\t\t<h1 class=\"elementor-post__title\">\n\t\t\t<a href=\"https:\/\/tlcmagazinemexico.com.mx\/index.php\/2023\/04\/06\/relaciones-comerciales-entre-mexico-y-australia-importancia-y-trascendencia\/\" >\n\t\t\t\tRelaciones comerciales entre M\u00e9xico y Australia, importancia y trascendencia\t\t\t<\/a>\n\t\t<\/h1>\n\t\t\t\t<div class=\"elementor-post__excerpt\">\n\t\t\t<p>En el presente art\u00edculo se tendr\u00e1 la oportunidad de examinar la importancia de las relaciones comerciales que existen, entre M\u00e9xico y Australia, relaciones que en<\/p>\n\t\t<\/div>\n\t\t\n\t\t<a class=\"elementor-post__read-more\" href=\"https:\/\/tlcmagazinemexico.com.mx\/index.php\/2023\/04\/06\/relaciones-comerciales-entre-mexico-y-australia-importancia-y-trascendencia\/\" aria-label=\"Read more about Relaciones comerciales entre M\u00e9xico y Australia, importancia y trascendencia\" >\n\t\t\tLeer m\u00e1s \u00bb\t\t<\/a>\n\n\t\t\t\t<\/div>\n\t\t\t\t\t<\/div>\n\t\t<\/article>\n\t\t\t\t<article class=\"elementor-post elementor-grid-item post-427 post type-post status-publish format-standard has-post-thumbnail hentry category-edicion-42 entry\">\n\t\t\t<div class=\"elementor-post__card\">\n\t\t\t\t<a class=\"elementor-post__thumbnail__link\" href=\"https:\/\/tlcmagazinemexico.com.mx\/index.php\/2023\/04\/06\/las-relaciones-comerciales-entre-mexico-y-espana-importancia-y-trascendencia\/\" ><div class=\"elementor-post__thumbnail\"><img loading=\"lazy\" decoding=\"async\" width=\"939\" height=\"626\" src=\"https:\/\/tlcmagazinemexico.com.mx\/wp-content\/uploads\/2023\/04\/Portadas-42-Web-P2_Art.-7-1.png\" class=\"attachment-full size-full wp-image-428\" alt=\"\" srcset=\"https:\/\/tlcmagazinemexico.com.mx\/wp-content\/uploads\/2023\/04\/Portadas-42-Web-P2_Art.-7-1.png 939w, https:\/\/tlcmagazinemexico.com.mx\/wp-content\/uploads\/2023\/04\/Portadas-42-Web-P2_Art.-7-1-300x200.png 300w, https:\/\/tlcmagazinemexico.com.mx\/wp-content\/uploads\/2023\/04\/Portadas-42-Web-P2_Art.-7-1-768x512.png 768w\" sizes=\"auto, (max-width: 939px) 100vw, 939px\" style=\"width:100%;height:66.67%;max-width:939px;\" \/><\/div><\/a>\n\t\t\t\t<div class=\"elementor-post__text\">\n\t\t\t\t<h1 class=\"elementor-post__title\">\n\t\t\t<a href=\"https:\/\/tlcmagazinemexico.com.mx\/index.php\/2023\/04\/06\/las-relaciones-comerciales-entre-mexico-y-espana-importancia-y-trascendencia\/\" >\n\t\t\t\tLas relaciones comerciales entre M\u00e9xico y Espa\u00f1a, importancia y trascendencia\t\t\t<\/a>\n\t\t<\/h1>\n\t\t\t\t<div class=\"elementor-post__excerpt\">\n\t\t\t<p>Por medio del presente art\u00edculo, se tendr\u00e1 la oportunidad de examinar las relaciones comerciales existentes entre dos pa\u00edses en los cuales existen fuertes v\u00ednculos hist\u00f3ricos,<\/p>\n\t\t<\/div>\n\t\t\n\t\t<a class=\"elementor-post__read-more\" href=\"https:\/\/tlcmagazinemexico.com.mx\/index.php\/2023\/04\/06\/las-relaciones-comerciales-entre-mexico-y-espana-importancia-y-trascendencia\/\" aria-label=\"Read more about Las relaciones comerciales entre M\u00e9xico y Espa\u00f1a, importancia y trascendencia\" >\n\t\t\tLeer m\u00e1s \u00bb\t\t<\/a>\n\n\t\t\t\t<\/div>\n\t\t\t\t\t<\/div>\n\t\t<\/article>\n\t\t\t\t<article class=\"elementor-post elementor-grid-item post-420 post type-post status-publish format-standard has-post-thumbnail hentry category-edicion-42 entry\">\n\t\t\t<div class=\"elementor-post__card\">\n\t\t\t\t<a class=\"elementor-post__thumbnail__link\" href=\"https:\/\/tlcmagazinemexico.com.mx\/index.php\/2023\/04\/06\/oro-azul-el-motivo-de-guerra-para-el-proximo-siglo\/\" ><div class=\"elementor-post__thumbnail\"><img loading=\"lazy\" decoding=\"async\" width=\"939\" height=\"626\" src=\"https:\/\/tlcmagazinemexico.com.mx\/wp-content\/uploads\/2023\/04\/Portadas-42-Web-P2_Art.-6-1.png\" class=\"attachment-full size-full wp-image-422\" alt=\"\" srcset=\"https:\/\/tlcmagazinemexico.com.mx\/wp-content\/uploads\/2023\/04\/Portadas-42-Web-P2_Art.-6-1.png 939w, https:\/\/tlcmagazinemexico.com.mx\/wp-content\/uploads\/2023\/04\/Portadas-42-Web-P2_Art.-6-1-300x200.png 300w, https:\/\/tlcmagazinemexico.com.mx\/wp-content\/uploads\/2023\/04\/Portadas-42-Web-P2_Art.-6-1-768x512.png 768w\" sizes=\"auto, (max-width: 939px) 100vw, 939px\" style=\"width:100%;height:66.67%;max-width:939px;\" \/><\/div><\/a>\n\t\t\t\t<div class=\"elementor-post__text\">\n\t\t\t\t<h1 class=\"elementor-post__title\">\n\t\t\t<a href=\"https:\/\/tlcmagazinemexico.com.mx\/index.php\/2023\/04\/06\/oro-azul-el-motivo-de-guerra-para-el-proximo-siglo\/\" >\n\t\t\t\tOro azul: El motivo de guerra para el pr\u00f3ximo siglo\t\t\t<\/a>\n\t\t<\/h1>\n\t\t\t\t<div class=\"elementor-post__excerpt\">\n\t\t\t<p>Me referir\u00e9 en esta ocasi\u00f3n al oro azul como recurso natural: el agua, debido al alto valor que mantiene actualmente y su similitud al mismo<\/p>\n\t\t<\/div>\n\t\t\n\t\t<a class=\"elementor-post__read-more\" href=\"https:\/\/tlcmagazinemexico.com.mx\/index.php\/2023\/04\/06\/oro-azul-el-motivo-de-guerra-para-el-proximo-siglo\/\" aria-label=\"Read more about Oro azul: El motivo de guerra para el pr\u00f3ximo siglo\" >\n\t\t\tLeer m\u00e1s \u00bb\t\t<\/a>\n\n\t\t\t\t<\/div>\n\t\t\t\t\t<\/div>\n\t\t<\/article>\n\t\t\t\t<article class=\"elementor-post elementor-grid-item post-403 post type-post status-publish format-standard has-post-thumbnail hentry category-edicion-42 entry\">\n\t\t\t<div class=\"elementor-post__card\">\n\t\t\t\t<a class=\"elementor-post__thumbnail__link\" href=\"https:\/\/tlcmagazinemexico.com.mx\/index.php\/2023\/04\/05\/el-manejo-del-riesgo-en-elcomercio-internacional\/\" ><div class=\"elementor-post__thumbnail\"><img loading=\"lazy\" decoding=\"async\" width=\"939\" height=\"626\" src=\"https:\/\/tlcmagazinemexico.com.mx\/wp-content\/uploads\/2023\/04\/Portadas-42-Web_Art.-4-1.png\" class=\"attachment-full size-full wp-image-404\" alt=\"\" srcset=\"https:\/\/tlcmagazinemexico.com.mx\/wp-content\/uploads\/2023\/04\/Portadas-42-Web_Art.-4-1.png 939w, https:\/\/tlcmagazinemexico.com.mx\/wp-content\/uploads\/2023\/04\/Portadas-42-Web_Art.-4-1-300x200.png 300w, https:\/\/tlcmagazinemexico.com.mx\/wp-content\/uploads\/2023\/04\/Portadas-42-Web_Art.-4-1-768x512.png 768w\" sizes=\"auto, (max-width: 939px) 100vw, 939px\" style=\"width:100%;height:66.67%;max-width:939px;\" \/><\/div><\/a>\n\t\t\t\t<div class=\"elementor-post__text\">\n\t\t\t\t<h1 class=\"elementor-post__title\">\n\t\t\t<a href=\"https:\/\/tlcmagazinemexico.com.mx\/index.php\/2023\/04\/05\/el-manejo-del-riesgo-en-elcomercio-internacional\/\" >\n\t\t\t\tEl manejo del riesgo en el comercio internacional\t\t\t<\/a>\n\t\t<\/h1>\n\t\t\t\t<div class=\"elementor-post__excerpt\">\n\t\t\t<p>En el mundo de los negocios el RIESGO es un elemento siempre presente. No es posible, y tal vez ni siquiera deseable \u201chuir\u201d de este.<\/p>\n\t\t<\/div>\n\t\t\n\t\t<a class=\"elementor-post__read-more\" href=\"https:\/\/tlcmagazinemexico.com.mx\/index.php\/2023\/04\/05\/el-manejo-del-riesgo-en-elcomercio-internacional\/\" aria-label=\"Read more about El manejo del riesgo en el comercio internacional\" >\n\t\t\tLeer m\u00e1s \u00bb\t\t<\/a>\n\n\t\t\t\t<\/div>\n\t\t\t\t\t<\/div>\n\t\t<\/article>\n\t\t\t\t<article class=\"elementor-post elementor-grid-item post-393 post type-post status-publish format-standard has-post-thumbnail hentry category-edicion-42 entry\">\n\t\t\t<div class=\"elementor-post__card\">\n\t\t\t\t<a class=\"elementor-post__thumbnail__link\" href=\"https:\/\/tlcmagazinemexico.com.mx\/index.php\/2023\/04\/05\/oportunidades-que-favorecen-el-desarrollo-del-comercio-internacional-en-mexico\/\" ><div class=\"elementor-post__thumbnail\"><img loading=\"lazy\" decoding=\"async\" width=\"939\" height=\"626\" src=\"https:\/\/tlcmagazinemexico.com.mx\/wp-content\/uploads\/2023\/04\/Portadas-42-Web_Art.-3-1.png\" class=\"attachment-full size-full wp-image-394\" alt=\"\" srcset=\"https:\/\/tlcmagazinemexico.com.mx\/wp-content\/uploads\/2023\/04\/Portadas-42-Web_Art.-3-1.png 939w, https:\/\/tlcmagazinemexico.com.mx\/wp-content\/uploads\/2023\/04\/Portadas-42-Web_Art.-3-1-300x200.png 300w, https:\/\/tlcmagazinemexico.com.mx\/wp-content\/uploads\/2023\/04\/Portadas-42-Web_Art.-3-1-768x512.png 768w\" sizes=\"auto, (max-width: 939px) 100vw, 939px\" style=\"width:100%;height:66.67%;max-width:939px;\" \/><\/div><\/a>\n\t\t\t\t<div class=\"elementor-post__text\">\n\t\t\t\t<h1 class=\"elementor-post__title\">\n\t\t\t<a href=\"https:\/\/tlcmagazinemexico.com.mx\/index.php\/2023\/04\/05\/oportunidades-que-favorecen-el-desarrollo-del-comercio-internacional-en-mexico\/\" >\n\t\t\t\tOportunidades que favorecen el desarrollo del Comercio Internacional en M\u00e9xico\t\t\t<\/a>\n\t\t<\/h1>\n\t\t\t\t<div class=\"elementor-post__excerpt\">\n\t\t\t<p>M\u00e9xico es un pa\u00eds atractivo para la inversi\u00f3n extranjera debido a su posici\u00f3n estrat\u00e9gica y su poblaci\u00f3n joven, adem\u00e1s de que somos un pa\u00eds consumista<\/p>\n\t\t<\/div>\n\t\t\n\t\t<a class=\"elementor-post__read-more\" href=\"https:\/\/tlcmagazinemexico.com.mx\/index.php\/2023\/04\/05\/oportunidades-que-favorecen-el-desarrollo-del-comercio-internacional-en-mexico\/\" aria-label=\"Read more about Oportunidades que favorecen el desarrollo del Comercio Internacional en M\u00e9xico\" >\n\t\t\tLeer m\u00e1s \u00bb\t\t<\/a>\n\n\t\t\t\t<\/div>\n\t\t\t\t\t<\/div>\n\t\t<\/article>\n\t\t\t\t<article class=\"elementor-post elementor-grid-item post-379 post type-post status-publish format-standard has-post-thumbnail hentry category-edicion-42 entry\">\n\t\t\t<div class=\"elementor-post__card\">\n\t\t\t\t<a class=\"elementor-post__thumbnail__link\" href=\"https:\/\/tlcmagazinemexico.com.mx\/index.php\/2023\/04\/05\/cumplimiento-de-las-disposiciones-aduaneras-en-el-dictamen-fiscal\/\" ><div class=\"elementor-post__thumbnail\"><img loading=\"lazy\" decoding=\"async\" width=\"939\" height=\"626\" src=\"https:\/\/tlcmagazinemexico.com.mx\/wp-content\/uploads\/2023\/04\/Portadas-42-Web_Art.-2-1.png\" class=\"attachment-full size-full wp-image-380\" alt=\"\" srcset=\"https:\/\/tlcmagazinemexico.com.mx\/wp-content\/uploads\/2023\/04\/Portadas-42-Web_Art.-2-1.png 939w, https:\/\/tlcmagazinemexico.com.mx\/wp-content\/uploads\/2023\/04\/Portadas-42-Web_Art.-2-1-300x200.png 300w, https:\/\/tlcmagazinemexico.com.mx\/wp-content\/uploads\/2023\/04\/Portadas-42-Web_Art.-2-1-768x512.png 768w\" sizes=\"auto, (max-width: 939px) 100vw, 939px\" style=\"width:100%;height:66.67%;max-width:939px;\" \/><\/div><\/a>\n\t\t\t\t<div class=\"elementor-post__text\">\n\t\t\t\t<h1 class=\"elementor-post__title\">\n\t\t\t<a href=\"https:\/\/tlcmagazinemexico.com.mx\/index.php\/2023\/04\/05\/cumplimiento-de-las-disposiciones-aduaneras-en-el-dictamen-fiscal\/\" >\n\t\t\t\tCumplimiento de las disposiciones aduaneras en el Dictamen Fiscal\t\t\t<\/a>\n\t\t<\/h1>\n\t\t\t\t<div class=\"elementor-post__excerpt\">\n\t\t\t<p>En el a\u00f1o 2023 se aplicar\u00e1n cambios relevantes en materia de presentaci\u00f3n de los \u201cdict\u00e1menes de los estados financieros\u201d, los cuales tienen relaci\u00f3n con la<\/p>\n\t\t<\/div>\n\t\t\n\t\t<a class=\"elementor-post__read-more\" href=\"https:\/\/tlcmagazinemexico.com.mx\/index.php\/2023\/04\/05\/cumplimiento-de-las-disposiciones-aduaneras-en-el-dictamen-fiscal\/\" aria-label=\"Read more about Cumplimiento de las disposiciones aduaneras en el Dictamen Fiscal\" >\n\t\t\tLeer m\u00e1s \u00bb\t\t<\/a>\n\n\t\t\t\t<\/div>\n\t\t\t\t\t<\/div>\n\t\t<\/article>\n\t\t\t\t<article class=\"elementor-post elementor-grid-item post-364 post type-post status-publish format-standard has-post-thumbnail hentry category-edicion-42 entry\">\n\t\t\t<div class=\"elementor-post__card\">\n\t\t\t\t<a class=\"elementor-post__thumbnail__link\" href=\"https:\/\/tlcmagazinemexico.com.mx\/index.php\/2023\/04\/05\/anzcerta-australia-y-nueva-zelanda\/\" ><div class=\"elementor-post__thumbnail\"><img loading=\"lazy\" decoding=\"async\" width=\"939\" height=\"626\" src=\"https:\/\/tlcmagazinemexico.com.mx\/wp-content\/uploads\/2023\/04\/Portadas-42-Web_Art.-1-1.png\" class=\"attachment-full size-full wp-image-365\" alt=\"\" srcset=\"https:\/\/tlcmagazinemexico.com.mx\/wp-content\/uploads\/2023\/04\/Portadas-42-Web_Art.-1-1.png 939w, https:\/\/tlcmagazinemexico.com.mx\/wp-content\/uploads\/2023\/04\/Portadas-42-Web_Art.-1-1-300x200.png 300w, https:\/\/tlcmagazinemexico.com.mx\/wp-content\/uploads\/2023\/04\/Portadas-42-Web_Art.-1-1-768x512.png 768w\" sizes=\"auto, (max-width: 939px) 100vw, 939px\" style=\"width:100%;height:66.67%;max-width:939px;\" \/><\/div><\/a>\n\t\t\t\t<div class=\"elementor-post__text\">\n\t\t\t\t<h1 class=\"elementor-post__title\">\n\t\t\t<a href=\"https:\/\/tlcmagazinemexico.com.mx\/index.php\/2023\/04\/05\/anzcerta-australia-y-nueva-zelanda\/\" >\n\t\t\t\tAnzcerta Australia y Nueva Zelanda\t\t\t<\/a>\n\t\t<\/h1>\n\t\t\t\t<div class=\"elementor-post__excerpt\">\n\t\t\t<p>Desde que Estados Unidos mostr\u00f3 inter\u00e9s en Ocean\u00eda para asociarse comercialmente con los pa\u00edses de la regi\u00f3n y enfrentar el expansionismo de China y sus<\/p>\n\t\t<\/div>\n\t\t\n\t\t<a class=\"elementor-post__read-more\" href=\"https:\/\/tlcmagazinemexico.com.mx\/index.php\/2023\/04\/05\/anzcerta-australia-y-nueva-zelanda\/\" aria-label=\"Read more about Anzcerta Australia y Nueva Zelanda\" >\n\t\t\tLeer m\u00e1s \u00bb\t\t<\/a>\n\n\t\t\t\t<\/div>\n\t\t\t\t\t<\/div>\n\t\t<\/article>\n\t\t\t\t<\/div>\n\t\t\n\t\t\t\t<\/div>\n\t\t\t\t<\/div>\n\t\t\t\t\t<\/div>\n\t\t<\/div>\n\t\t\t\t\t\t\t<\/div>\n\t\t<\/section>\n\t\t\t\t\t\t\t<\/div>\n\t\t","protected":false},"excerpt":{"rendered":"<p>En M\u00e9xico, la impugnaci\u00f3n de las actuaciones y resoluciones de las autoridades de la Administraci\u00f3n P\u00fablica, entre ellas las aduaneras, que afectan los derechos de los particulares, se realiza a trav\u00e9s del juicio contencioso administrativo que se ventila ante el Tribunal Federal de Justicia Administrativa.&nbsp; En cuanto a la designaci\u00f3n de contencioso administrativo, \u201cdistintos son&hellip; <a class=\"more-link\" href=\"https:\/\/tlcmagazinemexico.com.mx\/index.php\/2023\/04\/05\/anzcerta-australia-y-nueva-zelanda\/\">Seguir leyendo <span class=\"screen-reader-text\">Anzcerta Australia y Nueva Zelanda<\/span><\/a><\/p>\n","protected":false},"author":3,"featured_media":879,"comment_status":"open","ping_status":"open","sticky":false,"template":"elementor_header_footer","format":"standard","meta":{"_monsterinsights_skip_tracking":false,"_monsterinsights_sitenote_active":false,"_monsterinsights_sitenote_note":"","_monsterinsights_sitenote_category":0,"footnotes":""},"categories":[11],"tags":[],"class_list":["post-874","post","type-post","status-publish","format-standard","has-post-thumbnail","hentry","category-edicion-40","entry"],"views":1120,"_links":{"self":[{"href":"https:\/\/tlcmagazinemexico.com.mx\/index.php\/wp-json\/wp\/v2\/posts\/874","targetHints":{"allow":["GET"]}}],"collection":[{"href":"https:\/\/tlcmagazinemexico.com.mx\/index.php\/wp-json\/wp\/v2\/posts"}],"about":[{"href":"https:\/\/tlcmagazinemexico.com.mx\/index.php\/wp-json\/wp\/v2\/types\/post"}],"author":[{"embeddable":true,"href":"https:\/\/tlcmagazinemexico.com.mx\/index.php\/wp-json\/wp\/v2\/users\/3"}],"replies":[{"embeddable":true,"href":"https:\/\/tlcmagazinemexico.com.mx\/index.php\/wp-json\/wp\/v2\/comments?post=874"}],"version-history":[{"count":5,"href":"https:\/\/tlcmagazinemexico.com.mx\/index.php\/wp-json\/wp\/v2\/posts\/874\/revisions"}],"predecessor-version":[{"id":909,"href":"https:\/\/tlcmagazinemexico.com.mx\/index.php\/wp-json\/wp\/v2\/posts\/874\/revisions\/909"}],"wp:featuredmedia":[{"embeddable":true,"href":"https:\/\/tlcmagazinemexico.com.mx\/index.php\/wp-json\/wp\/v2\/media\/879"}],"wp:attachment":[{"href":"https:\/\/tlcmagazinemexico.com.mx\/index.php\/wp-json\/wp\/v2\/media?parent=874"}],"wp:term":[{"taxonomy":"category","embeddable":true,"href":"https:\/\/tlcmagazinemexico.com.mx\/index.php\/wp-json\/wp\/v2\/categories?post=874"},{"taxonomy":"post_tag","embeddable":true,"href":"https:\/\/tlcmagazinemexico.com.mx\/index.php\/wp-json\/wp\/v2\/tags?post=874"}],"curies":[{"name":"wp","href":"https:\/\/api.w.org\/{rel}","templated":true}]}}