{"id":6209,"date":"2024-01-05T19:51:45","date_gmt":"2024-01-05T19:51:45","guid":{"rendered":"https:\/\/tlcmagazinemexico.com.mx\/?p=6209"},"modified":"2024-01-05T20:40:02","modified_gmt":"2024-01-05T20:40:02","slug":"la-migracion-sacudio-a-frontera-norte-de-mexico-en-2023-afectando-a-poblaciones-y-comercio","status":"publish","type":"post","link":"https:\/\/tlcmagazinemexico.com.mx\/index.php\/2024\/01\/05\/la-migracion-sacudio-a-frontera-norte-de-mexico-en-2023-afectando-a-poblaciones-y-comercio\/","title":{"rendered":"La migraci\u00f3n sacudi\u00f3 a frontera norte de M\u00e9xico en 2023 afectando a poblaciones y comercio"},"content":{"rendered":"\t\t<div data-elementor-type=\"wp-post\" data-elementor-id=\"6209\" class=\"elementor elementor-6209\" data-elementor-post-type=\"post\">\n\t\t\t\t\t\t<section class=\"elementor-section elementor-top-section elementor-element elementor-element-60427a08 elementor-section-boxed elementor-section-height-default elementor-section-height-default\" data-id=\"60427a08\" data-element_type=\"section\" data-e-type=\"section\">\n\t\t\t\t\t\t<div class=\"elementor-container elementor-column-gap-default\">\n\t\t\t\t\t<div class=\"elementor-column elementor-col-33 elementor-top-column elementor-element elementor-element-2e9e1f06\" data-id=\"2e9e1f06\" data-element_type=\"column\" data-e-type=\"column\">\n\t\t\t<div class=\"elementor-widget-wrap elementor-element-populated\">\n\t\t\t\t\t\t<div class=\"elementor-element elementor-element-3be5943c elementor-widget elementor-widget-theme-post-featured-image elementor-widget-image\" data-id=\"3be5943c\" data-element_type=\"widget\" data-e-type=\"widget\" data-widget_type=\"theme-post-featured-image.default\">\n\t\t\t\t<div class=\"elementor-widget-container\">\n\t\t\t\t\t\t\t\t\t\t\t\t\t\t\t<img fetchpriority=\"high\" decoding=\"async\" width=\"640\" height=\"427\" src=\"https:\/\/tlcmagazinemexico.com.mx\/wp-content\/uploads\/2024\/01\/1g-3-1.png\" class=\"attachment-large size-large wp-image-6211\" alt=\"\" srcset=\"https:\/\/tlcmagazinemexico.com.mx\/wp-content\/uploads\/2024\/01\/1g-3-1.png 900w, https:\/\/tlcmagazinemexico.com.mx\/wp-content\/uploads\/2024\/01\/1g-3-1-300x200.png 300w, https:\/\/tlcmagazinemexico.com.mx\/wp-content\/uploads\/2024\/01\/1g-3-1-768x512.png 768w\" sizes=\"(max-width: 34.9rem) calc(100vw - 2rem), (max-width: 53rem) calc(8 * (100vw \/ 12)), (min-width: 53rem) calc(6 * (100vw \/ 12)), 100vw\" \/>\t\t\t\t\t\t\t\t\t\t\t\t\t\t\t<\/div>\n\t\t\t\t<\/div>\n\t\t\t\t<div class=\"elementor-element elementor-element-245fb57f elementor-widget elementor-widget-spacer\" data-id=\"245fb57f\" data-element_type=\"widget\" data-e-type=\"widget\" data-widget_type=\"spacer.default\">\n\t\t\t\t<div class=\"elementor-widget-container\">\n\t\t\t\t\t\t\t<div class=\"elementor-spacer\">\n\t\t\t<div class=\"elementor-spacer-inner\"><\/div>\n\t\t<\/div>\n\t\t\t\t\t\t<\/div>\n\t\t\t\t<\/div>\n\t\t\t\t<div class=\"elementor-element elementor-element-7fa34239 elementor-widget elementor-widget-theme-post-title elementor-page-title elementor-widget-heading\" data-id=\"7fa34239\" data-element_type=\"widget\" data-e-type=\"widget\" data-widget_type=\"theme-post-title.default\">\n\t\t\t\t<div class=\"elementor-widget-container\">\n\t\t\t\t\t<h1 class=\"elementor-heading-title elementor-size-default\">La migraci\u00f3n sacudi\u00f3 a frontera norte de M\u00e9xico en 2023 afectando a poblaciones y comercio<\/h1>\t\t\t\t<\/div>\n\t\t\t\t<\/div>\n\t\t\t\t<div class=\"elementor-element elementor-element-7ddfaa5d elementor-widget elementor-widget-text-editor\" data-id=\"7ddfaa5d\" data-element_type=\"widget\" data-e-type=\"widget\" data-widget_type=\"text-editor.default\">\n\t\t\t\t<div class=\"elementor-widget-container\">\n\t\t\t\t\t\t\t\t\t<p><\/p>\n<p class=\"wp-block-paragraph\">La migraci\u00f3n sacudi\u00f3 como nunca a las poblaciones de la frontera norte de M\u00e9xico este 2023, en medio de una llegada in\u00e9dita de migrantes que, adem\u00e1s, trastorn\u00f3 el comercio con Estados Unidos.<\/p><p><br><\/p>\n<p>Thor Salayand\u00eda Lara, Vicepresidente de Maquiladora y Franjas Fronterizas de la C\u00e1mara Nacional de la Industria de la Transformaci\u00f3n, critic\u00f3 que este 2023 el gobierno estadounidense cerrara cruces internacionales para enfrentar el \u00e9xodo de indocumentados mientras que el Gobierno mexicano nunca tuvo una estrategia para evitar el impacto al comercio exterior, lo que afect\u00f3 a empresas y poblaci\u00f3n de ambos pa\u00edses.<\/p><p><br><\/p>\n<p>Advirti\u00f3 que la \u00faltima semana del a\u00f1o, las fronteras de Coahuila tuvieron tiempos de espera de hasta 7 horas para cruzar a Estados Unidos, la cuales apenas empezaron a aligerarse el jueves y viernes, mientras que el puente C\u00f3rdova-Am\u00e9ricas en Ju\u00e1rez lleva meses cerrado a la carga.<\/p><p><br><\/p>\n<p>\u201cHa sido un a\u00f1o muy complicado en materia de migraci\u00f3n, desde Matamoros hasta Tijuana, pero espec\u00edficamente aqu\u00ed en Ju\u00e1rez han venido olas y olas de migrantes, se dice que en verano tuvimos m\u00e1s de 10.000 gentes en este cruce de Ju\u00e1rez-El Paso, y en lo que va del a\u00f1o se habla de m\u00e1s de 100.000 personas\u201d, dijo Salayand\u00eda Lara.<\/p><p><br><\/p>\n<p>Agreg\u00f3 que el cierre de cruces internacionales, tanto de personas como de carga provoc\u00f3 multas millonarias no cuantificadas por las cargas de exportaci\u00f3n que se quedaron varados y que no llegaron a tiempo a su destino.<\/p><p><br><\/p>\n<p>\u201cPor ah\u00ed de septiembre, octubre, noviembre tuvimos varias revisiones extra hacia el estado de Texas para el cruce del transporte de carga y ah\u00ed estamos hablando de alrededor de 2.500 millones de d\u00f3lares de producci\u00f3n de carga que trataban de cruzar su mercanc\u00eda para estados Unidos\u201d, contabiliz\u00f3 el l\u00edder de la industria del norte de M\u00e9xico.<\/p><p><br><\/p>\n<p>Adem\u00e1s est\u00e1n los 500 millones de d\u00f3lares que dejaron de cruzar cuando hace un par de semanas CBP cerr\u00f3 durante 5 d\u00edas los cruces ferroviarios de Ju\u00e1rez-El Paso y Piedras Negras-Eagle Pass.<\/p><p><br><\/p>\n<p>\u201cHasta ahorita en ciertas fronteras hay cruces cerrados, en Eagle Pass, en Nogales, en San Diego, en Lukeville, nos reportan varios cruces cerrados a ra\u00edz de que vienen estas olas de migrantes y CBP tiene que mover gente para procesar a todos estos migrantes\u201d, dijo el empresario.<\/p><p><br><\/p>\n<p>Agreg\u00f3 que los cierres de los cruces internacionales han complicado la vida cotidiana de los fronterizos porque la gente que normalmente cruza con su visa a Estados Unidos est\u00e1 tardando, desde 3 hasta 7 horas para poder atravesar la frontera.<\/p><p><br><\/p>\n<p>\u201cNo vemos que esto vaya a cambiar, no vemos que la autoridad avance en una reforma migratoria\u2026 Estados Unidos necesita mucha gente que trabaje all\u00e1 en la industria y en otros sectores ya era para que hubieran avanzado m\u00e1s en este sentido\u201d, critic\u00f3 el empresario.<\/p><p><br><\/p>\n<p>Indic\u00f3 que con las elecciones que vienen en el 2024 tanto en M\u00e9xico como Estados Unidos los pol\u00edticos de ambos pa\u00edses van a radicalizar a\u00fan m\u00e1s el fen\u00f3meno migratorio por lo que no se ve una soluci\u00f3n a corto plazo.<\/p><p><br><\/p>\n<p><b>Migrantes siguen llegando<\/b><\/p>\n<p>Mientras tanto los migrantes siguen llegando a Ju\u00e1rez-El Paso y otras fronteras, sin importar el fr\u00edo, ni las nuevas leyes que penalizan su entrada irregular a Estados Unidos por Texas.<\/p><p><br><\/p>\n<p style=\"line-height: var(--wp--typography--line-height, var(--global--line-height-body));\">FUENTE: EFE<\/p>\n<p><\/p>\t\t\t\t\t\t\t\t<\/div>\n\t\t\t\t<\/div>\n\t\t\t\t<section class=\"elementor-section elementor-inner-section elementor-element elementor-element-67d86c55 elementor-section-boxed elementor-section-height-default elementor-section-height-default\" data-id=\"67d86c55\" data-element_type=\"section\" data-e-type=\"section\">\n\t\t\t\t\t\t<div class=\"elementor-container elementor-column-gap-default\">\n\t\t\t\t\t<div class=\"elementor-column elementor-col-50 elementor-inner-column elementor-element elementor-element-eb03110\" data-id=\"eb03110\" data-element_type=\"column\" data-e-type=\"column\">\n\t\t\t<div class=\"elementor-widget-wrap elementor-element-populated\">\n\t\t\t\t\t\t<div class=\"elementor-element elementor-element-a1c52cc elementor-widget elementor-widget-heading\" data-id=\"a1c52cc\" data-element_type=\"widget\" data-e-type=\"widget\" data-widget_type=\"heading.default\">\n\t\t\t\t<div class=\"elementor-widget-container\">\n\t\t\t\t\t<h2 class=\"elementor-heading-title elementor-size-default\">Compartir <\/h2>\t\t\t\t<\/div>\n\t\t\t\t<\/div>\n\t\t\t\t\t<\/div>\n\t\t<\/div>\n\t\t\t\t<div class=\"elementor-column elementor-col-50 elementor-inner-column elementor-element elementor-element-fe9856a\" data-id=\"fe9856a\" data-element_type=\"column\" data-e-type=\"column\">\n\t\t\t<div class=\"elementor-widget-wrap elementor-element-populated\">\n\t\t\t\t\t\t<div class=\"elementor-element elementor-element-3c731f2 elementor-share-buttons--view-icon elementor-share-buttons--skin-flat elementor-share-buttons--color-custom elementor-share-buttons--shape-square elementor-grid-0 elementor-widget elementor-widget-share-buttons\" data-id=\"3c731f2\" data-element_type=\"widget\" data-e-type=\"widget\" data-widget_type=\"share-buttons.default\">\n\t\t\t\t<div class=\"elementor-widget-container\">\n\t\t\t\t\t\t\t<div class=\"elementor-grid\" role=\"list\">\r\n\t\t\t\t\t\t\t\t<div class=\"elementor-grid-item\" role=\"listitem\">\r\n\t\t\t\t\t\t<div class=\"elementor-share-btn elementor-share-btn_facebook\" role=\"button\" tabindex=\"0\" aria-label=\"Share on facebook\">\r\n\t\t\t\t\t\t\t\t\t\t\t\t\t\t\t<span class=\"elementor-share-btn__icon\">\r\n\t\t\t\t\t\t\t\t<i class=\"fab fa-facebook\" aria-hidden=\"true\"><\/i>\t\t\t\t\t\t\t<\/span>\r\n\t\t\t\t\t\t\t\t\t\t\t\t\t\t\t\t\t\t\t\t<\/div>\r\n\t\t\t\t\t<\/div>\r\n\t\t\t\t\t\t\t\t\t<div class=\"elementor-grid-item\" role=\"listitem\">\r\n\t\t\t\t\t\t<div class=\"elementor-share-btn elementor-share-btn_linkedin\" role=\"button\" tabindex=\"0\" aria-label=\"Share on linkedin\">\r\n\t\t\t\t\t\t\t\t\t\t\t\t\t\t\t<span class=\"elementor-share-btn__icon\">\r\n\t\t\t\t\t\t\t\t<i class=\"fab fa-linkedin\" aria-hidden=\"true\"><\/i>\t\t\t\t\t\t\t<\/span>\r\n\t\t\t\t\t\t\t\t\t\t\t\t\t\t\t\t\t\t\t\t<\/div>\r\n\t\t\t\t\t<\/div>\r\n\t\t\t\t\t\t\t\t\t<div class=\"elementor-grid-item\" role=\"listitem\">\r\n\t\t\t\t\t\t<div class=\"elementor-share-btn elementor-share-btn_twitter\" role=\"button\" tabindex=\"0\" aria-label=\"Share on twitter\">\r\n\t\t\t\t\t\t\t\t\t\t\t\t\t\t\t<span class=\"elementor-share-btn__icon\">\r\n\t\t\t\t\t\t\t\t<i class=\"fab fa-twitter\" aria-hidden=\"true\"><\/i>\t\t\t\t\t\t\t<\/span>\r\n\t\t\t\t\t\t\t\t\t\t\t\t\t\t\t\t\t\t\t\t<\/div>\r\n\t\t\t\t\t<\/div>\r\n\t\t\t\t\t\t\t\t\t<div class=\"elementor-grid-item\" role=\"listitem\">\r\n\t\t\t\t\t\t<div class=\"elementor-share-btn elementor-share-btn_email\" role=\"button\" tabindex=\"0\" aria-label=\"Share on email\">\r\n\t\t\t\t\t\t\t\t\t\t\t\t\t\t\t<span class=\"elementor-share-btn__icon\">\r\n\t\t\t\t\t\t\t\t<i class=\"fas fa-envelope\" aria-hidden=\"true\"><\/i>\t\t\t\t\t\t\t<\/span>\r\n\t\t\t\t\t\t\t\t\t\t\t\t\t\t\t\t\t\t\t\t<\/div>\r\n\t\t\t\t\t<\/div>\r\n\t\t\t\t\t\t<\/div>\r\n\t\t\t\t\t\t<\/div>\n\t\t\t\t<\/div>\n\t\t\t\t\t<\/div>\n\t\t<\/div>\n\t\t\t\t\t<\/div>\n\t\t<\/section>\n\t\t\t\t<section class=\"elementor-section elementor-inner-section elementor-element elementor-element-48533c52 elementor-section-height-min-height elementor-section-boxed elementor-section-height-default\" data-id=\"48533c52\" data-element_type=\"section\" data-e-type=\"section\" data-settings=\"{&quot;background_background&quot;:&quot;classic&quot;}\">\n\t\t\t\t\t\t\t<div class=\"elementor-background-overlay\"><\/div>\n\t\t\t\t\t\t\t<div class=\"elementor-container elementor-column-gap-default\">\n\t\t\t\t\t<div class=\"elementor-column elementor-col-100 elementor-inner-column elementor-element elementor-element-a0ab16a\" data-id=\"a0ab16a\" data-element_type=\"column\" data-e-type=\"column\">\n\t\t\t<div class=\"elementor-widget-wrap elementor-element-populated\">\n\t\t\t\t\t\t<div class=\"elementor-element elementor-element-2469f9f8 elementor-widget elementor-widget-heading\" data-id=\"2469f9f8\" data-element_type=\"widget\" data-e-type=\"widget\" data-widget_type=\"heading.default\">\n\t\t\t\t<div class=\"elementor-widget-container\">\n\t\t\t\t\t<h2 class=\"elementor-heading-title elementor-size-default\">Recibe las noticias m\u00e1s relevantes del medio<\/h2>\t\t\t\t<\/div>\n\t\t\t\t<\/div>\n\t\t\t\t<div class=\"elementor-element elementor-element-3d7d1fc4 elementor-widget elementor-widget-heading\" data-id=\"3d7d1fc4\" data-element_type=\"widget\" data-e-type=\"widget\" data-widget_type=\"heading.default\">\n\t\t\t\t<div class=\"elementor-widget-container\">\n\t\t\t\t\t<h3 class=\"elementor-heading-title elementor-size-default\">en tu correo electr\u00f3nico<\/h3>\t\t\t\t<\/div>\n\t\t\t\t<\/div>\n\t\t\t\t<div class=\"elementor-element elementor-element-2592b89f elementor-widget elementor-widget-spacer\" data-id=\"2592b89f\" data-element_type=\"widget\" data-e-type=\"widget\" data-widget_type=\"spacer.default\">\n\t\t\t\t<div class=\"elementor-widget-container\">\n\t\t\t\t\t\t\t<div class=\"elementor-spacer\">\n\t\t\t<div class=\"elementor-spacer-inner\"><\/div>\n\t\t<\/div>\n\t\t\t\t\t\t<\/div>\n\t\t\t\t<\/div>\n\t\t\t\t<div class=\"elementor-element elementor-element-5d6b187e elementor-button-align-stretch elementor-widget elementor-widget-form\" data-id=\"5d6b187e\" data-element_type=\"widget\" data-e-type=\"widget\" data-settings=\"{&quot;button_width&quot;:&quot;25&quot;,&quot;step_next_label&quot;:&quot;Next&quot;,&quot;step_previous_label&quot;:&quot;Previous&quot;,&quot;step_type&quot;:&quot;number_text&quot;,&quot;step_icon_shape&quot;:&quot;circle&quot;}\" data-widget_type=\"form.default\">\n\t\t\t\t<div class=\"elementor-widget-container\">\n\t\t\t\t\t\t\t<form class=\"elementor-form\" method=\"post\" name=\"TLC News\" aria-label=\"TLC News\">\r\n\t\t\t<input type=\"hidden\" name=\"post_id\" value=\"6209\"\/>\r\n\t\t\t<input type=\"hidden\" name=\"form_id\" value=\"5d6b187e\"\/>\r\n\t\t\t<input type=\"hidden\" name=\"referer_title\" value=\"La migraci\u00f3n sacudi\u00f3 a frontera norte de M\u00e9xico en 2023 afectando a poblaciones y comercio\" \/>\r\n\r\n\t\t\t\t\t\t\t<input type=\"hidden\" name=\"queried_id\" value=\"6209\"\/>\r\n\t\t\t\r\n\t\t\t<div class=\"elementor-form-fields-wrapper elementor-labels-\">\r\n\t\t\t\t\t\t\t\t<div class=\"elementor-field-type-email elementor-field-group elementor-column elementor-field-group-email elementor-col-75 elementor-field-required\">\r\n\t\t\t\t\t\t\t\t\t\t\t\t<label for=\"form-field-email\" class=\"elementor-field-label elementor-screen-only\">\r\n\t\t\t\t\t\t\t\tEmail\t\t\t\t\t\t\t<\/label>\r\n\t\t\t\t\t\t\t\t\t\t\t\t\t\t<input size=\"1\" type=\"email\" name=\"form_fields[email]\" id=\"form-field-email\" class=\"elementor-field elementor-size-md  elementor-field-textual\" placeholder=\"Correo electr\u00f3nico\" required=\"required\">\r\n\t\t\t\t\t\t\t\t\t\t\t<\/div>\r\n\t\t\t\t\t\t\t\t<div class=\"elementor-field-group elementor-column elementor-field-type-submit elementor-col-25 e-form__buttons\">\r\n\t\t\t\t\t<button class=\"elementor-button elementor-size-md\" type=\"submit\">\r\n\t\t\t\t\t\t<span class=\"elementor-button-content-wrapper\">\r\n\t\t\t\t\t\t\t\t\t\t\t\t\t\t\t<span class=\"elementor-button-icon\">\r\n\t\t\t\t\t\t\t\t\t<i aria-hidden=\"true\" class=\"fas fa-arrow-right\"><\/i>\t\t\t\t\t\t\t\t\t\t\t\t\t\t\t\t\t<\/span>\r\n\t\t\t\t\t\t\t\t\t\t\t\t\t\t\t\t\t\t\t\t\t\t<span class=\"elementor-button-text\">Enviar<\/span>\r\n\t\t\t\t\t\t\t\t\t\t\t\t\t<\/span>\r\n\t\t\t\t\t<\/button>\r\n\t\t\t\t<\/div>\r\n\t\t\t<\/div>\r\n\t\t<\/form>\r\n\t\t\t\t\t\t<\/div>\n\t\t\t\t<\/div>\n\t\t\t\t\t<\/div>\n\t\t<\/div>\n\t\t\t\t\t<\/div>\n\t\t<\/section>\n\t\t\t\t<div class=\"elementor-element elementor-element-7a740f21 elementor-post-navigation-borders-yes elementor-widget elementor-widget-post-navigation\" data-id=\"7a740f21\" data-element_type=\"widget\" data-e-type=\"widget\" data-widget_type=\"post-navigation.default\">\n\t\t\t\t<div class=\"elementor-widget-container\">\n\t\t\t\t\t\t\t<div class=\"elementor-post-navigation\" role=\"navigation\" aria-label=\"Post Navigation\">\r\n\t\t\t<div class=\"elementor-post-navigation__prev elementor-post-navigation__link\">\r\n\t\t\t\t<a href=\"https:\/\/tlcmagazinemexico.com.mx\/index.php\/2024\/01\/05\/mexico-se-consolida-como-lider-emisor-en-los-mercados-financieros-internacionales\/\" rel=\"prev\"><span class=\"post-navigation__arrow-wrapper post-navigation__arrow-prev\"><i aria-hidden=\"true\" class=\"fas fa-arrow-left\"><\/i><span class=\"elementor-screen-only\">Prev<\/span><\/span><span class=\"elementor-post-navigation__link__prev\"><span class=\"post-navigation__prev--label\">Anterior<\/span><span class=\"post-navigation__prev--title\">M\u00e9xico se consolida como l\u00edder emisor en los mercados financieros internacionales<\/span><\/span><\/a>\t\t\t<\/div>\r\n\t\t\t\t\t\t\t<div class=\"elementor-post-navigation__separator-wrapper\">\r\n\t\t\t\t\t<div class=\"elementor-post-navigation__separator\"><\/div>\r\n\t\t\t\t<\/div>\r\n\t\t\t\t\t\t<div class=\"elementor-post-navigation__next elementor-post-navigation__link\">\r\n\t\t\t\t<a href=\"https:\/\/tlcmagazinemexico.com.mx\/index.php\/2024\/01\/08\/analistas-privados-ven-peso-fuerte-para-2024-y-esperan-tipo-de-cambio-en-186-a-fin-de-ano\/\" rel=\"next\"><span class=\"elementor-post-navigation__link__next\"><span class=\"post-navigation__next--label\">siguiente<\/span><span class=\"post-navigation__next--title\">Analistas privados ven peso fuerte para 2024 y esperan tipo de cambio en 18,6 a fin de a\u00f1o<\/span><\/span><span class=\"post-navigation__arrow-wrapper post-navigation__arrow-next\"><i aria-hidden=\"true\" class=\"fas fa-arrow-right\"><\/i><span class=\"elementor-screen-only\">Next<\/span><\/span><\/a>\t\t\t<\/div>\r\n\t\t<\/div>\r\n\t\t\t\t\t\t<\/div>\n\t\t\t\t<\/div>\n\t\t\t\t\t<\/div>\n\t\t<\/div>\n\t\t\t\t<div class=\"elementor-column elementor-col-33 elementor-top-column elementor-element elementor-element-7c801f5f\" data-id=\"7c801f5f\" data-element_type=\"column\" data-e-type=\"column\">\n\t\t\t<div class=\"elementor-widget-wrap\">\n\t\t\t\t\t\t\t<\/div>\n\t\t<\/div>\n\t\t\t\t<div class=\"elementor-column elementor-col-33 elementor-top-column elementor-element elementor-element-22801ce2\" data-id=\"22801ce2\" data-element_type=\"column\" data-e-type=\"column\">\n\t\t\t<div class=\"elementor-widget-wrap elementor-element-populated\">\n\t\t\t\t\t\t<div class=\"elementor-element elementor-element-48a5972b elementor-grid-1 elementor-posts--align-center elementor-posts__hover-none elementor-widget__width-inherit elementor-grid-tablet-2 elementor-grid-mobile-1 elementor-posts--thumbnail-top elementor-card-shadow-yes elementor-widget elementor-widget-posts\" data-id=\"48a5972b\" data-element_type=\"widget\" data-e-type=\"widget\" data-settings=\"{&quot;cards_columns&quot;:&quot;1&quot;,&quot;cards_row_gap&quot;:{&quot;unit&quot;:&quot;px&quot;,&quot;size&quot;:&quot;30&quot;,&quot;sizes&quot;:[]},&quot;cards_columns_tablet&quot;:&quot;2&quot;,&quot;cards_columns_mobile&quot;:&quot;1&quot;,&quot;cards_row_gap_tablet&quot;:{&quot;unit&quot;:&quot;px&quot;,&quot;size&quot;:&quot;&quot;,&quot;sizes&quot;:[]},&quot;cards_row_gap_mobile&quot;:{&quot;unit&quot;:&quot;px&quot;,&quot;size&quot;:&quot;&quot;,&quot;sizes&quot;:[]}}\" data-widget_type=\"posts.cards\">\n\t\t\t\t<div class=\"elementor-widget-container\">\n\t\t\t\t\t\t\t<div class=\"elementor-posts-container elementor-posts elementor-posts--skin-cards elementor-grid\" role=\"list\">\r\n\t\t\t\t<article class=\"elementor-post elementor-grid-item post-24478 post type-post status-publish format-standard has-post-thumbnail hentry category-tlc-news entry\" role=\"listitem\">\r\n\t\t\t<div class=\"elementor-post__card\">\r\n\t\t\t\t<a class=\"elementor-post__thumbnail__link\" href=\"https:\/\/tlcmagazinemexico.com.mx\/index.php\/2026\/07\/17\/una-nueva-ruta-maritima-amplia-la-conexion-entre-asia-america-latina-y-el-mediterraneo\/\" tabindex=\"-1\" ><div class=\"elementor-post__thumbnail\"><img decoding=\"async\" width=\"900\" height=\"600\" src=\"https:\/\/tlcmagazinemexico.com.mx\/wp-content\/uploads\/2026\/07\/42g-4-1.png\" class=\"attachment-full size-full wp-image-24479\" alt=\"\" srcset=\"https:\/\/tlcmagazinemexico.com.mx\/wp-content\/uploads\/2026\/07\/42g-4-1.png 900w, https:\/\/tlcmagazinemexico.com.mx\/wp-content\/uploads\/2026\/07\/42g-4-1-300x200.png 300w, https:\/\/tlcmagazinemexico.com.mx\/wp-content\/uploads\/2026\/07\/42g-4-1-768x512.png 768w\" sizes=\"(max-width: 34.9rem) calc(100vw - 2rem), (max-width: 53rem) calc(8 * (100vw \/ 12)), (min-width: 53rem) calc(6 * (100vw \/ 12)), 100vw\" \/><\/div><\/a>\r\n\t\t\t\t<div class=\"elementor-post__text\">\r\n\t\t\t\t<h1 class=\"elementor-post__title\">\r\n\t\t\t<a href=\"https:\/\/tlcmagazinemexico.com.mx\/index.php\/2026\/07\/17\/una-nueva-ruta-maritima-amplia-la-conexion-entre-asia-america-latina-y-el-mediterraneo\/\" >\r\n\t\t\t\tUna nueva ruta mar\u00edtima ampl\u00eda la conexi\u00f3n entre Asia, Am\u00e9rica Latina y el Mediterr\u00e1neo\t\t\t<\/a>\r\n\t\t<\/h1>\r\n\t\t\t\t<div class=\"elementor-post__excerpt\">\r\n\t\t\t<p>\u25b8 ZIM y MSC ponen en operaci\u00f3n el servicio ZCP-Amberjack, una nueva alternativa log\u00edstica que fortalece la conectividad regional mediante un servicio semanal.La Autoridad Portuaria<\/p>\n\t\t<\/div>\r\n\t\t\r\n\t\t<a class=\"elementor-post__read-more\" href=\"https:\/\/tlcmagazinemexico.com.mx\/index.php\/2026\/07\/17\/una-nueva-ruta-maritima-amplia-la-conexion-entre-asia-america-latina-y-el-mediterraneo\/\" aria-label=\"Read more about Una nueva ruta mar\u00edtima ampl\u00eda la conexi\u00f3n entre Asia, Am\u00e9rica Latina y el Mediterr\u00e1neo\" tabindex=\"-1\" >\r\n\t\t\tLeer m\u00e1s \u00bb\t\t<\/a>\r\n\r\n\t\t\t\t<\/div>\r\n\t\t\t\t\t<\/div>\r\n\t\t<\/article>\r\n\t\t\t\t<article class=\"elementor-post elementor-grid-item post-24472 post type-post status-publish format-standard has-post-thumbnail hentry category-tlc-news entry\" role=\"listitem\">\r\n\t\t\t<div class=\"elementor-post__card\">\r\n\t\t\t\t<a class=\"elementor-post__thumbnail__link\" href=\"https:\/\/tlcmagazinemexico.com.mx\/index.php\/2026\/07\/17\/el-auge-de-los-centros-de-datos-abre-una-nueva-oportunidad-para-el-comercio-exterior-en-mexico\/\" tabindex=\"-1\" ><div class=\"elementor-post__thumbnail\"><img decoding=\"async\" width=\"900\" height=\"600\" src=\"https:\/\/tlcmagazinemexico.com.mx\/wp-content\/uploads\/2026\/07\/42g-3-1.png\" class=\"attachment-full size-full wp-image-24473\" alt=\"\" srcset=\"https:\/\/tlcmagazinemexico.com.mx\/wp-content\/uploads\/2026\/07\/42g-3-1.png 900w, https:\/\/tlcmagazinemexico.com.mx\/wp-content\/uploads\/2026\/07\/42g-3-1-300x200.png 300w, https:\/\/tlcmagazinemexico.com.mx\/wp-content\/uploads\/2026\/07\/42g-3-1-768x512.png 768w\" sizes=\"(max-width: 34.9rem) calc(100vw - 2rem), (max-width: 53rem) calc(8 * (100vw \/ 12)), (min-width: 53rem) calc(6 * (100vw \/ 12)), 100vw\" \/><\/div><\/a>\r\n\t\t\t\t<div class=\"elementor-post__text\">\r\n\t\t\t\t<h1 class=\"elementor-post__title\">\r\n\t\t\t<a href=\"https:\/\/tlcmagazinemexico.com.mx\/index.php\/2026\/07\/17\/el-auge-de-los-centros-de-datos-abre-una-nueva-oportunidad-para-el-comercio-exterior-en-mexico\/\" >\r\n\t\t\t\tEl auge de los centros de datos abre una nueva oportunidad para el comercio exterior en M\u00e9xico\t\t\t<\/a>\r\n\t\t<\/h1>\r\n\t\t\t\t<div class=\"elementor-post__excerpt\">\r\n\t\t\t<p>\u25b8 Inversiones por 82,500 millones de d\u00f3lares impulsar\u00e1n la importaci\u00f3n de infraestructura tecnol\u00f3gica especializada durante los pr\u00f3ximos a\u00f1os. La expansi\u00f3n de la infraestructura digital en<\/p>\n\t\t<\/div>\r\n\t\t\r\n\t\t<a class=\"elementor-post__read-more\" href=\"https:\/\/tlcmagazinemexico.com.mx\/index.php\/2026\/07\/17\/el-auge-de-los-centros-de-datos-abre-una-nueva-oportunidad-para-el-comercio-exterior-en-mexico\/\" aria-label=\"Read more about El auge de los centros de datos abre una nueva oportunidad para el comercio exterior en M\u00e9xico\" tabindex=\"-1\" >\r\n\t\t\tLeer m\u00e1s \u00bb\t\t<\/a>\r\n\r\n\t\t\t\t<\/div>\r\n\t\t\t\t\t<\/div>\r\n\t\t<\/article>\r\n\t\t\t\t<article class=\"elementor-post elementor-grid-item post-24466 post type-post status-publish format-standard has-post-thumbnail hentry category-tlc-news entry\" role=\"listitem\">\r\n\t\t\t<div class=\"elementor-post__card\">\r\n\t\t\t\t<a class=\"elementor-post__thumbnail__link\" href=\"https:\/\/tlcmagazinemexico.com.mx\/index.php\/2026\/07\/17\/el-estandar-que-permite-a-las-aduanas-intercambiar-informacion-acaba-de-actualizarse\/\" tabindex=\"-1\" ><div class=\"elementor-post__thumbnail\"><img loading=\"lazy\" decoding=\"async\" width=\"900\" height=\"600\" src=\"https:\/\/tlcmagazinemexico.com.mx\/wp-content\/uploads\/2026\/07\/42g-2-2.png\" class=\"attachment-full size-full wp-image-24467\" alt=\"\" srcset=\"https:\/\/tlcmagazinemexico.com.mx\/wp-content\/uploads\/2026\/07\/42g-2-2.png 900w, https:\/\/tlcmagazinemexico.com.mx\/wp-content\/uploads\/2026\/07\/42g-2-2-300x200.png 300w, https:\/\/tlcmagazinemexico.com.mx\/wp-content\/uploads\/2026\/07\/42g-2-2-768x512.png 768w\" sizes=\"(max-width: 34.9rem) calc(100vw - 2rem), (max-width: 53rem) calc(8 * (100vw \/ 12)), (min-width: 53rem) calc(6 * (100vw \/ 12)), 100vw\" \/><\/div><\/a>\r\n\t\t\t\t<div class=\"elementor-post__text\">\r\n\t\t\t\t<h1 class=\"elementor-post__title\">\r\n\t\t\t<a href=\"https:\/\/tlcmagazinemexico.com.mx\/index.php\/2026\/07\/17\/el-estandar-que-permite-a-las-aduanas-intercambiar-informacion-acaba-de-actualizarse\/\" >\r\n\t\t\t\tEl est\u00e1ndar que permite a las aduanas intercambiar informaci\u00f3n acaba de actualizarse\t\t\t<\/a>\r\n\t\t<\/h1>\r\n\t\t\t\t<div class=\"elementor-post__excerpt\">\r\n\t\t\t<p>\u25b8 La OMA presenta la Versi\u00f3n 4.3.0 de su Modelo de Datos con nuevas capacidades para interoperabilidad digital, etiquetas JSON y reconocimiento mutuo de OEA.<\/p>\n\t\t<\/div>\r\n\t\t\r\n\t\t<a class=\"elementor-post__read-more\" href=\"https:\/\/tlcmagazinemexico.com.mx\/index.php\/2026\/07\/17\/el-estandar-que-permite-a-las-aduanas-intercambiar-informacion-acaba-de-actualizarse\/\" aria-label=\"Read more about El est\u00e1ndar que permite a las aduanas intercambiar informaci\u00f3n acaba de actualizarse\" tabindex=\"-1\" >\r\n\t\t\tLeer m\u00e1s \u00bb\t\t<\/a>\r\n\r\n\t\t\t\t<\/div>\r\n\t\t\t\t\t<\/div>\r\n\t\t<\/article>\r\n\t\t\t\t<article class=\"elementor-post elementor-grid-item post-24453 post type-post status-publish format-standard has-post-thumbnail hentry category-tlc-news entry\" role=\"listitem\">\r\n\t\t\t<div class=\"elementor-post__card\">\r\n\t\t\t\t<a class=\"elementor-post__thumbnail__link\" href=\"https:\/\/tlcmagazinemexico.com.mx\/index.php\/2026\/07\/17\/un-error-aduanero-puede-costar-millones-la-inteligencia-artificial-esta-cambiando-la-forma-de-detectarlos\/\" tabindex=\"-1\" ><div class=\"elementor-post__thumbnail\"><img loading=\"lazy\" decoding=\"async\" width=\"900\" height=\"600\" src=\"https:\/\/tlcmagazinemexico.com.mx\/wp-content\/uploads\/2026\/07\/42g-1-2.png\" class=\"attachment-full size-full wp-image-24461\" alt=\"\" srcset=\"https:\/\/tlcmagazinemexico.com.mx\/wp-content\/uploads\/2026\/07\/42g-1-2.png 900w, https:\/\/tlcmagazinemexico.com.mx\/wp-content\/uploads\/2026\/07\/42g-1-2-300x200.png 300w, https:\/\/tlcmagazinemexico.com.mx\/wp-content\/uploads\/2026\/07\/42g-1-2-768x512.png 768w\" sizes=\"(max-width: 34.9rem) calc(100vw - 2rem), (max-width: 53rem) calc(8 * (100vw \/ 12)), (min-width: 53rem) calc(6 * (100vw \/ 12)), 100vw\" \/><\/div><\/a>\r\n\t\t\t\t<div class=\"elementor-post__text\">\r\n\t\t\t\t<h1 class=\"elementor-post__title\">\r\n\t\t\t<a href=\"https:\/\/tlcmagazinemexico.com.mx\/index.php\/2026\/07\/17\/un-error-aduanero-puede-costar-millones-la-inteligencia-artificial-esta-cambiando-la-forma-de-detectarlos\/\" >\r\n\t\t\t\tUn error aduanero puede costar millones. La inteligencia artificial est\u00e1 cambiando la forma de detectarlos.\t\t\t<\/a>\r\n\t\t<\/h1>\r\n\t\t\t\t<div class=\"elementor-post__excerpt\">\r\n\t\t\t<p>\u25b8 Flexport impulsa auditor\u00edas automatizadas con IA mientras aumenta la fiscalizaci\u00f3n del cumplimiento aduanero en Estados Unidos. Los constantes cambios en la pol\u00edtica arancelaria de<\/p>\n\t\t<\/div>\r\n\t\t\r\n\t\t<a class=\"elementor-post__read-more\" href=\"https:\/\/tlcmagazinemexico.com.mx\/index.php\/2026\/07\/17\/un-error-aduanero-puede-costar-millones-la-inteligencia-artificial-esta-cambiando-la-forma-de-detectarlos\/\" aria-label=\"Read more about Un error aduanero puede costar millones. La inteligencia artificial est\u00e1 cambiando la forma de detectarlos.\" tabindex=\"-1\" >\r\n\t\t\tLeer m\u00e1s \u00bb\t\t<\/a>\r\n\r\n\t\t\t\t<\/div>\r\n\t\t\t\t\t<\/div>\r\n\t\t<\/article>\r\n\t\t\t\t<article class=\"elementor-post elementor-grid-item post-24413 post type-post status-publish format-standard has-post-thumbnail hentry category-people-of-trade category-tlc-news entry\" role=\"listitem\">\r\n\t\t\t<div class=\"elementor-post__card\">\r\n\t\t\t\t<a class=\"elementor-post__thumbnail__link\" href=\"https:\/\/tlcmagazinemexico.com.mx\/index.php\/2026\/07\/16\/los-hombres-que-mueven-el-mundo-lo-hicieron-esta-semana-bajo-40-grados\/\" tabindex=\"-1\" ><div class=\"elementor-post__thumbnail\"><img loading=\"lazy\" decoding=\"async\" width=\"900\" height=\"600\" src=\"https:\/\/tlcmagazinemexico.com.mx\/wp-content\/uploads\/2026\/07\/n4-3.png\" class=\"attachment-full size-full wp-image-24395\" alt=\"\" srcset=\"https:\/\/tlcmagazinemexico.com.mx\/wp-content\/uploads\/2026\/07\/n4-3.png 900w, https:\/\/tlcmagazinemexico.com.mx\/wp-content\/uploads\/2026\/07\/n4-3-300x200.png 300w, https:\/\/tlcmagazinemexico.com.mx\/wp-content\/uploads\/2026\/07\/n4-3-768x512.png 768w\" sizes=\"(max-width: 34.9rem) calc(100vw - 2rem), (max-width: 53rem) calc(8 * (100vw \/ 12)), (min-width: 53rem) calc(6 * (100vw \/ 12)), 100vw\" \/><\/div><\/a>\r\n\t\t\t\t<div class=\"elementor-post__text\">\r\n\t\t\t\t<h1 class=\"elementor-post__title\">\r\n\t\t\t<a href=\"https:\/\/tlcmagazinemexico.com.mx\/index.php\/2026\/07\/16\/los-hombres-que-mueven-el-mundo-lo-hicieron-esta-semana-bajo-40-grados\/\" >\r\n\t\t\t\tLos hombres que mueven el mundo lo hicieron esta semana bajo 40 grados\t\t\t<\/a>\r\n\t\t<\/h1>\r\n\t\t\t\t<div class=\"elementor-post__excerpt\">\r\n\t\t\t<p>\u2022 Operadores de gr\u00faa y trabajadores portuarios en Rotterdam, Amberes y Hamburgo enfrentaron una ola de calor extrema que ralentiz\u00f3 operaciones, recalent\u00f3 equipos y agrav\u00f3<\/p>\n\t\t<\/div>\r\n\t\t\r\n\t\t<a class=\"elementor-post__read-more\" href=\"https:\/\/tlcmagazinemexico.com.mx\/index.php\/2026\/07\/16\/los-hombres-que-mueven-el-mundo-lo-hicieron-esta-semana-bajo-40-grados\/\" aria-label=\"Read more about Los hombres que mueven el mundo lo hicieron esta semana bajo 40 grados\" tabindex=\"-1\" >\r\n\t\t\tLeer m\u00e1s \u00bb\t\t<\/a>\r\n\r\n\t\t\t\t<\/div>\r\n\t\t\t\t\t<\/div>\r\n\t\t<\/article>\r\n\t\t\t\t<article class=\"elementor-post elementor-grid-item post-24408 post type-post status-publish format-standard has-post-thumbnail hentry category-datos-curiosos category-tlc-news entry\" role=\"listitem\">\r\n\t\t\t<div class=\"elementor-post__card\">\r\n\t\t\t\t<a class=\"elementor-post__thumbnail__link\" href=\"https:\/\/tlcmagazinemexico.com.mx\/index.php\/2026\/07\/16\/china-rompe-record-de-comercio-exterior-en-el-primer-semestre-de-2026\/\" tabindex=\"-1\" ><div class=\"elementor-post__thumbnail\"><img loading=\"lazy\" decoding=\"async\" width=\"900\" height=\"600\" src=\"https:\/\/tlcmagazinemexico.com.mx\/wp-content\/uploads\/2026\/07\/n3-3.png\" class=\"attachment-full size-full wp-image-24396\" alt=\"\" srcset=\"https:\/\/tlcmagazinemexico.com.mx\/wp-content\/uploads\/2026\/07\/n3-3.png 900w, https:\/\/tlcmagazinemexico.com.mx\/wp-content\/uploads\/2026\/07\/n3-3-300x200.png 300w, https:\/\/tlcmagazinemexico.com.mx\/wp-content\/uploads\/2026\/07\/n3-3-768x512.png 768w\" sizes=\"(max-width: 34.9rem) calc(100vw - 2rem), (max-width: 53rem) calc(8 * (100vw \/ 12)), (min-width: 53rem) calc(6 * (100vw \/ 12)), 100vw\" \/><\/div><\/a>\r\n\t\t\t\t<div class=\"elementor-post__text\">\r\n\t\t\t\t<h1 class=\"elementor-post__title\">\r\n\t\t\t<a href=\"https:\/\/tlcmagazinemexico.com.mx\/index.php\/2026\/07\/16\/china-rompe-record-de-comercio-exterior-en-el-primer-semestre-de-2026\/\" >\r\n\t\t\t\tChina rompe r\u00e9cord de comercio exterior en el primer semestre de 2026\t\t\t<\/a>\r\n\t\t<\/h1>\r\n\t\t\t\t<div class=\"elementor-post__excerpt\">\r\n\t\t\t<p>\u2022 El pa\u00eds super\u00f3 por primera vez los 25 billones de yuanes en comercio exterior durante un periodo enero-junio, impulsado por exportaciones tecnol\u00f3gicas, mayor demanda<\/p>\n\t\t<\/div>\r\n\t\t\r\n\t\t<a class=\"elementor-post__read-more\" href=\"https:\/\/tlcmagazinemexico.com.mx\/index.php\/2026\/07\/16\/china-rompe-record-de-comercio-exterior-en-el-primer-semestre-de-2026\/\" aria-label=\"Read more about China rompe r\u00e9cord de comercio exterior en el primer semestre de 2026\" tabindex=\"-1\" >\r\n\t\t\tLeer m\u00e1s \u00bb\t\t<\/a>\r\n\r\n\t\t\t\t<\/div>\r\n\t\t\t\t\t<\/div>\r\n\t\t<\/article>\r\n\t\t\t\t<\/div>\r\n\t\t\r\n\t\t\t\t\t\t<\/div>\n\t\t\t\t<\/div>\n\t\t\t\t\t<\/div>\n\t\t<\/div>\n\t\t\t\t\t<\/div>\n\t\t<\/section>\n\t\t\t\t<\/div>\n\t\t","protected":false},"excerpt":{"rendered":"<p>La migraci\u00f3n sacudi\u00f3 como nunca a las poblaciones de la frontera norte de M\u00e9xico este 2023, en medio de una llegada in\u00e9dita de migrantes que, adem\u00e1s, trastorn\u00f3 el comercio con Estados Unidos. Thor Salayand\u00eda Lara, Vicepresidente de Maquiladora y Franjas Fronterizas de la C\u00e1mara Nacional de la Industria de la Transformaci\u00f3n, critic\u00f3 que este 2023 &hellip; <\/p>\n<p class=\"link-more\"><a href=\"https:\/\/tlcmagazinemexico.com.mx\/index.php\/2026\/07\/16\/china-rompe-record-de-comercio-exterior-en-el-primer-semestre-de-2026\/\" class=\"more-link\">Continue reading<span class=\"screen-reader-text\"> &#8220;China rompe r\u00e9cord de comercio exterior en el primer semestre de 2026&#8221;<\/span><\/a><\/p>\n","protected":false},"author":3,"featured_media":6211,"comment_status":"open","ping_status":"open","sticky":false,"template":"elementor_header_footer","format":"standard","meta":{"_monsterinsights_skip_tracking":false,"footnotes":""},"categories":[5],"tags":[],"class_list":["post-6209","post","type-post","status-publish","format-standard","has-post-thumbnail","hentry","category-tlc-news","entry"],"views":908,"_links":{"self":[{"href":"https:\/\/tlcmagazinemexico.com.mx\/index.php\/wp-json\/wp\/v2\/posts\/6209","targetHints":{"allow":["GET"]}}],"collection":[{"href":"https:\/\/tlcmagazinemexico.com.mx\/index.php\/wp-json\/wp\/v2\/posts"}],"about":[{"href":"https:\/\/tlcmagazinemexico.com.mx\/index.php\/wp-json\/wp\/v2\/types\/post"}],"author":[{"embeddable":true,"href":"https:\/\/tlcmagazinemexico.com.mx\/index.php\/wp-json\/wp\/v2\/users\/3"}],"replies":[{"embeddable":true,"href":"https:\/\/tlcmagazinemexico.com.mx\/index.php\/wp-json\/wp\/v2\/comments?post=6209"}],"version-history":[{"count":0,"href":"https:\/\/tlcmagazinemexico.com.mx\/index.php\/wp-json\/wp\/v2\/posts\/6209\/revisions"}],"wp:featuredmedia":[{"embeddable":true,"href":"https:\/\/tlcmagazinemexico.com.mx\/index.php\/wp-json\/wp\/v2\/media\/6211"}],"wp:attachment":[{"href":"https:\/\/tlcmagazinemexico.com.mx\/index.php\/wp-json\/wp\/v2\/media?parent=6209"}],"wp:term":[{"taxonomy":"category","embeddable":true,"href":"https:\/\/tlcmagazinemexico.com.mx\/index.php\/wp-json\/wp\/v2\/categories?post=6209"},{"taxonomy":"post_tag","embeddable":true,"href":"https:\/\/tlcmagazinemexico.com.mx\/index.php\/wp-json\/wp\/v2\/tags?post=6209"}],"curies":[{"name":"wp","href":"https:\/\/api.w.org\/{rel}","templated":true}]}}