{"id":364,"date":"2023-04-05T22:10:16","date_gmt":"2023-04-05T22:10:16","guid":{"rendered":"https:\/\/tlcmagazinemexico.com.mx\/?p=364"},"modified":"2023-04-06T16:41:55","modified_gmt":"2023-04-06T16:41:55","slug":"anzcerta-australia-y-nueva-zelanda","status":"publish","type":"post","link":"https:\/\/tlcmagazinemexico.com.mx\/index.php\/2023\/04\/05\/anzcerta-australia-y-nueva-zelanda\/","title":{"rendered":"Anzcerta Australia y Nueva Zelanda"},"content":{"rendered":"\t\t<div data-elementor-type=\"wp-post\" data-elementor-id=\"364\" class=\"elementor elementor-364\">\n\t\t\t\t\t\t\t\t\t<section class=\"elementor-section elementor-top-section elementor-element elementor-element-72e101fe elementor-section-boxed elementor-section-height-default elementor-section-height-default\" data-id=\"72e101fe\" data-element_type=\"section\">\n\t\t\t\t\t\t<div class=\"elementor-container elementor-column-gap-default\">\n\t\t\t\t\t<div class=\"elementor-column elementor-col-33 elementor-top-column elementor-element elementor-element-27537467\" data-id=\"27537467\" data-element_type=\"column\">\n\t\t\t<div class=\"elementor-widget-wrap elementor-element-populated\">\n\t\t\t\t\t\t\t\t<div class=\"elementor-element elementor-element-1a357de6 elementor-widget elementor-widget-theme-post-featured-image elementor-widget-image\" data-id=\"1a357de6\" data-element_type=\"widget\" data-widget_type=\"theme-post-featured-image.default\">\n\t\t\t\t<div class=\"elementor-widget-container\">\n\t\t\t<style>\/*! elementor - v3.12.0 - 29-03-2023 *\/\n.elementor-widget-image{text-align:center}.elementor-widget-image a{display:inline-block}.elementor-widget-image a img[src$=\".svg\"]{width:48px}.elementor-widget-image img{vertical-align:middle;display:inline-block}<\/style>\t\t\t\t\t\t\t\t\t\t\t\t<img loading=\"lazy\" decoding=\"async\" width=\"750\" height=\"500\" src=\"https:\/\/tlcmagazinemexico.com.mx\/wp-content\/uploads\/2023\/04\/Portadas-42-Web_Art.-1-1.png\" class=\"attachment-large size-large wp-image-365\" alt=\"\" srcset=\"https:\/\/tlcmagazinemexico.com.mx\/wp-content\/uploads\/2023\/04\/Portadas-42-Web_Art.-1-1.png 939w, https:\/\/tlcmagazinemexico.com.mx\/wp-content\/uploads\/2023\/04\/Portadas-42-Web_Art.-1-1-300x200.png 300w, https:\/\/tlcmagazinemexico.com.mx\/wp-content\/uploads\/2023\/04\/Portadas-42-Web_Art.-1-1-768x512.png 768w\" sizes=\"auto, (max-width: 750px) 100vw, 750px\" style=\"width:100%;height:66.67%;max-width:939px\" \/>\t\t\t\t\t\t\t\t\t\t\t\t\t\t\t<\/div>\n\t\t\t\t<\/div>\n\t\t\t\t<div class=\"elementor-element elementor-element-22867bf6 elementor-widget elementor-widget-spacer\" data-id=\"22867bf6\" data-element_type=\"widget\" data-widget_type=\"spacer.default\">\n\t\t\t\t<div class=\"elementor-widget-container\">\n\t\t\t<style>\/*! elementor - v3.12.0 - 29-03-2023 *\/\n.elementor-column .elementor-spacer-inner{height:var(--spacer-size)}.e-con{--container-widget-width:100%}.e-con-inner>.elementor-widget-spacer,.e-con>.elementor-widget-spacer{width:var(--container-widget-width,var(--spacer-size));--align-self:var(--container-widget-align-self,initial);--flex-shrink:0}.e-con-inner>.elementor-widget-spacer>.elementor-widget-container,.e-con-inner>.elementor-widget-spacer>.elementor-widget-container>.elementor-spacer,.e-con>.elementor-widget-spacer>.elementor-widget-container,.e-con>.elementor-widget-spacer>.elementor-widget-container>.elementor-spacer{height:100%}.e-con-inner>.elementor-widget-spacer>.elementor-widget-container>.elementor-spacer>.elementor-spacer-inner,.e-con>.elementor-widget-spacer>.elementor-widget-container>.elementor-spacer>.elementor-spacer-inner{height:var(--container-widget-height,var(--spacer-size))}<\/style>\t\t<div class=\"elementor-spacer\">\n\t\t\t<div class=\"elementor-spacer-inner\"><\/div>\n\t\t<\/div>\n\t\t\t\t<\/div>\n\t\t\t\t<\/div>\n\t\t\t\t<div class=\"elementor-element elementor-element-21d07b55 elementor-widget elementor-widget-theme-post-title elementor-page-title elementor-widget-heading\" data-id=\"21d07b55\" data-element_type=\"widget\" data-widget_type=\"theme-post-title.default\">\n\t\t\t\t<div class=\"elementor-widget-container\">\n\t\t\t<style>\/*! elementor - v3.12.0 - 29-03-2023 *\/\n.elementor-heading-title{padding:0;margin:0;line-height:1}.elementor-widget-heading .elementor-heading-title[class*=elementor-size-]>a{color:inherit;font-size:inherit;line-height:inherit}.elementor-widget-heading .elementor-heading-title.elementor-size-small{font-size:15px}.elementor-widget-heading .elementor-heading-title.elementor-size-medium{font-size:19px}.elementor-widget-heading .elementor-heading-title.elementor-size-large{font-size:29px}.elementor-widget-heading .elementor-heading-title.elementor-size-xl{font-size:39px}.elementor-widget-heading .elementor-heading-title.elementor-size-xxl{font-size:59px}<\/style><h1 class=\"elementor-heading-title elementor-size-default\">Anzcerta Australia y Nueva Zelanda<\/h1>\t\t<\/div>\n\t\t\t\t<\/div>\n\t\t\t\t<div class=\"elementor-element elementor-element-508fc4e8 elementor-widget elementor-widget-text-editor\" data-id=\"508fc4e8\" data-element_type=\"widget\" data-widget_type=\"text-editor.default\">\n\t\t\t\t<div class=\"elementor-widget-container\">\n\t\t\t<style>\/*! elementor - v3.12.0 - 29-03-2023 *\/\n.elementor-widget-text-editor.elementor-drop-cap-view-stacked .elementor-drop-cap{background-color:#69727d;color:#fff}.elementor-widget-text-editor.elementor-drop-cap-view-framed .elementor-drop-cap{color:#69727d;border:3px solid;background-color:transparent}.elementor-widget-text-editor:not(.elementor-drop-cap-view-default) .elementor-drop-cap{margin-top:8px}.elementor-widget-text-editor:not(.elementor-drop-cap-view-default) .elementor-drop-cap-letter{width:1em;height:1em}.elementor-widget-text-editor .elementor-drop-cap{float:left;text-align:center;line-height:1;font-size:50px}.elementor-widget-text-editor .elementor-drop-cap-letter{display:inline-block}<\/style>\t\t\t\t<p><!-- wp:paragraph --><\/p>\n<p style=\"line-height: var(--wp--typography--line-height, var(--global--line-height-body));\">Desde que Estados Unidos mostr\u00f3 inter\u00e9s en Ocean\u00eda para asociarse comercialmente con los pa\u00edses de la regi\u00f3n y enfrentar el expansionismo de China y sus aliados, Canad\u00e1 y M\u00e9xico aceptaron la oportunidad de participar en una alianza comercial promovida por Australia (AUS) y Nueva Zelanda o Zelandia (NZ).<\/p>\n<p style=\"line-height: var(--wp--typography--line-height, var(--global--line-height-body));\"><br><\/p>\n<p style=\"line-height: var(--wp--typography--line-height, var(--global--line-height-body));\">Algunos de los primeros aspectos a comentar son la denominaci\u00f3n y ubicaci\u00f3n de AUS y NZ.&nbsp;<\/p>\n<p style=\"line-height: var(--wp--typography--line-height, var(--global--line-height-body));\"><br><\/p>\n<p style=\"line-height: var(--wp--typography--line-height, var(--global--line-height-body));\">Existe un video en YouTube, grabado hace m\u00e1s de 11 a\u00f1os, donde David Letterman le pregunta al joven Justin Bieber acerca de cu\u00e1ntos continentes existen en la Tierra.<\/p>\n<p style=\"line-height: var(--wp--typography--line-height, var(--global--line-height-body));\"><br><\/p>\n<p style=\"line-height: var(--wp--typography--line-height, var(--global--line-height-body));\">A pesar de haber viajado a una gran cantidad de lugares, como este muchacho inici\u00f3 su carrera art\u00edstica muy joven, su educaci\u00f3n b\u00e1sica no fue tan completa como la de los dem\u00e1s, por lo cual no pudo proporcionar las respuestas correctas.<\/p>\n<p style=\"line-height: var(--wp--typography--line-height, var(--global--line-height-body));\"><br>Para muchos es claro que los mencionados pa\u00edses forman parte de Ocean\u00eda, junto con las dem\u00e1s islas de Polinesia y, al menos desde M\u00e9xico, est\u00e1n ubicadas en lugares sumamente distantes, inclusive, entre los boletos de avi\u00f3n m\u00e1s caros ofertados en M\u00e9xico son a dichos destinos, por encontrarse en la parte Oriente del hemisferio Sur. Valga decir, en su simbolog\u00eda las banderas de ambos pa\u00edses integran en su imagen las estrellas del Sur.<\/p>\n<p style=\"line-height: var(--wp--typography--line-height, var(--global--line-height-body));\"><br><\/p>\n<p style=\"line-height: var(--wp--typography--line-height, var(--global--line-height-body));\">\n<\/p><p style=\"line-height: var(--wp--typography--line-height, var(--global--line-height-body));\">\n<\/p><p style=\"line-height: var(--wp--typography--line-height, var(--global--line-height-body));\">\n<\/p><p style=\"line-height: var(--wp--typography--line-height, var(--global--line-height-body));\">Adem\u00e1s, resulta interesante escuchar que en el idioma ingl\u00e9s es m\u00e1s socorrido referirse a Ocean\u00eda como Continente Australiano,&nbsp;<span style=\"color: var( --e-global-color-text ); font-family: var( --e-global-typography-text-font-family ), Sans-serif; font-weight: var( --e-global-typography-text-font-weight ); font-size: var(--global--font-size-base);\">a pesar de que el&nbsp;<\/span><span style=\"color: var( --e-global-color-text ); font-family: var( --e-global-typography-text-font-family ), Sans-serif; font-weight: var( --e-global-typography-text-font-weight ); font-size: var(--global--font-size-base);\">mencionado no se limite a la isla m\u00e1s grande de la&nbsp;<\/span><span style=\"color: var( --e-global-color-text ); font-family: var( --e-global-typography-text-font-family ), Sans-serif; font-weight: var( --e-global-typography-text-font-weight ); font-size: var(--global--font-size-base);\">regi\u00f3n, incluso, se afirma: el referido continente&nbsp;<\/span><span style=\"color: var( --e-global-color-text ); font-family: var( --e-global-typography-text-font-family ), Sans-serif; font-weight: var( --e-global-typography-text-font-weight ); font-size: var(--global--font-size-base);\">est\u00e1 integrado por m\u00e1s de 2,000 islas del Pac\u00edfico Sur,&nbsp;<\/span>entre ellas las correspondientes a NZ y AUS.<\/p>\n<p style=\"line-height: var(--wp--typography--line-height, var(--global--line-height-body));\"><br><\/p>\n<p style=\"line-height: var(--wp--typography--line-height, var(--global--line-height-body));\">Resulta por dem\u00e1s interesante observar c\u00f3mo las calles y diversos lugares de AUS y NZ mantienen los nombres y denominaciones otorgados por los pueblos originarios, por ejemplo: Maungawhau, Rotorua, Taupo y Tongariro, s\u00f3lo por mencionar algunos; a pesar de que la poblaci\u00f3n nativa u originaria, o al menos los primeros pobladores, en ambos territorios es pr\u00e1cticamente nula. B\u00e1sicamente porque los ingleses mantuvieron una pol\u00edtica similar a la seguida en la colonizaci\u00f3n de Am\u00e9rica, consistente en no mezclarse con los pueblos originarios y, en cambio, aplicar una pol\u00edtica de extinci\u00f3n. Lo mismo sucedi\u00f3 en los referidos pa\u00edses integrantes del Commonwealth (Mancomunidad de Naciones), a diferencia de la pol\u00edtica seguida por los espa\u00f1oles en la invasi\u00f3n y conquista de diversos territorios, entre ellos, el de M\u00e9xico, donde la mezcla de razas es evidente.<\/p>\n<p style=\"line-height: var(--wp--typography--line-height, var(--global--line-height-body));\"><br><\/p>\n<p style=\"line-height: var(--wp--typography--line-height, var(--global--line-height-body));\">\n<\/p><p style=\"line-height: var(--wp--typography--line-height, var(--global--line-height-body));\">\n<\/p><p style=\"line-height: var(--wp--typography--line-height, var(--global--line-height-body));\">Las islas Norte y Sur integrantes de NZ carecen pr\u00e1cticamente de fauna end\u00e9mica, y la abundancia de aves y animales peque\u00f1os condujo a los conquistadores a integrar ganado ovino, bovino y caprino, as\u00ed como una gran variedad de plantas y \u00e1rboles, alterando el ecosistema e incluso destruyendo el existente, todo con el prop\u00f3sito de que el ganado, en sus diversas variedades, cuente con abundantes pastizales para su alimentaci\u00f3n. En el caso de las ovejas, donde al macho se le denomina carnero; o bien para referirse a ambos se emplea borrega(o); y tambi\u00e9n cordero, cuando se alude a la cr\u00eda de la oveja y tiene de uno a dos a\u00f1os.<\/p>\n<p style=\"line-height: var(--wp--typography--line-height, var(--global--line-height-body));\"><br>Al respecto, se afirma que las ovejas fueron introducidas alrededor de 1773 y 1777 por el explorador brit\u00e1nico James Cook:<\/p>\n<p style=\"line-height: var(--wp--typography--line-height, var(--global--line-height-body));\"><br><\/p>\n<p style=\"line-height: var(--wp--typography--line-height, var(--global--line-height-body));\">\n<\/p><p style=\"line-height: var(--wp--typography--line-height, var(--global--line-height-body));\">\n<\/p><p style=\"line-height: var(--wp--typography--line-height, var(--global--line-height-body));\">La ganader\u00eda ovina es una industria importante en Nueva Zelanda. Seg\u00fan las cifras de 2007 de la Organizaci\u00f3n de las Naciones Unidas para la Agricultura y la Alimentaci\u00f3n (FAO), hay 39 millones de ovejas en el pa\u00eds (un recuento de unas 10 por individuo). El pa\u00eds tiene la mayor densidad de ovejas por unidad de superficie del mundo. Durante 130 a\u00f1os, la ganader\u00eda ovina fue la industria agr\u00edcola m\u00e1s importante del pa\u00eds, pero en 1987 fue superada por la ganader\u00eda lechera.<\/p>\n<p style=\"line-height: var(--wp--typography--line-height, var(--global--line-height-body));\"><br><\/p>\n<p style=\"line-height: var(--wp--typography--line-height, var(--global--line-height-body));\">El n\u00famero de ovejas alcanz\u00f3 un m\u00e1ximo en Nueva Zelanda en 1982, con 70 millones, y luego descendi\u00f3 a unos 27,6 millones.<\/p>\n<p style=\"line-height: var(--wp--typography--line-height, var(--global--line-height-body));\"><br><\/p>\n<p style=\"line-height: var(--wp--typography--line-height, var(--global--line-height-body));\">\n<\/p><p style=\"line-height: var(--wp--typography--line-height, var(--global--line-height-body));\">\n<\/p><p style=\"line-height: var(--wp--typography--line-height, var(--global--line-height-body));\">\n<\/p><p style=\"line-height: var(--wp--typography--line-height, var(--global--line-height-body));\">Lo cierto es que, la poblaci\u00f3n ovina ha disminuido y se afirma: para junio de 2021 s\u00f3lo hab\u00eda aproximadamente 25.97 millones de ovejas frente a 5 \u0301112,000 de ciudadanos,&nbsp;<span style=\"color: var( --e-global-color-text ); font-family: var( --e-global-typography-text-font-family ), Sans-serif; font-weight: var( --e-global-typography-text-font-weight ); font-size: var(--global--font-size-base);\">es decir, un poco m\u00e1s de cinco&nbsp;<\/span>ovejas por cada habitante; con lo cual, independientemente de la famosa regla de: hay m\u00e1s ovejas que kiwis,&nbsp;<span style=\"font-weight: var( --e-global-typography-text-font-weight ); color: var( --e-global-color-text ); font-family: var( --e-global-typography-text-font-family ), Sans-serif; font-size: var(--global--font-size-base);\">como se les denomina a los&nbsp;<\/span>neozelandeses desde su participaci\u00f3n en la Primera Guerra Mundial, los principales exportadores de ovejas y sus derivados son: China,<\/p>\n<p style=\"line-height: var(--wp--typography--line-height, var(--global--line-height-body));\">Reino Unido y Estados Unidos.<\/p>\n<p style=\"line-height: var(--wp--typography--line-height, var(--global--line-height-body));\"><br><\/p>\n<p style=\"line-height: var(--wp--typography--line-height, var(--global--line-height-body));\">\n<\/p><p style=\"line-height: var(--wp--typography--line-height, var(--global--line-height-body));\">\n<\/p><p style=\"line-height: var(--wp--typography--line-height, var(--global--line-height-body));\">\n<\/p><p style=\"line-height: var(--wp--typography--line-height, var(--global--line-height-body));\">La poblaci\u00f3n en NZ est\u00e1 concentrada en unas cuantas ciudades como: Auckland11 (la m\u00e1s poblada de ambas islas), Christchurch, Hamilton, Napier, Rotorua, Queenstown y Wellington (capital del pa\u00eds, identificada como la ciudad del viento, por las fuentes corrientes). La referida concentraci\u00f3n podr\u00eda tener como finalidad, tal vez, la de contar con grandes extensiones territoriales para ser empleadas en la agricultura y actividades pecuarias. Existe una buena cantidad de ranchos y propiedades dedicadas al cultivo de la vid y la procreaci\u00f3n de venados, donde los l\u00edmites de las propiedades son resguardados con abundantes \u00e1rboles, formando la l\u00ednea divisoria entre una y otra propiedad.<\/p>\n<p style=\"line-height: var(--wp--typography--line-height, var(--global--line-height-body));\"><br><\/p>\n<p style=\"line-height: var(--wp--typography--line-height, var(--global--line-height-body));\">\n<\/p><p style=\"line-height: var(--wp--typography--line-height, var(--global--line-height-body));\">Otras prol\u00edferas extensiones son destinadas a la siembra de pinos y con\u00edferas en general, constituyendo as\u00ed una industria forestal, es decir, la producci\u00f3n de madera en grandes cantidades orientada para el consumo interno y para la exportaci\u00f3n. Valga decir, al igual que en Estados Unidos de Am\u00e9rica, la estructura de las casas es mediante su construcci\u00f3n con madera.<\/p>\n<p style=\"line-height: var(--wp--typography--line-height, var(--global--line-height-body));\"><br><\/p>\n<p style=\"line-height: var(--wp--typography--line-height, var(--global--line-height-body));\">Fotograf\u00edas tomadas en la Isla Norte de NZ: 1, 2 y 3 en el Parque Nacional de Tongariro; y la 4 en la ciudad portuaria de Napier.<\/p>\n<p style=\"line-height: var(--wp--typography--line-height, var(--global--line-height-body));\"><br><\/p>\n<p style=\"line-height: var(--wp--typography--line-height, var(--global--line-height-body));\">En el caso de AUS, la isla cuenta con una extensi\u00f3n de 7 \u0301741,200 km2, incluida la isla de Tasmania, y es considerada como el sexto pa\u00eds m\u00e1s grande del mundo. \u201cEs un pa\u00eds megadiverso, y su tama\u00f1o le confiere una gran variedad de paisajes y climas, con desiertos en el centro, selvas tropicales en el noreste y cordilleras en el sureste\u201d.<\/p>\n<p style=\"line-height: var(--wp--typography--line-height, var(--global--line-height-body));\"><br><\/p>\n<p style=\"line-height: var(--wp--typography--line-height, var(--global--line-height-body));\">\n<\/p><p style=\"line-height: var(--wp--typography--line-height, var(--global--line-height-body));\">La poblaci\u00f3n de casi 26 millones de habitantes,13 pr\u00e1cticamente 50% de hombres y 50% de mujeres, est\u00e1 concentrada en unas cu\u00e1ntas ciudades como son: Adelaide, Brisbane, Canberra (la capital, considerada la mejor planeada del mundo), Cairns, Melbourne, Perth y S\u00eddney, la m\u00e1s poblada con m\u00e1s de seis millones de personas.<\/p>\n<p style=\"line-height: var(--wp--typography--line-height, var(--global--line-height-body));\"><br><\/p>\n<p style=\"line-height: var(--wp--typography--line-height, var(--global--line-height-body));\">\n<\/p><p style=\"line-height: var(--wp--typography--line-height, var(--global--line-height-body));\">\n<\/p><p style=\"line-height: var(--wp--typography--line-height, var(--global--line-height-body));\">\n<\/p><p style=\"line-height: var(--wp--typography--line-height, var(--global--line-height-body));\">Aspectos de comercio internacional<\/p>\n<p style=\"line-height: var(--wp--typography--line-height, var(--global--line-height-body));\">\n<\/p><p style=\"line-height: var(--wp--typography--line-height, var(--global--line-height-body));\">\n<\/p><p style=\"line-height: var(--wp--typography--line-height, var(--global--line-height-body));\">\n<\/p><p style=\"line-height: var(--wp--typography--line-height, var(--global--line-height-body));\">En materia econ\u00f3mica, a partir de 1983 AUS y NZ resolvieron firmar un acuerdo de libre comercio e integrarse a trav\u00e9s del Australia \u2013 New Zealand Closer Economic Relations Trade Agreement (ANZCERTA).<\/p>\n<p style=\"line-height: var(--wp--typography--line-height, var(--global--line-height-body));\"><br><\/p>\n<p style=\"line-height: var(--wp--typography--line-height, var(--global--line-height-body));\">Acuerdo que en 2023 cumple cuarenta a\u00f1os de vigencia.<\/p>\n<p style=\"line-height: var(--wp--typography--line-height, var(--global--line-height-body));\"><br><\/p>\n<p style=\"line-height: var(--wp--typography--line-height, var(--global--line-height-body));\">Dicho acuerdo comprende el libre comercio de bienes, productos agr\u00edcolas y servicios. Los antecedentes de las relaciones comerciales entre ambas naciones se remontan a 1922, para despu\u00e9s suscribir un acuerdo comercial en 1933 y otro en 1966.15 AUS cuenta con m\u00e1s de una docena de acuerdos comerciales, entre los cuales se encuentran los bilaterales suscritos con: i) Singapur en 2003, ii) Estados Unidos en 2005, iii) Chile en 2009, iv) Malasia en 2013, v) Corea en 2014, vi) Jap\u00f3n en 2015, vii) China en 2015, viii) Per\u00fa en 2020 e ix) Indonesia en 2020.<\/p>\n<p style=\"line-height: var(--wp--typography--line-height, var(--global--line-height-body));\"><br><\/p>\n<p style=\"line-height: var(--wp--typography--line-height, var(--global--line-height-body));\">\n<\/p><p style=\"line-height: var(--wp--typography--line-height, var(--global--line-height-body));\">\n<\/p><p style=\"line-height: var(--wp--typography--line-height, var(--global--line-height-body));\">\n<\/p><p style=\"line-height: var(--wp--typography--line-height, var(--global--line-height-body));\">Entre los acuerdos plurilaterales est\u00e1n:<\/p>\n<p style=\"line-height: var(--wp--typography--line-height, var(--global--line-height-body));\"><br><\/p>\n<p style=\"line-height: var(--wp--typography--line-height, var(--global--line-height-body));\">\n<\/p><p style=\"line-height: var(--wp--typography--line-height, var(--global--line-height-body));\">\n<\/p><p style=\"line-height: var(--wp--typography--line-height, var(--global--line-height-body));\">\n<\/p><p style=\"line-height: var(--wp--typography--line-height, var(--global--line-height-body));\">X) ASEAN \u2013 Australia \u2013 New Zealand (AANZFTA) en 2010, en el cual participan una docena de pa\u00edses: AUS, Brunei, Burma, Cambodia, Filipinas, Indonesia, Laos, Malasia, NZ, Singapur, Tailandia y Vietnam.<\/p>\n<p style=\"line-height: var(--wp--typography--line-height, var(--global--line-height-body));\"><br><\/p>\n<p style=\"line-height: var(--wp--typography--line-height, var(--global--line-height-body));\">\n<\/p><p style=\"line-height: var(--wp--typography--line-height, var(--global--line-height-body));\">\n<\/p><p style=\"line-height: var(--wp--typography--line-height, var(--global--line-height-body));\">\n<\/p><p style=\"line-height: var(--wp--typography--line-height, var(--global--line-height-body));\">XI) Comprehensive and Progressive Agreement from Trans- Pacific Patnership (CPTPP) en 2018, formado por 11 pa\u00edses: AUS, Brunei, Canad\u00e1, Chile, Jap\u00f3n, Malasia, M\u00e9xico, NZ, Per\u00fa, Singapur y Vietnam, con respecto al cual, el 1 de febrero de 2021 el Reino Unido solicit\u00f3 su adici\u00f3n y est\u00e1 en negociaciones con los integrantes del<br>acuerdo para lograr su admisi\u00f3n.<\/p>\n<p style=\"line-height: var(--wp--typography--line-height, var(--global--line-height-body));\"><br><\/p>\n<p style=\"line-height: var(--wp--typography--line-height, var(--global--line-height-body));\">\n<\/p><p style=\"line-height: var(--wp--typography--line-height, var(--global--line-height-body));\">\n<\/p><p style=\"line-height: var(--wp--typography--line-height, var(--global--line-height-body));\">XII) Pacific Agreement on Closer Economic Relations (PACER) Plus en 2020, suscrito con los gobiernos de diversas islas del Pac\u00edfico Sur: AUS, Islas Cook, Islas Salom\u00f3n, Kiribati, Niue, Samoa, Tonga y Tuvalu.<\/p>\n<p style=\"line-height: var(--wp--typography--line-height, var(--global--line-height-body));\"><br><\/p>\n<p style=\"line-height: var(--wp--typography--line-height, var(--global--line-height-body));\">\n<\/p><p style=\"line-height: var(--wp--typography--line-height, var(--global--line-height-body));\">\n<\/p><p style=\"line-height: var(--wp--typography--line-height, var(--global--line-height-body));\">XIII) Regional Comprehensive Economic Partnership Agreement (RCEP) en 2022, integrado por una docena de pa\u00edses. AUS, Brunei, Cambodia, China, Corea, Jap\u00f3n, Laos, Malasia, NZ, Singapur, Tailandia y Vietnam.<\/p>\n<p style=\"line-height: var(--wp--typography--line-height, var(--global--line-height-body));\"><br><\/p>\n<p style=\"line-height: var(--wp--typography--line-height, var(--global--line-height-body));\">\n<\/p><p style=\"line-height: var(--wp--typography--line-height, var(--global--line-height-body));\">\n<\/p><p style=\"line-height: var(--wp--typography--line-height, var(--global--line-height-body));\">\n<\/p><p style=\"line-height: var(--wp--typography--line-height, var(--global--line-height-body));\">En particular, abundaremos en el CPTPP en el cual participa M\u00e9xico. Su denominaci\u00f3n en espa\u00f1ol es Tratado Integral y Progresista de Asociaci\u00f3n Transpac\u00edfico (TIPAT), el cual es sucesor del Trans Pacific Partnership (TPP, por sus siglas en ingl\u00e9s), en el cual intervino Estados Unidos, incluso lleg\u00f3 a suscribirlo en Auckland el 4 de febrero de 2016, bajo la presidencia de Barack Obama; pero antes de que los legisladores estadounidenses llegar\u00e1n a aprobarlo el 23 de enero de 2017, Donald Trump, en su primera semana de trabajo, retir\u00f3 a su pa\u00eds de dicho acuerdo.17 Motivo por el cual los pa\u00edses suscriptores hicieron diversas modificaciones al mismo, con respecto a las cl\u00e1usulas propuestas por dicho pa\u00eds, pero con la idea de mantener la posibilidad de un posible retorno de Estados Unidos.<\/p>\n<p style=\"line-height: var(--wp--typography--line-height, var(--global--line-height-body));\"><br><\/p>\n<p style=\"line-height: var(--wp--typography--line-height, var(--global--line-height-body));\">El TIPAT, como cualquier acuerdo comercial, requiere de la aprobaci\u00f3n de las legislaturas de cada pa\u00eds y posterior dep\u00f3sito en la secretar\u00eda correspondiente, para este tratado el depositario es NZ.<\/p>\n<p style=\"line-height: var(--wp--typography--line-height, var(--global--line-height-body));\"><br><\/p>\n<p style=\"line-height: var(--wp--typography--line-height, var(--global--line-height-body));\">\n<\/p><p style=\"line-height: var(--wp--typography--line-height, var(--global--line-height-body));\">En el caso de M\u00e9xico, el mencionado acuerdo fue aprobado por el Senado de la Rep\u00fablica el 23 de mayo de 2018 y posteriormente, el 29 de noviembre de ese mismo a\u00f1o, fue publicado en el Diario Oficial de la Federaci\u00f3n,19 raz\u00f3n por la cual, seg\u00fan el art\u00edculo transitorio \u00fanico del referido decreto, para M\u00e9xico, dicho tratado entr\u00f3 en vigor el 30 de diciembre de 2018, al igual que para AUS, Canad\u00e1, Jap\u00f3n, NZ y Singapur.<\/p>\n<p style=\"line-height: var(--wp--typography--line-height, var(--global--line-height-body));\"><br><\/p>\n<p style=\"line-height: var(--wp--typography--line-height, var(--global--line-height-body));\">\n<\/p><p style=\"line-height: var(--wp--typography--line-height, var(--global--line-height-body));\">\n<\/p><p style=\"line-height: var(--wp--typography--line-height, var(--global--line-height-body));\">\n<\/p><p style=\"line-height: var(--wp--typography--line-height, var(--global--line-height-body));\">As\u00ed, s\u00f3lo falta Brunei de completar la lista de los pa\u00edses suscriptores, aunque, valga decir, seg\u00fan cifras de la balanza de pagos, de comercio internacional de mercanc\u00edas no petroleras, provenientes del Banco de M\u00e9xico (BANXICO), de enero de 1993 a enero de 2001, el comercio con dicho pa\u00eds era pr\u00e1cticamente inexistente. De febrero de 2001 a noviembre de 2018 fue poco significativo y en diciembre de 2018 se registra la cifra mensual m\u00e1s alta en la balanza comercial favorable para M\u00e9xico con 1 \u0301642,000 d\u00f3lares.<\/p>\n<p style=\"line-height: var(--wp--typography--line-height, var(--global--line-height-body));\"><br><\/p>\n<p style=\"line-height: var(--wp--typography--line-height, var(--global--line-height-body));\">Donde, en el per\u00edodo comprendido de enero de 1993 a octubre de 2022 (per\u00edodo disponible a la fecha de elaboraci\u00f3n de este art\u00edculo), en t\u00e9rminos generales la balanza comercial ha sido favorable para M\u00e9xico.<\/p>\n<p style=\"line-height: var(--wp--typography--line-height, var(--global--line-height-body));\"><br><\/p>\n<p style=\"line-height: var(--wp--typography--line-height, var(--global--line-height-body));\">Por lo pronto, pa\u00edses como China, Costa Rica, Ecuador, Reino Unido, Taiw\u00e1n y Uruguay han mostrado inter\u00e9s en adherirse al TIPAT, 23 con lo cual se profundiza la importancia del tratado.<\/p>\n<p style=\"line-height: var(--wp--typography--line-height, var(--global--line-height-body));\"><br><\/p>\n<p style=\"line-height: var(--wp--typography--line-height, var(--global--line-height-body));\">Desde la firma del TPP, ahora TIPAT, diversos sectores manifestaron sus preocupaciones en relaci\u00f3n con diversos productos agr\u00edcolas e industriales, as\u00ed como con las empresas propiedad del Estado en algunos pa\u00edses, y con los eventuales beneficios que podr\u00eda traer la suscripci\u00f3n del mencionado tratado comercial. As\u00ed, por ejemplo, con cifras de BANXICO, la balanza comercial no petrolera, en el per\u00edodo comprendido de enero de 1993 a octubre de 2022, con pa\u00edses como Taiw\u00e1n y Vietnam ha sido consistentemente desfavorable para M\u00e9xico.<\/p><p style=\"line-height: var(--wp--typography--line-height, var(--global--line-height-body));\"><br><\/p>\n<p style=\"line-height: var(--wp--typography--line-height, var(--global--line-height-body));\">\n<\/p><p style=\"line-height: var(--wp--typography--line-height, var(--global--line-height-body));\">\n<\/p><p style=\"line-height: var(--wp--typography--line-height, var(--global--line-height-body));\">\n<\/p><p style=\"line-height: var(--wp--typography--line-height, var(--global--line-height-body));\">En el caso de Taiw\u00e1n, desde octubre de 2021 a octubre de 2022 ha sido mayor, cada mes, en m\u00e1s de mil millones de d\u00f3lares y la cifra m\u00e1s alta se registr\u00f3 en mayo de 2022, con -1,277 \u0301675,000 d\u00f3lares. Con respecto a Vietnam ha sucedido lo mismo, se mantiene en el mencionado per\u00edodo una balanza comercial deficitaria, pero de manera menos gravosa, donde la cantidad m\u00e1s elevada se observa en abril de 2022, con -1,006 \u0301047,000 d\u00f3lares y en los dem\u00e1s meses de 2021 y 2022 su resultado es por debajo de los mil millones de d\u00f3lares cada mes.<\/p><p style=\"line-height: var(--wp--typography--line-height, var(--global--line-height-body));\"><br><\/p>\n<p style=\"line-height: var(--wp--typography--line-height, var(--global--line-height-body));\">\n<\/p><p style=\"line-height: var(--wp--typography--line-height, var(--global--line-height-body));\">\n<\/p><p style=\"line-height: var(--wp--typography--line-height, var(--global--line-height-body));\">\n<\/p><p style=\"line-height: var(--wp--typography--line-height, var(--global--line-height-body));\">En relaci\u00f3n con AUS, con informaci\u00f3n de BANXICO, de enero de 1993 a febrero de 2013, la balanza comercial fue de manera consistente, desfavorable para M\u00e9xico y a partir de marzo de 2013 a octubre de 2022 se revirti\u00f3 esa tendencia; donde la cifra m\u00e1s alta favorable para M\u00e9xico sucedi\u00f3 en marzo de 2018 con 131 \u0301686,000 d\u00f3lares y de septiembre de 2020 a octubre de 2022 en ning\u00fan mes ha superado los 100 millones de d\u00f3lares y la m\u00e1s baja se observa en octubre de 2022 con 15\u2019605,000 de d\u00f3lares.<\/p>\n<p style=\"line-height: var(--wp--typography--line-height, var(--global--line-height-body));\">\n<\/p><p><!-- \/wp:paragraph --><\/p>\t\t\t\t\t\t<\/div>\n\t\t\t\t<\/div>\n\t\t\t\t<div class=\"elementor-element elementor-element-12bb124 elementor-widget elementor-widget-image\" data-id=\"12bb124\" data-element_type=\"widget\" data-widget_type=\"image.default\">\n\t\t\t\t<div class=\"elementor-widget-container\">\n\t\t\t\t\t\t\t\t\t\t\t\t\t\t\t<img loading=\"lazy\" decoding=\"async\" width=\"651\" height=\"356\" src=\"https:\/\/tlcmagazinemexico.com.mx\/wp-content\/uploads\/2023\/04\/Captura-de-pantalla-2023-04-05-153900.png\" class=\"attachment-large size-large wp-image-367\" alt=\"\" srcset=\"https:\/\/tlcmagazinemexico.com.mx\/wp-content\/uploads\/2023\/04\/Captura-de-pantalla-2023-04-05-153900.png 651w, https:\/\/tlcmagazinemexico.com.mx\/wp-content\/uploads\/2023\/04\/Captura-de-pantalla-2023-04-05-153900-300x164.png 300w\" sizes=\"auto, (max-width: 651px) 100vw, 651px\" style=\"width:100%;height:54.69%;max-width:651px\" \/>\t\t\t\t\t\t\t\t\t\t\t\t\t\t\t<\/div>\n\t\t\t\t<\/div>\n\t\t\t\t<div class=\"elementor-element elementor-element-46e2f91 elementor-widget elementor-widget-text-editor\" data-id=\"46e2f91\" data-element_type=\"widget\" data-widget_type=\"text-editor.default\">\n\t\t\t\t<div class=\"elementor-widget-container\">\n\t\t\t\t\t\t\t<p>En cuanto a NZ, seg\u00fan BANXICO, en el per\u00edodo comprendido de enero de 1993 a septiembre de 2022 y de manera persistente, aunque con subidas y bajadas, la balanza comercial de mercanc\u00edas no petroleras ha sido desfavorable para M\u00e9xico. La cifra m\u00e1s alta en el mencionado per\u00edodo fue en abril de 2008 con -64 \u0301041,000 d\u00f3lares y en los \u00faltimos tres a\u00f1os no super\u00f3 los 27 millones de d\u00f3lares. As\u00ed, por segunda ocasi\u00f3n, se observ\u00f3 una balanza comercial favorable a M\u00e9xico en octubre de 2022 con 2 \u0301437,000 d\u00f3lares.<\/p>\t\t\t\t\t\t<\/div>\n\t\t\t\t<\/div>\n\t\t\t\t<div class=\"elementor-element elementor-element-de96c47 elementor-widget elementor-widget-image\" data-id=\"de96c47\" data-element_type=\"widget\" data-widget_type=\"image.default\">\n\t\t\t\t<div class=\"elementor-widget-container\">\n\t\t\t\t\t\t\t\t\t\t\t\t\t\t\t<img loading=\"lazy\" decoding=\"async\" width=\"653\" height=\"363\" src=\"https:\/\/tlcmagazinemexico.com.mx\/wp-content\/uploads\/2023\/04\/Captura-de-pantalla-2023-04-05-155007.png\" class=\"attachment-large size-large wp-image-368\" alt=\"\" srcset=\"https:\/\/tlcmagazinemexico.com.mx\/wp-content\/uploads\/2023\/04\/Captura-de-pantalla-2023-04-05-155007.png 653w, https:\/\/tlcmagazinemexico.com.mx\/wp-content\/uploads\/2023\/04\/Captura-de-pantalla-2023-04-05-155007-300x167.png 300w\" sizes=\"auto, (max-width: 653px) 100vw, 653px\" style=\"width:100%;height:55.59%;max-width:653px\" \/>\t\t\t\t\t\t\t\t\t\t\t\t\t\t\t<\/div>\n\t\t\t\t<\/div>\n\t\t\t\t<div class=\"elementor-element elementor-element-4d46046 elementor-widget elementor-widget-text-editor\" data-id=\"4d46046\" data-element_type=\"widget\" data-widget_type=\"text-editor.default\">\n\t\t\t\t<div class=\"elementor-widget-container\">\n\t\t\t\t\t\t\t<p>Con lo expuesto, est\u00e1 claro que las tendencias observadas en el comportamiento de la balanza comercial de mercanc\u00edas no petroleras de M\u00e9xico con respecto a<br>ambos pa\u00edses, no refleja de alg\u00fan modo los presuntos beneficios del TIPAT, es decir, la balanza deficitaria con AUS se revirti\u00f3 mucho antes de que M\u00e9xico participara en las negociaciones del referido tratado y su entrada en vigor a partir de 2019 no refleja una tendencia de crecimiento o mejora en la referida balanza. En el caso de NZ, con o sin tratado comercial, la balanza comercial no es favorable para M\u00e9xico.<\/p>\n<p><br>Con lo anterior, puede concluirse: no es suficiente llevar a cabo negociaciones para la celebraci\u00f3n de un tratado comercial, firmarlo, obtener la aprobaci\u00f3n de<br>la legislatura correspondiente; adem\u00e1s se requiere de una actividad coordinada entre los sectores p\u00fablico y privado, para que en realidad un pa\u00eds logre los mejores y mayores beneficios de un tratado comercial.<\/p>\n<p><br><\/p>\n<p>Experiencia o resultados que no son nuevos y se repiten en los casos con la Uni\u00f3n Europea y Jap\u00f3n, raz\u00f3n por la cual, es de vital importancia fortalecer o reformular las pol\u00edticas, estrategias y acciones de los mencionados sectores para beneficio de los productores nacionales, lo cual redundar\u00e1 en un mayor empleo para los mexicano.<\/p>\t\t\t\t\t\t<\/div>\n\t\t\t\t<\/div>\n\t\t\t\t<div class=\"elementor-element elementor-element-78ca0d67 elementor-widget elementor-widget-image\" data-id=\"78ca0d67\" data-element_type=\"widget\" data-widget_type=\"image.default\">\n\t\t\t\t<div class=\"elementor-widget-container\">\n\t\t\t\t\t\t\t\t\t\t\t\t\t\t\t<img loading=\"lazy\" decoding=\"async\" width=\"750\" height=\"272\" src=\"https:\/\/tlcmagazinemexico.com.mx\/wp-content\/uploads\/2023\/04\/Semblanzas-E42_1-1024x372.png\" class=\"attachment-large size-large wp-image-375\" alt=\"\" srcset=\"https:\/\/tlcmagazinemexico.com.mx\/wp-content\/uploads\/2023\/04\/Semblanzas-E42_1-1024x372.png 1024w, https:\/\/tlcmagazinemexico.com.mx\/wp-content\/uploads\/2023\/04\/Semblanzas-E42_1-300x109.png 300w, https:\/\/tlcmagazinemexico.com.mx\/wp-content\/uploads\/2023\/04\/Semblanzas-E42_1-768x279.png 768w, https:\/\/tlcmagazinemexico.com.mx\/wp-content\/uploads\/2023\/04\/Semblanzas-E42_1.png 1311w\" sizes=\"auto, (max-width: 750px) 100vw, 750px\" style=\"width:100%;height:36.31%;max-width:1311px\" \/>\t\t\t\t\t\t\t\t\t\t\t\t\t\t\t<\/div>\n\t\t\t\t<\/div>\n\t\t\t\t<section class=\"elementor-section elementor-inner-section elementor-element elementor-element-5e8ef36d elementor-section-boxed elementor-section-height-default elementor-section-height-default\" data-id=\"5e8ef36d\" data-element_type=\"section\">\n\t\t\t\t\t\t<div class=\"elementor-container elementor-column-gap-default\">\n\t\t\t\t\t<div class=\"elementor-column elementor-col-50 elementor-inner-column elementor-element elementor-element-5726333f\" data-id=\"5726333f\" data-element_type=\"column\">\n\t\t\t<div class=\"elementor-widget-wrap elementor-element-populated\">\n\t\t\t\t\t\t\t\t<div class=\"elementor-element elementor-element-b8623af elementor-widget elementor-widget-heading\" data-id=\"b8623af\" data-element_type=\"widget\" data-widget_type=\"heading.default\">\n\t\t\t\t<div class=\"elementor-widget-container\">\n\t\t\t<h2 class=\"elementor-heading-title elementor-size-default\">Compartir <\/h2>\t\t<\/div>\n\t\t\t\t<\/div>\n\t\t\t\t\t<\/div>\n\t\t<\/div>\n\t\t\t\t<div class=\"elementor-column elementor-col-50 elementor-inner-column elementor-element elementor-element-30417546\" data-id=\"30417546\" data-element_type=\"column\">\n\t\t\t<div class=\"elementor-widget-wrap elementor-element-populated\">\n\t\t\t\t\t\t\t\t<div class=\"elementor-element elementor-element-3863e5b3 elementor-share-buttons--view-icon elementor-share-buttons--skin-flat elementor-share-buttons--align-right elementor-share-buttons--color-custom elementor-share-buttons-mobile--align-center elementor-share-buttons--shape-square elementor-grid-0 elementor-widget elementor-widget-share-buttons\" data-id=\"3863e5b3\" data-element_type=\"widget\" data-widget_type=\"share-buttons.default\">\n\t\t\t\t<div class=\"elementor-widget-container\">\n\t\t\t<link rel=\"stylesheet\" href=\"https:\/\/tlcmagazinemexico.com.mx\/wp-content\/plugins\/elementor-pro\/assets\/css\/widget-share-buttons.min.css\">\t\t<div class=\"elementor-grid\">\n\t\t\t\t\t\t\t\t<div class=\"elementor-grid-item\">\n\t\t\t\t\t\t<div\n\t\t\t\t\t\t\tclass=\"elementor-share-btn elementor-share-btn_facebook\"\n\t\t\t\t\t\t\trole=\"button\"\n\t\t\t\t\t\t\ttabindex=\"0\"\n\t\t\t\t\t\t\taria-label=\"Compartir en facebook\"\n\t\t\t\t\t\t>\n\t\t\t\t\t\t\t\t\t\t\t\t\t\t\t<span class=\"elementor-share-btn__icon\">\n\t\t\t\t\t\t\t\t<i class=\"fab fa-facebook\" aria-hidden=\"true\"><\/i>\t\t\t\t\t\t\t<\/span>\n\t\t\t\t\t\t\t\t\t\t\t\t\t\t\t\t\t\t\t\t<\/div>\n\t\t\t\t\t<\/div>\n\t\t\t\t\t\t\t\t\t<div class=\"elementor-grid-item\">\n\t\t\t\t\t\t<div\n\t\t\t\t\t\t\tclass=\"elementor-share-btn elementor-share-btn_linkedin\"\n\t\t\t\t\t\t\trole=\"button\"\n\t\t\t\t\t\t\ttabindex=\"0\"\n\t\t\t\t\t\t\taria-label=\"Compartir en linkedin\"\n\t\t\t\t\t\t>\n\t\t\t\t\t\t\t\t\t\t\t\t\t\t\t<span class=\"elementor-share-btn__icon\">\n\t\t\t\t\t\t\t\t<i class=\"fab fa-linkedin\" aria-hidden=\"true\"><\/i>\t\t\t\t\t\t\t<\/span>\n\t\t\t\t\t\t\t\t\t\t\t\t\t\t\t\t\t\t\t\t<\/div>\n\t\t\t\t\t<\/div>\n\t\t\t\t\t\t\t\t\t<div class=\"elementor-grid-item\">\n\t\t\t\t\t\t<div\n\t\t\t\t\t\t\tclass=\"elementor-share-btn elementor-share-btn_twitter\"\n\t\t\t\t\t\t\trole=\"button\"\n\t\t\t\t\t\t\ttabindex=\"0\"\n\t\t\t\t\t\t\taria-label=\"Compartir en twitter\"\n\t\t\t\t\t\t>\n\t\t\t\t\t\t\t\t\t\t\t\t\t\t\t<span class=\"elementor-share-btn__icon\">\n\t\t\t\t\t\t\t\t<i class=\"fab fa-twitter\" aria-hidden=\"true\"><\/i>\t\t\t\t\t\t\t<\/span>\n\t\t\t\t\t\t\t\t\t\t\t\t\t\t\t\t\t\t\t\t<\/div>\n\t\t\t\t\t<\/div>\n\t\t\t\t\t\t\t\t\t<div class=\"elementor-grid-item\">\n\t\t\t\t\t\t<div\n\t\t\t\t\t\t\tclass=\"elementor-share-btn elementor-share-btn_email\"\n\t\t\t\t\t\t\trole=\"button\"\n\t\t\t\t\t\t\ttabindex=\"0\"\n\t\t\t\t\t\t\taria-label=\"Compartir en email\"\n\t\t\t\t\t\t>\n\t\t\t\t\t\t\t\t\t\t\t\t\t\t\t<span class=\"elementor-share-btn__icon\">\n\t\t\t\t\t\t\t\t<i class=\"fas fa-envelope\" aria-hidden=\"true\"><\/i>\t\t\t\t\t\t\t<\/span>\n\t\t\t\t\t\t\t\t\t\t\t\t\t\t\t\t\t\t\t\t<\/div>\n\t\t\t\t\t<\/div>\n\t\t\t\t\t\t<\/div>\n\t\t\t\t<\/div>\n\t\t\t\t<\/div>\n\t\t\t\t\t<\/div>\n\t\t<\/div>\n\t\t\t\t\t\t\t<\/div>\n\t\t<\/section>\n\t\t\t\t\t<\/div>\n\t\t<\/div>\n\t\t\t\t<div class=\"elementor-column elementor-col-33 elementor-top-column elementor-element elementor-element-103bc775\" data-id=\"103bc775\" data-element_type=\"column\">\n\t\t\t<div class=\"elementor-widget-wrap\">\n\t\t\t\t\t\t\t\t\t<\/div>\n\t\t<\/div>\n\t\t\t\t<div class=\"elementor-column elementor-col-33 elementor-top-column elementor-element elementor-element-7a4ff6ac\" data-id=\"7a4ff6ac\" data-element_type=\"column\">\n\t\t\t<div class=\"elementor-widget-wrap elementor-element-populated\">\n\t\t\t\t\t\t\t\t<div class=\"elementor-element elementor-element-781777b6 elementor-grid-1 elementor-posts--align-center elementor-posts__hover-none elementor-widget__width-inherit elementor-absolute elementor-grid-tablet-2 elementor-grid-mobile-1 elementor-posts--thumbnail-top elementor-card-shadow-yes elementor-widget elementor-widget-posts\" data-id=\"781777b6\" data-element_type=\"widget\" data-settings=\"{&quot;cards_columns&quot;:&quot;1&quot;,&quot;cards_row_gap&quot;:{&quot;unit&quot;:&quot;px&quot;,&quot;size&quot;:&quot;30&quot;,&quot;sizes&quot;:[]},&quot;_position&quot;:&quot;absolute&quot;,&quot;cards_columns_tablet&quot;:&quot;2&quot;,&quot;cards_columns_mobile&quot;:&quot;1&quot;,&quot;cards_row_gap_tablet&quot;:{&quot;unit&quot;:&quot;px&quot;,&quot;size&quot;:&quot;&quot;,&quot;sizes&quot;:[]},&quot;cards_row_gap_mobile&quot;:{&quot;unit&quot;:&quot;px&quot;,&quot;size&quot;:&quot;&quot;,&quot;sizes&quot;:[]}}\" data-widget_type=\"posts.cards\">\n\t\t\t\t<div class=\"elementor-widget-container\">\n\t\t\t<link rel=\"stylesheet\" href=\"https:\/\/tlcmagazinemexico.com.mx\/wp-content\/plugins\/elementor-pro\/assets\/css\/widget-posts.min.css\">\t\t<div class=\"elementor-posts-container elementor-posts elementor-posts--skin-cards elementor-grid\">\n\t\t\t\t<article class=\"elementor-post elementor-grid-item post-437 post type-post status-publish format-standard has-post-thumbnail hentry category-edicion-42 entry\">\n\t\t\t<div class=\"elementor-post__card\">\n\t\t\t\t<a class=\"elementor-post__thumbnail__link\" href=\"https:\/\/tlcmagazinemexico.com.mx\/index.php\/2023\/04\/06\/relaciones-comerciales-entre-mexico-y-australia-importancia-y-trascendencia\/\" ><div class=\"elementor-post__thumbnail\"><img loading=\"lazy\" decoding=\"async\" width=\"939\" height=\"626\" src=\"https:\/\/tlcmagazinemexico.com.mx\/wp-content\/uploads\/2023\/04\/Portadas-42-Web-P2_Art.-8-1.png\" class=\"attachment-full size-full wp-image-439\" alt=\"\" srcset=\"https:\/\/tlcmagazinemexico.com.mx\/wp-content\/uploads\/2023\/04\/Portadas-42-Web-P2_Art.-8-1.png 939w, https:\/\/tlcmagazinemexico.com.mx\/wp-content\/uploads\/2023\/04\/Portadas-42-Web-P2_Art.-8-1-300x200.png 300w, https:\/\/tlcmagazinemexico.com.mx\/wp-content\/uploads\/2023\/04\/Portadas-42-Web-P2_Art.-8-1-768x512.png 768w\" sizes=\"auto, (max-width: 939px) 100vw, 939px\" style=\"width:100%;height:66.67%;max-width:939px;\" \/><\/div><\/a>\n\t\t\t\t<div class=\"elementor-post__text\">\n\t\t\t\t<h1 class=\"elementor-post__title\">\n\t\t\t<a href=\"https:\/\/tlcmagazinemexico.com.mx\/index.php\/2023\/04\/06\/relaciones-comerciales-entre-mexico-y-australia-importancia-y-trascendencia\/\" >\n\t\t\t\tRelaciones comerciales entre M\u00e9xico y Australia, importancia y trascendencia\t\t\t<\/a>\n\t\t<\/h1>\n\t\t\t\t<div class=\"elementor-post__excerpt\">\n\t\t\t<p>En el presente art\u00edculo se tendr\u00e1 la oportunidad de examinar la importancia de las relaciones comerciales que existen, entre M\u00e9xico y Australia, relaciones que en<\/p>\n\t\t<\/div>\n\t\t\n\t\t<a class=\"elementor-post__read-more\" href=\"https:\/\/tlcmagazinemexico.com.mx\/index.php\/2023\/04\/06\/relaciones-comerciales-entre-mexico-y-australia-importancia-y-trascendencia\/\" aria-label=\"Read more about Relaciones comerciales entre M\u00e9xico y Australia, importancia y trascendencia\" >\n\t\t\tLeer m\u00e1s \u00bb\t\t<\/a>\n\n\t\t\t\t<\/div>\n\t\t\t\t\t<\/div>\n\t\t<\/article>\n\t\t\t\t<article class=\"elementor-post elementor-grid-item post-427 post type-post status-publish format-standard has-post-thumbnail hentry category-edicion-42 entry\">\n\t\t\t<div class=\"elementor-post__card\">\n\t\t\t\t<a class=\"elementor-post__thumbnail__link\" href=\"https:\/\/tlcmagazinemexico.com.mx\/index.php\/2023\/04\/06\/las-relaciones-comerciales-entre-mexico-y-espana-importancia-y-trascendencia\/\" ><div class=\"elementor-post__thumbnail\"><img loading=\"lazy\" decoding=\"async\" width=\"939\" height=\"626\" src=\"https:\/\/tlcmagazinemexico.com.mx\/wp-content\/uploads\/2023\/04\/Portadas-42-Web-P2_Art.-7-1.png\" class=\"attachment-full size-full wp-image-428\" alt=\"\" srcset=\"https:\/\/tlcmagazinemexico.com.mx\/wp-content\/uploads\/2023\/04\/Portadas-42-Web-P2_Art.-7-1.png 939w, https:\/\/tlcmagazinemexico.com.mx\/wp-content\/uploads\/2023\/04\/Portadas-42-Web-P2_Art.-7-1-300x200.png 300w, https:\/\/tlcmagazinemexico.com.mx\/wp-content\/uploads\/2023\/04\/Portadas-42-Web-P2_Art.-7-1-768x512.png 768w\" sizes=\"auto, (max-width: 939px) 100vw, 939px\" style=\"width:100%;height:66.67%;max-width:939px;\" \/><\/div><\/a>\n\t\t\t\t<div class=\"elementor-post__text\">\n\t\t\t\t<h1 class=\"elementor-post__title\">\n\t\t\t<a href=\"https:\/\/tlcmagazinemexico.com.mx\/index.php\/2023\/04\/06\/las-relaciones-comerciales-entre-mexico-y-espana-importancia-y-trascendencia\/\" >\n\t\t\t\tLas relaciones comerciales entre M\u00e9xico y Espa\u00f1a, importancia y trascendencia\t\t\t<\/a>\n\t\t<\/h1>\n\t\t\t\t<div class=\"elementor-post__excerpt\">\n\t\t\t<p>Por medio del presente art\u00edculo, se tendr\u00e1 la oportunidad de examinar las relaciones comerciales existentes entre dos pa\u00edses en los cuales existen fuertes v\u00ednculos hist\u00f3ricos,<\/p>\n\t\t<\/div>\n\t\t\n\t\t<a class=\"elementor-post__read-more\" href=\"https:\/\/tlcmagazinemexico.com.mx\/index.php\/2023\/04\/06\/las-relaciones-comerciales-entre-mexico-y-espana-importancia-y-trascendencia\/\" aria-label=\"Read more about Las relaciones comerciales entre M\u00e9xico y Espa\u00f1a, importancia y trascendencia\" >\n\t\t\tLeer m\u00e1s \u00bb\t\t<\/a>\n\n\t\t\t\t<\/div>\n\t\t\t\t\t<\/div>\n\t\t<\/article>\n\t\t\t\t<article class=\"elementor-post elementor-grid-item post-420 post type-post status-publish format-standard has-post-thumbnail hentry category-edicion-42 entry\">\n\t\t\t<div class=\"elementor-post__card\">\n\t\t\t\t<a class=\"elementor-post__thumbnail__link\" href=\"https:\/\/tlcmagazinemexico.com.mx\/index.php\/2023\/04\/06\/oro-azul-el-motivo-de-guerra-para-el-proximo-siglo\/\" ><div class=\"elementor-post__thumbnail\"><img loading=\"lazy\" decoding=\"async\" width=\"939\" height=\"626\" src=\"https:\/\/tlcmagazinemexico.com.mx\/wp-content\/uploads\/2023\/04\/Portadas-42-Web-P2_Art.-6-1.png\" class=\"attachment-full size-full wp-image-422\" alt=\"\" srcset=\"https:\/\/tlcmagazinemexico.com.mx\/wp-content\/uploads\/2023\/04\/Portadas-42-Web-P2_Art.-6-1.png 939w, https:\/\/tlcmagazinemexico.com.mx\/wp-content\/uploads\/2023\/04\/Portadas-42-Web-P2_Art.-6-1-300x200.png 300w, https:\/\/tlcmagazinemexico.com.mx\/wp-content\/uploads\/2023\/04\/Portadas-42-Web-P2_Art.-6-1-768x512.png 768w\" sizes=\"auto, (max-width: 939px) 100vw, 939px\" style=\"width:100%;height:66.67%;max-width:939px;\" \/><\/div><\/a>\n\t\t\t\t<div class=\"elementor-post__text\">\n\t\t\t\t<h1 class=\"elementor-post__title\">\n\t\t\t<a href=\"https:\/\/tlcmagazinemexico.com.mx\/index.php\/2023\/04\/06\/oro-azul-el-motivo-de-guerra-para-el-proximo-siglo\/\" >\n\t\t\t\tOro azul: El motivo de guerra para el pr\u00f3ximo siglo\t\t\t<\/a>\n\t\t<\/h1>\n\t\t\t\t<div class=\"elementor-post__excerpt\">\n\t\t\t<p>Me referir\u00e9 en esta ocasi\u00f3n al oro azul como recurso natural: el agua, debido al alto valor que mantiene actualmente y su similitud al mismo<\/p>\n\t\t<\/div>\n\t\t\n\t\t<a class=\"elementor-post__read-more\" href=\"https:\/\/tlcmagazinemexico.com.mx\/index.php\/2023\/04\/06\/oro-azul-el-motivo-de-guerra-para-el-proximo-siglo\/\" aria-label=\"Read more about Oro azul: El motivo de guerra para el pr\u00f3ximo siglo\" >\n\t\t\tLeer m\u00e1s \u00bb\t\t<\/a>\n\n\t\t\t\t<\/div>\n\t\t\t\t\t<\/div>\n\t\t<\/article>\n\t\t\t\t<article class=\"elementor-post elementor-grid-item post-403 post type-post status-publish format-standard has-post-thumbnail hentry category-edicion-42 entry\">\n\t\t\t<div class=\"elementor-post__card\">\n\t\t\t\t<a class=\"elementor-post__thumbnail__link\" href=\"https:\/\/tlcmagazinemexico.com.mx\/index.php\/2023\/04\/05\/el-manejo-del-riesgo-en-elcomercio-internacional\/\" ><div class=\"elementor-post__thumbnail\"><img loading=\"lazy\" decoding=\"async\" width=\"939\" height=\"626\" src=\"https:\/\/tlcmagazinemexico.com.mx\/wp-content\/uploads\/2023\/04\/Portadas-42-Web_Art.-4-1.png\" class=\"attachment-full size-full wp-image-404\" alt=\"\" srcset=\"https:\/\/tlcmagazinemexico.com.mx\/wp-content\/uploads\/2023\/04\/Portadas-42-Web_Art.-4-1.png 939w, https:\/\/tlcmagazinemexico.com.mx\/wp-content\/uploads\/2023\/04\/Portadas-42-Web_Art.-4-1-300x200.png 300w, https:\/\/tlcmagazinemexico.com.mx\/wp-content\/uploads\/2023\/04\/Portadas-42-Web_Art.-4-1-768x512.png 768w\" sizes=\"auto, (max-width: 939px) 100vw, 939px\" style=\"width:100%;height:66.67%;max-width:939px;\" \/><\/div><\/a>\n\t\t\t\t<div class=\"elementor-post__text\">\n\t\t\t\t<h1 class=\"elementor-post__title\">\n\t\t\t<a href=\"https:\/\/tlcmagazinemexico.com.mx\/index.php\/2023\/04\/05\/el-manejo-del-riesgo-en-elcomercio-internacional\/\" >\n\t\t\t\tEl manejo del riesgo en el comercio internacional\t\t\t<\/a>\n\t\t<\/h1>\n\t\t\t\t<div class=\"elementor-post__excerpt\">\n\t\t\t<p>En el mundo de los negocios el RIESGO es un elemento siempre presente. No es posible, y tal vez ni siquiera deseable \u201chuir\u201d de este.<\/p>\n\t\t<\/div>\n\t\t\n\t\t<a class=\"elementor-post__read-more\" href=\"https:\/\/tlcmagazinemexico.com.mx\/index.php\/2023\/04\/05\/el-manejo-del-riesgo-en-elcomercio-internacional\/\" aria-label=\"Read more about El manejo del riesgo en el comercio internacional\" >\n\t\t\tLeer m\u00e1s \u00bb\t\t<\/a>\n\n\t\t\t\t<\/div>\n\t\t\t\t\t<\/div>\n\t\t<\/article>\n\t\t\t\t<article class=\"elementor-post elementor-grid-item post-393 post type-post status-publish format-standard has-post-thumbnail hentry category-edicion-42 entry\">\n\t\t\t<div class=\"elementor-post__card\">\n\t\t\t\t<a class=\"elementor-post__thumbnail__link\" href=\"https:\/\/tlcmagazinemexico.com.mx\/index.php\/2023\/04\/05\/oportunidades-que-favorecen-el-desarrollo-del-comercio-internacional-en-mexico\/\" ><div class=\"elementor-post__thumbnail\"><img loading=\"lazy\" decoding=\"async\" width=\"939\" height=\"626\" src=\"https:\/\/tlcmagazinemexico.com.mx\/wp-content\/uploads\/2023\/04\/Portadas-42-Web_Art.-3-1.png\" class=\"attachment-full size-full wp-image-394\" alt=\"\" srcset=\"https:\/\/tlcmagazinemexico.com.mx\/wp-content\/uploads\/2023\/04\/Portadas-42-Web_Art.-3-1.png 939w, https:\/\/tlcmagazinemexico.com.mx\/wp-content\/uploads\/2023\/04\/Portadas-42-Web_Art.-3-1-300x200.png 300w, https:\/\/tlcmagazinemexico.com.mx\/wp-content\/uploads\/2023\/04\/Portadas-42-Web_Art.-3-1-768x512.png 768w\" sizes=\"auto, (max-width: 939px) 100vw, 939px\" style=\"width:100%;height:66.67%;max-width:939px;\" \/><\/div><\/a>\n\t\t\t\t<div class=\"elementor-post__text\">\n\t\t\t\t<h1 class=\"elementor-post__title\">\n\t\t\t<a href=\"https:\/\/tlcmagazinemexico.com.mx\/index.php\/2023\/04\/05\/oportunidades-que-favorecen-el-desarrollo-del-comercio-internacional-en-mexico\/\" >\n\t\t\t\tOportunidades que favorecen el desarrollo del Comercio Internacional en M\u00e9xico\t\t\t<\/a>\n\t\t<\/h1>\n\t\t\t\t<div class=\"elementor-post__excerpt\">\n\t\t\t<p>M\u00e9xico es un pa\u00eds atractivo para la inversi\u00f3n extranjera debido a su posici\u00f3n estrat\u00e9gica y su poblaci\u00f3n joven, adem\u00e1s de que somos un pa\u00eds consumista<\/p>\n\t\t<\/div>\n\t\t\n\t\t<a class=\"elementor-post__read-more\" href=\"https:\/\/tlcmagazinemexico.com.mx\/index.php\/2023\/04\/05\/oportunidades-que-favorecen-el-desarrollo-del-comercio-internacional-en-mexico\/\" aria-label=\"Read more about Oportunidades que favorecen el desarrollo del Comercio Internacional en M\u00e9xico\" >\n\t\t\tLeer m\u00e1s \u00bb\t\t<\/a>\n\n\t\t\t\t<\/div>\n\t\t\t\t\t<\/div>\n\t\t<\/article>\n\t\t\t\t<article class=\"elementor-post elementor-grid-item post-379 post type-post status-publish format-standard has-post-thumbnail hentry category-edicion-42 entry\">\n\t\t\t<div class=\"elementor-post__card\">\n\t\t\t\t<a class=\"elementor-post__thumbnail__link\" href=\"https:\/\/tlcmagazinemexico.com.mx\/index.php\/2023\/04\/05\/cumplimiento-de-las-disposiciones-aduaneras-en-el-dictamen-fiscal\/\" ><div class=\"elementor-post__thumbnail\"><img loading=\"lazy\" decoding=\"async\" width=\"939\" height=\"626\" src=\"https:\/\/tlcmagazinemexico.com.mx\/wp-content\/uploads\/2023\/04\/Portadas-42-Web_Art.-2-1.png\" class=\"attachment-full size-full wp-image-380\" alt=\"\" srcset=\"https:\/\/tlcmagazinemexico.com.mx\/wp-content\/uploads\/2023\/04\/Portadas-42-Web_Art.-2-1.png 939w, https:\/\/tlcmagazinemexico.com.mx\/wp-content\/uploads\/2023\/04\/Portadas-42-Web_Art.-2-1-300x200.png 300w, https:\/\/tlcmagazinemexico.com.mx\/wp-content\/uploads\/2023\/04\/Portadas-42-Web_Art.-2-1-768x512.png 768w\" sizes=\"auto, (max-width: 939px) 100vw, 939px\" style=\"width:100%;height:66.67%;max-width:939px;\" \/><\/div><\/a>\n\t\t\t\t<div class=\"elementor-post__text\">\n\t\t\t\t<h1 class=\"elementor-post__title\">\n\t\t\t<a href=\"https:\/\/tlcmagazinemexico.com.mx\/index.php\/2023\/04\/05\/cumplimiento-de-las-disposiciones-aduaneras-en-el-dictamen-fiscal\/\" >\n\t\t\t\tCumplimiento de las disposiciones aduaneras en el Dictamen Fiscal\t\t\t<\/a>\n\t\t<\/h1>\n\t\t\t\t<div class=\"elementor-post__excerpt\">\n\t\t\t<p>En el a\u00f1o 2023 se aplicar\u00e1n cambios relevantes en materia de presentaci\u00f3n de los \u201cdict\u00e1menes de los estados financieros\u201d, los cuales tienen relaci\u00f3n con la<\/p>\n\t\t<\/div>\n\t\t\n\t\t<a class=\"elementor-post__read-more\" href=\"https:\/\/tlcmagazinemexico.com.mx\/index.php\/2023\/04\/05\/cumplimiento-de-las-disposiciones-aduaneras-en-el-dictamen-fiscal\/\" aria-label=\"Read more about Cumplimiento de las disposiciones aduaneras en el Dictamen Fiscal\" >\n\t\t\tLeer m\u00e1s \u00bb\t\t<\/a>\n\n\t\t\t\t<\/div>\n\t\t\t\t\t<\/div>\n\t\t<\/article>\n\t\t\t\t<article class=\"elementor-post elementor-grid-item post-364 post type-post status-publish format-standard has-post-thumbnail hentry category-edicion-42 entry\">\n\t\t\t<div class=\"elementor-post__card\">\n\t\t\t\t<a class=\"elementor-post__thumbnail__link\" href=\"https:\/\/tlcmagazinemexico.com.mx\/index.php\/2023\/04\/05\/anzcerta-australia-y-nueva-zelanda\/\" ><div class=\"elementor-post__thumbnail\"><img loading=\"lazy\" decoding=\"async\" width=\"939\" height=\"626\" src=\"https:\/\/tlcmagazinemexico.com.mx\/wp-content\/uploads\/2023\/04\/Portadas-42-Web_Art.-1-1.png\" class=\"attachment-full size-full wp-image-365\" alt=\"\" srcset=\"https:\/\/tlcmagazinemexico.com.mx\/wp-content\/uploads\/2023\/04\/Portadas-42-Web_Art.-1-1.png 939w, https:\/\/tlcmagazinemexico.com.mx\/wp-content\/uploads\/2023\/04\/Portadas-42-Web_Art.-1-1-300x200.png 300w, https:\/\/tlcmagazinemexico.com.mx\/wp-content\/uploads\/2023\/04\/Portadas-42-Web_Art.-1-1-768x512.png 768w\" sizes=\"auto, (max-width: 939px) 100vw, 939px\" style=\"width:100%;height:66.67%;max-width:939px;\" \/><\/div><\/a>\n\t\t\t\t<div class=\"elementor-post__text\">\n\t\t\t\t<h1 class=\"elementor-post__title\">\n\t\t\t<a href=\"https:\/\/tlcmagazinemexico.com.mx\/index.php\/2023\/04\/05\/anzcerta-australia-y-nueva-zelanda\/\" >\n\t\t\t\tAnzcerta Australia y Nueva Zelanda\t\t\t<\/a>\n\t\t<\/h1>\n\t\t\t\t<div class=\"elementor-post__excerpt\">\n\t\t\t<p>Desde que Estados Unidos mostr\u00f3 inter\u00e9s en Ocean\u00eda para asociarse comercialmente con los pa\u00edses de la regi\u00f3n y enfrentar el expansionismo de China y sus<\/p>\n\t\t<\/div>\n\t\t\n\t\t<a class=\"elementor-post__read-more\" href=\"https:\/\/tlcmagazinemexico.com.mx\/index.php\/2023\/04\/05\/anzcerta-australia-y-nueva-zelanda\/\" aria-label=\"Read more about Anzcerta Australia y Nueva Zelanda\" >\n\t\t\tLeer m\u00e1s \u00bb\t\t<\/a>\n\n\t\t\t\t<\/div>\n\t\t\t\t\t<\/div>\n\t\t<\/article>\n\t\t\t\t<\/div>\n\t\t\n\t\t\t\t<\/div>\n\t\t\t\t<\/div>\n\t\t\t\t\t<\/div>\n\t\t<\/div>\n\t\t\t\t\t\t\t<\/div>\n\t\t<\/section>\n\t\t\t\t\t\t\t<\/div>\n\t\t","protected":false},"excerpt":{"rendered":"<p>Desde que Estados Unidos mostr\u00f3 inter\u00e9s en Ocean\u00eda para asociarse comercialmente con los pa\u00edses de la regi\u00f3n y enfrentar el expansionismo de China y sus aliados, Canad\u00e1 y M\u00e9xico aceptaron la oportunidad de participar en una alianza comercial promovida por Australia (AUS) y Nueva Zelanda o Zelandia (NZ). Algunos de los primeros aspectos a comentar&hellip; <a class=\"more-link\" href=\"https:\/\/tlcmagazinemexico.com.mx\/index.php\/2023\/04\/05\/anzcerta-australia-y-nueva-zelanda\/\">Seguir leyendo <span class=\"screen-reader-text\">Anzcerta Australia y Nueva Zelanda<\/span><\/a><\/p>\n","protected":false},"author":3,"featured_media":365,"comment_status":"open","ping_status":"open","sticky":false,"template":"elementor_header_footer","format":"standard","meta":{"_monsterinsights_skip_tracking":false,"_monsterinsights_sitenote_active":false,"_monsterinsights_sitenote_note":"","_monsterinsights_sitenote_category":0,"footnotes":""},"categories":[8],"tags":[],"class_list":["post-364","post","type-post","status-publish","format-standard","has-post-thumbnail","hentry","category-edicion-42","entry"],"views":2867,"_links":{"self":[{"href":"https:\/\/tlcmagazinemexico.com.mx\/index.php\/wp-json\/wp\/v2\/posts\/364","targetHints":{"allow":["GET"]}}],"collection":[{"href":"https:\/\/tlcmagazinemexico.com.mx\/index.php\/wp-json\/wp\/v2\/posts"}],"about":[{"href":"https:\/\/tlcmagazinemexico.com.mx\/index.php\/wp-json\/wp\/v2\/types\/post"}],"author":[{"embeddable":true,"href":"https:\/\/tlcmagazinemexico.com.mx\/index.php\/wp-json\/wp\/v2\/users\/3"}],"replies":[{"embeddable":true,"href":"https:\/\/tlcmagazinemexico.com.mx\/index.php\/wp-json\/wp\/v2\/comments?post=364"}],"version-history":[{"count":5,"href":"https:\/\/tlcmagazinemexico.com.mx\/index.php\/wp-json\/wp\/v2\/posts\/364\/revisions"}],"predecessor-version":[{"id":391,"href":"https:\/\/tlcmagazinemexico.com.mx\/index.php\/wp-json\/wp\/v2\/posts\/364\/revisions\/391"}],"wp:featuredmedia":[{"embeddable":true,"href":"https:\/\/tlcmagazinemexico.com.mx\/index.php\/wp-json\/wp\/v2\/media\/365"}],"wp:attachment":[{"href":"https:\/\/tlcmagazinemexico.com.mx\/index.php\/wp-json\/wp\/v2\/media?parent=364"}],"wp:term":[{"taxonomy":"category","embeddable":true,"href":"https:\/\/tlcmagazinemexico.com.mx\/index.php\/wp-json\/wp\/v2\/categories?post=364"},{"taxonomy":"post_tag","embeddable":true,"href":"https:\/\/tlcmagazinemexico.com.mx\/index.php\/wp-json\/wp\/v2\/tags?post=364"}],"curies":[{"name":"wp","href":"https:\/\/api.w.org\/{rel}","templated":true}]}}