{"id":2502,"date":"2023-06-27T20:18:59","date_gmt":"2023-06-27T20:18:59","guid":{"rendered":"https:\/\/tlcmagazinemexico.com.mx\/?p=2502"},"modified":"2023-06-27T20:35:29","modified_gmt":"2023-06-27T20:35:29","slug":"mexico-con-45-nuevos-pueblos-magicos","status":"publish","type":"post","link":"https:\/\/tlcmagazinemexico.com.mx\/index.php\/2023\/06\/27\/mexico-con-45-nuevos-pueblos-magicos\/","title":{"rendered":"M\u00e9xico con 45 nuevos Pueblos M\u00e1gicos"},"content":{"rendered":"\t\t<div data-elementor-type=\"wp-post\" data-elementor-id=\"2502\" class=\"elementor elementor-2502\">\n\t\t\t\t\t\t\t\t\t<section class=\"elementor-section elementor-top-section elementor-element elementor-element-757e6838 elementor-section-boxed elementor-section-height-default elementor-section-height-default\" data-id=\"757e6838\" data-element_type=\"section\">\n\t\t\t\t\t\t<div class=\"elementor-container elementor-column-gap-default\">\n\t\t\t\t\t<div class=\"elementor-column elementor-col-33 elementor-top-column elementor-element elementor-element-67fd5dd4\" data-id=\"67fd5dd4\" data-element_type=\"column\">\n\t\t\t<div class=\"elementor-widget-wrap elementor-element-populated\">\n\t\t\t\t\t\t\t\t<div class=\"elementor-element elementor-element-4ff01b38 elementor-widget elementor-widget-theme-post-featured-image elementor-widget-image\" data-id=\"4ff01b38\" data-element_type=\"widget\" data-widget_type=\"theme-post-featured-image.default\">\n\t\t\t\t<div class=\"elementor-widget-container\">\n\t\t\t<style>\/*! elementor - v3.12.0 - 29-03-2023 *\/\n.elementor-widget-image{text-align:center}.elementor-widget-image a{display:inline-block}.elementor-widget-image a img[src$=\".svg\"]{width:48px}.elementor-widget-image img{vertical-align:middle;display:inline-block}<\/style>\t\t\t\t\t\t\t\t\t\t\t\t<img loading=\"lazy\" decoding=\"async\" width=\"750\" height=\"500\" src=\"https:\/\/tlcmagazinemexico.com.mx\/wp-content\/uploads\/2023\/04\/51g.png\" class=\"attachment-large size-large wp-image-1095\" alt=\"\" srcset=\"https:\/\/tlcmagazinemexico.com.mx\/wp-content\/uploads\/2023\/04\/51g.png 900w, https:\/\/tlcmagazinemexico.com.mx\/wp-content\/uploads\/2023\/04\/51g-300x200.png 300w, https:\/\/tlcmagazinemexico.com.mx\/wp-content\/uploads\/2023\/04\/51g-768x512.png 768w\" sizes=\"auto, (max-width: 750px) 100vw, 750px\" style=\"width:100%;height:66.67%;max-width:900px\" \/>\t\t\t\t\t\t\t\t\t\t\t\t\t\t\t<\/div>\n\t\t\t\t<\/div>\n\t\t\t\t<div class=\"elementor-element elementor-element-7b2082a5 elementor-widget elementor-widget-spacer\" data-id=\"7b2082a5\" data-element_type=\"widget\" data-widget_type=\"spacer.default\">\n\t\t\t\t<div class=\"elementor-widget-container\">\n\t\t\t<style>\/*! elementor - v3.12.0 - 29-03-2023 *\/\n.elementor-column .elementor-spacer-inner{height:var(--spacer-size)}.e-con{--container-widget-width:100%}.e-con-inner>.elementor-widget-spacer,.e-con>.elementor-widget-spacer{width:var(--container-widget-width,var(--spacer-size));--align-self:var(--container-widget-align-self,initial);--flex-shrink:0}.e-con-inner>.elementor-widget-spacer>.elementor-widget-container,.e-con-inner>.elementor-widget-spacer>.elementor-widget-container>.elementor-spacer,.e-con>.elementor-widget-spacer>.elementor-widget-container,.e-con>.elementor-widget-spacer>.elementor-widget-container>.elementor-spacer{height:100%}.e-con-inner>.elementor-widget-spacer>.elementor-widget-container>.elementor-spacer>.elementor-spacer-inner,.e-con>.elementor-widget-spacer>.elementor-widget-container>.elementor-spacer>.elementor-spacer-inner{height:var(--container-widget-height,var(--spacer-size))}<\/style>\t\t<div class=\"elementor-spacer\">\n\t\t\t<div class=\"elementor-spacer-inner\"><\/div>\n\t\t<\/div>\n\t\t\t\t<\/div>\n\t\t\t\t<\/div>\n\t\t\t\t<div class=\"elementor-element elementor-element-58710637 elementor-widget elementor-widget-theme-post-title elementor-page-title elementor-widget-heading\" data-id=\"58710637\" data-element_type=\"widget\" data-widget_type=\"theme-post-title.default\">\n\t\t\t\t<div class=\"elementor-widget-container\">\n\t\t\t<style>\/*! elementor - v3.12.0 - 29-03-2023 *\/\n.elementor-heading-title{padding:0;margin:0;line-height:1}.elementor-widget-heading .elementor-heading-title[class*=elementor-size-]>a{color:inherit;font-size:inherit;line-height:inherit}.elementor-widget-heading .elementor-heading-title.elementor-size-small{font-size:15px}.elementor-widget-heading .elementor-heading-title.elementor-size-medium{font-size:19px}.elementor-widget-heading .elementor-heading-title.elementor-size-large{font-size:29px}.elementor-widget-heading .elementor-heading-title.elementor-size-xl{font-size:39px}.elementor-widget-heading .elementor-heading-title.elementor-size-xxl{font-size:59px}<\/style><h1 class=\"elementor-heading-title elementor-size-default\">M\u00e9xico con 45 nuevos Pueblos M\u00e1gicos<\/h1>\t\t<\/div>\n\t\t\t\t<\/div>\n\t\t\t\t<div class=\"elementor-element elementor-element-1f6c03c1 elementor-widget elementor-widget-text-editor\" data-id=\"1f6c03c1\" data-element_type=\"widget\" data-widget_type=\"text-editor.default\">\n\t\t\t\t<div class=\"elementor-widget-container\">\n\t\t\t<style>\/*! elementor - v3.12.0 - 29-03-2023 *\/\n.elementor-widget-text-editor.elementor-drop-cap-view-stacked .elementor-drop-cap{background-color:#69727d;color:#fff}.elementor-widget-text-editor.elementor-drop-cap-view-framed .elementor-drop-cap{color:#69727d;border:3px solid;background-color:transparent}.elementor-widget-text-editor:not(.elementor-drop-cap-view-default) .elementor-drop-cap{margin-top:8px}.elementor-widget-text-editor:not(.elementor-drop-cap-view-default) .elementor-drop-cap-letter{width:1em;height:1em}.elementor-widget-text-editor .elementor-drop-cap{float:left;text-align:center;line-height:1;font-size:50px}.elementor-widget-text-editor .elementor-drop-cap-letter{display:inline-block}<\/style>\t\t\t\t<p><!-- wp:paragraph --><\/p>\n<p>El secretario de Turismo, Miguel Torruco, destac\u00f3 que M\u00e9xico ahora cuenta con 177 Pueblos M\u00e1gicos, destinos que, por sus caracter\u00edsticas de naturaleza, vida comunitaria, costumbres y tradiciones, son preferidos por visitantes nacionales y extranjeros de todo el mundo.<\/p><p><br>Asever\u00f3 que la marca \u201cPueblos M\u00e1gicos\u201d, implica un incremento anual del 8% del Valor Agregado Censal Bruto del destino acreedor del nombramiento y aunado a ello, Sectur seguir\u00e1 impulsando a estos destinos, a trav\u00e9s de la iniciativa \u201cRutas M\u00e1gicas de Color\u201d.<\/p><p><br>Enfatiz\u00f3 que se redoblar\u00e1n esfuerzos para promover su patrimonio tur\u00edstico a trav\u00e9s del Tianguis Internacional de Pueblos M\u00e1gicos, el Tianguis de Pueblos M\u00e1gicos y el tradicional Tianguis Tur\u00edstico M\u00e9xico.<\/p><p><br>Acompa\u00f1ado del presidente de la Asociaci\u00f3n de Secretarios de Turismo (Asetur), y secretario de Turismo de Nayarit, Juan Enrique Su\u00e1rez del Real Tostado, el titular de la Secretar\u00eda de Turismo (Sectur) destac\u00f3 que M\u00e9xico ahora cuenta con 177 Pueblos M\u00e1gicos, destinos que, por sus caracter\u00edsticas de naturaleza, vida comunitaria, costumbres y tradiciones, son preferidos por visitantes nacionales y extranjeros de todo el mundo.<\/p><p><br><\/p>\n<p>Indic\u00f3 que en la \u201cConvocatoria para el Nombramiento de Pueblos M\u00e1gicos, 2023\u201d, vigente del 8 de mayo al 2 de junio, se recibieron 123 solicitudes de 27 estados, de las cuales, 87 contaban con expediente completo, y 45 cumplieron con los requisitos, es decir 37% del total.<\/p><p><br><\/p>\n<p>\u201cEste es un d\u00eda muy significativo para la actividad tur\u00edstica de M\u00e9xico, porque nuevos Pueblos M\u00e1gicos se incorporan a nuestra vasta oferta tur\u00edstica, ampli\u00e1ndola y diversific\u00e1ndola. Con su riqueza natural, cultural y gastron\u00f3mica, ser\u00e1n desde hoy importantes motivadores de viaje, que atraer\u00e1n mayores flujos tur\u00edsticos y, en consecuencia, incrementar\u00e1n la derrama econ\u00f3mica, la inversi\u00f3n y el empleo, en beneficio de nuestras poblaciones locales\u201d, declar\u00f3.<\/p><p><br><\/p>\n<p>Se\u00f1al\u00f3 que de este modo se cumple con la instrucci\u00f3n del presidente, Andr\u00e9s Manuel L\u00f3pez Obrador, de hacer del turismo una herramienta de reconciliaci\u00f3n social, capaz de generar desarrollo, crecimiento, progreso y bienestar a nuestras comunidades, mejorando su calidad de vida.<\/p><p><br><\/p>\n<p>Torruco Marqu\u00e9s detall\u00f3 que el novedoso programa Pueblos M\u00e1gicos naci\u00f3 hace casi 22 a\u00f1os, a iniciativa de la entonces secretaria de Turismo, Leticia Navarro, con el prop\u00f3sito de ampliar el abanico de alternativas tur\u00edsticas, adem\u00e1s de mostrar los atributos hist\u00f3rico-culturales de estos peculiares sitios.<\/p><p><br><\/p>\n<p>Puntualiz\u00f3 que en la gesti\u00f3n de Leticia Navarro (2000-2003), fueron nombrados los primeros 11 Pueblos M\u00e1gicos; con Rodolfo Elizondo (2003-2010), se incorporan otros 21; con Gloria Guevara (2010-2012), fueron 49; con Claudia Ruiz Massieu (2012-2015), 2 m\u00e1s; y con Enrique de la Madrid (2015-2018), 40 localidades m\u00e1s recibieron esta denominaci\u00f3n, sumando 123 Pueblos M\u00e1gicos.<\/p><p><br><\/p>\n<p>Record\u00f3 que se dieron de baja dos: Mexcaltit\u00e1n, Nayarit, y San Miguel de Allende, Guanajuato, este \u00faltimo porque fue designado ciudad Patrimonio de la Humanidad por la Unesco; de manera que quedaban 121 nombramientos.<\/p><p><br><\/p>\n<p>\u201cEn la presente administraci\u00f3n, hasta el d\u00eda de ayer, se hab\u00edan otorgado 11 nombramientos, entre ellos, nuevamente Mexcaltit\u00e1n, que actualmente est\u00e1 totalmente renovado, con lo cual llegamos a 132 Pueblos M\u00e1gicos. En virtud del inter\u00e9s de autoridades estatales y municipales, as\u00ed como del sector privado, decidimos integrar a otras localidades que mucho tienen por ofrecer al turismo, y cuentan con las cualidades suficientes para hacerse acreedoras a este importante distintivo, s\u00edmbolo de identidad\u201d, coment\u00f3 Torruco Marqu\u00e9s.<\/p><p><br><\/p>\n<p>Los nuevos Pueblos M\u00e1gicos son:<\/p>\n<p>Aguascalientes<\/p>\n<p>Pabell\u00f3n de Hidalgo<br>Baja California Sur<\/p>\n<p>Santa Rosal\u00eda<br>Campeche<\/p>\n<p>Candelaria<br>Chiapas<\/p>\n<p>Copainal\u00e1<br>Ocozocoautla de Espinosa<br>Chihuahua<\/p>\n<p>Guachochi<br>Hidalgo del Parral<br>Coahuila<\/p>\n<p>General Cepeda<br>Estado de M\u00e9xico<\/p>\n<p>Jilotepec<br>Otumba<br>Guerrero<\/p>\n<p>Ixcateopan de Cuauht\u00e9moc<br>Zihuatanejo<br>Hidalgo<\/p>\n<p>Acaxochitl\u00e1n<br>Metztitl\u00e1n<br>Jalisco<\/p>\n<p>Cocula<br>Sayula<br>Temacapul\u00edn<br>Michoac\u00e1n<\/p>\n<p>Cotija<br>Morelos<\/p>\n<p>Tlaltizap\u00e1n de Zapata<br>Xochitepec<br>Nayarit<\/p>\n<p>Ahuacatl\u00e1n<br>Amatl\u00e1n de Ca\u00f1as<br>Ixtl\u00e1n del R\u00edo<br>San Blas<br>Puerto Balleto (Islas Mar\u00edas)<br>Nuevo Le\u00f3n<\/p>\n<p>General Ter\u00e1n<br>General Zaragoza<br>Puebla<\/p>\n<p>Huejotzingo<br>Teziutl\u00e1n<br>Quer\u00e9taro<\/p>\n<p>Pinal de Amoles<br>Quintana Roo<\/p>\n<p>Cozumel<br>San Luis Potos\u00ed<\/p>\n<p>Ciudad del Ma\u00edz<br>Tierra Nueva<br>Sinaloa<\/p>\n<p>San Ignacio<br>Sonora<\/p>\n<p>San Carlos<br>Ures<br>Tabasco<\/p>\n<p>Frontera<br>Teapa<br>Tlaxcala<\/p>\n<p>Ixtenco<br>Veracruz<\/p>\n<p>C\u00f3rdoba<br>Naolinco de Victoria<br>Yucat\u00e1n<\/p>\n<p>Espita<br>Motul<br>Tekax<br>Zacatecas<\/p>\n<p>Villa Nueva<\/p><p><br>El titular de Sectur refiri\u00f3 que el caso de San Blas y Puerto Balleto, en Nayarit, fueron remodelados por instrucci\u00f3n presidencial, y ahora cuentan con renovados muelles y un moderno transbordador para transportar pasajeros hacia la antigua prisi\u00f3n, ahora convertida en el Centro de Educaci\u00f3n Ambiental, Tur\u00edstico y Cultural \u201cMuros de Agua-Jos\u00e9 Revueltas\u201d.<\/p><p><br><\/p>\n<p>Precis\u00f3 tambi\u00e9n el caso de Temacapul\u00edn, en el municipio de Ca\u00f1adas de Obreg\u00f3n, Jalisco, que recibe este importante nombramiento por instrucci\u00f3n presidencial, como parte del Plan de Desarrollo Integral de esta localidad, as\u00ed como de Acasico y Palmarejo, en respuesta a las demandas de sus pobladores. La marca Pueblo M\u00e1gico, dar\u00e1 un mayor impulso a la regi\u00f3n y reconocimiento a sus comunidades.<\/p><p><br><\/p>\n<p>\u201cEn este sentido, Sectur federal, en coordinaci\u00f3n con la Asociaci\u00f3n Mexicana de Turismo de Aventura, trabaj\u00f3 en temas de identificaci\u00f3n de puntos de inter\u00e9s tur\u00edstico y de integraci\u00f3n del producto, con la idea de incentivar el arribo de turistas\u201d, dijo el secretario.<\/p><p><br><\/p>\n<p>Agreg\u00f3 que la Secretar\u00eda de Desarrollo Agrario, Territorial y Urbano (Sedatu), en conjunto con la Secretar\u00eda de Cultura; la Secretar\u00eda de Infraestructura, Comunicaciones y Transportes; la Secretar\u00eda de Educaci\u00f3n P\u00fablica; la Comisi\u00f3n Nacional del Agua; y el Instituto Nacional de Antropolog\u00eda e Historia, realizan diversas obras comunitarias en Temacapul\u00edn.<\/p><p><br><\/p>\n<p>El secretario de Turismo asever\u00f3 que la marca \u201cPueblos M\u00e1gicos\u201d, implica un incremento anual del 8% del Valor Agregado Censal Bruto del destino acreedor del nombramiento. Aunado a ello, Sectur seguir\u00e1 impulsando a estos singulares destinos, a trav\u00e9s de la iniciativa \u201cRutas M\u00e1gicas de Color\u201d, para mejorar su imagen urbana con la pinta de fachadas de viviendas y murales art\u00edsticos en espacios p\u00fablicos.<\/p><p><br><\/p>\n<p>Adem\u00e1s, enfatiz\u00f3 que se redoblar\u00e1n esfuerzos para promover su patrimonio tur\u00edstico a trav\u00e9s del Tianguis Internacional de Pueblos M\u00e1gicos, cuya segunda edici\u00f3n, del 21 al 24 de septiembre, ser\u00e1 en Los \u00c1ngeles, California; y el Tianguis de Pueblos M\u00e1gicos, que celebrar\u00e1 su 5\u00aa edici\u00f3n del 22 al 25 de noviembre, en Pachuca, Hidalgo; junto con el tradicional Tianguis Tur\u00edstico M\u00e9xico, que realizar\u00e1 la 48 edici\u00f3n en su sede permanente bienal: Acapulco, Guerrero, del 11 al 15 de marzo del 2024.<\/p><p><br><\/p>\n<p>\u201cFelicito a las y los gobernadores de los estados que obtuvieron un dictamen favorable para hacerse acreedores a nuevos Pueblos M\u00e1gicos. Felicito tambi\u00e9n, a las y los secretarios de Turismo y alcaldes, por dichas designaciones, que estoy seguro, har\u00e1n de estos destinos, \u2018focos\u2019 de atracci\u00f3n tur\u00edstica\u201d, concluy\u00f3 Torruco Marqu\u00e9s.<\/p><p><br><\/p>\n<p>En su oportunidad el presidente de la Asetur y secretario de Turismo de Nayarit, Juan Enrique Su\u00e1rez del Real Tostado, reconoci\u00f3 la importancia del programa Pueblos M\u00e1gicos como un motor para impulsar la diversificaci\u00f3n, y de esta manera M\u00e9xico siga sonando en el \u00e1mbito internacional, no solo en los destinos de siempre, si no con nuevos destinos para invitar al turista nacional e internacional a vivir las experiencias de lo que significa M\u00e9xico.<\/p><p><br><\/p>\n<p>Por su parte, H\u00e9ctor Tejada Shaar, presidente de Concanaco Servytur, resalt\u00f3 el gran trabajo entre la Confederaci\u00f3n que preside, la Sectur federal y las Secretar\u00edas de Turismo estatales para democratizar el turismo. A\u00f1adi\u00f3 que con estos nuevos nombramientos aumentar\u00e1 la econom\u00eda y la generaci\u00f3n de empleo en estas comunidades.<\/p><p><br><\/p>\n<p>Durante la conferencia de prensa se cont\u00f3 tambi\u00e9n con la participaci\u00f3n de Humberto Hern\u00e1ndez Haddad, subsecretario de Turismo del Gobierno de M\u00e9xico; por parte de Asetur Maricarmen Mart\u00ednez Villarreal, vicepresidenta de la Zona Norte y secretaria de Turismo de Nuevo Le\u00f3n; Josefina Rodr\u00edguez Zamora, vicepresidenta de la Zona Centro y secretaria de Turismo de Tlaxcala; Claudia Vanessa P\u00e9rez Lamas, vicepresidenta de la Zona Occidente y secretaria de Turismo de Jalisco; Jos\u00e9 Antonio Nieves Rodr\u00edguez, vicepresidente de la Zona Sur y secretario de Turismo de Tabasco; Le Roy Barrag\u00e1n Ocampo, secretario t\u00e9cnico y secretario de Turismo de Zacatecas; Ivan Mart\u00ednez Olvera, secretario t\u00e9cnico y secretario de Turismo de Veracruz; entre otros secretarios de Turismo estatales, as\u00ed como presidentes de las principales c\u00e1maras y asociaciones tur\u00edsticas que han sido grandes aliadas en el desarrollo del sector tur\u00edstico de M\u00e9xico.<\/p><p><br><\/p>\n<p>FUENTE: GOBIERNO DE M\u00c9XICO<\/p>\n<p>https:\/\/www.gob.mx\/sectur\/prensa\/mexico-con-45-nuevos-pueblos-magicos<\/p>\n<p><!-- \/wp:paragraph --><\/p>\t\t\t\t\t\t<\/div>\n\t\t\t\t<\/div>\n\t\t\t\t<section class=\"elementor-section elementor-inner-section elementor-element elementor-element-f41c520 elementor-section-boxed elementor-section-height-default elementor-section-height-default\" data-id=\"f41c520\" data-element_type=\"section\">\n\t\t\t\t\t\t<div class=\"elementor-container elementor-column-gap-default\">\n\t\t\t\t\t<div class=\"elementor-column elementor-col-50 elementor-inner-column elementor-element elementor-element-24d865cd\" data-id=\"24d865cd\" data-element_type=\"column\">\n\t\t\t<div class=\"elementor-widget-wrap elementor-element-populated\">\n\t\t\t\t\t\t\t\t<div class=\"elementor-element elementor-element-19291abb elementor-widget elementor-widget-heading\" data-id=\"19291abb\" data-element_type=\"widget\" data-widget_type=\"heading.default\">\n\t\t\t\t<div class=\"elementor-widget-container\">\n\t\t\t<h2 class=\"elementor-heading-title elementor-size-default\">Compartir <\/h2>\t\t<\/div>\n\t\t\t\t<\/div>\n\t\t\t\t\t<\/div>\n\t\t<\/div>\n\t\t\t\t<div class=\"elementor-column elementor-col-50 elementor-inner-column elementor-element elementor-element-741f3bee\" data-id=\"741f3bee\" data-element_type=\"column\">\n\t\t\t<div class=\"elementor-widget-wrap elementor-element-populated\">\n\t\t\t\t\t\t\t\t<div class=\"elementor-element elementor-element-53c0c974 elementor-share-buttons--view-icon elementor-share-buttons--skin-flat elementor-share-buttons--align-right elementor-share-buttons--color-custom elementor-share-buttons-mobile--align-center elementor-share-buttons--shape-square elementor-grid-0 elementor-widget elementor-widget-share-buttons\" data-id=\"53c0c974\" data-element_type=\"widget\" data-widget_type=\"share-buttons.default\">\n\t\t\t\t<div class=\"elementor-widget-container\">\n\t\t\t<link rel=\"stylesheet\" href=\"https:\/\/tlcmagazinemexico.com.mx\/wp-content\/plugins\/elementor-pro\/assets\/css\/widget-share-buttons.min.css\">\t\t<div class=\"elementor-grid\">\n\t\t\t\t\t\t\t\t<div class=\"elementor-grid-item\">\n\t\t\t\t\t\t<div\n\t\t\t\t\t\t\tclass=\"elementor-share-btn elementor-share-btn_facebook\"\n\t\t\t\t\t\t\trole=\"button\"\n\t\t\t\t\t\t\ttabindex=\"0\"\n\t\t\t\t\t\t\taria-label=\"Compartir en facebook\"\n\t\t\t\t\t\t>\n\t\t\t\t\t\t\t\t\t\t\t\t\t\t\t<span class=\"elementor-share-btn__icon\">\n\t\t\t\t\t\t\t\t<i class=\"fab fa-facebook\" aria-hidden=\"true\"><\/i>\t\t\t\t\t\t\t<\/span>\n\t\t\t\t\t\t\t\t\t\t\t\t\t\t\t\t\t\t\t\t<\/div>\n\t\t\t\t\t<\/div>\n\t\t\t\t\t\t\t\t\t<div class=\"elementor-grid-item\">\n\t\t\t\t\t\t<div\n\t\t\t\t\t\t\tclass=\"elementor-share-btn elementor-share-btn_linkedin\"\n\t\t\t\t\t\t\trole=\"button\"\n\t\t\t\t\t\t\ttabindex=\"0\"\n\t\t\t\t\t\t\taria-label=\"Compartir en linkedin\"\n\t\t\t\t\t\t>\n\t\t\t\t\t\t\t\t\t\t\t\t\t\t\t<span class=\"elementor-share-btn__icon\">\n\t\t\t\t\t\t\t\t<i class=\"fab fa-linkedin\" aria-hidden=\"true\"><\/i>\t\t\t\t\t\t\t<\/span>\n\t\t\t\t\t\t\t\t\t\t\t\t\t\t\t\t\t\t\t\t<\/div>\n\t\t\t\t\t<\/div>\n\t\t\t\t\t\t\t\t\t<div class=\"elementor-grid-item\">\n\t\t\t\t\t\t<div\n\t\t\t\t\t\t\tclass=\"elementor-share-btn elementor-share-btn_twitter\"\n\t\t\t\t\t\t\trole=\"button\"\n\t\t\t\t\t\t\ttabindex=\"0\"\n\t\t\t\t\t\t\taria-label=\"Compartir en twitter\"\n\t\t\t\t\t\t>\n\t\t\t\t\t\t\t\t\t\t\t\t\t\t\t<span class=\"elementor-share-btn__icon\">\n\t\t\t\t\t\t\t\t<i class=\"fab fa-twitter\" aria-hidden=\"true\"><\/i>\t\t\t\t\t\t\t<\/span>\n\t\t\t\t\t\t\t\t\t\t\t\t\t\t\t\t\t\t\t\t<\/div>\n\t\t\t\t\t<\/div>\n\t\t\t\t\t\t\t\t\t<div class=\"elementor-grid-item\">\n\t\t\t\t\t\t<div\n\t\t\t\t\t\t\tclass=\"elementor-share-btn elementor-share-btn_email\"\n\t\t\t\t\t\t\trole=\"button\"\n\t\t\t\t\t\t\ttabindex=\"0\"\n\t\t\t\t\t\t\taria-label=\"Compartir en email\"\n\t\t\t\t\t\t>\n\t\t\t\t\t\t\t\t\t\t\t\t\t\t\t<span class=\"elementor-share-btn__icon\">\n\t\t\t\t\t\t\t\t<i class=\"fas fa-envelope\" aria-hidden=\"true\"><\/i>\t\t\t\t\t\t\t<\/span>\n\t\t\t\t\t\t\t\t\t\t\t\t\t\t\t\t\t\t\t\t<\/div>\n\t\t\t\t\t<\/div>\n\t\t\t\t\t\t<\/div>\n\t\t\t\t<\/div>\n\t\t\t\t<\/div>\n\t\t\t\t\t<\/div>\n\t\t<\/div>\n\t\t\t\t\t\t\t<\/div>\n\t\t<\/section>\n\t\t\t\t<section class=\"elementor-section elementor-inner-section elementor-element elementor-element-6a3c7057 elementor-section-height-min-height elementor-section-boxed elementor-section-height-default\" data-id=\"6a3c7057\" data-element_type=\"section\" data-settings=\"{&quot;background_background&quot;:&quot;classic&quot;}\">\n\t\t\t\t\t\t\t<div class=\"elementor-background-overlay\"><\/div>\n\t\t\t\t\t\t\t<div class=\"elementor-container elementor-column-gap-default\">\n\t\t\t\t\t<div class=\"elementor-column elementor-col-100 elementor-inner-column elementor-element elementor-element-5ea82e45\" data-id=\"5ea82e45\" data-element_type=\"column\">\n\t\t\t<div class=\"elementor-widget-wrap elementor-element-populated\">\n\t\t\t\t\t\t\t\t<div class=\"elementor-element elementor-element-741a0a11 elementor-widget elementor-widget-heading\" data-id=\"741a0a11\" data-element_type=\"widget\" data-widget_type=\"heading.default\">\n\t\t\t\t<div class=\"elementor-widget-container\">\n\t\t\t<h2 class=\"elementor-heading-title elementor-size-default\">Recibe las noticias m\u00e1s relevantes del medio<\/h2>\t\t<\/div>\n\t\t\t\t<\/div>\n\t\t\t\t<div class=\"elementor-element elementor-element-20cd0723 elementor-widget elementor-widget-heading\" data-id=\"20cd0723\" data-element_type=\"widget\" data-widget_type=\"heading.default\">\n\t\t\t\t<div class=\"elementor-widget-container\">\n\t\t\t<h3 class=\"elementor-heading-title elementor-size-default\">en tu correo electr\u00f3nico<\/h3>\t\t<\/div>\n\t\t\t\t<\/div>\n\t\t\t\t<div class=\"elementor-element elementor-element-18f02461 elementor-widget elementor-widget-spacer\" data-id=\"18f02461\" data-element_type=\"widget\" data-widget_type=\"spacer.default\">\n\t\t\t\t<div class=\"elementor-widget-container\">\n\t\t\t\t\t<div class=\"elementor-spacer\">\n\t\t\t<div class=\"elementor-spacer-inner\"><\/div>\n\t\t<\/div>\n\t\t\t\t<\/div>\n\t\t\t\t<\/div>\n\t\t\t\t<div class=\"elementor-element elementor-element-2d3ffbb5 elementor-button-align-stretch elementor-widget elementor-widget-form\" data-id=\"2d3ffbb5\" data-element_type=\"widget\" data-settings=\"{&quot;button_width&quot;:&quot;25&quot;,&quot;step_next_label&quot;:&quot;Next&quot;,&quot;step_previous_label&quot;:&quot;Previous&quot;,&quot;step_type&quot;:&quot;number_text&quot;,&quot;step_icon_shape&quot;:&quot;circle&quot;}\" data-widget_type=\"form.default\">\n\t\t\t\t<div class=\"elementor-widget-container\">\n\t\t\t<style>\/*! elementor-pro - v3.12.0 - 29-03-2023 *\/\n.elementor-button.elementor-hidden,.elementor-hidden{display:none}.e-form__step{width:100%}.e-form__step:not(.elementor-hidden){display:flex;flex-wrap:wrap}.e-form__buttons{flex-wrap:wrap}.e-form__buttons,.e-form__buttons__wrapper{display:flex}.e-form__indicators{display:flex;justify-content:space-between;align-items:center;flex-wrap:nowrap;font-size:13px;margin-bottom:var(--e-form-steps-indicators-spacing)}.e-form__indicators__indicator{display:flex;flex-direction:column;align-items:center;justify-content:center;flex-basis:0;padding:0 var(--e-form-steps-divider-gap)}.e-form__indicators__indicator__progress{width:100%;position:relative;background-color:var(--e-form-steps-indicator-progress-background-color);border-radius:var(--e-form-steps-indicator-progress-border-radius);overflow:hidden}.e-form__indicators__indicator__progress__meter{width:var(--e-form-steps-indicator-progress-meter-width,0);height:var(--e-form-steps-indicator-progress-height);line-height:var(--e-form-steps-indicator-progress-height);padding-right:15px;border-radius:var(--e-form-steps-indicator-progress-border-radius);background-color:var(--e-form-steps-indicator-progress-color);color:var(--e-form-steps-indicator-progress-meter-color);text-align:right;transition:width .1s linear}.e-form__indicators__indicator:first-child{padding-left:0}.e-form__indicators__indicator:last-child{padding-right:0}.e-form__indicators__indicator--state-inactive{color:var(--e-form-steps-indicator-inactive-primary-color,#c2cbd2)}.e-form__indicators__indicator--state-inactive [class*=indicator--shape-]:not(.e-form__indicators__indicator--shape-none){background-color:var(--e-form-steps-indicator-inactive-secondary-color,#fff)}.e-form__indicators__indicator--state-inactive object,.e-form__indicators__indicator--state-inactive svg{fill:var(--e-form-steps-indicator-inactive-primary-color,#c2cbd2)}.e-form__indicators__indicator--state-active{color:var(--e-form-steps-indicator-active-primary-color,#39b54a);border-color:var(--e-form-steps-indicator-active-secondary-color,#fff)}.e-form__indicators__indicator--state-active [class*=indicator--shape-]:not(.e-form__indicators__indicator--shape-none){background-color:var(--e-form-steps-indicator-active-secondary-color,#fff)}.e-form__indicators__indicator--state-active object,.e-form__indicators__indicator--state-active svg{fill:var(--e-form-steps-indicator-active-primary-color,#39b54a)}.e-form__indicators__indicator--state-completed{color:var(--e-form-steps-indicator-completed-secondary-color,#fff)}.e-form__indicators__indicator--state-completed [class*=indicator--shape-]:not(.e-form__indicators__indicator--shape-none){background-color:var(--e-form-steps-indicator-completed-primary-color,#39b54a)}.e-form__indicators__indicator--state-completed .e-form__indicators__indicator__label{color:var(--e-form-steps-indicator-completed-primary-color,#39b54a)}.e-form__indicators__indicator--state-completed .e-form__indicators__indicator--shape-none{color:var(--e-form-steps-indicator-completed-primary-color,#39b54a);background-color:initial}.e-form__indicators__indicator--state-completed object,.e-form__indicators__indicator--state-completed svg{fill:var(--e-form-steps-indicator-completed-secondary-color,#fff)}.e-form__indicators__indicator__icon{width:var(--e-form-steps-indicator-padding,30px);height:var(--e-form-steps-indicator-padding,30px);font-size:var(--e-form-steps-indicator-icon-size);border-width:1px;border-style:solid;display:flex;justify-content:center;align-items:center;overflow:hidden;margin-bottom:10px}.e-form__indicators__indicator__icon img,.e-form__indicators__indicator__icon object,.e-form__indicators__indicator__icon svg{width:var(--e-form-steps-indicator-icon-size);height:auto}.e-form__indicators__indicator__icon .e-font-icon-svg{height:1em}.e-form__indicators__indicator__number{width:var(--e-form-steps-indicator-padding,30px);height:var(--e-form-steps-indicator-padding,30px);border-width:1px;border-style:solid;display:flex;justify-content:center;align-items:center;margin-bottom:10px}.e-form__indicators__indicator--shape-circle{border-radius:50%}.e-form__indicators__indicator--shape-square{border-radius:0}.e-form__indicators__indicator--shape-rounded{border-radius:5px}.e-form__indicators__indicator--shape-none{border:0}.e-form__indicators__indicator__label{text-align:center}.e-form__indicators__indicator__separator{width:100%;height:var(--e-form-steps-divider-width);background-color:#babfc5}.e-form__indicators--type-icon,.e-form__indicators--type-icon_text,.e-form__indicators--type-number,.e-form__indicators--type-number_text{align-items:flex-start}.e-form__indicators--type-icon .e-form__indicators__indicator__separator,.e-form__indicators--type-icon_text .e-form__indicators__indicator__separator,.e-form__indicators--type-number .e-form__indicators__indicator__separator,.e-form__indicators--type-number_text .e-form__indicators__indicator__separator{margin-top:calc(var(--e-form-steps-indicator-padding, 30px) \/ 2 - var(--e-form-steps-divider-width, 1px) \/ 2)}.elementor-field-type-hidden{display:none}.elementor-field-type-html{display:inline-block}.elementor-login .elementor-lost-password,.elementor-login .elementor-remember-me{font-size:.85em}.elementor-field-type-recaptcha_v3 .elementor-field-label{display:none}.elementor-field-type-recaptcha_v3 .grecaptcha-badge{z-index:1}.elementor-button .elementor-form-spinner{order:3}.elementor-form .elementor-button>span{display:flex;justify-content:center;align-items:center}.elementor-form .elementor-button .elementor-button-text{white-space:normal;flex-grow:0}.elementor-form .elementor-button svg{height:auto}.elementor-form .elementor-button .e-font-icon-svg{height:1em}.elementor-select-wrapper .select-caret-down-wrapper{position:absolute;top:50%;transform:translateY(-50%);inset-inline-end:10px;pointer-events:none;font-size:11px}.elementor-select-wrapper .select-caret-down-wrapper svg{display:unset;width:1em;aspect-ratio:unset;fill:currentColor}.elementor-select-wrapper .select-caret-down-wrapper i{font-size:19px;line-height:2}.elementor-select-wrapper.remove-before:before{content:\"\"!important}<\/style>\t\t<form class=\"elementor-form\" method=\"post\" name=\"TLC News\">\n\t\t\t<input type=\"hidden\" name=\"post_id\" value=\"2502\"\/>\n\t\t\t<input type=\"hidden\" name=\"form_id\" value=\"2d3ffbb5\"\/>\n\t\t\t<input type=\"hidden\" name=\"referer_title\" value=\"\" \/>\n\n\t\t\t\n\t\t\t<div class=\"elementor-form-fields-wrapper elementor-labels-\">\n\t\t\t\t\t\t\t\t<div class=\"elementor-field-type-email elementor-field-group elementor-column elementor-field-group-email elementor-col-75 elementor-field-required\">\n\t\t\t\t\t\t\t\t\t\t\t\t<label for=\"form-field-email\" class=\"elementor-field-label elementor-screen-only\">\n\t\t\t\t\t\t\t\tEmail\t\t\t\t\t\t\t<\/label>\n\t\t\t\t\t\t\t\t\t\t\t\t\t\t<input size=\"1\" type=\"email\" name=\"form_fields[email]\" id=\"form-field-email\" class=\"elementor-field elementor-size-md  elementor-field-textual\" placeholder=\"Correo electr\u00f3nico\" required=\"required\" aria-required=\"true\">\n\t\t\t\t\t\t\t\t\t\t\t<\/div>\n\t\t\t\t\t\t\t\t<div class=\"elementor-field-group elementor-column elementor-field-type-submit elementor-col-25 e-form__buttons\">\n\t\t\t\t\t<button type=\"submit\" class=\"elementor-button elementor-size-md\">\n\t\t\t\t\t\t<span >\n\t\t\t\t\t\t\t\t\t\t\t\t\t\t\t<span class=\"elementor-align-icon-right elementor-button-icon\">\n\t\t\t\t\t\t\t\t\t<i aria-hidden=\"true\" class=\"fas fa-arrow-right\"><\/i>\t\t\t\t\t\t\t\t\t\t\t\t\t\t\t\t\t<\/span>\n\t\t\t\t\t\t\t\t\t\t\t\t\t\t\t\t\t\t\t\t\t\t<span class=\"elementor-button-text\">Enviar<\/span>\n\t\t\t\t\t\t\t\t\t\t\t\t\t<\/span>\n\t\t\t\t\t<\/button>\n\t\t\t\t<\/div>\n\t\t\t<\/div>\n\t\t<\/form>\n\t\t\t\t<\/div>\n\t\t\t\t<\/div>\n\t\t\t\t\t<\/div>\n\t\t<\/div>\n\t\t\t\t\t\t\t<\/div>\n\t\t<\/section>\n\t\t\t\t<div class=\"elementor-element elementor-element-760e3258 elementor-post-navigation-borders-yes elementor-widget elementor-widget-post-navigation\" data-id=\"760e3258\" data-element_type=\"widget\" data-widget_type=\"post-navigation.default\">\n\t\t\t\t<div class=\"elementor-widget-container\">\n\t\t\t<link rel=\"stylesheet\" href=\"https:\/\/tlcmagazinemexico.com.mx\/wp-content\/plugins\/elementor-pro\/assets\/css\/widget-theme-elements.min.css\">\t\t<div class=\"elementor-post-navigation\">\n\t\t\t<div class=\"elementor-post-navigation__prev elementor-post-navigation__link\">\n\t\t\t\t<a href=\"https:\/\/tlcmagazinemexico.com.mx\/index.php\/2023\/06\/27\/informacion-oportuna-sobre-la-balanza-comercial-de-mercancias-de-mexico-2\/\" rel=\"prev\"><span class=\"post-navigation__arrow-wrapper post-navigation__arrow-prev\"><i class=\"fa fa-arrow-left\" aria-hidden=\"true\"><\/i><span class=\"elementor-screen-only\">Previo<\/span><\/span><span class=\"elementor-post-navigation__link__prev\"><span class=\"post-navigation__prev--label\">Anterior<\/span><span class=\"post-navigation__prev--title\">Informaci\u00f3n oportuna sobre la Balanza Comercial de Mercanc\u00edas de M\u00e9xico<\/span><\/span><\/a>\t\t\t<\/div>\n\t\t\t\t\t\t\t<div class=\"elementor-post-navigation__separator-wrapper\">\n\t\t\t\t\t<div class=\"elementor-post-navigation__separator\"><\/div>\n\t\t\t\t<\/div>\n\t\t\t\t\t\t<div class=\"elementor-post-navigation__next elementor-post-navigation__link\">\n\t\t\t\t<a href=\"https:\/\/tlcmagazinemexico.com.mx\/index.php\/2023\/06\/27\/estadisticas-a-proposito-del-dia-de-las-microempresas-y-las-pequenas-y-medianas-empresas\/\" rel=\"next\"><span class=\"elementor-post-navigation__link__next\"><span class=\"post-navigation__next--label\">siguiente<\/span><span class=\"post-navigation__next--title\">Estad\u00edsticas a prop\u00f3sito del D\u00eda de las Microempresas y las Peque\u00f1as y Medianas Empresas<\/span><\/span><span class=\"post-navigation__arrow-wrapper post-navigation__arrow-next\"><i class=\"fa fa-arrow-right\" aria-hidden=\"true\"><\/i><span class=\"elementor-screen-only\">Next<\/span><\/span><\/a>\t\t\t<\/div>\n\t\t<\/div>\n\t\t\t\t<\/div>\n\t\t\t\t<\/div>\n\t\t\t\t\t<\/div>\n\t\t<\/div>\n\t\t\t\t<div class=\"elementor-column elementor-col-33 elementor-top-column elementor-element elementor-element-74c7b994\" data-id=\"74c7b994\" data-element_type=\"column\">\n\t\t\t<div class=\"elementor-widget-wrap\">\n\t\t\t\t\t\t\t\t\t<\/div>\n\t\t<\/div>\n\t\t\t\t<div class=\"elementor-column elementor-col-33 elementor-top-column elementor-element elementor-element-15f7a114\" data-id=\"15f7a114\" data-element_type=\"column\">\n\t\t\t<div class=\"elementor-widget-wrap elementor-element-populated\">\n\t\t\t\t\t\t\t\t<div class=\"elementor-element elementor-element-5412636c elementor-grid-1 elementor-posts--align-center elementor-posts__hover-none elementor-widget__width-inherit elementor-grid-tablet-2 elementor-grid-mobile-1 elementor-posts--thumbnail-top elementor-card-shadow-yes elementor-widget elementor-widget-posts\" data-id=\"5412636c\" data-element_type=\"widget\" data-settings=\"{&quot;cards_columns&quot;:&quot;1&quot;,&quot;cards_row_gap&quot;:{&quot;unit&quot;:&quot;px&quot;,&quot;size&quot;:&quot;30&quot;,&quot;sizes&quot;:[]},&quot;cards_columns_tablet&quot;:&quot;2&quot;,&quot;cards_columns_mobile&quot;:&quot;1&quot;,&quot;cards_row_gap_tablet&quot;:{&quot;unit&quot;:&quot;px&quot;,&quot;size&quot;:&quot;&quot;,&quot;sizes&quot;:[]},&quot;cards_row_gap_mobile&quot;:{&quot;unit&quot;:&quot;px&quot;,&quot;size&quot;:&quot;&quot;,&quot;sizes&quot;:[]}}\" data-widget_type=\"posts.cards\">\n\t\t\t\t<div class=\"elementor-widget-container\">\n\t\t\t<link rel=\"stylesheet\" href=\"https:\/\/tlcmagazinemexico.com.mx\/wp-content\/plugins\/elementor-pro\/assets\/css\/widget-posts.min.css\">\t\t<div class=\"elementor-posts-container elementor-posts elementor-posts--skin-cards elementor-grid\">\n\t\t\t\t<article class=\"elementor-post elementor-grid-item post-22721 post type-post status-publish format-standard has-post-thumbnail hentry category-tlc-news entry\">\n\t\t\t<div class=\"elementor-post__card\">\n\t\t\t\t<a class=\"elementor-post__thumbnail__link\" href=\"https:\/\/tlcmagazinemexico.com.mx\/index.php\/2026\/04\/29\/banxico-evalua-un-posible-ajuste-final-en-la-tasa-en-medio-de-senales-economicas-mixtas\/\" ><div class=\"elementor-post__thumbnail\"><img loading=\"lazy\" decoding=\"async\" width=\"900\" height=\"600\" src=\"https:\/\/tlcmagazinemexico.com.mx\/wp-content\/uploads\/2026\/04\/41g-4-2.png\" class=\"attachment-full size-full wp-image-22722\" alt=\"\" srcset=\"https:\/\/tlcmagazinemexico.com.mx\/wp-content\/uploads\/2026\/04\/41g-4-2.png 900w, https:\/\/tlcmagazinemexico.com.mx\/wp-content\/uploads\/2026\/04\/41g-4-2-300x200.png 300w, https:\/\/tlcmagazinemexico.com.mx\/wp-content\/uploads\/2026\/04\/41g-4-2-768x512.png 768w\" sizes=\"auto, (max-width: 900px) 100vw, 900px\" style=\"width:100%;height:66.67%;max-width:900px;\" \/><\/div><\/a>\n\t\t\t\t<div class=\"elementor-post__text\">\n\t\t\t\t<h1 class=\"elementor-post__title\">\n\t\t\t<a href=\"https:\/\/tlcmagazinemexico.com.mx\/index.php\/2026\/04\/29\/banxico-evalua-un-posible-ajuste-final-en-la-tasa-en-medio-de-senales-economicas-mixtas\/\" >\n\t\t\t\tBanxico eval\u00faa un posible ajuste final en la tasa en medio de se\u00f1ales econ\u00f3micas mixtas\t\t\t<\/a>\n\t\t<\/h1>\n\t\t\t\t<div class=\"elementor-post__excerpt\">\n\t\t\t<p>El Banco de M\u00e9xico (Banxico) est\u00e1 cerca de finalizar el ciclo de recortes a la tasa de referencia iniciado en mayo de 2024, por lo<\/p>\n\t\t<\/div>\n\t\t\n\t\t<a class=\"elementor-post__read-more\" href=\"https:\/\/tlcmagazinemexico.com.mx\/index.php\/2026\/04\/29\/banxico-evalua-un-posible-ajuste-final-en-la-tasa-en-medio-de-senales-economicas-mixtas\/\" aria-label=\"Read more about Banxico eval\u00faa un posible ajuste final en la tasa en medio de se\u00f1ales econ\u00f3micas mixtas\" >\n\t\t\tLeer m\u00e1s \u00bb\t\t<\/a>\n\n\t\t\t\t<\/div>\n\t\t\t\t\t<\/div>\n\t\t<\/article>\n\t\t\t\t<article class=\"elementor-post elementor-grid-item post-22714 post type-post status-publish format-standard has-post-thumbnail hentry category-tlc-news entry\">\n\t\t\t<div class=\"elementor-post__card\">\n\t\t\t\t<a class=\"elementor-post__thumbnail__link\" href=\"https:\/\/tlcmagazinemexico.com.mx\/index.php\/2026\/04\/29\/alianza-entre-grupo-mexico-y-capital-internacional-impulsa-nuevo-proyecto-energetico-estrategico\/\" ><div class=\"elementor-post__thumbnail\"><img loading=\"lazy\" decoding=\"async\" width=\"900\" height=\"600\" src=\"https:\/\/tlcmagazinemexico.com.mx\/wp-content\/uploads\/2026\/04\/41g-3-3.png\" class=\"attachment-full size-full wp-image-22715\" alt=\"\" srcset=\"https:\/\/tlcmagazinemexico.com.mx\/wp-content\/uploads\/2026\/04\/41g-3-3.png 900w, https:\/\/tlcmagazinemexico.com.mx\/wp-content\/uploads\/2026\/04\/41g-3-3-300x200.png 300w, https:\/\/tlcmagazinemexico.com.mx\/wp-content\/uploads\/2026\/04\/41g-3-3-768x512.png 768w\" sizes=\"auto, (max-width: 900px) 100vw, 900px\" style=\"width:100%;height:66.67%;max-width:900px;\" \/><\/div><\/a>\n\t\t\t\t<div class=\"elementor-post__text\">\n\t\t\t\t<h1 class=\"elementor-post__title\">\n\t\t\t<a href=\"https:\/\/tlcmagazinemexico.com.mx\/index.php\/2026\/04\/29\/alianza-entre-grupo-mexico-y-capital-internacional-impulsa-nuevo-proyecto-energetico-estrategico\/\" >\n\t\t\t\tAlianza entre Grupo M\u00e9xico y capital internacional impulsa nuevo proyecto energ\u00e9tico estrat\u00e9gico\t\t\t<\/a>\n\t\t<\/h1>\n\t\t\t\t<div class=\"elementor-post__excerpt\">\n\t\t\t<p>Grupo M\u00e9xico anunci\u00f3 este lunes un acuerdo para unir sus activos de generaci\u00f3n el\u00e9ctrica con Saavi Energ\u00eda, firma del portafolio de Global Infrastructure Partners (GIP),<\/p>\n\t\t<\/div>\n\t\t\n\t\t<a class=\"elementor-post__read-more\" href=\"https:\/\/tlcmagazinemexico.com.mx\/index.php\/2026\/04\/29\/alianza-entre-grupo-mexico-y-capital-internacional-impulsa-nuevo-proyecto-energetico-estrategico\/\" aria-label=\"Read more about Alianza entre Grupo M\u00e9xico y capital internacional impulsa nuevo proyecto energ\u00e9tico estrat\u00e9gico\" >\n\t\t\tLeer m\u00e1s \u00bb\t\t<\/a>\n\n\t\t\t\t<\/div>\n\t\t\t\t\t<\/div>\n\t\t<\/article>\n\t\t\t\t<article class=\"elementor-post elementor-grid-item post-22707 post type-post status-publish format-standard has-post-thumbnail hentry category-tlc-news entry\">\n\t\t\t<div class=\"elementor-post__card\">\n\t\t\t\t<a class=\"elementor-post__thumbnail__link\" href=\"https:\/\/tlcmagazinemexico.com.mx\/index.php\/2026\/04\/29\/el-canal-de-panama-mantiene-flujo-estable-y-gana-relevancia-ante-tensiones-en-medio-oriente\/\" ><div class=\"elementor-post__thumbnail\"><img loading=\"lazy\" decoding=\"async\" width=\"900\" height=\"600\" src=\"https:\/\/tlcmagazinemexico.com.mx\/wp-content\/uploads\/2026\/04\/41g-2-2.png\" class=\"attachment-full size-full wp-image-22708\" alt=\"\" srcset=\"https:\/\/tlcmagazinemexico.com.mx\/wp-content\/uploads\/2026\/04\/41g-2-2.png 900w, https:\/\/tlcmagazinemexico.com.mx\/wp-content\/uploads\/2026\/04\/41g-2-2-300x200.png 300w, https:\/\/tlcmagazinemexico.com.mx\/wp-content\/uploads\/2026\/04\/41g-2-2-768x512.png 768w\" sizes=\"auto, (max-width: 900px) 100vw, 900px\" style=\"width:100%;height:66.67%;max-width:900px;\" \/><\/div><\/a>\n\t\t\t\t<div class=\"elementor-post__text\">\n\t\t\t\t<h1 class=\"elementor-post__title\">\n\t\t\t<a href=\"https:\/\/tlcmagazinemexico.com.mx\/index.php\/2026\/04\/29\/el-canal-de-panama-mantiene-flujo-estable-y-gana-relevancia-ante-tensiones-en-medio-oriente\/\" >\n\t\t\t\tEl Canal de Panam\u00e1 mantiene flujo estable y gana relevancia ante tensiones en Medio Oriente\t\t\t<\/a>\n\t\t<\/h1>\n\t\t\t\t<div class=\"elementor-post__excerpt\">\n\t\t\t<p>\u00a0La creciente demanda en el Canal de Panam\u00e1, derivada de la crisis en el estrecho de Ormuz, no est\u00e1 congestionando el paso navegable, que opera<\/p>\n\t\t<\/div>\n\t\t\n\t\t<a class=\"elementor-post__read-more\" href=\"https:\/\/tlcmagazinemexico.com.mx\/index.php\/2026\/04\/29\/el-canal-de-panama-mantiene-flujo-estable-y-gana-relevancia-ante-tensiones-en-medio-oriente\/\" aria-label=\"Read more about El Canal de Panam\u00e1 mantiene flujo estable y gana relevancia ante tensiones en Medio Oriente\" >\n\t\t\tLeer m\u00e1s \u00bb\t\t<\/a>\n\n\t\t\t\t<\/div>\n\t\t\t\t\t<\/div>\n\t\t<\/article>\n\t\t\t\t<article class=\"elementor-post elementor-grid-item post-22700 post type-post status-publish format-standard has-post-thumbnail hentry category-tlc-news entry\">\n\t\t\t<div class=\"elementor-post__card\">\n\t\t\t\t<a class=\"elementor-post__thumbnail__link\" href=\"https:\/\/tlcmagazinemexico.com.mx\/index.php\/2026\/04\/29\/acuerdo-con-la-industria-del-acero-apunta-a-reforzar-la-capacidad-productiva-nacional\/\" ><div class=\"elementor-post__thumbnail\"><img loading=\"lazy\" decoding=\"async\" width=\"900\" height=\"600\" src=\"https:\/\/tlcmagazinemexico.com.mx\/wp-content\/uploads\/2026\/04\/41g-1-3.png\" class=\"attachment-full size-full wp-image-22701\" alt=\"\" srcset=\"https:\/\/tlcmagazinemexico.com.mx\/wp-content\/uploads\/2026\/04\/41g-1-3.png 900w, https:\/\/tlcmagazinemexico.com.mx\/wp-content\/uploads\/2026\/04\/41g-1-3-300x200.png 300w, https:\/\/tlcmagazinemexico.com.mx\/wp-content\/uploads\/2026\/04\/41g-1-3-768x512.png 768w\" sizes=\"auto, (max-width: 900px) 100vw, 900px\" style=\"width:100%;height:66.67%;max-width:900px;\" \/><\/div><\/a>\n\t\t\t\t<div class=\"elementor-post__text\">\n\t\t\t\t<h1 class=\"elementor-post__title\">\n\t\t\t<a href=\"https:\/\/tlcmagazinemexico.com.mx\/index.php\/2026\/04\/29\/acuerdo-con-la-industria-del-acero-apunta-a-reforzar-la-capacidad-productiva-nacional\/\" >\n\t\t\t\tAcuerdo con la industria del acero apunta a reforzar la capacidad productiva nacional\t\t\t<\/a>\n\t\t<\/h1>\n\t\t\t\t<div class=\"elementor-post__excerpt\">\n\t\t\t<p>El Gobierno de M\u00e9xico firm\u00f3 este mi\u00e9rcoles un acuerdo con la industria sider\u00fargica y de la construcci\u00f3n para fortalecer la producci\u00f3n nacional de acero, impulsar<\/p>\n\t\t<\/div>\n\t\t\n\t\t<a class=\"elementor-post__read-more\" href=\"https:\/\/tlcmagazinemexico.com.mx\/index.php\/2026\/04\/29\/acuerdo-con-la-industria-del-acero-apunta-a-reforzar-la-capacidad-productiva-nacional\/\" aria-label=\"Read more about Acuerdo con la industria del acero apunta a reforzar la capacidad productiva nacional\" >\n\t\t\tLeer m\u00e1s \u00bb\t\t<\/a>\n\n\t\t\t\t<\/div>\n\t\t\t\t\t<\/div>\n\t\t<\/article>\n\t\t\t\t<article class=\"elementor-post elementor-grid-item post-22693 post type-post status-publish format-standard has-post-thumbnail hentry category-tlc-news entry\">\n\t\t\t<div class=\"elementor-post__card\">\n\t\t\t\t<a class=\"elementor-post__thumbnail__link\" href=\"https:\/\/tlcmagazinemexico.com.mx\/index.php\/2026\/04\/29\/mexico-busca-fortalecer-su-produccion-interna-para-reducir-la-dependencia-de-importaciones\/\" ><div class=\"elementor-post__thumbnail\"><img loading=\"lazy\" decoding=\"async\" width=\"900\" height=\"600\" src=\"https:\/\/tlcmagazinemexico.com.mx\/wp-content\/uploads\/2026\/04\/41g-12.png\" class=\"attachment-full size-full wp-image-22694\" alt=\"\" srcset=\"https:\/\/tlcmagazinemexico.com.mx\/wp-content\/uploads\/2026\/04\/41g-12.png 900w, https:\/\/tlcmagazinemexico.com.mx\/wp-content\/uploads\/2026\/04\/41g-12-300x200.png 300w, https:\/\/tlcmagazinemexico.com.mx\/wp-content\/uploads\/2026\/04\/41g-12-768x512.png 768w\" sizes=\"auto, (max-width: 900px) 100vw, 900px\" style=\"width:100%;height:66.67%;max-width:900px;\" \/><\/div><\/a>\n\t\t\t\t<div class=\"elementor-post__text\">\n\t\t\t\t<h1 class=\"elementor-post__title\">\n\t\t\t<a href=\"https:\/\/tlcmagazinemexico.com.mx\/index.php\/2026\/04\/29\/mexico-busca-fortalecer-su-produccion-interna-para-reducir-la-dependencia-de-importaciones\/\" >\n\t\t\t\tM\u00e9xico busca fortalecer su producci\u00f3n interna para reducir la dependencia de importaciones\t\t\t<\/a>\n\t\t<\/h1>\n\t\t\t\t<div class=\"elementor-post__excerpt\">\n\t\t\t<p>M\u00e9xico buscar\u00e1 producir m\u00e1s, importar menos y fortalecer su manufactura avanzada para aprovechar la relocalizaci\u00f3n de cadenas productivas en Norteam\u00e9rica, afirm\u00f3 este martes el secretario<\/p>\n\t\t<\/div>\n\t\t\n\t\t<a class=\"elementor-post__read-more\" href=\"https:\/\/tlcmagazinemexico.com.mx\/index.php\/2026\/04\/29\/mexico-busca-fortalecer-su-produccion-interna-para-reducir-la-dependencia-de-importaciones\/\" aria-label=\"Read more about M\u00e9xico busca fortalecer su producci\u00f3n interna para reducir la dependencia de importaciones\" >\n\t\t\tLeer m\u00e1s \u00bb\t\t<\/a>\n\n\t\t\t\t<\/div>\n\t\t\t\t\t<\/div>\n\t\t<\/article>\n\t\t\t\t<article class=\"elementor-post elementor-grid-item post-22625 post type-post status-publish format-standard has-post-thumbnail hentry category-tlc-news entry\">\n\t\t\t<div class=\"elementor-post__card\">\n\t\t\t\t<a class=\"elementor-post__thumbnail__link\" href=\"https:\/\/tlcmagazinemexico.com.mx\/index.php\/2026\/04\/27\/repunte-del-brent-presiona-costos-logisticos-y-reconfigura-el-comercio-energetico-global\/\" ><div class=\"elementor-post__thumbnail\"><img loading=\"lazy\" decoding=\"async\" width=\"900\" height=\"600\" src=\"https:\/\/tlcmagazinemexico.com.mx\/wp-content\/uploads\/2026\/04\/40g-1-3.png\" class=\"attachment-full size-full wp-image-22350\" alt=\"\" srcset=\"https:\/\/tlcmagazinemexico.com.mx\/wp-content\/uploads\/2026\/04\/40g-1-3.png 900w, https:\/\/tlcmagazinemexico.com.mx\/wp-content\/uploads\/2026\/04\/40g-1-3-300x200.png 300w, https:\/\/tlcmagazinemexico.com.mx\/wp-content\/uploads\/2026\/04\/40g-1-3-768x512.png 768w\" sizes=\"auto, (max-width: 900px) 100vw, 900px\" style=\"width:100%;height:66.67%;max-width:900px;\" \/><\/div><\/a>\n\t\t\t\t<div class=\"elementor-post__text\">\n\t\t\t\t<h1 class=\"elementor-post__title\">\n\t\t\t<a href=\"https:\/\/tlcmagazinemexico.com.mx\/index.php\/2026\/04\/27\/repunte-del-brent-presiona-costos-logisticos-y-reconfigura-el-comercio-energetico-global\/\" >\n\t\t\t\tRepunte del Brent presiona costos log\u00edsticos y reconfigura el comercio energ\u00e9tico global\t\t\t<\/a>\n\t\t<\/h1>\n\t\t\t\t<div class=\"elementor-post__excerpt\">\n\t\t\t<p>El barril de petr\u00f3leo brent incrementa la subida inicial de este lunes y al cierre de las plazas europeas avanza m\u00e1s del 3 % y<\/p>\n\t\t<\/div>\n\t\t\n\t\t<a class=\"elementor-post__read-more\" href=\"https:\/\/tlcmagazinemexico.com.mx\/index.php\/2026\/04\/27\/repunte-del-brent-presiona-costos-logisticos-y-reconfigura-el-comercio-energetico-global\/\" aria-label=\"Read more about Repunte del Brent presiona costos log\u00edsticos y reconfigura el comercio energ\u00e9tico global\" >\n\t\t\tLeer m\u00e1s \u00bb\t\t<\/a>\n\n\t\t\t\t<\/div>\n\t\t\t\t\t<\/div>\n\t\t<\/article>\n\t\t\t\t<\/div>\n\t\t\n\t\t\t\t<\/div>\n\t\t\t\t<\/div>\n\t\t\t\t\t<\/div>\n\t\t<\/div>\n\t\t\t\t\t\t\t<\/div>\n\t\t<\/section>\n\t\t\t\t\t\t\t<\/div>\n\t\t","protected":false},"excerpt":{"rendered":"<p>El secretario de Turismo, Miguel Torruco, destac\u00f3 que M\u00e9xico ahora cuenta con 177 Pueblos M\u00e1gicos, destinos que, por sus caracter\u00edsticas de naturaleza, vida comunitaria, costumbres y tradiciones, son preferidos por visitantes nacionales y extranjeros de todo el mundo. Asever\u00f3 que la marca \u201cPueblos M\u00e1gicos\u201d, implica un incremento anual del 8% del Valor Agregado Censal Bruto&hellip; <a class=\"more-link\" href=\"https:\/\/tlcmagazinemexico.com.mx\/index.php\/2026\/04\/27\/repunte-del-brent-presiona-costos-logisticos-y-reconfigura-el-comercio-energetico-global\/\">Seguir leyendo <span class=\"screen-reader-text\">Repunte del Brent presiona costos log\u00edsticos y reconfigura el comercio energ\u00e9tico global<\/span><\/a><\/p>\n","protected":false},"author":3,"featured_media":1095,"comment_status":"open","ping_status":"open","sticky":false,"template":"elementor_header_footer","format":"standard","meta":{"_monsterinsights_skip_tracking":false,"_monsterinsights_sitenote_active":false,"_monsterinsights_sitenote_note":"","_monsterinsights_sitenote_category":0,"footnotes":""},"categories":[5],"tags":[],"class_list":["post-2502","post","type-post","status-publish","format-standard","has-post-thumbnail","hentry","category-tlc-news","entry"],"views":617,"_links":{"self":[{"href":"https:\/\/tlcmagazinemexico.com.mx\/index.php\/wp-json\/wp\/v2\/posts\/2502","targetHints":{"allow":["GET"]}}],"collection":[{"href":"https:\/\/tlcmagazinemexico.com.mx\/index.php\/wp-json\/wp\/v2\/posts"}],"about":[{"href":"https:\/\/tlcmagazinemexico.com.mx\/index.php\/wp-json\/wp\/v2\/types\/post"}],"author":[{"embeddable":true,"href":"https:\/\/tlcmagazinemexico.com.mx\/index.php\/wp-json\/wp\/v2\/users\/3"}],"replies":[{"embeddable":true,"href":"https:\/\/tlcmagazinemexico.com.mx\/index.php\/wp-json\/wp\/v2\/comments?post=2502"}],"version-history":[{"count":5,"href":"https:\/\/tlcmagazinemexico.com.mx\/index.php\/wp-json\/wp\/v2\/posts\/2502\/revisions"}],"predecessor-version":[{"id":2515,"href":"https:\/\/tlcmagazinemexico.com.mx\/index.php\/wp-json\/wp\/v2\/posts\/2502\/revisions\/2515"}],"wp:featuredmedia":[{"embeddable":true,"href":"https:\/\/tlcmagazinemexico.com.mx\/index.php\/wp-json\/wp\/v2\/media\/1095"}],"wp:attachment":[{"href":"https:\/\/tlcmagazinemexico.com.mx\/index.php\/wp-json\/wp\/v2\/media?parent=2502"}],"wp:term":[{"taxonomy":"category","embeddable":true,"href":"https:\/\/tlcmagazinemexico.com.mx\/index.php\/wp-json\/wp\/v2\/categories?post=2502"},{"taxonomy":"post_tag","embeddable":true,"href":"https:\/\/tlcmagazinemexico.com.mx\/index.php\/wp-json\/wp\/v2\/tags?post=2502"}],"curies":[{"name":"wp","href":"https:\/\/api.w.org\/{rel}","templated":true}]}}