{"id":22656,"date":"2026-04-28T16:39:37","date_gmt":"2026-04-28T16:39:37","guid":{"rendered":"https:\/\/tlcmagazinemexico.com.mx\/?p=22656"},"modified":"2026-04-28T16:45:44","modified_gmt":"2026-04-28T16:45:44","slug":"nuevo-desorden-economico-internacionalparte-v","status":"publish","type":"post","link":"https:\/\/tlcmagazinemexico.com.mx\/index.php\/2026\/04\/28\/nuevo-desorden-economico-internacionalparte-v\/","title":{"rendered":"Nuevo Desorden Econ\u00f3mico InternacionalParte V"},"content":{"rendered":"\t\t<div data-elementor-type=\"wp-post\" data-elementor-id=\"22656\" class=\"elementor elementor-22656\">\n\t\t\t\t\t\t\t\t\t<section class=\"elementor-section elementor-top-section elementor-element elementor-element-63c6ca0c elementor-section-boxed elementor-section-height-default elementor-section-height-default\" data-id=\"63c6ca0c\" data-element_type=\"section\">\n\t\t\t\t\t\t<div class=\"elementor-container elementor-column-gap-default\">\n\t\t\t\t\t<div class=\"elementor-column elementor-col-33 elementor-top-column elementor-element elementor-element-4b84bc18\" data-id=\"4b84bc18\" data-element_type=\"column\">\n\t\t\t<div class=\"elementor-widget-wrap elementor-element-populated\">\n\t\t\t\t\t\t\t\t<div class=\"elementor-element elementor-element-5bb93f6f elementor-widget elementor-widget-spacer\" data-id=\"5bb93f6f\" data-element_type=\"widget\" data-widget_type=\"spacer.default\">\n\t\t\t\t<div class=\"elementor-widget-container\">\n\t\t\t<style>\/*! elementor - v3.12.0 - 29-03-2023 *\/\n.elementor-column .elementor-spacer-inner{height:var(--spacer-size)}.e-con{--container-widget-width:100%}.e-con-inner>.elementor-widget-spacer,.e-con>.elementor-widget-spacer{width:var(--container-widget-width,var(--spacer-size));--align-self:var(--container-widget-align-self,initial);--flex-shrink:0}.e-con-inner>.elementor-widget-spacer>.elementor-widget-container,.e-con-inner>.elementor-widget-spacer>.elementor-widget-container>.elementor-spacer,.e-con>.elementor-widget-spacer>.elementor-widget-container,.e-con>.elementor-widget-spacer>.elementor-widget-container>.elementor-spacer{height:100%}.e-con-inner>.elementor-widget-spacer>.elementor-widget-container>.elementor-spacer>.elementor-spacer-inner,.e-con>.elementor-widget-spacer>.elementor-widget-container>.elementor-spacer>.elementor-spacer-inner{height:var(--container-widget-height,var(--spacer-size))}<\/style>\t\t<div class=\"elementor-spacer\">\n\t\t\t<div class=\"elementor-spacer-inner\"><\/div>\n\t\t<\/div>\n\t\t\t\t<\/div>\n\t\t\t\t<\/div>\n\t\t\t\t<div class=\"elementor-element elementor-element-33f98173 elementor-widget elementor-widget-theme-post-title elementor-page-title elementor-widget-heading\" data-id=\"33f98173\" data-element_type=\"widget\" data-widget_type=\"theme-post-title.default\">\n\t\t\t\t<div class=\"elementor-widget-container\">\n\t\t\t<style>\/*! elementor - v3.12.0 - 29-03-2023 *\/\n.elementor-heading-title{padding:0;margin:0;line-height:1}.elementor-widget-heading .elementor-heading-title[class*=elementor-size-]>a{color:inherit;font-size:inherit;line-height:inherit}.elementor-widget-heading .elementor-heading-title.elementor-size-small{font-size:15px}.elementor-widget-heading .elementor-heading-title.elementor-size-medium{font-size:19px}.elementor-widget-heading .elementor-heading-title.elementor-size-large{font-size:29px}.elementor-widget-heading .elementor-heading-title.elementor-size-xl{font-size:39px}.elementor-widget-heading .elementor-heading-title.elementor-size-xxl{font-size:59px}<\/style><h1 class=\"elementor-heading-title elementor-size-default\">Nuevo Desorden Econ\u00f3mico InternacionalParte V<\/h1>\t\t<\/div>\n\t\t\t\t<\/div>\n\t\t\t\t<div class=\"elementor-element elementor-element-7f2d10c elementor-widget elementor-widget-text-editor\" data-id=\"7f2d10c\" data-element_type=\"widget\" data-widget_type=\"text-editor.default\">\n\t\t\t\t<div class=\"elementor-widget-container\">\n\t\t\t<style>\/*! elementor - v3.12.0 - 29-03-2023 *\/\n.elementor-widget-text-editor.elementor-drop-cap-view-stacked .elementor-drop-cap{background-color:#69727d;color:#fff}.elementor-widget-text-editor.elementor-drop-cap-view-framed .elementor-drop-cap{color:#69727d;border:3px solid;background-color:transparent}.elementor-widget-text-editor:not(.elementor-drop-cap-view-default) .elementor-drop-cap{margin-top:8px}.elementor-widget-text-editor:not(.elementor-drop-cap-view-default) .elementor-drop-cap-letter{width:1em;height:1em}.elementor-widget-text-editor .elementor-drop-cap{float:left;text-align:center;line-height:1;font-size:50px}.elementor-widget-text-editor .elementor-drop-cap-letter{display:inline-block}<\/style>\t\t\t\t<p>La informaci\u00f3n y noticias en relaci\u00f3n con los incrementos arancelarios establecidos por Donald Trump no han parado. Las noticias y actividades empresariales se han mostrado en diversos sentidos, por ejemplo, tenemos una creciente participaci\u00f3n de empresas chinas en el mercado automotriz mexicano, con la oferta de una mayor cantidad de modelos de las distintas marcas, b\u00e1sicamente en tres categor\u00edas: de combusti\u00f3n interna, el\u00e9ctricos e h\u00edbridos y los anuncios sobre inversiones en M\u00e9xico han circulado prol\u00edficamente en 2025.<\/p><p><br>Se percibe un creciente inter\u00e9s de los inversionistas chinos y mexicanos por establecer plantas en Norteam\u00e9rica, con el prop\u00f3sito de evitar el pago de aranceles a la importaci\u00f3n de veh\u00edculos ligeros (autom\u00f3viles y camionetas). En este sentido, en el marco de la Expo Transporte ANPACT 2025, la empresa JAC manifest\u00f3 haber recibido alrededor de ocho solicitudes de empresas automotrices que buscan manufacturar diversos modelos en su planta ubicada en Ciudad Sahag\u00fan, Hidalgo, la cual inici\u00f3 operaciones en 2017 y actualmente tiene una capacidad para producir 60 mil unidades al a\u00f1o; para lograrlo realiz\u00f3 inversiones por alrededor de 3,000 millones de pesos. Lo anterior gener\u00f3 mil nuevos empleos y 4,500 indirectos, es decir, al menos para esta empresa con 100% de capital mexicano, perteneciente a Carlos Slim de Grupo Financiero Inbursa, integrante de Giant Motors, pionera en la inversi\u00f3n en el sector automotriz con veh\u00edculos dise\u00f1ados en China y Jap\u00f3n, por las empresas JAC Motors y Chori, respectivamente.<\/p><p><br>El mensaje es claro, los aranceles adicionales de Trump buscan restablecer la fabricaci\u00f3n de productos en Norteam\u00e9rica, a fin de generar empleos y bienestar en la poblaci\u00f3n. De otro modo, el T-MEC es una gran oportunidad para que las empresas asi\u00e1ticas, particularmente las chinas, logren una participaci\u00f3n en el mercado automotriz compuesto por alrededor de 500 millones de habitantes distribuidos en Canad\u00e1, Estados Unidos y M\u00e9xico; con la instalaci\u00f3n de plantas en cualquiera de los tres pa\u00edses, se ver\u00e1n beneficiadas de las preferencias arancelarias previstas en el mencionado tratado comercial.<\/p><p><br>Otro tema de particular inter\u00e9s es lo sucedido con las importaciones estadounidenses de productos agr\u00edcolas, entre ellos, carne de res, caf\u00e9, t\u00e9, aguacate, tomates, mangos, pi\u00f1as, pl\u00e1tanos y cocos, donde la decisi\u00f3n del gobierno federal estadounidense (Executive Order of November 14, 2025) fue dar marcha atr\u00e1s al incremento arancelario, inicialmente establecido el 2 de abril de 2025 mediante la Executive Order 14257, al reconocer las capacidades de producci\u00f3n nacional de ciertos bienes en Estados Unidos, o bien de aquellos productos que no cultiva o lo hace de manera limitada, por lo cual no cuenta con la oferta necesaria para abastecer el mercado estadounidense, as\u00ed como reconocer, a partir del establecimiento de los aranceles adicionales o rec\u00edprocos, el estado de las negociaciones con diversos socios comerciales.<\/p><p><br>Sin duda el Departamento del Tesoro estadounidense estaba complacido por el incremento, lo cual favorece la captaci\u00f3n de ingresos derivado del pago de derechos en aduana; pero en contra partida, durante los meses en vigor de los aranceles, se registr\u00f3 una escalada inflacionaria, lo cual afecta de manera directa a los consumidores estadounidenses.<\/p><p>&nbsp; <br>Con base en lo anterior, el 14 de noviembre de 2025, Donald Trump tom\u00f3 la decisi\u00f3n (Executive Order 14346) denominada Potential Tariff Adjustments for Aligned Partners, para eliminar los aranceles a partir de las 12:01 a.m. del 13 de noviembre, aplicables a una gran cantidad de productos.<\/p><p>&nbsp; <br>Entre las mercanc\u00edas agr\u00edcolas identificadas en dos anexos de la referida publicaci\u00f3n, se encuentran: pan, pasteles, acai y su jugo, jugos de c\u00edtricos como lim\u00f3n, naranja, uva, lima, agua de coco, carne de res, tomates, j\u00edcamas, chayote, taro, casta\u00f1as, nueces, pl\u00e1tanos, guayabas, dorians, papayas, mangos, caf\u00e9, mate, canela, cardamomo, curry, trigo, copra y chocolate.<\/p><p>&nbsp; <br>As\u00ed como una gran cantidad de productos farmac\u00e9uticos y otros relacionados con la aviaci\u00f3n, tales como fosfatos, cobre, niquel, tugsteno, titanio, tolueno, benceno, keroseno, gas natural, parafina, energ\u00eda el\u00e9ctrica, boro, ars\u00e9nico, selenio y la lista se vuelve interminable con cientos de fracciones que involucran una gran cantidad de productos de la tarifa arancelaria desde el c\u00f3digo 0106.11.00 hasta el 9818.00.07.<\/p><p><br>Lo anterior, parece confirmar lo ya conocido, la aplicaci\u00f3n de los incrementos arancelarios se hizo sin: i) conocer a detalle las capacidades productivas en los sectores agr\u00edcola, industrial y agroindustrial; y ii) medir el impacto inflacionario que afectar\u00eda a los consumidores, pero sobre todo al aplicarlos a productos de los cuales Estados Unidos carece de producci\u00f3n o es limitada; simplemente, en un mundo globalizado donde las mercanc\u00edas, en t\u00e9rminos generales, se intercambian f\u00e1cilmente entre las naciones; para el funcionamiento del comercio internacional no resulta adecuado imponer aranceles a productos de los cuales se carece de fabricaci\u00f3n nacional, porque no hay una industria por proteger frente las importaciones, o dicha industria es incapaz de satisfacer la demanda nacional.<\/p><p>&nbsp; <br>Entonces, la orden presidencial en comento sirve de reconocimiento para modificar de una manera adecuada el funcionamiento del comercio internacional, el cual a lo largo de d\u00e9cadas ha estado operando con la satisfacci\u00f3n que genera la oferta y la demanda de mercanc\u00edas.<\/p><p><br>Por otra parte, el 8 y 9 de abril de 2025, mediante las \u00d3rdenes Ejecutivas 14259 y 14266, Donald Trump impuso incrementos arancelarios adicionales, como respuesta a las medidas arancelarias impuestas por China a partir de los incrementos arancelarios en contra de una gran cantidad de pa\u00edses, entre ellos China, anunciados por Trump el 2 de abril (D\u00eda de la Liberaci\u00f3n) mediante orden 14257. Adicionalmente impuso un incremento adicional de 10% a las importaciones de productos chinos, mediante las \u00d3rdenes Ejecutivas 14298 y 14334 del 12 de mayo y 11 de agosto de 2025, respectivamente.<\/p><p>&nbsp; <br>Posteriormente, el 30 de octubre de 2025, los presidentes Xi Jinping de China y Donald Trump se reunieron en Corea del Sur para abordar el conflicto comercial derivado de los incrementos arancelarios. El arreglo fue denominado Kuala Lumpur Joint Arrangement, a pesar de que dicha ciudad no se localiza en Corea, sino en Malasia. Entre los acuerdos est\u00e1n la suspensi\u00f3n de los aranceles rec\u00edprocos en contra de los productos chinos a partir de las 12:01 a.m. del 10 de noviembre de 2026 (sic). Lo cual permite ver: es un compromiso de aplicaci\u00f3n para finales del presente a\u00f1o.<\/p><p><br>Otros compromisos son el sentido de eliminar; i) los actuales controles en la exportaci\u00f3n global de tierras raras y otros minerales cr\u00edticos provenientes de China; ii) las represalias chinas en contra de los fabricantes estadounidenses de semiconductores y otras grandes empresas relacionadas con la cadena de suministro de semiconductores; iii) los aranceles a los productos agr\u00edcolas estadounidenses el 31 de diciembre de 2026 (sic). Asimismo, se comprometi\u00f3 a comprar productos agr\u00edcolas estadounidenses, entre ellos, soya, sorgo y madera en rollo.<\/p><p>&nbsp; <br>El arreglo se\u00f1ala que los compromisos adquiridos permitir\u00e1n reducir el d\u00e9ficit comercial de Estados Unidos, relanzar\u00e1 la econom\u00eda estadounidense, facilitar\u00e1 el acceso a insumos y materiales necesarios para la defensa nacional, el sector energ\u00e9tico y otros aspectos de la seguridad nacional; adem\u00e1s fortalecer\u00e1 la infraestructura agr\u00edcola y la manufactura industrial estadounidense.<\/p><p><br>La orden ejecutiva se\u00f1ala: si China no cumple con los compromisos previstos en el Acuerdo, la orden se modificar\u00e1 nuevamente para atender las condiciones y preocupaciones vertidas en la Orden Ejecutiva 14257 del 2 de abril de 2025. Llama la atenci\u00f3n que, a diferencia de otras \u00f3rdenes ejecutivas, la mencionada modificaci\u00f3n con motivo del Acuerdo no hace referencia a alg\u00fan anexo en el cual puedan observarse los productos sujetos a la reducci\u00f3n o eliminaci\u00f3n arancelaria y se limita a se\u00f1alar: su implementaci\u00f3n est\u00e1 sujeta a la fracci\u00f3n arancelaria 9903.01.63 y la subdivisi\u00f3n (v) (xvii) (10) de la nota 2 al subcap\u00edtulo III del cap\u00edtulo 99 de la Tarifa Armonizada de los Estados Unidos.<\/p><p><br>Como parte de la orden ejecutiva, Estados Unidos continuar\u00e1 con las labores de monitoreo de las importaciones, de las condiciones de la emergencia nacional declarada en la Orden Ejecutiva 14257, el d\u00e9ficit comercial, la falta de reciprocidad en las relaciones comerciales entre los pa\u00edses y Estados Unidos, los aranceles y barreras comerciales impuestas por los pa\u00edses, as\u00ed como las pol\u00edticas econ\u00f3micas que deprimen los salarios estadounidenses, la solidez manufacturera nacional, la solidez de la base industrial de defensa y cualquier otro factor en afectaci\u00f3n de Estados Unidos y merma la relaci\u00f3n comercial bilateral.<\/p>\n<p><!-- \/wp:paragraph --><\/p>\t\t\t\t\t\t<\/div>\n\t\t\t\t<\/div>\n\t\t\t\t<div class=\"elementor-element elementor-element-4563c01 elementor-widget elementor-widget-image\" data-id=\"4563c01\" data-element_type=\"widget\" data-widget_type=\"image.default\">\n\t\t\t\t<div class=\"elementor-widget-container\">\n\t\t\t<style>\/*! elementor - v3.12.0 - 29-03-2023 *\/\n.elementor-widget-image{text-align:center}.elementor-widget-image a{display:inline-block}.elementor-widget-image a img[src$=\".svg\"]{width:48px}.elementor-widget-image img{vertical-align:middle;display:inline-block}<\/style>\t\t\t\t\t\t\t\t\t\t\t\t<img decoding=\"async\" src=\"https:\/\/tlcmagazinemexico.com.mx\/wp-content\/plugins\/elementor\/assets\/images\/placeholder.png\" title=\"\" alt=\"\" loading=\"lazy\" \/>\t\t\t\t\t\t\t\t\t\t\t\t\t\t\t<\/div>\n\t\t\t\t<\/div>\n\t\t\t\t<div class=\"elementor-element elementor-element-16f626b elementor-widget elementor-widget-text-editor\" data-id=\"16f626b\" data-element_type=\"widget\" data-widget_type=\"text-editor.default\">\n\t\t\t\t<div class=\"elementor-widget-container\">\n\t\t\t\t\t\t\t<p>Las cifras de julio, agosto y septiembre de 2025 con respecto a los montos observados en mayo y junio muestran una tendencia creciente, contraria a lo esperado en revertir la balanza comercial deficitaria con China. No obstante, si consideramos que la imposici\u00f3n de aranceles adicionales se realiz\u00f3 el 2 de abril de 2025, mayo y junio s\u00ed muestran un descenso con respecto a abril y, del mismo modo, si comparamos agosto y septiembre en relaci\u00f3n con julio tambi\u00e9n observan una tendencia descendente. No est\u00e1 claro si la tendencia descendente se mantendr\u00e1 o, ahora, con motivo del acuerdo alcanzado ente Estados Unidos y China en octubre de 2025, a pesar de que su aplicaci\u00f3n tomar\u00e1 todav\u00eda algunos meses, sus efectos, positivos o negativos para los intereses estadounidenses, se observar\u00e1n en el primer semestre de 2026.<\/p><p><br \/>En el caso de la relaci\u00f3n entre Brasil y Estados Unidos, las conversaciones entre los presidentes de ambos pa\u00edses celebrada el 6 de octubre de 2025, as\u00ed como de funcionarios de ambas naciones, derivaron en ajustes a la imposici\u00f3n de aranceles. Recordemos que el 30 de julio de 2025, se expidi\u00f3 la Orden Presidencial 14323, mediante la cual se impuso a Brasil un incremento arancelario ad valorem de 40% a determinados productos, entre los cuales se encuentran diversos productos agr\u00edcolas: carne de bovino, cocos, nueces, guayabas, papayas, pl\u00e1tanos, pimienta, paprika, canela, jengibre, cebada, chocolate, naranjas, as\u00ed como diversos productos industriales, como los se\u00f1alados en la Executive Order 14346.<\/p><p>\u00a0 <br \/>Ahora, en una versi\u00f3n modificada de la orden 14323 se eliminan los aranceles adicionales a los productos provenientes de Brasil, con vigencia a partir de las 12:01 a.m. del 13 de noviembre de 2025.<\/p><p><br \/>Con lo expuesto en \u00e9ste y los art\u00edculos publicados en ediciones anteriores de TLC Magazine M\u00e9xico est\u00e1 claro: los aranceles rec\u00edprocos emitidos el 2 de abril de 2025 a m\u00e1s de 50 naciones, no promovi\u00f3 que todos ellos se sentaran a realizar negociaciones con Estados Unidos y, en todo caso, solo quienes negociaron su reducci\u00f3n o eliminaci\u00f3n se ver\u00e1n beneficiados con ser proveedores favorecidos al contar con aranceles preferenciales, independientemente de mantener o no un tratado de libre comercio con Estados Unidos.<\/p><p><br \/>Tambi\u00e9n persiste la duda: si los arreglos o acuerdos suscritos por Estados Unidos con los referidos pa\u00edses, entre ellos, Brasil, Canad\u00e1, Corea, China, Filipinas, Gran Breta\u00f1a, Indonesia, Jap\u00f3n, M\u00e9xico, Uni\u00f3n Europea y Vietnam, ser\u00e1n suficientes para revertir la balanza comercial estadounidense, ya que varios de los mencionados pa\u00edses se comprometieron a comprar mercanc\u00edas estadounidenses. Lo cierto es, de acuerdo con la informaci\u00f3n disponible del Census Bureau, la balanza comercial estadounidense con respecto a todo el mundo asciende en 2025 a:<\/p><p><!-- \/wp:paragraph --><\/p>\t\t\t\t\t\t<\/div>\n\t\t\t\t<\/div>\n\t\t\t\t<div class=\"elementor-element elementor-element-831d74f elementor-widget elementor-widget-image\" data-id=\"831d74f\" data-element_type=\"widget\" data-widget_type=\"image.default\">\n\t\t\t\t<div class=\"elementor-widget-container\">\n\t\t\t\t\t\t\t\t\t\t\t\t\t\t\t<img decoding=\"async\" src=\"https:\/\/tlcmagazinemexico.com.mx\/wp-content\/plugins\/elementor\/assets\/images\/placeholder.png\" title=\"\" alt=\"\" loading=\"lazy\" \/>\t\t\t\t\t\t\t\t\t\t\t\t\t\t\t<\/div>\n\t\t\t\t<\/div>\n\t\t\t\t<div class=\"elementor-element elementor-element-94792c3 elementor-widget elementor-widget-text-editor\" data-id=\"94792c3\" data-element_type=\"widget\" data-widget_type=\"text-editor.default\">\n\t\t\t\t<div class=\"elementor-widget-container\">\n\t\t\t\t\t\t\t<p>Las cifras de julio y septiembre muestran en un repunte del d\u00e9ficit comercial en comparaci\u00f3n con el mes anterior. Si observamos \u00fanicamente julio y la diferencia tan significativa en comparaci\u00f3n con mayo y junio, donde los incrementos arancelarios estaban plenamente en vigor, podr\u00eda decirse: no tuvieron como efecto revertir la balanza comercial deficitaria. O, dicho de otro modo, si comparamos las cifras de 2024 con respecto a 2025, veremos que el impacto de los aranceles adicionales de Trump para revertir la balanza negativa ha sido m\u00ednimo.<\/p><p><!-- \/wp:paragraph --><\/p>\t\t\t\t\t\t<\/div>\n\t\t\t\t<\/div>\n\t\t\t\t<div class=\"elementor-element elementor-element-2c7d56d elementor-widget elementor-widget-image\" data-id=\"2c7d56d\" data-element_type=\"widget\" data-widget_type=\"image.default\">\n\t\t\t\t<div class=\"elementor-widget-container\">\n\t\t\t\t\t\t\t\t\t\t\t\t\t\t\t<img decoding=\"async\" src=\"https:\/\/tlcmagazinemexico.com.mx\/wp-content\/plugins\/elementor\/assets\/images\/placeholder.png\" title=\"\" alt=\"\" loading=\"lazy\" \/>\t\t\t\t\t\t\t\t\t\t\t\t\t\t\t<\/div>\n\t\t\t\t<\/div>\n\t\t\t\t<div class=\"elementor-element elementor-element-f624ece elementor-widget elementor-widget-text-editor\" data-id=\"f624ece\" data-element_type=\"widget\" data-widget_type=\"text-editor.default\">\n\t\t\t\t<div class=\"elementor-widget-container\">\n\t\t\t\t\t\t\t<p>El crecimiento de las exportaciones estadounidenses no ha sido significativo y la reducci\u00f3n de las importaciones, a pesar de los aranceles rec\u00edprocos o adicionales, tampoco observa una marcada diferencia entre 2024 y 2025. En consecuencia, al menos a ocho de meses (al momento de redactar este art\u00edculo) de haberse establecido los referidos aranceles, no permiten afirmar que hayan cumplido el prop\u00f3sito de revertir la balanza comercial deficitaria estadounidense. Situaci\u00f3n similar a lo sucedido en el primer gobierno de Trump y por ese, entre otros motivos, se sustituy\u00f3 el TLCAN por el TMEC (para revertir la balanza comercial deficitaria de Estados Unidos), donde la balanza favorable a M\u00e9xico se mantuvo de 2018 a la fecha, con excepci\u00f3n del descenso registrado durante el a\u00f1o y medio del covid, cuyas afectaciones al comercio internacional fueron evidentes.<\/p><p><br \/>En suma, sigue en duda si las pol\u00edticas comerciales agresivas establecidas por Donald Trump sean suficientes para alcanzar la meta de revertir la balanza comercial deficitaria de Estados Unidos. Por otro lado, los aranceles adicionales o rec\u00edprocos de dicho pa\u00eds han sido presi\u00f3n suficiente para que una decena de naciones establezcan de manera cuasi formal nuevos acuerdos comerciales, en sustituci\u00f3n de los tratados de libre comercio, para realizar inversiones en los Estados Unidos y para comprar productos agr\u00edcolas e industriales fabricados por estadounidenses, violentando as\u00ed los compromisos anteriormente suscritos en los tratados de libre comercio, por ejemplo, el T-MEC.<\/p><p>\u00a0 <br \/>Tambi\u00e9n est\u00e1 claro: la justificaci\u00f3n de la seguridad nacional estadounidense se ha incorporado a la agenda comercial, de manera justificada o no, dependiendo de si la opini\u00f3n es de Estados Unidos o de alguno de sus socios comerciales; y los l\u00edmites o alcances de esa agenda comercial, seg\u00fan la visi\u00f3n de Donald Trump, involucra temas pol\u00edticos, de salud p\u00fablica, de suministro de agua, de defensa y de liderazgo que dicho pa\u00eds espera conservar durante el Siglo XXI, a pesar del despunte de China en temas de comercio internacional, tecnolog\u00eda, reservas financieras, etc.<\/p><p><br \/>Los cambios no han terminado, al gobierno de Trump le quedan todav\u00eda tres a\u00f1os y los desenlaces de diversos temas ponen en vilo los planes y programas de gobiernos y de empresas. Como en el caso de M\u00e9xico, donde la revisi\u00f3n (renegociaci\u00f3n) del T-MEC en lugar de realizarse a mediados de 2026, comenz\u00f3 con el gobierno de Trump a principios de 2025.<\/p><p><!-- \/wp:paragraph --><\/p>\t\t\t\t\t\t<\/div>\n\t\t\t\t<\/div>\n\t\t\t\t<div class=\"elementor-element elementor-element-4f69719c elementor-widget elementor-widget-image\" data-id=\"4f69719c\" data-element_type=\"widget\" data-widget_type=\"image.default\">\n\t\t\t\t<div class=\"elementor-widget-container\">\n\t\t\t\t\t\t\t\t\t\t\t\t\t\t\t<img loading=\"lazy\" decoding=\"async\" width=\"750\" height=\"272\" src=\"https:\/\/tlcmagazinemexico.com.mx\/wp-content\/uploads\/2023\/04\/Semblanzas-E34_1-1024x372.png\" class=\"attachment-large size-large wp-image-145\" alt=\"\" srcset=\"https:\/\/tlcmagazinemexico.com.mx\/wp-content\/uploads\/2023\/04\/Semblanzas-E34_1-1024x372.png 1024w, https:\/\/tlcmagazinemexico.com.mx\/wp-content\/uploads\/2023\/04\/Semblanzas-E34_1-300x109.png 300w, https:\/\/tlcmagazinemexico.com.mx\/wp-content\/uploads\/2023\/04\/Semblanzas-E34_1-768x279.png 768w, https:\/\/tlcmagazinemexico.com.mx\/wp-content\/uploads\/2023\/04\/Semblanzas-E34_1.png 1311w\" sizes=\"auto, (max-width: 750px) 100vw, 750px\" style=\"width:100%;height:36.31%;max-width:1311px\" \/>\t\t\t\t\t\t\t\t\t\t\t\t\t\t\t<\/div>\n\t\t\t\t<\/div>\n\t\t\t\t<section class=\"elementor-section elementor-inner-section elementor-element elementor-element-55f38200 elementor-section-boxed elementor-section-height-default elementor-section-height-default\" data-id=\"55f38200\" data-element_type=\"section\">\n\t\t\t\t\t\t<div class=\"elementor-container elementor-column-gap-default\">\n\t\t\t\t\t<div class=\"elementor-column elementor-col-50 elementor-inner-column elementor-element elementor-element-177d77c9\" data-id=\"177d77c9\" data-element_type=\"column\">\n\t\t\t<div class=\"elementor-widget-wrap elementor-element-populated\">\n\t\t\t\t\t\t\t\t<div class=\"elementor-element elementor-element-2f44d81d elementor-widget elementor-widget-heading\" data-id=\"2f44d81d\" data-element_type=\"widget\" data-widget_type=\"heading.default\">\n\t\t\t\t<div class=\"elementor-widget-container\">\n\t\t\t<h2 class=\"elementor-heading-title elementor-size-default\">Compartir <\/h2>\t\t<\/div>\n\t\t\t\t<\/div>\n\t\t\t\t\t<\/div>\n\t\t<\/div>\n\t\t\t\t<div class=\"elementor-column elementor-col-50 elementor-inner-column elementor-element elementor-element-6687dbe3\" data-id=\"6687dbe3\" data-element_type=\"column\">\n\t\t\t<div class=\"elementor-widget-wrap elementor-element-populated\">\n\t\t\t\t\t\t\t\t<div class=\"elementor-element elementor-element-244f0208 elementor-share-buttons--view-icon elementor-share-buttons--skin-flat elementor-share-buttons--align-right elementor-share-buttons--color-custom elementor-share-buttons-mobile--align-center elementor-share-buttons--shape-square elementor-grid-0 elementor-widget elementor-widget-share-buttons\" data-id=\"244f0208\" data-element_type=\"widget\" data-widget_type=\"share-buttons.default\">\n\t\t\t\t<div class=\"elementor-widget-container\">\n\t\t\t<link rel=\"stylesheet\" href=\"https:\/\/tlcmagazinemexico.com.mx\/wp-content\/plugins\/elementor-pro\/assets\/css\/widget-share-buttons.min.css\">\t\t<div class=\"elementor-grid\">\n\t\t\t\t\t\t\t\t<div class=\"elementor-grid-item\">\n\t\t\t\t\t\t<div\n\t\t\t\t\t\t\tclass=\"elementor-share-btn elementor-share-btn_facebook\"\n\t\t\t\t\t\t\trole=\"button\"\n\t\t\t\t\t\t\ttabindex=\"0\"\n\t\t\t\t\t\t\taria-label=\"Compartir en facebook\"\n\t\t\t\t\t\t>\n\t\t\t\t\t\t\t\t\t\t\t\t\t\t\t<span class=\"elementor-share-btn__icon\">\n\t\t\t\t\t\t\t\t<i class=\"fab fa-facebook\" aria-hidden=\"true\"><\/i>\t\t\t\t\t\t\t<\/span>\n\t\t\t\t\t\t\t\t\t\t\t\t\t\t\t\t\t\t\t\t<\/div>\n\t\t\t\t\t<\/div>\n\t\t\t\t\t\t\t\t\t<div class=\"elementor-grid-item\">\n\t\t\t\t\t\t<div\n\t\t\t\t\t\t\tclass=\"elementor-share-btn elementor-share-btn_linkedin\"\n\t\t\t\t\t\t\trole=\"button\"\n\t\t\t\t\t\t\ttabindex=\"0\"\n\t\t\t\t\t\t\taria-label=\"Compartir en linkedin\"\n\t\t\t\t\t\t>\n\t\t\t\t\t\t\t\t\t\t\t\t\t\t\t<span class=\"elementor-share-btn__icon\">\n\t\t\t\t\t\t\t\t<i class=\"fab fa-linkedin\" aria-hidden=\"true\"><\/i>\t\t\t\t\t\t\t<\/span>\n\t\t\t\t\t\t\t\t\t\t\t\t\t\t\t\t\t\t\t\t<\/div>\n\t\t\t\t\t<\/div>\n\t\t\t\t\t\t\t\t\t<div class=\"elementor-grid-item\">\n\t\t\t\t\t\t<div\n\t\t\t\t\t\t\tclass=\"elementor-share-btn elementor-share-btn_twitter\"\n\t\t\t\t\t\t\trole=\"button\"\n\t\t\t\t\t\t\ttabindex=\"0\"\n\t\t\t\t\t\t\taria-label=\"Compartir en twitter\"\n\t\t\t\t\t\t>\n\t\t\t\t\t\t\t\t\t\t\t\t\t\t\t<span class=\"elementor-share-btn__icon\">\n\t\t\t\t\t\t\t\t<i class=\"fab fa-twitter\" aria-hidden=\"true\"><\/i>\t\t\t\t\t\t\t<\/span>\n\t\t\t\t\t\t\t\t\t\t\t\t\t\t\t\t\t\t\t\t<\/div>\n\t\t\t\t\t<\/div>\n\t\t\t\t\t\t\t\t\t<div class=\"elementor-grid-item\">\n\t\t\t\t\t\t<div\n\t\t\t\t\t\t\tclass=\"elementor-share-btn elementor-share-btn_email\"\n\t\t\t\t\t\t\trole=\"button\"\n\t\t\t\t\t\t\ttabindex=\"0\"\n\t\t\t\t\t\t\taria-label=\"Compartir en email\"\n\t\t\t\t\t\t>\n\t\t\t\t\t\t\t\t\t\t\t\t\t\t\t<span class=\"elementor-share-btn__icon\">\n\t\t\t\t\t\t\t\t<i class=\"fas fa-envelope\" aria-hidden=\"true\"><\/i>\t\t\t\t\t\t\t<\/span>\n\t\t\t\t\t\t\t\t\t\t\t\t\t\t\t\t\t\t\t\t<\/div>\n\t\t\t\t\t<\/div>\n\t\t\t\t\t\t<\/div>\n\t\t\t\t<\/div>\n\t\t\t\t<\/div>\n\t\t\t\t\t<\/div>\n\t\t<\/div>\n\t\t\t\t\t\t\t<\/div>\n\t\t<\/section>\n\t\t\t\t\t<\/div>\n\t\t<\/div>\n\t\t\t\t<div class=\"elementor-column elementor-col-33 elementor-top-column elementor-element elementor-element-4911567d\" data-id=\"4911567d\" data-element_type=\"column\">\n\t\t\t<div class=\"elementor-widget-wrap\">\n\t\t\t\t\t\t\t\t\t<\/div>\n\t\t<\/div>\n\t\t\t\t<div class=\"elementor-column elementor-col-33 elementor-top-column elementor-element elementor-element-2119789c\" data-id=\"2119789c\" data-element_type=\"column\">\n\t\t\t<div class=\"elementor-widget-wrap elementor-element-populated\">\n\t\t\t\t\t\t\t\t<div class=\"elementor-element elementor-element-28c58c11 elementor-grid-1 elementor-posts--align-center elementor-posts__hover-none elementor-widget__width-inherit elementor-absolute elementor-grid-tablet-2 elementor-grid-mobile-1 elementor-posts--thumbnail-top elementor-card-shadow-yes elementor-widget elementor-widget-posts\" data-id=\"28c58c11\" data-element_type=\"widget\" data-settings=\"{&quot;cards_columns&quot;:&quot;1&quot;,&quot;cards_row_gap&quot;:{&quot;unit&quot;:&quot;px&quot;,&quot;size&quot;:&quot;30&quot;,&quot;sizes&quot;:[]},&quot;_position&quot;:&quot;absolute&quot;,&quot;cards_columns_tablet&quot;:&quot;2&quot;,&quot;cards_columns_mobile&quot;:&quot;1&quot;,&quot;cards_row_gap_tablet&quot;:{&quot;unit&quot;:&quot;px&quot;,&quot;size&quot;:&quot;&quot;,&quot;sizes&quot;:[]},&quot;cards_row_gap_mobile&quot;:{&quot;unit&quot;:&quot;px&quot;,&quot;size&quot;:&quot;&quot;,&quot;sizes&quot;:[]}}\" data-widget_type=\"posts.cards\">\n\t\t\t\t<div class=\"elementor-widget-container\">\n\t\t\t<link rel=\"stylesheet\" href=\"https:\/\/tlcmagazinemexico.com.mx\/wp-content\/plugins\/elementor-pro\/assets\/css\/widget-posts.min.css\">\t\t<div class=\"elementor-posts-container elementor-posts elementor-posts--skin-cards elementor-grid\">\n\t\t\t\t<article class=\"elementor-post elementor-grid-item post-22685 post type-post status-publish format-standard hentry category-edicion-61 entry\">\n\t\t\t<div class=\"elementor-post__card\">\n\t\t\t\t<div class=\"elementor-post__text\">\n\t\t\t\t<h1 class=\"elementor-post__title\">\n\t\t\t<a href=\"https:\/\/tlcmagazinemexico.com.mx\/index.php\/2026\/04\/28\/costos-logisticos-en-mexico-transporte-nodos-y-friccion-operativa-en-2026\/\" >\n\t\t\t\tCostos log\u00edsticos en M\u00e9xico: transporte, nodos y fricci\u00f3n operativa en 2026\t\t\t<\/a>\n\t\t<\/h1>\n\t\t\t\t<div class=\"elementor-post__excerpt\">\n\t\t\t<p>En M\u00e9xico, la log\u00edstica ha dejado de ser vista solo como un tema operativo para convertirse en una variable clave de competitividad dentro de las<\/p>\n\t\t<\/div>\n\t\t\n\t\t<a class=\"elementor-post__read-more\" href=\"https:\/\/tlcmagazinemexico.com.mx\/index.php\/2026\/04\/28\/costos-logisticos-en-mexico-transporte-nodos-y-friccion-operativa-en-2026\/\" aria-label=\"Read more about Costos log\u00edsticos en M\u00e9xico: transporte, nodos y fricci\u00f3n operativa en 2026\" >\n\t\t\tLeer m\u00e1s \u00bb\t\t<\/a>\n\n\t\t\t\t<\/div>\n\t\t\t\t\t<\/div>\n\t\t<\/article>\n\t\t\t\t<article class=\"elementor-post elementor-grid-item post-22680 post type-post status-publish format-standard hentry category-edicion-61 entry\">\n\t\t\t<div class=\"elementor-post__card\">\n\t\t\t\t<div class=\"elementor-post__text\">\n\t\t\t\t<h1 class=\"elementor-post__title\">\n\t\t\t<a href=\"https:\/\/tlcmagazinemexico.com.mx\/index.php\/2026\/04\/28\/el-despertar-del-dragon-azteca-la-nueva-soberania-industrial-automotriz-en-mexico-2025-2026\/\" >\n\t\t\t\tEl Despertar del Drag\u00f3n Azteca: La Nueva Soberan\u00eda Industrial Automotriz en M\u00e9xico (2025-2026)\t\t\t<\/a>\n\t\t<\/h1>\n\t\t\t\t<div class=\"elementor-post__excerpt\">\n\t\t\t<p>En 2026, el sector automotriz en M\u00e9xico no solo se mide por unidades vendidas, sino por la profundidad de su integraci\u00f3n nacional. Tras cerrar 2025<\/p>\n\t\t<\/div>\n\t\t\n\t\t<a class=\"elementor-post__read-more\" href=\"https:\/\/tlcmagazinemexico.com.mx\/index.php\/2026\/04\/28\/el-despertar-del-dragon-azteca-la-nueva-soberania-industrial-automotriz-en-mexico-2025-2026\/\" aria-label=\"Read more about El Despertar del Drag\u00f3n Azteca: La Nueva Soberan\u00eda Industrial Automotriz en M\u00e9xico (2025-2026)\" >\n\t\t\tLeer m\u00e1s \u00bb\t\t<\/a>\n\n\t\t\t\t<\/div>\n\t\t\t\t\t<\/div>\n\t\t<\/article>\n\t\t\t\t<article class=\"elementor-post elementor-grid-item post-22669 post type-post status-publish format-standard hentry category-edicion-61 entry\">\n\t\t\t<div class=\"elementor-post__card\">\n\t\t\t\t<div class=\"elementor-post__text\">\n\t\t\t\t<h1 class=\"elementor-post__title\">\n\t\t\t<a href=\"https:\/\/tlcmagazinemexico.com.mx\/index.php\/2026\/04\/28\/contrabando-2-0-el-huachicol-fiscal-y-la-nueva-cara-del-fraude-aduanero-en-mexico\/\" >\n\t\t\t\tContrabando 2.0: El \u201chuachicol fiscal\u201d y la nueva cara del fraude aduanero en M\u00e9xico\t\t\t<\/a>\n\t\t<\/h1>\n\t\t\t\t<div class=\"elementor-post__excerpt\">\n\t\t\t<p>Un enemigo silencioso est\u00e1 drenando las arcas de M\u00e9xico: el llamado contrabando t\u00e9cnico y su versi\u00f3n m\u00e1s da\u00f1ina en hidrocarburos, el huachicol fiscal. Estas pr\u00e1cticas<\/p>\n\t\t<\/div>\n\t\t\n\t\t<a class=\"elementor-post__read-more\" href=\"https:\/\/tlcmagazinemexico.com.mx\/index.php\/2026\/04\/28\/contrabando-2-0-el-huachicol-fiscal-y-la-nueva-cara-del-fraude-aduanero-en-mexico\/\" aria-label=\"Read more about Contrabando 2.0: El \u201chuachicol fiscal\u201d y la nueva cara del fraude aduanero en M\u00e9xico\" >\n\t\t\tLeer m\u00e1s \u00bb\t\t<\/a>\n\n\t\t\t\t<\/div>\n\t\t\t\t\t<\/div>\n\t\t<\/article>\n\t\t\t\t<article class=\"elementor-post elementor-grid-item post-22664 post type-post status-publish format-standard hentry category-edicion-61 entry\">\n\t\t\t<div class=\"elementor-post__card\">\n\t\t\t\t<div class=\"elementor-post__text\">\n\t\t\t\t<h1 class=\"elementor-post__title\">\n\t\t\t<a href=\"https:\/\/tlcmagazinemexico.com.mx\/index.php\/2026\/04\/28\/que-factores-moveran-los-mercados-de-divisas-en-2026\/\" >\n\t\t\t\t\u00bfQu\u00e9 factores mover\u00e1n los mercados de divisas en 2026?\t\t\t<\/a>\n\t\t<\/h1>\n\t\t\t\t<div class=\"elementor-post__excerpt\">\n\t\t\t<p>Tras un 2025 marcado por el shock arancelario y una correcci\u00f3n simult\u00e1nea y poco habitual de los activos estadounidenses en el \u201cD\u00eda de la Liberaci\u00f3n\u201d,<\/p>\n\t\t<\/div>\n\t\t\n\t\t<a class=\"elementor-post__read-more\" href=\"https:\/\/tlcmagazinemexico.com.mx\/index.php\/2026\/04\/28\/que-factores-moveran-los-mercados-de-divisas-en-2026\/\" aria-label=\"Read more about \u00bfQu\u00e9 factores mover\u00e1n los mercados de divisas en 2026?\" >\n\t\t\tLeer m\u00e1s \u00bb\t\t<\/a>\n\n\t\t\t\t<\/div>\n\t\t\t\t\t<\/div>\n\t\t<\/article>\n\t\t\t\t<article class=\"elementor-post elementor-grid-item post-22656 post type-post status-publish format-standard hentry category-edicion-61 entry\">\n\t\t\t<div class=\"elementor-post__card\">\n\t\t\t\t<div class=\"elementor-post__text\">\n\t\t\t\t<h1 class=\"elementor-post__title\">\n\t\t\t<a href=\"https:\/\/tlcmagazinemexico.com.mx\/index.php\/2026\/04\/28\/nuevo-desorden-economico-internacionalparte-v\/\" >\n\t\t\t\tNuevo Desorden Econ\u00f3mico InternacionalParte V\t\t\t<\/a>\n\t\t<\/h1>\n\t\t\t\t<div class=\"elementor-post__excerpt\">\n\t\t\t<p>La informaci\u00f3n y noticias en relaci\u00f3n con los incrementos arancelarios establecidos por Donald Trump no han parado. Las noticias y actividades empresariales se han mostrado<\/p>\n\t\t<\/div>\n\t\t\n\t\t<a class=\"elementor-post__read-more\" href=\"https:\/\/tlcmagazinemexico.com.mx\/index.php\/2026\/04\/28\/nuevo-desorden-economico-internacionalparte-v\/\" aria-label=\"Read more about Nuevo Desorden Econ\u00f3mico InternacionalParte V\" >\n\t\t\tLeer m\u00e1s \u00bb\t\t<\/a>\n\n\t\t\t\t<\/div>\n\t\t\t\t\t<\/div>\n\t\t<\/article>\n\t\t\t\t<article class=\"elementor-post elementor-grid-item post-22638 post type-post status-publish format-standard hentry category-edicion-61 entry\">\n\t\t\t<div class=\"elementor-post__card\">\n\t\t\t\t<div class=\"elementor-post__text\">\n\t\t\t\t<h1 class=\"elementor-post__title\">\n\t\t\t<a href=\"https:\/\/tlcmagazinemexico.com.mx\/index.php\/2026\/04\/28\/analisis-del-plan-de-inversion-en-infraestructura-para-el-desarrollo-con-bienestar-2026-2030\/\" >\n\t\t\t\tAn\u00e1lisis del Plan de Inversi\u00f3n en Infraestructura para el Desarrollo con Bienestar 2026-2030\t\t\t<\/a>\n\t\t<\/h1>\n\t\t\t\t<div class=\"elementor-post__excerpt\">\n\t\t\t<p>En fecha 3 de febrero de 2026, el Gobierno de M\u00e9xico anunci\u00f3 la emisi\u00f3n del llamado Plan de Inversi\u00f3n en Infraestructura para el Desarrollo con<\/p>\n\t\t<\/div>\n\t\t\n\t\t<a class=\"elementor-post__read-more\" href=\"https:\/\/tlcmagazinemexico.com.mx\/index.php\/2026\/04\/28\/analisis-del-plan-de-inversion-en-infraestructura-para-el-desarrollo-con-bienestar-2026-2030\/\" aria-label=\"Read more about An\u00e1lisis del Plan de Inversi\u00f3n en Infraestructura para el Desarrollo con Bienestar 2026-2030\" >\n\t\t\tLeer m\u00e1s \u00bb\t\t<\/a>\n\n\t\t\t\t<\/div>\n\t\t\t\t\t<\/div>\n\t\t<\/article>\n\t\t\t\t<article class=\"elementor-post elementor-grid-item post-21103 post type-post status-publish format-standard hentry category-edicion-61 entry\">\n\t\t\t<div class=\"elementor-post__card\">\n\t\t\t\t<div class=\"elementor-post__text\">\n\t\t\t\t<h1 class=\"elementor-post__title\">\n\t\t\t<a href=\"https:\/\/tlcmagazinemexico.com.mx\/index.php\/2026\/02\/12\/recurso-de-revocacion-vs-juicio-de-nulidad\/\" >\n\t\t\t\tRecurso de Revocaci\u00f3n VS. Juicio de Nulidad\t\t\t<\/a>\n\t\t<\/h1>\n\t\t\t\t<div class=\"elementor-post__excerpt\">\n\t\t\t<p>Cuando la autoridad fiscal -ya sea el Servicio de Administraci\u00f3n Tributaria (SAT), la Agencia Nacional de Aduanas de M\u00e9xico (ANAM) o las Secretar\u00edas de Finanzas<\/p>\n\t\t<\/div>\n\t\t\n\t\t<a class=\"elementor-post__read-more\" href=\"https:\/\/tlcmagazinemexico.com.mx\/index.php\/2026\/02\/12\/recurso-de-revocacion-vs-juicio-de-nulidad\/\" aria-label=\"Read more about Recurso de Revocaci\u00f3n VS. Juicio de Nulidad\" >\n\t\t\tLeer m\u00e1s \u00bb\t\t<\/a>\n\n\t\t\t\t<\/div>\n\t\t\t\t\t<\/div>\n\t\t<\/article>\n\t\t\t\t<article class=\"elementor-post elementor-grid-item post-21098 post type-post status-publish format-standard hentry category-edicion-61 entry\">\n\t\t\t<div class=\"elementor-post__card\">\n\t\t\t\t<div class=\"elementor-post__text\">\n\t\t\t\t<h1 class=\"elementor-post__title\">\n\t\t\t<a href=\"https:\/\/tlcmagazinemexico.com.mx\/index.php\/2026\/02\/12\/perspectiva-historica-de-la-figura-del-agente-aduanal\/\" >\n\t\t\t\tPerspectiva hist\u00f3rica de la figura del Agente Aduanal\t\t\t<\/a>\n\t\t<\/h1>\n\t\t\t\t<div class=\"elementor-post__excerpt\">\n\t\t\t<p>Este art\u00edculo tiene como prop\u00f3sito presentar una perspectiva hist\u00f3rica de la figura del agente aduanal, desde que aparece establecida legalmente por la Presidencia de la<\/p>\n\t\t<\/div>\n\t\t\n\t\t<a class=\"elementor-post__read-more\" href=\"https:\/\/tlcmagazinemexico.com.mx\/index.php\/2026\/02\/12\/perspectiva-historica-de-la-figura-del-agente-aduanal\/\" aria-label=\"Read more about Perspectiva hist\u00f3rica de la figura del Agente Aduanal\" >\n\t\t\tLeer m\u00e1s \u00bb\t\t<\/a>\n\n\t\t\t\t<\/div>\n\t\t\t\t\t<\/div>\n\t\t<\/article>\n\t\t\t\t<\/div>\n\t\t\n\t\t\t\t<\/div>\n\t\t\t\t<\/div>\n\t\t\t\t\t<\/div>\n\t\t<\/div>\n\t\t\t\t\t\t\t<\/div>\n\t\t<\/section>\n\t\t\t\t\t\t\t<\/div>\n\t\t","protected":false},"excerpt":{"rendered":"<p>La informaci\u00f3n y noticias en relaci\u00f3n con los incrementos arancelarios establecidos por Donald Trump no han parado. Las noticias y actividades empresariales se han mostrado en diversos sentidos, por ejemplo, tenemos una creciente participaci\u00f3n de empresas chinas en el mercado automotriz mexicano, con la oferta de una mayor cantidad de modelos de las distintas marcas,&hellip; <a class=\"more-link\" href=\"https:\/\/tlcmagazinemexico.com.mx\/index.php\/2026\/02\/12\/perspectiva-historica-de-la-figura-del-agente-aduanal\/\">Seguir leyendo <span class=\"screen-reader-text\">Perspectiva hist\u00f3rica de la figura del Agente Aduanal<\/span><\/a><\/p>\n","protected":false},"author":3,"featured_media":0,"comment_status":"open","ping_status":"open","sticky":false,"template":"elementor_header_footer","format":"standard","meta":{"_monsterinsights_skip_tracking":false,"_monsterinsights_sitenote_active":false,"_monsterinsights_sitenote_note":"","_monsterinsights_sitenote_category":0,"footnotes":""},"categories":[53],"tags":[],"class_list":["post-22656","post","type-post","status-publish","format-standard","hentry","category-edicion-61","entry"],"views":24,"_links":{"self":[{"href":"https:\/\/tlcmagazinemexico.com.mx\/index.php\/wp-json\/wp\/v2\/posts\/22656","targetHints":{"allow":["GET"]}}],"collection":[{"href":"https:\/\/tlcmagazinemexico.com.mx\/index.php\/wp-json\/wp\/v2\/posts"}],"about":[{"href":"https:\/\/tlcmagazinemexico.com.mx\/index.php\/wp-json\/wp\/v2\/types\/post"}],"author":[{"embeddable":true,"href":"https:\/\/tlcmagazinemexico.com.mx\/index.php\/wp-json\/wp\/v2\/users\/3"}],"replies":[{"embeddable":true,"href":"https:\/\/tlcmagazinemexico.com.mx\/index.php\/wp-json\/wp\/v2\/comments?post=22656"}],"version-history":[{"count":7,"href":"https:\/\/tlcmagazinemexico.com.mx\/index.php\/wp-json\/wp\/v2\/posts\/22656\/revisions"}],"predecessor-version":[{"id":22663,"href":"https:\/\/tlcmagazinemexico.com.mx\/index.php\/wp-json\/wp\/v2\/posts\/22656\/revisions\/22663"}],"wp:attachment":[{"href":"https:\/\/tlcmagazinemexico.com.mx\/index.php\/wp-json\/wp\/v2\/media?parent=22656"}],"wp:term":[{"taxonomy":"category","embeddable":true,"href":"https:\/\/tlcmagazinemexico.com.mx\/index.php\/wp-json\/wp\/v2\/categories?post=22656"},{"taxonomy":"post_tag","embeddable":true,"href":"https:\/\/tlcmagazinemexico.com.mx\/index.php\/wp-json\/wp\/v2\/tags?post=22656"}],"curies":[{"name":"wp","href":"https:\/\/api.w.org\/{rel}","templated":true}]}}