{"id":22604,"date":"2026-04-27T17:16:29","date_gmt":"2026-04-27T17:16:29","guid":{"rendered":"https:\/\/tlcmagazinemexico.com.mx\/?p=22604"},"modified":"2026-04-27T19:03:34","modified_gmt":"2026-04-27T19:03:34","slug":"fortalecen-lazos-comerciales-mexico-arizona-para-impulsar-a-los-negocios-familiares-y-el-comercio-internacional","status":"publish","type":"post","link":"https:\/\/tlcmagazinemexico.com.mx\/index.php\/2026\/04\/27\/fortalecen-lazos-comerciales-mexico-arizona-para-impulsar-a-los-negocios-familiares-y-el-comercio-internacional\/","title":{"rendered":"Fortalecen lazos comerciales M\u00e9xico\u2013Arizona para impulsar a los negocios familiares y el comercio internacional"},"content":{"rendered":"\t\t<div data-elementor-type=\"wp-post\" data-elementor-id=\"22604\" class=\"elementor elementor-22604\">\n\t\t\t\t\t\t\t\t\t<section class=\"elementor-section elementor-top-section elementor-element elementor-element-2790814b elementor-section-boxed elementor-section-height-default elementor-section-height-default\" data-id=\"2790814b\" data-element_type=\"section\">\n\t\t\t\t\t\t<div class=\"elementor-container elementor-column-gap-default\">\n\t\t\t\t\t<div class=\"elementor-column elementor-col-33 elementor-top-column elementor-element elementor-element-16074bab\" data-id=\"16074bab\" data-element_type=\"column\">\n\t\t\t<div class=\"elementor-widget-wrap elementor-element-populated\">\n\t\t\t\t\t\t\t\t<div class=\"elementor-element elementor-element-2d299d8d elementor-widget elementor-widget-theme-post-featured-image elementor-widget-image\" data-id=\"2d299d8d\" data-element_type=\"widget\" data-widget_type=\"theme-post-featured-image.default\">\n\t\t\t\t<div class=\"elementor-widget-container\">\n\t\t\t<style>\/*! elementor - v3.12.0 - 29-03-2023 *\/\n.elementor-widget-image{text-align:center}.elementor-widget-image a{display:inline-block}.elementor-widget-image a img[src$=\".svg\"]{width:48px}.elementor-widget-image img{vertical-align:middle;display:inline-block}<\/style>\t\t\t\t\t\t\t\t\t\t\t\t<img loading=\"lazy\" decoding=\"async\" width=\"750\" height=\"500\" src=\"https:\/\/tlcmagazinemexico.com.mx\/wp-content\/uploads\/2026\/04\/41g-1-2.png\" class=\"attachment-large size-large wp-image-22606\" alt=\"\" srcset=\"https:\/\/tlcmagazinemexico.com.mx\/wp-content\/uploads\/2026\/04\/41g-1-2.png 900w, https:\/\/tlcmagazinemexico.com.mx\/wp-content\/uploads\/2026\/04\/41g-1-2-300x200.png 300w, https:\/\/tlcmagazinemexico.com.mx\/wp-content\/uploads\/2026\/04\/41g-1-2-768x512.png 768w\" sizes=\"auto, (max-width: 750px) 100vw, 750px\" style=\"width:100%;height:66.67%;max-width:900px\" \/>\t\t\t\t\t\t\t\t\t\t\t\t\t\t\t<\/div>\n\t\t\t\t<\/div>\n\t\t\t\t<div class=\"elementor-element elementor-element-3ae8f24a elementor-widget elementor-widget-spacer\" data-id=\"3ae8f24a\" data-element_type=\"widget\" data-widget_type=\"spacer.default\">\n\t\t\t\t<div class=\"elementor-widget-container\">\n\t\t\t<style>\/*! elementor - v3.12.0 - 29-03-2023 *\/\n.elementor-column .elementor-spacer-inner{height:var(--spacer-size)}.e-con{--container-widget-width:100%}.e-con-inner>.elementor-widget-spacer,.e-con>.elementor-widget-spacer{width:var(--container-widget-width,var(--spacer-size));--align-self:var(--container-widget-align-self,initial);--flex-shrink:0}.e-con-inner>.elementor-widget-spacer>.elementor-widget-container,.e-con-inner>.elementor-widget-spacer>.elementor-widget-container>.elementor-spacer,.e-con>.elementor-widget-spacer>.elementor-widget-container,.e-con>.elementor-widget-spacer>.elementor-widget-container>.elementor-spacer{height:100%}.e-con-inner>.elementor-widget-spacer>.elementor-widget-container>.elementor-spacer>.elementor-spacer-inner,.e-con>.elementor-widget-spacer>.elementor-widget-container>.elementor-spacer>.elementor-spacer-inner{height:var(--container-widget-height,var(--spacer-size))}<\/style>\t\t<div class=\"elementor-spacer\">\n\t\t\t<div class=\"elementor-spacer-inner\"><\/div>\n\t\t<\/div>\n\t\t\t\t<\/div>\n\t\t\t\t<\/div>\n\t\t\t\t<div class=\"elementor-element elementor-element-50808d65 elementor-widget elementor-widget-theme-post-title elementor-page-title elementor-widget-heading\" data-id=\"50808d65\" data-element_type=\"widget\" data-widget_type=\"theme-post-title.default\">\n\t\t\t\t<div class=\"elementor-widget-container\">\n\t\t\t<style>\/*! elementor - v3.12.0 - 29-03-2023 *\/\n.elementor-heading-title{padding:0;margin:0;line-height:1}.elementor-widget-heading .elementor-heading-title[class*=elementor-size-]>a{color:inherit;font-size:inherit;line-height:inherit}.elementor-widget-heading .elementor-heading-title.elementor-size-small{font-size:15px}.elementor-widget-heading .elementor-heading-title.elementor-size-medium{font-size:19px}.elementor-widget-heading .elementor-heading-title.elementor-size-large{font-size:29px}.elementor-widget-heading .elementor-heading-title.elementor-size-xl{font-size:39px}.elementor-widget-heading .elementor-heading-title.elementor-size-xxl{font-size:59px}<\/style><h1 class=\"elementor-heading-title elementor-size-default\">Fortalecen lazos comerciales M\u00e9xico\u2013Arizona para impulsar a los negocios familiares y el comercio internacional<\/h1>\t\t<\/div>\n\t\t\t\t<\/div>\n\t\t\t\t<div class=\"elementor-element elementor-element-283980ca elementor-widget elementor-widget-text-editor\" data-id=\"283980ca\" data-element_type=\"widget\" data-widget_type=\"text-editor.default\">\n\t\t\t\t<div class=\"elementor-widget-container\">\n\t\t\t<style>\/*! elementor - v3.12.0 - 29-03-2023 *\/\n.elementor-widget-text-editor.elementor-drop-cap-view-stacked .elementor-drop-cap{background-color:#69727d;color:#fff}.elementor-widget-text-editor.elementor-drop-cap-view-framed .elementor-drop-cap{color:#69727d;border:3px solid;background-color:transparent}.elementor-widget-text-editor:not(.elementor-drop-cap-view-default) .elementor-drop-cap{margin-top:8px}.elementor-widget-text-editor:not(.elementor-drop-cap-view-default) .elementor-drop-cap-letter{width:1em;height:1em}.elementor-widget-text-editor .elementor-drop-cap{float:left;text-align:center;line-height:1;font-size:50px}.elementor-widget-text-editor .elementor-drop-cap-letter{display:inline-block}<\/style>\t\t\t\t<div>Fortalecen lazos comerciales M\u00e9xico\u2013Arizona para impulsar a los negocios familiares y el comercio internacional.<br \/><br \/><\/div><div>\u2022 CONCANACO SERVYTUR, la Arizona Hispanic Chamber of Commerce y el Consulado General de M\u00e9xico en Phoenix sostuvieron un encuentro de alto nivel con empresarios y representantes del sector productivo para fortalecer la cooperaci\u00f3n econ\u00f3mica en el marco del T-MEC.<br \/><br \/><\/div><div>La Confederaci\u00f3n de C\u00e1maras Nacionales de Comercio, Servicios y Turismo, CONCANACO SERVYTUR; la Arizona Hispanic Chamber of Commerce, y el Consulado General de M\u00e9xico en Phoenix llevaron a cabo un encuentro de alto nivel con empresarios mexicanos y representantes del sector productivo, con el objetivo de fortalecer la cooperaci\u00f3n econ\u00f3mica, el comercio internacional y la integraci\u00f3n de negocios entre M\u00e9xico y Arizona.<br \/><br \/><\/div><div>El encuentro, realizado en el marco de la misi\u00f3n empresarial de Arizona en M\u00e9xico, abri\u00f3 un espacio de di\u00e1logo directo para identificar oportunidades de inversi\u00f3n, proveedur\u00eda, expansi\u00f3n comercial y vinculaci\u00f3n binacional, destacando el papel estrat\u00e9gico de M\u00e9xico y Arizona como socios econ\u00f3micos clave para Am\u00e9rica del Norte.<\/div><p>\u00a0<\/p><div>Al respecto, Octavio de la Torre, presidente de CONCANACO SERVYTUR, destac\u00f3 que la relaci\u00f3n econ\u00f3mica entre M\u00e9xico y Arizona debe traducirse en oportunidades concretas para las empresas y negocios familiares.<br \/><br \/><\/div><div>\u201cEl comercio internacional no puede quedarse \u00fanicamente en las grandes cifras; debe convertirse en oportunidades reales para las micro, peque\u00f1as y medianas empresas, para los negocios familiares y para quienes todos los d\u00edas sostienen la econom\u00eda desde sus comunidades. Desde CONCANACO SERVYTUR impulsamos una agenda que permita que m\u00e1s empresas mexicanas se integren a las cadenas de valor de Am\u00e9rica del Norte\u201d, se\u00f1al\u00f3.<br \/><br \/><\/div><div>Las organizaciones coincidieron en que el Tratado entre M\u00e9xico, Estados Unidos y Canad\u00e1, T-MEC, representa una plataforma fundamental para potenciar la competitividad regional; sin<br \/><br \/><\/div><div>embargo, subrayaron que su verdadero alcance depende de la integraci\u00f3n efectiva de las micro, peque\u00f1as y medianas empresas en los procesos de comercio exterior, proveedur\u00eda e inversi\u00f3n.<br \/><br \/><\/div><div>En ese sentido, se destac\u00f3 que los negocios familiares representan el n\u00facleo del desarrollo econ\u00f3mico tanto en M\u00e9xico como en la comunidad hispana en Estados Unidos, por lo que su fortalecimiento resulta clave para generar crecimiento incluyente, empleo, estabilidad econ\u00f3mica y mayor competitividad en la regi\u00f3n.<br \/><br \/><\/div><div>\u201cM\u00e9xico y Arizona comparten una historia econ\u00f3mica, social y cultural que hoy debe proyectarse hacia el futuro. La comunidad empresarial hispana en Estados Unidos y los negocios familiares mexicanos tienen una enorme capacidad para construir puentes comerciales, abrir mercados y fortalecer la prosperidad compartida\u201d, agreg\u00f3 Octavio de la Torre.<br \/><br \/><\/div><div>Por su parte, M\u00f3nica Villalobos, la CEO de la C\u00e1mara Hispana del Comercio de Arizona, reafirm\u00f3 la importancia de trabajar con peque\u00f1as y medianas empresas de ambos lados de la frontera con el objetivo de generar riqueza en todos los niveles, manteniendo un objetivo claro: que la C\u00e1mara Hispana del Comercio de Arizona est\u00e1 completamente dispuesta a apoyar a los negocios mexicanos a iniciar y fortalecer sus v\u00ednculos con Arizona.<br \/><br \/><\/div><div>Durante el encuentro estuvieron presentes el C\u00f3nsul General de M\u00e9xico en Phoenix, Jorge Mendoza Yescas; Ian O\u2019Grady, asesor senior de Pol\u00edtica Econ\u00f3mica de la oficina de la gobernadora de Arizona, Katie Hobbs; M\u00f3nica Villalobos, presidenta de la C\u00e1mara Hispana de Comercio de Arizona, y la diputada por Sonora, Marcela Maval Valenzuela.<br \/><br \/><\/div><div>Las instituciones participantes reiteraron su compromiso de continuar impulsando espacios de colaboraci\u00f3n binacional que faciliten el comercio, promuevan la inversi\u00f3n y fortalezcan el desarrollo empresarial en beneficio de ambas econom\u00edas.<br \/><br \/><\/div><div>Finalmente, CONCANACO SERVYTUR refrend\u00f3 su disposici\u00f3n de seguir trabajando con aliados nacionales e internacionales para que las empresas y negocios familiares de M\u00e9xico cuenten con m\u00e1s herramientas, contactos y oportunidades para crecer dentro y fuera del pa\u00eds.<br \/><br \/><\/div><p style=\"line-height: var(--wp--typography--line-height, var(--global--line-height-body));\">\u00a0<\/p><p style=\"line-height: var(--wp--typography--line-height, var(--global--line-height-body));\">FUENTE: CONCANACO SERVYTUR<\/p><p><!-- \/wp:paragraph --><\/p>\t\t\t\t\t\t<\/div>\n\t\t\t\t<\/div>\n\t\t\t\t<section class=\"elementor-section elementor-inner-section elementor-element elementor-element-79d13372 elementor-section-boxed elementor-section-height-default elementor-section-height-default\" data-id=\"79d13372\" data-element_type=\"section\">\n\t\t\t\t\t\t<div class=\"elementor-container elementor-column-gap-default\">\n\t\t\t\t\t<div class=\"elementor-column elementor-col-50 elementor-inner-column elementor-element elementor-element-4f1ef6d9\" data-id=\"4f1ef6d9\" data-element_type=\"column\">\n\t\t\t<div class=\"elementor-widget-wrap elementor-element-populated\">\n\t\t\t\t\t\t\t\t<div class=\"elementor-element elementor-element-1d5ea503 elementor-widget elementor-widget-heading\" data-id=\"1d5ea503\" data-element_type=\"widget\" data-widget_type=\"heading.default\">\n\t\t\t\t<div class=\"elementor-widget-container\">\n\t\t\t<h2 class=\"elementor-heading-title elementor-size-default\">Compartir <\/h2>\t\t<\/div>\n\t\t\t\t<\/div>\n\t\t\t\t\t<\/div>\n\t\t<\/div>\n\t\t\t\t<div class=\"elementor-column elementor-col-50 elementor-inner-column elementor-element elementor-element-c7eb827\" data-id=\"c7eb827\" data-element_type=\"column\">\n\t\t\t<div class=\"elementor-widget-wrap elementor-element-populated\">\n\t\t\t\t\t\t\t\t<div class=\"elementor-element elementor-element-6c10b elementor-share-buttons--view-icon elementor-share-buttons--skin-flat elementor-share-buttons--align-right elementor-share-buttons--color-custom elementor-share-buttons-mobile--align-center elementor-share-buttons--shape-square elementor-grid-0 elementor-widget elementor-widget-share-buttons\" data-id=\"6c10b\" data-element_type=\"widget\" data-widget_type=\"share-buttons.default\">\n\t\t\t\t<div class=\"elementor-widget-container\">\n\t\t\t<link rel=\"stylesheet\" href=\"https:\/\/tlcmagazinemexico.com.mx\/wp-content\/plugins\/elementor-pro\/assets\/css\/widget-share-buttons.min.css\">\t\t<div class=\"elementor-grid\">\n\t\t\t\t\t\t\t\t<div class=\"elementor-grid-item\">\n\t\t\t\t\t\t<div\n\t\t\t\t\t\t\tclass=\"elementor-share-btn elementor-share-btn_facebook\"\n\t\t\t\t\t\t\trole=\"button\"\n\t\t\t\t\t\t\ttabindex=\"0\"\n\t\t\t\t\t\t\taria-label=\"Compartir en facebook\"\n\t\t\t\t\t\t>\n\t\t\t\t\t\t\t\t\t\t\t\t\t\t\t<span class=\"elementor-share-btn__icon\">\n\t\t\t\t\t\t\t\t<i class=\"fab fa-facebook\" aria-hidden=\"true\"><\/i>\t\t\t\t\t\t\t<\/span>\n\t\t\t\t\t\t\t\t\t\t\t\t\t\t\t\t\t\t\t\t<\/div>\n\t\t\t\t\t<\/div>\n\t\t\t\t\t\t\t\t\t<div class=\"elementor-grid-item\">\n\t\t\t\t\t\t<div\n\t\t\t\t\t\t\tclass=\"elementor-share-btn elementor-share-btn_linkedin\"\n\t\t\t\t\t\t\trole=\"button\"\n\t\t\t\t\t\t\ttabindex=\"0\"\n\t\t\t\t\t\t\taria-label=\"Compartir en linkedin\"\n\t\t\t\t\t\t>\n\t\t\t\t\t\t\t\t\t\t\t\t\t\t\t<span class=\"elementor-share-btn__icon\">\n\t\t\t\t\t\t\t\t<i class=\"fab fa-linkedin\" aria-hidden=\"true\"><\/i>\t\t\t\t\t\t\t<\/span>\n\t\t\t\t\t\t\t\t\t\t\t\t\t\t\t\t\t\t\t\t<\/div>\n\t\t\t\t\t<\/div>\n\t\t\t\t\t\t\t\t\t<div class=\"elementor-grid-item\">\n\t\t\t\t\t\t<div\n\t\t\t\t\t\t\tclass=\"elementor-share-btn elementor-share-btn_twitter\"\n\t\t\t\t\t\t\trole=\"button\"\n\t\t\t\t\t\t\ttabindex=\"0\"\n\t\t\t\t\t\t\taria-label=\"Compartir en twitter\"\n\t\t\t\t\t\t>\n\t\t\t\t\t\t\t\t\t\t\t\t\t\t\t<span class=\"elementor-share-btn__icon\">\n\t\t\t\t\t\t\t\t<i class=\"fab fa-twitter\" aria-hidden=\"true\"><\/i>\t\t\t\t\t\t\t<\/span>\n\t\t\t\t\t\t\t\t\t\t\t\t\t\t\t\t\t\t\t\t<\/div>\n\t\t\t\t\t<\/div>\n\t\t\t\t\t\t\t\t\t<div class=\"elementor-grid-item\">\n\t\t\t\t\t\t<div\n\t\t\t\t\t\t\tclass=\"elementor-share-btn elementor-share-btn_email\"\n\t\t\t\t\t\t\trole=\"button\"\n\t\t\t\t\t\t\ttabindex=\"0\"\n\t\t\t\t\t\t\taria-label=\"Compartir en email\"\n\t\t\t\t\t\t>\n\t\t\t\t\t\t\t\t\t\t\t\t\t\t\t<span class=\"elementor-share-btn__icon\">\n\t\t\t\t\t\t\t\t<i class=\"fas fa-envelope\" aria-hidden=\"true\"><\/i>\t\t\t\t\t\t\t<\/span>\n\t\t\t\t\t\t\t\t\t\t\t\t\t\t\t\t\t\t\t\t<\/div>\n\t\t\t\t\t<\/div>\n\t\t\t\t\t\t<\/div>\n\t\t\t\t<\/div>\n\t\t\t\t<\/div>\n\t\t\t\t\t<\/div>\n\t\t<\/div>\n\t\t\t\t\t\t\t<\/div>\n\t\t<\/section>\n\t\t\t\t<section class=\"elementor-section elementor-inner-section elementor-element elementor-element-3ea99e9 elementor-section-height-min-height elementor-section-boxed elementor-section-height-default\" data-id=\"3ea99e9\" data-element_type=\"section\" data-settings=\"{&quot;background_background&quot;:&quot;classic&quot;}\">\n\t\t\t\t\t\t\t<div class=\"elementor-background-overlay\"><\/div>\n\t\t\t\t\t\t\t<div class=\"elementor-container elementor-column-gap-default\">\n\t\t\t\t\t<div class=\"elementor-column elementor-col-100 elementor-inner-column elementor-element elementor-element-72346901\" data-id=\"72346901\" data-element_type=\"column\">\n\t\t\t<div class=\"elementor-widget-wrap elementor-element-populated\">\n\t\t\t\t\t\t\t\t<div class=\"elementor-element elementor-element-20906558 elementor-widget elementor-widget-heading\" data-id=\"20906558\" data-element_type=\"widget\" data-widget_type=\"heading.default\">\n\t\t\t\t<div class=\"elementor-widget-container\">\n\t\t\t<h2 class=\"elementor-heading-title elementor-size-default\">Recibe las noticias m\u00e1s relevantes del medio<\/h2>\t\t<\/div>\n\t\t\t\t<\/div>\n\t\t\t\t<div class=\"elementor-element elementor-element-42a977eb elementor-widget elementor-widget-heading\" data-id=\"42a977eb\" data-element_type=\"widget\" data-widget_type=\"heading.default\">\n\t\t\t\t<div class=\"elementor-widget-container\">\n\t\t\t<h3 class=\"elementor-heading-title elementor-size-default\">en tu correo electr\u00f3nico<\/h3>\t\t<\/div>\n\t\t\t\t<\/div>\n\t\t\t\t<div class=\"elementor-element elementor-element-6e99381b elementor-widget elementor-widget-spacer\" data-id=\"6e99381b\" data-element_type=\"widget\" data-widget_type=\"spacer.default\">\n\t\t\t\t<div class=\"elementor-widget-container\">\n\t\t\t\t\t<div class=\"elementor-spacer\">\n\t\t\t<div class=\"elementor-spacer-inner\"><\/div>\n\t\t<\/div>\n\t\t\t\t<\/div>\n\t\t\t\t<\/div>\n\t\t\t\t<div class=\"elementor-element elementor-element-2b0995a3 elementor-button-align-stretch elementor-widget elementor-widget-form\" data-id=\"2b0995a3\" data-element_type=\"widget\" data-settings=\"{&quot;button_width&quot;:&quot;25&quot;,&quot;step_next_label&quot;:&quot;Next&quot;,&quot;step_previous_label&quot;:&quot;Previous&quot;,&quot;step_type&quot;:&quot;number_text&quot;,&quot;step_icon_shape&quot;:&quot;circle&quot;}\" data-widget_type=\"form.default\">\n\t\t\t\t<div class=\"elementor-widget-container\">\n\t\t\t<style>\/*! elementor-pro - v3.12.0 - 29-03-2023 *\/\n.elementor-button.elementor-hidden,.elementor-hidden{display:none}.e-form__step{width:100%}.e-form__step:not(.elementor-hidden){display:flex;flex-wrap:wrap}.e-form__buttons{flex-wrap:wrap}.e-form__buttons,.e-form__buttons__wrapper{display:flex}.e-form__indicators{display:flex;justify-content:space-between;align-items:center;flex-wrap:nowrap;font-size:13px;margin-bottom:var(--e-form-steps-indicators-spacing)}.e-form__indicators__indicator{display:flex;flex-direction:column;align-items:center;justify-content:center;flex-basis:0;padding:0 var(--e-form-steps-divider-gap)}.e-form__indicators__indicator__progress{width:100%;position:relative;background-color:var(--e-form-steps-indicator-progress-background-color);border-radius:var(--e-form-steps-indicator-progress-border-radius);overflow:hidden}.e-form__indicators__indicator__progress__meter{width:var(--e-form-steps-indicator-progress-meter-width,0);height:var(--e-form-steps-indicator-progress-height);line-height:var(--e-form-steps-indicator-progress-height);padding-right:15px;border-radius:var(--e-form-steps-indicator-progress-border-radius);background-color:var(--e-form-steps-indicator-progress-color);color:var(--e-form-steps-indicator-progress-meter-color);text-align:right;transition:width .1s linear}.e-form__indicators__indicator:first-child{padding-left:0}.e-form__indicators__indicator:last-child{padding-right:0}.e-form__indicators__indicator--state-inactive{color:var(--e-form-steps-indicator-inactive-primary-color,#c2cbd2)}.e-form__indicators__indicator--state-inactive [class*=indicator--shape-]:not(.e-form__indicators__indicator--shape-none){background-color:var(--e-form-steps-indicator-inactive-secondary-color,#fff)}.e-form__indicators__indicator--state-inactive object,.e-form__indicators__indicator--state-inactive svg{fill:var(--e-form-steps-indicator-inactive-primary-color,#c2cbd2)}.e-form__indicators__indicator--state-active{color:var(--e-form-steps-indicator-active-primary-color,#39b54a);border-color:var(--e-form-steps-indicator-active-secondary-color,#fff)}.e-form__indicators__indicator--state-active [class*=indicator--shape-]:not(.e-form__indicators__indicator--shape-none){background-color:var(--e-form-steps-indicator-active-secondary-color,#fff)}.e-form__indicators__indicator--state-active object,.e-form__indicators__indicator--state-active svg{fill:var(--e-form-steps-indicator-active-primary-color,#39b54a)}.e-form__indicators__indicator--state-completed{color:var(--e-form-steps-indicator-completed-secondary-color,#fff)}.e-form__indicators__indicator--state-completed [class*=indicator--shape-]:not(.e-form__indicators__indicator--shape-none){background-color:var(--e-form-steps-indicator-completed-primary-color,#39b54a)}.e-form__indicators__indicator--state-completed .e-form__indicators__indicator__label{color:var(--e-form-steps-indicator-completed-primary-color,#39b54a)}.e-form__indicators__indicator--state-completed .e-form__indicators__indicator--shape-none{color:var(--e-form-steps-indicator-completed-primary-color,#39b54a);background-color:initial}.e-form__indicators__indicator--state-completed object,.e-form__indicators__indicator--state-completed svg{fill:var(--e-form-steps-indicator-completed-secondary-color,#fff)}.e-form__indicators__indicator__icon{width:var(--e-form-steps-indicator-padding,30px);height:var(--e-form-steps-indicator-padding,30px);font-size:var(--e-form-steps-indicator-icon-size);border-width:1px;border-style:solid;display:flex;justify-content:center;align-items:center;overflow:hidden;margin-bottom:10px}.e-form__indicators__indicator__icon img,.e-form__indicators__indicator__icon object,.e-form__indicators__indicator__icon svg{width:var(--e-form-steps-indicator-icon-size);height:auto}.e-form__indicators__indicator__icon .e-font-icon-svg{height:1em}.e-form__indicators__indicator__number{width:var(--e-form-steps-indicator-padding,30px);height:var(--e-form-steps-indicator-padding,30px);border-width:1px;border-style:solid;display:flex;justify-content:center;align-items:center;margin-bottom:10px}.e-form__indicators__indicator--shape-circle{border-radius:50%}.e-form__indicators__indicator--shape-square{border-radius:0}.e-form__indicators__indicator--shape-rounded{border-radius:5px}.e-form__indicators__indicator--shape-none{border:0}.e-form__indicators__indicator__label{text-align:center}.e-form__indicators__indicator__separator{width:100%;height:var(--e-form-steps-divider-width);background-color:#babfc5}.e-form__indicators--type-icon,.e-form__indicators--type-icon_text,.e-form__indicators--type-number,.e-form__indicators--type-number_text{align-items:flex-start}.e-form__indicators--type-icon .e-form__indicators__indicator__separator,.e-form__indicators--type-icon_text .e-form__indicators__indicator__separator,.e-form__indicators--type-number .e-form__indicators__indicator__separator,.e-form__indicators--type-number_text .e-form__indicators__indicator__separator{margin-top:calc(var(--e-form-steps-indicator-padding, 30px) \/ 2 - var(--e-form-steps-divider-width, 1px) \/ 2)}.elementor-field-type-hidden{display:none}.elementor-field-type-html{display:inline-block}.elementor-login .elementor-lost-password,.elementor-login .elementor-remember-me{font-size:.85em}.elementor-field-type-recaptcha_v3 .elementor-field-label{display:none}.elementor-field-type-recaptcha_v3 .grecaptcha-badge{z-index:1}.elementor-button .elementor-form-spinner{order:3}.elementor-form .elementor-button>span{display:flex;justify-content:center;align-items:center}.elementor-form .elementor-button .elementor-button-text{white-space:normal;flex-grow:0}.elementor-form .elementor-button svg{height:auto}.elementor-form .elementor-button .e-font-icon-svg{height:1em}.elementor-select-wrapper .select-caret-down-wrapper{position:absolute;top:50%;transform:translateY(-50%);inset-inline-end:10px;pointer-events:none;font-size:11px}.elementor-select-wrapper .select-caret-down-wrapper svg{display:unset;width:1em;aspect-ratio:unset;fill:currentColor}.elementor-select-wrapper .select-caret-down-wrapper i{font-size:19px;line-height:2}.elementor-select-wrapper.remove-before:before{content:\"\"!important}<\/style>\t\t<form class=\"elementor-form\" method=\"post\" name=\"TLC News\">\n\t\t\t<input type=\"hidden\" name=\"post_id\" value=\"22604\"\/>\n\t\t\t<input type=\"hidden\" name=\"form_id\" value=\"2b0995a3\"\/>\n\t\t\t<input type=\"hidden\" name=\"referer_title\" value=\"\" \/>\n\n\t\t\t\n\t\t\t<div class=\"elementor-form-fields-wrapper elementor-labels-\">\n\t\t\t\t\t\t\t\t<div class=\"elementor-field-type-email elementor-field-group elementor-column elementor-field-group-email elementor-col-75 elementor-field-required\">\n\t\t\t\t\t\t\t\t\t\t\t\t<label for=\"form-field-email\" class=\"elementor-field-label elementor-screen-only\">\n\t\t\t\t\t\t\t\tEmail\t\t\t\t\t\t\t<\/label>\n\t\t\t\t\t\t\t\t\t\t\t\t\t\t<input size=\"1\" type=\"email\" name=\"form_fields[email]\" id=\"form-field-email\" class=\"elementor-field elementor-size-md  elementor-field-textual\" placeholder=\"Correo electr\u00f3nico\" required=\"required\" aria-required=\"true\">\n\t\t\t\t\t\t\t\t\t\t\t<\/div>\n\t\t\t\t\t\t\t\t<div class=\"elementor-field-group elementor-column elementor-field-type-submit elementor-col-25 e-form__buttons\">\n\t\t\t\t\t<button type=\"submit\" class=\"elementor-button elementor-size-md\">\n\t\t\t\t\t\t<span >\n\t\t\t\t\t\t\t\t\t\t\t\t\t\t\t<span class=\"elementor-align-icon-right elementor-button-icon\">\n\t\t\t\t\t\t\t\t\t<i aria-hidden=\"true\" class=\"fas fa-arrow-right\"><\/i>\t\t\t\t\t\t\t\t\t\t\t\t\t\t\t\t\t<\/span>\n\t\t\t\t\t\t\t\t\t\t\t\t\t\t\t\t\t\t\t\t\t\t<span class=\"elementor-button-text\">Enviar<\/span>\n\t\t\t\t\t\t\t\t\t\t\t\t\t<\/span>\n\t\t\t\t\t<\/button>\n\t\t\t\t<\/div>\n\t\t\t<\/div>\n\t\t<\/form>\n\t\t\t\t<\/div>\n\t\t\t\t<\/div>\n\t\t\t\t\t<\/div>\n\t\t<\/div>\n\t\t\t\t\t\t\t<\/div>\n\t\t<\/section>\n\t\t\t\t<div class=\"elementor-element elementor-element-4ca31d94 elementor-post-navigation-borders-yes elementor-widget elementor-widget-post-navigation\" data-id=\"4ca31d94\" data-element_type=\"widget\" data-widget_type=\"post-navigation.default\">\n\t\t\t\t<div class=\"elementor-widget-container\">\n\t\t\t<link rel=\"stylesheet\" href=\"https:\/\/tlcmagazinemexico.com.mx\/wp-content\/plugins\/elementor-pro\/assets\/css\/widget-theme-elements.min.css\">\t\t<div class=\"elementor-post-navigation\">\n\t\t\t<div class=\"elementor-post-navigation__prev elementor-post-navigation__link\">\n\t\t\t\t<a href=\"https:\/\/tlcmagazinemexico.com.mx\/index.php\/2026\/04\/27\/asturias-perfila-a-veracruz-como-eje-logistico-para-fortalecer-el-intercambio-mexico-europa\/\" rel=\"prev\"><span class=\"post-navigation__arrow-wrapper post-navigation__arrow-prev\"><i class=\"fa fa-arrow-left\" aria-hidden=\"true\"><\/i><span class=\"elementor-screen-only\">Previo<\/span><\/span><span class=\"elementor-post-navigation__link__prev\"><span class=\"post-navigation__prev--label\">Anterior<\/span><span class=\"post-navigation__prev--title\">Asturias perfila a Veracruz como eje log\u00edstico para fortalecer el intercambio M\u00e9xico\u2013Europa<\/span><\/span><\/a>\t\t\t<\/div>\n\t\t\t\t\t\t\t<div class=\"elementor-post-navigation__separator-wrapper\">\n\t\t\t\t\t<div class=\"elementor-post-navigation__separator\"><\/div>\n\t\t\t\t<\/div>\n\t\t\t\t\t\t<div class=\"elementor-post-navigation__next elementor-post-navigation__link\">\n\t\t\t\t<a href=\"https:\/\/tlcmagazinemexico.com.mx\/index.php\/2026\/04\/27\/balanza-comercial-mexicana-arranca-el-ano-en-terreno-deficitario-en-medio-de-volatilidad-global\/\" rel=\"next\"><span class=\"elementor-post-navigation__link__next\"><span class=\"post-navigation__next--label\">siguiente<\/span><span class=\"post-navigation__next--title\">Balanza comercial mexicana arranca el a\u00f1o en terreno deficitario en medio de volatilidad global<\/span><\/span><span class=\"post-navigation__arrow-wrapper post-navigation__arrow-next\"><i class=\"fa fa-arrow-right\" aria-hidden=\"true\"><\/i><span class=\"elementor-screen-only\">Next<\/span><\/span><\/a>\t\t\t<\/div>\n\t\t<\/div>\n\t\t\t\t<\/div>\n\t\t\t\t<\/div>\n\t\t\t\t\t<\/div>\n\t\t<\/div>\n\t\t\t\t<div class=\"elementor-column elementor-col-33 elementor-top-column elementor-element elementor-element-5f699086\" data-id=\"5f699086\" data-element_type=\"column\">\n\t\t\t<div class=\"elementor-widget-wrap\">\n\t\t\t\t\t\t\t\t\t<\/div>\n\t\t<\/div>\n\t\t\t\t<div class=\"elementor-column elementor-col-33 elementor-top-column elementor-element elementor-element-705f0f1c\" data-id=\"705f0f1c\" data-element_type=\"column\">\n\t\t\t<div class=\"elementor-widget-wrap elementor-element-populated\">\n\t\t\t\t\t\t\t\t<div class=\"elementor-element elementor-element-5386fe55 elementor-grid-1 elementor-posts--align-center elementor-posts__hover-none elementor-widget__width-inherit elementor-grid-tablet-2 elementor-grid-mobile-1 elementor-posts--thumbnail-top elementor-card-shadow-yes elementor-widget elementor-widget-posts\" data-id=\"5386fe55\" data-element_type=\"widget\" data-settings=\"{&quot;cards_columns&quot;:&quot;1&quot;,&quot;cards_row_gap&quot;:{&quot;unit&quot;:&quot;px&quot;,&quot;size&quot;:&quot;30&quot;,&quot;sizes&quot;:[]},&quot;cards_columns_tablet&quot;:&quot;2&quot;,&quot;cards_columns_mobile&quot;:&quot;1&quot;,&quot;cards_row_gap_tablet&quot;:{&quot;unit&quot;:&quot;px&quot;,&quot;size&quot;:&quot;&quot;,&quot;sizes&quot;:[]},&quot;cards_row_gap_mobile&quot;:{&quot;unit&quot;:&quot;px&quot;,&quot;size&quot;:&quot;&quot;,&quot;sizes&quot;:[]}}\" data-widget_type=\"posts.cards\">\n\t\t\t\t<div class=\"elementor-widget-container\">\n\t\t\t<link rel=\"stylesheet\" href=\"https:\/\/tlcmagazinemexico.com.mx\/wp-content\/plugins\/elementor-pro\/assets\/css\/widget-posts.min.css\">\t\t<div class=\"elementor-posts-container elementor-posts elementor-posts--skin-cards elementor-grid\">\n\t\t\t\t<article class=\"elementor-post elementor-grid-item post-22625 post type-post status-publish format-standard has-post-thumbnail hentry category-tlc-news entry\">\n\t\t\t<div class=\"elementor-post__card\">\n\t\t\t\t<a class=\"elementor-post__thumbnail__link\" href=\"https:\/\/tlcmagazinemexico.com.mx\/index.php\/2026\/04\/27\/repunte-del-brent-presiona-costos-logisticos-y-reconfigura-el-comercio-energetico-global\/\" ><div class=\"elementor-post__thumbnail\"><img loading=\"lazy\" decoding=\"async\" width=\"900\" height=\"600\" src=\"https:\/\/tlcmagazinemexico.com.mx\/wp-content\/uploads\/2026\/04\/40g-1-3.png\" class=\"attachment-full size-full wp-image-22350\" alt=\"\" srcset=\"https:\/\/tlcmagazinemexico.com.mx\/wp-content\/uploads\/2026\/04\/40g-1-3.png 900w, https:\/\/tlcmagazinemexico.com.mx\/wp-content\/uploads\/2026\/04\/40g-1-3-300x200.png 300w, https:\/\/tlcmagazinemexico.com.mx\/wp-content\/uploads\/2026\/04\/40g-1-3-768x512.png 768w\" sizes=\"auto, (max-width: 900px) 100vw, 900px\" style=\"width:100%;height:66.67%;max-width:900px;\" \/><\/div><\/a>\n\t\t\t\t<div class=\"elementor-post__text\">\n\t\t\t\t<h1 class=\"elementor-post__title\">\n\t\t\t<a href=\"https:\/\/tlcmagazinemexico.com.mx\/index.php\/2026\/04\/27\/repunte-del-brent-presiona-costos-logisticos-y-reconfigura-el-comercio-energetico-global\/\" >\n\t\t\t\tRepunte del Brent presiona costos log\u00edsticos y reconfigura el comercio energ\u00e9tico global\t\t\t<\/a>\n\t\t<\/h1>\n\t\t\t\t<div class=\"elementor-post__excerpt\">\n\t\t\t<p>El barril de petr\u00f3leo brent incrementa la subida inicial de este lunes y al cierre de las plazas europeas avanza m\u00e1s del 3 % y<\/p>\n\t\t<\/div>\n\t\t\n\t\t<a class=\"elementor-post__read-more\" href=\"https:\/\/tlcmagazinemexico.com.mx\/index.php\/2026\/04\/27\/repunte-del-brent-presiona-costos-logisticos-y-reconfigura-el-comercio-energetico-global\/\" aria-label=\"Read more about Repunte del Brent presiona costos log\u00edsticos y reconfigura el comercio energ\u00e9tico global\" >\n\t\t\tLeer m\u00e1s \u00bb\t\t<\/a>\n\n\t\t\t\t<\/div>\n\t\t\t\t\t<\/div>\n\t\t<\/article>\n\t\t\t\t<article class=\"elementor-post elementor-grid-item post-22618 post type-post status-publish format-standard has-post-thumbnail hentry category-tlc-news entry\">\n\t\t\t<div class=\"elementor-post__card\">\n\t\t\t\t<a class=\"elementor-post__thumbnail__link\" href=\"https:\/\/tlcmagazinemexico.com.mx\/index.php\/2026\/04\/27\/estados-unidos-redefine-criterios-arancelarios-para-acero-y-aluminio-de-mexico-y-canada\/\" ><div class=\"elementor-post__thumbnail\"><img loading=\"lazy\" decoding=\"async\" width=\"900\" height=\"600\" src=\"https:\/\/tlcmagazinemexico.com.mx\/wp-content\/uploads\/2026\/04\/41g-3-2.png\" class=\"attachment-full size-full wp-image-22620\" alt=\"\" srcset=\"https:\/\/tlcmagazinemexico.com.mx\/wp-content\/uploads\/2026\/04\/41g-3-2.png 900w, https:\/\/tlcmagazinemexico.com.mx\/wp-content\/uploads\/2026\/04\/41g-3-2-300x200.png 300w, https:\/\/tlcmagazinemexico.com.mx\/wp-content\/uploads\/2026\/04\/41g-3-2-768x512.png 768w\" sizes=\"auto, (max-width: 900px) 100vw, 900px\" style=\"width:100%;height:66.67%;max-width:900px;\" \/><\/div><\/a>\n\t\t\t\t<div class=\"elementor-post__text\">\n\t\t\t\t<h1 class=\"elementor-post__title\">\n\t\t\t<a href=\"https:\/\/tlcmagazinemexico.com.mx\/index.php\/2026\/04\/27\/estados-unidos-redefine-criterios-arancelarios-para-acero-y-aluminio-de-mexico-y-canada\/\" >\n\t\t\t\tEstados Unidos redefine criterios arancelarios para acero y aluminio de M\u00e9xico y Canad\u00e1\t\t\t<\/a>\n\t\t<\/h1>\n\t\t\t\t<div class=\"elementor-post__excerpt\">\n\t\t\t<p>\u00a0La Secretar\u00eda de Econom\u00eda (SE) de M\u00e9xico inform\u00f3 este viernes que Estados Unidos public\u00f3 en el Federal Register los procedimientos y requisitos para que productores<\/p>\n\t\t<\/div>\n\t\t\n\t\t<a class=\"elementor-post__read-more\" href=\"https:\/\/tlcmagazinemexico.com.mx\/index.php\/2026\/04\/27\/estados-unidos-redefine-criterios-arancelarios-para-acero-y-aluminio-de-mexico-y-canada\/\" aria-label=\"Read more about Estados Unidos redefine criterios arancelarios para acero y aluminio de M\u00e9xico y Canad\u00e1\" >\n\t\t\tLeer m\u00e1s \u00bb\t\t<\/a>\n\n\t\t\t\t<\/div>\n\t\t\t\t\t<\/div>\n\t\t<\/article>\n\t\t\t\t<article class=\"elementor-post elementor-grid-item post-22611 post type-post status-publish format-standard has-post-thumbnail hentry category-tlc-news entry\">\n\t\t\t<div class=\"elementor-post__card\">\n\t\t\t\t<a class=\"elementor-post__thumbnail__link\" href=\"https:\/\/tlcmagazinemexico.com.mx\/index.php\/2026\/04\/27\/balanza-comercial-mexicana-arranca-el-ano-en-terreno-deficitario-en-medio-de-volatilidad-global\/\" ><div class=\"elementor-post__thumbnail\"><img loading=\"lazy\" decoding=\"async\" width=\"900\" height=\"600\" src=\"https:\/\/tlcmagazinemexico.com.mx\/wp-content\/uploads\/2026\/04\/41g-2-1.png\" class=\"attachment-full size-full wp-image-22613\" alt=\"\" srcset=\"https:\/\/tlcmagazinemexico.com.mx\/wp-content\/uploads\/2026\/04\/41g-2-1.png 900w, https:\/\/tlcmagazinemexico.com.mx\/wp-content\/uploads\/2026\/04\/41g-2-1-300x200.png 300w, https:\/\/tlcmagazinemexico.com.mx\/wp-content\/uploads\/2026\/04\/41g-2-1-768x512.png 768w\" sizes=\"auto, (max-width: 900px) 100vw, 900px\" style=\"width:100%;height:66.67%;max-width:900px;\" \/><\/div><\/a>\n\t\t\t\t<div class=\"elementor-post__text\">\n\t\t\t\t<h1 class=\"elementor-post__title\">\n\t\t\t<a href=\"https:\/\/tlcmagazinemexico.com.mx\/index.php\/2026\/04\/27\/balanza-comercial-mexicana-arranca-el-ano-en-terreno-deficitario-en-medio-de-volatilidad-global\/\" >\n\t\t\t\tBalanza comercial mexicana arranca el a\u00f1o en terreno deficitario en medio de volatilidad global\t\t\t<\/a>\n\t\t<\/h1>\n\t\t\t\t<div class=\"elementor-post__excerpt\">\n\t\t\t<p>M\u00e9xico tuvo en el primer trimestre del a\u00f1o un d\u00e9ficit comercial de 1.012 millones de d\u00f3lares pese a un aumento del 17,9 % en las<\/p>\n\t\t<\/div>\n\t\t\n\t\t<a class=\"elementor-post__read-more\" href=\"https:\/\/tlcmagazinemexico.com.mx\/index.php\/2026\/04\/27\/balanza-comercial-mexicana-arranca-el-ano-en-terreno-deficitario-en-medio-de-volatilidad-global\/\" aria-label=\"Read more about Balanza comercial mexicana arranca el a\u00f1o en terreno deficitario en medio de volatilidad global\" >\n\t\t\tLeer m\u00e1s \u00bb\t\t<\/a>\n\n\t\t\t\t<\/div>\n\t\t\t\t\t<\/div>\n\t\t<\/article>\n\t\t\t\t<article class=\"elementor-post elementor-grid-item post-22604 post type-post status-publish format-standard has-post-thumbnail hentry category-tlc-news entry\">\n\t\t\t<div class=\"elementor-post__card\">\n\t\t\t\t<a class=\"elementor-post__thumbnail__link\" href=\"https:\/\/tlcmagazinemexico.com.mx\/index.php\/2026\/04\/27\/fortalecen-lazos-comerciales-mexico-arizona-para-impulsar-a-los-negocios-familiares-y-el-comercio-internacional\/\" ><div class=\"elementor-post__thumbnail\"><img loading=\"lazy\" decoding=\"async\" width=\"900\" height=\"600\" src=\"https:\/\/tlcmagazinemexico.com.mx\/wp-content\/uploads\/2026\/04\/41g-1-2.png\" class=\"attachment-full size-full wp-image-22606\" alt=\"\" srcset=\"https:\/\/tlcmagazinemexico.com.mx\/wp-content\/uploads\/2026\/04\/41g-1-2.png 900w, https:\/\/tlcmagazinemexico.com.mx\/wp-content\/uploads\/2026\/04\/41g-1-2-300x200.png 300w, https:\/\/tlcmagazinemexico.com.mx\/wp-content\/uploads\/2026\/04\/41g-1-2-768x512.png 768w\" sizes=\"auto, (max-width: 900px) 100vw, 900px\" style=\"width:100%;height:66.67%;max-width:900px;\" \/><\/div><\/a>\n\t\t\t\t<div class=\"elementor-post__text\">\n\t\t\t\t<h1 class=\"elementor-post__title\">\n\t\t\t<a href=\"https:\/\/tlcmagazinemexico.com.mx\/index.php\/2026\/04\/27\/fortalecen-lazos-comerciales-mexico-arizona-para-impulsar-a-los-negocios-familiares-y-el-comercio-internacional\/\" >\n\t\t\t\tFortalecen lazos comerciales M\u00e9xico\u2013Arizona para impulsar a los negocios familiares y el comercio internacional\t\t\t<\/a>\n\t\t<\/h1>\n\t\t\t\t<div class=\"elementor-post__excerpt\">\n\t\t\t<p>Fortalecen lazos comerciales M\u00e9xico\u2013Arizona para impulsar a los negocios familiares y el comercio internacional. \u2022 CONCANACO SERVYTUR, la Arizona Hispanic Chamber of Commerce y el<\/p>\n\t\t<\/div>\n\t\t\n\t\t<a class=\"elementor-post__read-more\" href=\"https:\/\/tlcmagazinemexico.com.mx\/index.php\/2026\/04\/27\/fortalecen-lazos-comerciales-mexico-arizona-para-impulsar-a-los-negocios-familiares-y-el-comercio-internacional\/\" aria-label=\"Read more about Fortalecen lazos comerciales M\u00e9xico\u2013Arizona para impulsar a los negocios familiares y el comercio internacional\" >\n\t\t\tLeer m\u00e1s \u00bb\t\t<\/a>\n\n\t\t\t\t<\/div>\n\t\t\t\t\t<\/div>\n\t\t<\/article>\n\t\t\t\t<article class=\"elementor-post elementor-grid-item post-22597 post type-post status-publish format-standard has-post-thumbnail hentry category-tlc-news entry\">\n\t\t\t<div class=\"elementor-post__card\">\n\t\t\t\t<a class=\"elementor-post__thumbnail__link\" href=\"https:\/\/tlcmagazinemexico.com.mx\/index.php\/2026\/04\/27\/asturias-perfila-a-veracruz-como-eje-logistico-para-fortalecer-el-intercambio-mexico-europa\/\" ><div class=\"elementor-post__thumbnail\"><img loading=\"lazy\" decoding=\"async\" width=\"900\" height=\"600\" src=\"https:\/\/tlcmagazinemexico.com.mx\/wp-content\/uploads\/2026\/04\/41g-11.png\" class=\"attachment-full size-full wp-image-22599\" alt=\"\" srcset=\"https:\/\/tlcmagazinemexico.com.mx\/wp-content\/uploads\/2026\/04\/41g-11.png 900w, https:\/\/tlcmagazinemexico.com.mx\/wp-content\/uploads\/2026\/04\/41g-11-300x200.png 300w, https:\/\/tlcmagazinemexico.com.mx\/wp-content\/uploads\/2026\/04\/41g-11-768x512.png 768w\" sizes=\"auto, (max-width: 900px) 100vw, 900px\" style=\"width:100%;height:66.67%;max-width:900px;\" \/><\/div><\/a>\n\t\t\t\t<div class=\"elementor-post__text\">\n\t\t\t\t<h1 class=\"elementor-post__title\">\n\t\t\t<a href=\"https:\/\/tlcmagazinemexico.com.mx\/index.php\/2026\/04\/27\/asturias-perfila-a-veracruz-como-eje-logistico-para-fortalecer-el-intercambio-mexico-europa\/\" >\n\t\t\t\tAsturias perfila a Veracruz como eje log\u00edstico para fortalecer el intercambio M\u00e9xico\u2013Europa\t\t\t<\/a>\n\t\t<\/h1>\n\t\t\t\t<div class=\"elementor-post__excerpt\">\n\t\t\t<p>\u00a0El presidente del Principado de Asturias, Adri\u00e1n Barb\u00f3n, anunci\u00f3 este s\u00e1bado desde Ciudad de M\u00e9xico que su Gobierno est\u00e1 &#8220;estudiando&#8221; una conexi\u00f3n de Asturias con<\/p>\n\t\t<\/div>\n\t\t\n\t\t<a class=\"elementor-post__read-more\" href=\"https:\/\/tlcmagazinemexico.com.mx\/index.php\/2026\/04\/27\/asturias-perfila-a-veracruz-como-eje-logistico-para-fortalecer-el-intercambio-mexico-europa\/\" aria-label=\"Read more about Asturias perfila a Veracruz como eje log\u00edstico para fortalecer el intercambio M\u00e9xico\u2013Europa\" >\n\t\t\tLeer m\u00e1s \u00bb\t\t<\/a>\n\n\t\t\t\t<\/div>\n\t\t\t\t\t<\/div>\n\t\t<\/article>\n\t\t\t\t<article class=\"elementor-post elementor-grid-item post-22586 post type-post status-publish format-standard has-post-thumbnail hentry category-tlc-news entry\">\n\t\t\t<div class=\"elementor-post__card\">\n\t\t\t\t<a class=\"elementor-post__thumbnail__link\" href=\"https:\/\/tlcmagazinemexico.com.mx\/index.php\/2026\/04\/24\/el-alza-del-brent-por-encima-de-los-107-5-dolares-presiona-costos-logisticos-y-energeticos-a-nivel-global\/\" ><div class=\"elementor-post__thumbnail\"><img loading=\"lazy\" decoding=\"async\" width=\"900\" height=\"600\" src=\"https:\/\/tlcmagazinemexico.com.mx\/wp-content\/uploads\/2026\/04\/41g-4-1.png\" class=\"attachment-full size-full wp-image-22587\" alt=\"\" srcset=\"https:\/\/tlcmagazinemexico.com.mx\/wp-content\/uploads\/2026\/04\/41g-4-1.png 900w, https:\/\/tlcmagazinemexico.com.mx\/wp-content\/uploads\/2026\/04\/41g-4-1-300x200.png 300w, https:\/\/tlcmagazinemexico.com.mx\/wp-content\/uploads\/2026\/04\/41g-4-1-768x512.png 768w\" sizes=\"auto, (max-width: 900px) 100vw, 900px\" style=\"width:100%;height:66.67%;max-width:900px;\" \/><\/div><\/a>\n\t\t\t\t<div class=\"elementor-post__text\">\n\t\t\t\t<h1 class=\"elementor-post__title\">\n\t\t\t<a href=\"https:\/\/tlcmagazinemexico.com.mx\/index.php\/2026\/04\/24\/el-alza-del-brent-por-encima-de-los-107-5-dolares-presiona-costos-logisticos-y-energeticos-a-nivel-global\/\" >\n\t\t\t\tEl alza del Brent por encima de los 107.5 d\u00f3lares presiona costos log\u00edsticos y energ\u00e9ticos a nivel global\t\t\t<\/a>\n\t\t<\/h1>\n\t\t\t\t<div class=\"elementor-post__excerpt\">\n\t\t\t<p>El barril de petr\u00f3leo brent para entrega en junio ampl\u00eda las subidas hasta el 2 %, y cotiza por encima de los 107,5 d\u00f3lares, mientras<\/p>\n\t\t<\/div>\n\t\t\n\t\t<a class=\"elementor-post__read-more\" href=\"https:\/\/tlcmagazinemexico.com.mx\/index.php\/2026\/04\/24\/el-alza-del-brent-por-encima-de-los-107-5-dolares-presiona-costos-logisticos-y-energeticos-a-nivel-global\/\" aria-label=\"Read more about El alza del Brent por encima de los 107.5 d\u00f3lares presiona costos log\u00edsticos y energ\u00e9ticos a nivel global\" >\n\t\t\tLeer m\u00e1s \u00bb\t\t<\/a>\n\n\t\t\t\t<\/div>\n\t\t\t\t\t<\/div>\n\t\t<\/article>\n\t\t\t\t<\/div>\n\t\t\n\t\t\t\t<\/div>\n\t\t\t\t<\/div>\n\t\t\t\t\t<\/div>\n\t\t<\/div>\n\t\t\t\t\t\t\t<\/div>\n\t\t<\/section>\n\t\t\t\t\t\t\t<\/div>\n\t\t","protected":false},"excerpt":{"rendered":"<p>Fortalecen lazos comerciales M\u00e9xico\u2013Arizona para impulsar a los negocios familiares y el comercio internacional. \u2022 CONCANACO SERVYTUR, la Arizona Hispanic Chamber of Commerce y el Consulado General de M\u00e9xico en Phoenix sostuvieron un encuentro de alto nivel con empresarios y representantes del sector productivo para fortalecer la cooperaci\u00f3n econ\u00f3mica en el marco del T-MEC. La&hellip; <a class=\"more-link\" href=\"https:\/\/tlcmagazinemexico.com.mx\/index.php\/2026\/04\/24\/el-alza-del-brent-por-encima-de-los-107-5-dolares-presiona-costos-logisticos-y-energeticos-a-nivel-global\/\">Seguir leyendo <span class=\"screen-reader-text\">El alza del Brent por encima de los 107.5 d\u00f3lares presiona costos log\u00edsticos y energ\u00e9ticos a nivel global<\/span><\/a><\/p>\n","protected":false},"author":3,"featured_media":22606,"comment_status":"open","ping_status":"open","sticky":false,"template":"elementor_header_footer","format":"standard","meta":{"_monsterinsights_skip_tracking":false,"_monsterinsights_sitenote_active":false,"_monsterinsights_sitenote_note":"","_monsterinsights_sitenote_category":0,"footnotes":""},"categories":[5],"tags":[],"class_list":["post-22604","post","type-post","status-publish","format-standard","has-post-thumbnail","hentry","category-tlc-news","entry"],"views":375,"_links":{"self":[{"href":"https:\/\/tlcmagazinemexico.com.mx\/index.php\/wp-json\/wp\/v2\/posts\/22604","targetHints":{"allow":["GET"]}}],"collection":[{"href":"https:\/\/tlcmagazinemexico.com.mx\/index.php\/wp-json\/wp\/v2\/posts"}],"about":[{"href":"https:\/\/tlcmagazinemexico.com.mx\/index.php\/wp-json\/wp\/v2\/types\/post"}],"author":[{"embeddable":true,"href":"https:\/\/tlcmagazinemexico.com.mx\/index.php\/wp-json\/wp\/v2\/users\/3"}],"replies":[{"embeddable":true,"href":"https:\/\/tlcmagazinemexico.com.mx\/index.php\/wp-json\/wp\/v2\/comments?post=22604"}],"version-history":[{"count":5,"href":"https:\/\/tlcmagazinemexico.com.mx\/index.php\/wp-json\/wp\/v2\/posts\/22604\/revisions"}],"predecessor-version":[{"id":22631,"href":"https:\/\/tlcmagazinemexico.com.mx\/index.php\/wp-json\/wp\/v2\/posts\/22604\/revisions\/22631"}],"wp:featuredmedia":[{"embeddable":true,"href":"https:\/\/tlcmagazinemexico.com.mx\/index.php\/wp-json\/wp\/v2\/media\/22606"}],"wp:attachment":[{"href":"https:\/\/tlcmagazinemexico.com.mx\/index.php\/wp-json\/wp\/v2\/media?parent=22604"}],"wp:term":[{"taxonomy":"category","embeddable":true,"href":"https:\/\/tlcmagazinemexico.com.mx\/index.php\/wp-json\/wp\/v2\/categories?post=22604"},{"taxonomy":"post_tag","embeddable":true,"href":"https:\/\/tlcmagazinemexico.com.mx\/index.php\/wp-json\/wp\/v2\/tags?post=22604"}],"curies":[{"name":"wp","href":"https:\/\/api.w.org\/{rel}","templated":true}]}}