{"id":20814,"date":"2026-01-26T20:13:37","date_gmt":"2026-01-26T20:13:37","guid":{"rendered":"https:\/\/tlcmagazinemexico.com.mx\/?p=20814"},"modified":"2026-01-26T20:15:18","modified_gmt":"2026-01-26T20:15:18","slug":"guerra-entre-potencias-la-factura-la-pagan-los-negocios-familiares","status":"publish","type":"post","link":"https:\/\/tlcmagazinemexico.com.mx\/index.php\/2026\/01\/26\/guerra-entre-potencias-la-factura-la-pagan-los-negocios-familiares\/","title":{"rendered":"\u00bfGuerra entre potencias? La factura la pagan los negocios familiares"},"content":{"rendered":"\t\t<div data-elementor-type=\"wp-post\" data-elementor-id=\"20814\" class=\"elementor elementor-20814\">\n\t\t\t\t\t\t\t\t\t<section class=\"elementor-section elementor-top-section elementor-element elementor-element-1d5cd877 elementor-section-boxed elementor-section-height-default elementor-section-height-default\" data-id=\"1d5cd877\" data-element_type=\"section\">\n\t\t\t\t\t\t<div class=\"elementor-container elementor-column-gap-default\">\n\t\t\t\t\t<div class=\"elementor-column elementor-col-33 elementor-top-column elementor-element elementor-element-618ecdaf\" data-id=\"618ecdaf\" data-element_type=\"column\">\n\t\t\t<div class=\"elementor-widget-wrap elementor-element-populated\">\n\t\t\t\t\t\t\t\t<div class=\"elementor-element elementor-element-792985e7 elementor-widget elementor-widget-theme-post-featured-image elementor-widget-image\" data-id=\"792985e7\" data-element_type=\"widget\" data-widget_type=\"theme-post-featured-image.default\">\n\t\t\t\t<div class=\"elementor-widget-container\">\n\t\t\t<style>\/*! elementor - v3.12.0 - 29-03-2023 *\/\n.elementor-widget-image{text-align:center}.elementor-widget-image a{display:inline-block}.elementor-widget-image a img[src$=\".svg\"]{width:48px}.elementor-widget-image img{vertical-align:middle;display:inline-block}<\/style>\t\t\t\t\t\t\t\t\t\t\t\t<img loading=\"lazy\" decoding=\"async\" width=\"750\" height=\"241\" src=\"https:\/\/tlcmagazinemexico.com.mx\/wp-content\/uploads\/2026\/01\/Anadir-un-subtitulo-1-1024x329.png\" class=\"attachment-large size-large wp-image-20815\" alt=\"\" srcset=\"https:\/\/tlcmagazinemexico.com.mx\/wp-content\/uploads\/2026\/01\/Anadir-un-subtitulo-1-1024x329.png 1024w, https:\/\/tlcmagazinemexico.com.mx\/wp-content\/uploads\/2026\/01\/Anadir-un-subtitulo-1-300x96.png 300w, https:\/\/tlcmagazinemexico.com.mx\/wp-content\/uploads\/2026\/01\/Anadir-un-subtitulo-1-768x247.png 768w, https:\/\/tlcmagazinemexico.com.mx\/wp-content\/uploads\/2026\/01\/Anadir-un-subtitulo-1-1536x494.png 1536w, https:\/\/tlcmagazinemexico.com.mx\/wp-content\/uploads\/2026\/01\/Anadir-un-subtitulo-1-1568x504.png 1568w, https:\/\/tlcmagazinemexico.com.mx\/wp-content\/uploads\/2026\/01\/Anadir-un-subtitulo-1.png 2048w\" sizes=\"auto, (max-width: 750px) 100vw, 750px\" style=\"width:100%;height:32.13%;max-width:2048px\" \/>\t\t\t\t\t\t\t\t\t\t\t\t\t\t\t<\/div>\n\t\t\t\t<\/div>\n\t\t\t\t<div class=\"elementor-element elementor-element-2d7fec07 elementor-widget elementor-widget-spacer\" data-id=\"2d7fec07\" data-element_type=\"widget\" data-widget_type=\"spacer.default\">\n\t\t\t\t<div class=\"elementor-widget-container\">\n\t\t\t<style>\/*! elementor - v3.12.0 - 29-03-2023 *\/\n.elementor-column .elementor-spacer-inner{height:var(--spacer-size)}.e-con{--container-widget-width:100%}.e-con-inner>.elementor-widget-spacer,.e-con>.elementor-widget-spacer{width:var(--container-widget-width,var(--spacer-size));--align-self:var(--container-widget-align-self,initial);--flex-shrink:0}.e-con-inner>.elementor-widget-spacer>.elementor-widget-container,.e-con-inner>.elementor-widget-spacer>.elementor-widget-container>.elementor-spacer,.e-con>.elementor-widget-spacer>.elementor-widget-container,.e-con>.elementor-widget-spacer>.elementor-widget-container>.elementor-spacer{height:100%}.e-con-inner>.elementor-widget-spacer>.elementor-widget-container>.elementor-spacer>.elementor-spacer-inner,.e-con>.elementor-widget-spacer>.elementor-widget-container>.elementor-spacer>.elementor-spacer-inner{height:var(--container-widget-height,var(--spacer-size))}<\/style>\t\t<div class=\"elementor-spacer\">\n\t\t\t<div class=\"elementor-spacer-inner\"><\/div>\n\t\t<\/div>\n\t\t\t\t<\/div>\n\t\t\t\t<\/div>\n\t\t\t\t<div class=\"elementor-element elementor-element-1a27f030 elementor-widget elementor-widget-theme-post-title elementor-page-title elementor-widget-heading\" data-id=\"1a27f030\" data-element_type=\"widget\" data-widget_type=\"theme-post-title.default\">\n\t\t\t\t<div class=\"elementor-widget-container\">\n\t\t\t<style>\/*! elementor - v3.12.0 - 29-03-2023 *\/\n.elementor-heading-title{padding:0;margin:0;line-height:1}.elementor-widget-heading .elementor-heading-title[class*=elementor-size-]>a{color:inherit;font-size:inherit;line-height:inherit}.elementor-widget-heading .elementor-heading-title.elementor-size-small{font-size:15px}.elementor-widget-heading .elementor-heading-title.elementor-size-medium{font-size:19px}.elementor-widget-heading .elementor-heading-title.elementor-size-large{font-size:29px}.elementor-widget-heading .elementor-heading-title.elementor-size-xl{font-size:39px}.elementor-widget-heading .elementor-heading-title.elementor-size-xxl{font-size:59px}<\/style><h1 class=\"elementor-heading-title elementor-size-default\">\u00bfGuerra entre potencias? La factura la pagan los negocios familiares<\/h1>\t\t<\/div>\n\t\t\t\t<\/div>\n\t\t\t\t<div class=\"elementor-element elementor-element-436116e7 elementor-widget elementor-widget-text-editor\" data-id=\"436116e7\" data-element_type=\"widget\" data-widget_type=\"text-editor.default\">\n\t\t\t\t<div class=\"elementor-widget-container\">\n\t\t\t<style>\/*! elementor - v3.12.0 - 29-03-2023 *\/\n.elementor-widget-text-editor.elementor-drop-cap-view-stacked .elementor-drop-cap{background-color:#69727d;color:#fff}.elementor-widget-text-editor.elementor-drop-cap-view-framed .elementor-drop-cap{color:#69727d;border:3px solid;background-color:transparent}.elementor-widget-text-editor:not(.elementor-drop-cap-view-default) .elementor-drop-cap{margin-top:8px}.elementor-widget-text-editor:not(.elementor-drop-cap-view-default) .elementor-drop-cap-letter{width:1em;height:1em}.elementor-widget-text-editor .elementor-drop-cap{float:left;text-align:center;line-height:1;font-size:50px}.elementor-widget-text-editor .elementor-drop-cap-letter{display:inline-block}<\/style>\t\t\t\t<p>La geopol\u00edtica tom\u00f3 el control de la econom\u00eda. Y cuando eso ocurre, el comercio deja de ser intercambio para convertirse en campo de batalla.En Davos 2026 qued\u00f3 claro algo que muchos ya ven\u00edamos sintiendo en la calle, en el mercado y en la cortina que se abre cada ma\u00f1ana: el mundo dej\u00f3 de discutir c\u00f3mo crecer\u2026 y empez\u00f3 a discutir c\u00f3mo sobrevivir. La geopol\u00edtica tom\u00f3 el control de la econom\u00eda. Y cuando eso ocurre, el comercio deja de ser intercambio para convertirse en campo de batalla.<\/p><p><br><\/p>\n<p>Hay que decirlo sin rodeos: Davos no es un foro simb\u00f3lico, es uno de los espacios m\u00e1s influyentes del planeta para la conversaci\u00f3n econ\u00f3mica global. Es un foro de grandes inversiones, de decisiones empresariales, de capital que se mueve o se detiene, de proyectos que se instalan o migran. Por eso, el mensaje que M\u00e9xico llev\u00f3 fue estrat\u00e9gico: un mensaje hacia el mundo que invierte, que produce y que decide d\u00f3nde crecer.<\/p><p><br><\/p>\n<p>En ese contexto, fue oportuno que M\u00e9xico tuviera presencia con visi\u00f3n de futuro. Alicia B\u00e1rcena, secretaria de Medio Ambiente y Recursos Naturales, y Altagracia G\u00f3mez, coordinadora del Consejo Asesor de Desarrollo Econ\u00f3mico Regional y Relocalizaci\u00f3n, participaron con una postura orientada a certidumbre y confianza: M\u00e9xico puede aprovechar la reconfiguraci\u00f3n global mediante inversi\u00f3n productiva, infraestructura, relocalizaci\u00f3n de cadenas de valor (nearshoring) y transici\u00f3n ordenada hacia modelos sostenibles. Su mensaje fue claro: M\u00e9xico no est\u00e1 esperando a que pase la ola global; busca subirse a ella con estrategia, coordinaci\u00f3n y una ruta definida.<\/p><p><br><\/p>\n<p>Y Davos tambi\u00e9n reflej\u00f3 la transici\u00f3n hacia un nuevo orden. Estados Unidos marc\u00f3 el tono con una narrativa de competencia y presi\u00f3n comercial, reafirmando una visi\u00f3n de \u201cseguridad primero\u201d y una pol\u00edtica de condiciones: acuerdos solo si convienen, tarifas como herramienta y soberan\u00eda econ\u00f3mica como prioridad. El mensaje fue contundente: la globalizaci\u00f3n ya no es una autopista abierta; es una carretera con casetas, controles y costos crecientes.<\/p><p><br><\/p>\n<p>Del otro lado, Europa defendi\u00f3 la necesidad de preservar reglas y cooperaci\u00f3n, reforzando el llamado a unidad regional, inversi\u00f3n estrat\u00e9gica y seguridad energ\u00e9tica. China estuvo presente como actor estructural del tablero: tecnolog\u00eda, cadenas de suministro, log\u00edstica y capacidad industrial. Ucrania, por su parte, mantuvo un llamado urgente: la seguridad no es opcional; es condici\u00f3n para la estabilidad econ\u00f3mica. Davos fue, en s\u00edntesis, un foro donde ya no se discuti\u00f3 el futuro\u2026 se discuti\u00f3 c\u00f3mo evitar que el presente se salga de control.<\/p><p><br><\/p>\n<p>Y apareci\u00f3 una postura que vale la pena subrayar por su claridad estrat\u00e9gica. El primer ministro de Canad\u00e1, Mark Carney, advirti\u00f3 que el planeta no puede normalizar que la integraci\u00f3n econ\u00f3mica se convierta en coerci\u00f3n. Se\u00f1al\u00f3 que en este nuevo orden, las \u201cpotencias intermedias\u201d deben actuar con coordinaci\u00f3n y firmeza para sostener reglas, cooperaci\u00f3n y equilibrio: pa\u00edses con peso econ\u00f3mico real, sin pretensi\u00f3n hegem\u00f3nica, pero con capacidad para construir puentes y frenar excesos. Es un concepto relevante porque ofrece una salida inteligente: no elegir bandos, sino defender principios, estabilidad y comercio con reglas claras.<\/p><p><br><\/p>\n<p>En este escenario cobra fuerza la perspectiva del autor Kevin Rudd, quien advierte que el mundo entra en una etapa de competencia sist\u00e9mica entre Estados Unidos y China, no como episodio pasajero sino como reordenamiento hist\u00f3rico. Rudd sostiene que no se trata solo de comercio, sino de modelos, visi\u00f3n de poder y zonas de influencia: una rivalidad que puede escalar si no se gestiona con diplomacia seria, canales permanentes y reglas m\u00ednimas compartidas. El riesgo es claro: que el choque Oriente\u2013Occidente convierta la econom\u00eda global en una sucesi\u00f3n de crisis, donde los pa\u00edses intermedios y sus sectores productivos terminen atrapados en decisiones ajenas.<\/p><p><br><\/p>\n<p>Ahora bien: lo que s\u00ed falt\u00f3 decir con suficiente claridad en Davos es esto: las grandes potencias negocian desde arriba, pero las crisis se pagan desde abajo.<\/p><p><br><\/p>\n<p>Y abajo, en M\u00e9xico, est\u00e1n los millones de negocios familiares que sostienen comunidades enteras.<\/p><p><br><\/p>\n<p>Los negocios familiares no tienen margen para \u201cesperar a que pase la tormenta\u201d. La tormenta entra directo por la caja registradora: encarecimiento de insumos, volatilidad del tipo de cambio, incertidumbre log\u00edstica, menos cr\u00e9dito, m\u00e1s requisitos, y un consumidor que mide cada peso. En este contexto global, cada error cuesta m\u00e1s. Cada d\u00eda sin ventas pesa el doble.<\/p><p><br><\/p>\n<p>Y aun as\u00ed, son ellos quienes sostienen al pa\u00eds. No desde el discurso, sino desde el sacrificio. Ah\u00ed est\u00e1n: la panader\u00eda, la fonda, la papeler\u00eda, el hotel local, el taller, la agencia de viajes, la tienda de barrio. Empresas con nombre, con historia, con apellido. Negocios que no especulan: trabajan. Negocios que no migran capital: reinvierten en su colonia.<\/p><p><br><\/p>\n<p>Ante este nuevo tablero mundial, el reto para M\u00e9xico es enorme: convertir el riesgo global en una ventana estrat\u00e9gica. Turismo, conectividad, servicios, digitalizaci\u00f3n e innovaci\u00f3n son oportunidades reales, pero solo si se aterrizan en territorio. Solo si le llegan al negocio peque\u00f1o, al comercio local, a quien abre la cortina.<\/p><p><br><\/p>\n<p>Por eso hoy m\u00e1s que nunca se requiere unidad: sector empresarial unido y gobierno con visi\u00f3n de Estado. No podemos entrar a la era de los bloques divididos internamente. Cuando el mundo se fragmenta, el pa\u00eds no puede fracturarse.<\/p><p><br><\/p>\n<p>La agenda es clara: defender el mercado interno, impulsar productividad, formalizaci\u00f3n accesible, capacitaci\u00f3n digital y financiamiento \u00fatil \u2014no burocr\u00e1tico\u2014. Porque en esta disputa global, M\u00e9xico solo tendr\u00e1 fortaleza si su base est\u00e1 s\u00f3lida.<\/p><p><br><\/p>\n<p>Y aqu\u00ed conviene decirlo con toda claridad, tomando una frase que ya es parte del debate p\u00fablico: \u201cPor el bien de M\u00e9xico, primero los pobres.\u201d Coincidimos en el principio. Pero hoy, ante el nuevo orden global, hace falta completar la idea con una verdad econ\u00f3mica y social igual de urgente: por el bien de M\u00e9xico, primero los negocios familiares, porque son los que generan empleo, los que pagan n\u00f3mina, los que sostienen el consumo local y los que mantienen viva a cada comunidad. Si queremos prosperidad compartida, debemos pensar en grande por los peque\u00f1os: hacer pol\u00edtica p\u00fablica desde el territorio, con soluciones reales para quien abre la cortina todos los d\u00edas.<\/p><p><br><\/p>\n<p>Davos nos mostr\u00f3 el mapa del conflicto. El territorio nos muestra la realidad. Y ah\u00ed, donde se decide la econom\u00eda verdadera, hay una prioridad nacional: proteger y fortalecer a los negocios familiares, porque son el coraz\u00f3n econ\u00f3mico de M\u00e9xico.<\/p><p><br><\/p>\n<p style=\"line-height: var(--wp--typography--line-height, var(--global--line-height-body));\">\n<\/p><p style=\"line-height: var(--wp--typography--line-height, var(--global--line-height-body));\">FUENTE: Octavio de la Torre de St\u00e9ffano<br>Presidente de Concanaco Servytur<\/p>\n<p><!-- \/wp:paragraph --><\/p>\t\t\t\t\t\t<\/div>\n\t\t\t\t<\/div>\n\t\t\t\t<section class=\"elementor-section elementor-inner-section elementor-element elementor-element-1e77a9aa elementor-section-boxed elementor-section-height-default elementor-section-height-default\" data-id=\"1e77a9aa\" data-element_type=\"section\">\n\t\t\t\t\t\t<div class=\"elementor-container elementor-column-gap-default\">\n\t\t\t\t\t<div class=\"elementor-column elementor-col-50 elementor-inner-column elementor-element elementor-element-48d8aa39\" data-id=\"48d8aa39\" data-element_type=\"column\">\n\t\t\t<div class=\"elementor-widget-wrap elementor-element-populated\">\n\t\t\t\t\t\t\t\t<div class=\"elementor-element elementor-element-34c9acd3 elementor-widget elementor-widget-heading\" data-id=\"34c9acd3\" data-element_type=\"widget\" data-widget_type=\"heading.default\">\n\t\t\t\t<div class=\"elementor-widget-container\">\n\t\t\t<h2 class=\"elementor-heading-title elementor-size-default\">Compartir <\/h2>\t\t<\/div>\n\t\t\t\t<\/div>\n\t\t\t\t\t<\/div>\n\t\t<\/div>\n\t\t\t\t<div class=\"elementor-column elementor-col-50 elementor-inner-column elementor-element elementor-element-6c58717b\" data-id=\"6c58717b\" data-element_type=\"column\">\n\t\t\t<div class=\"elementor-widget-wrap elementor-element-populated\">\n\t\t\t\t\t\t\t\t<div class=\"elementor-element elementor-element-4149e12b elementor-share-buttons--view-icon elementor-share-buttons--skin-flat elementor-share-buttons--align-right elementor-share-buttons--color-custom elementor-share-buttons-mobile--align-center elementor-share-buttons--shape-square elementor-grid-0 elementor-widget elementor-widget-share-buttons\" data-id=\"4149e12b\" data-element_type=\"widget\" data-widget_type=\"share-buttons.default\">\n\t\t\t\t<div class=\"elementor-widget-container\">\n\t\t\t<link rel=\"stylesheet\" href=\"https:\/\/tlcmagazinemexico.com.mx\/wp-content\/plugins\/elementor-pro\/assets\/css\/widget-share-buttons.min.css\">\t\t<div class=\"elementor-grid\">\n\t\t\t\t\t\t\t\t<div class=\"elementor-grid-item\">\n\t\t\t\t\t\t<div\n\t\t\t\t\t\t\tclass=\"elementor-share-btn elementor-share-btn_facebook\"\n\t\t\t\t\t\t\trole=\"button\"\n\t\t\t\t\t\t\ttabindex=\"0\"\n\t\t\t\t\t\t\taria-label=\"Compartir en facebook\"\n\t\t\t\t\t\t>\n\t\t\t\t\t\t\t\t\t\t\t\t\t\t\t<span class=\"elementor-share-btn__icon\">\n\t\t\t\t\t\t\t\t<i class=\"fab fa-facebook\" aria-hidden=\"true\"><\/i>\t\t\t\t\t\t\t<\/span>\n\t\t\t\t\t\t\t\t\t\t\t\t\t\t\t\t\t\t\t\t<\/div>\n\t\t\t\t\t<\/div>\n\t\t\t\t\t\t\t\t\t<div class=\"elementor-grid-item\">\n\t\t\t\t\t\t<div\n\t\t\t\t\t\t\tclass=\"elementor-share-btn elementor-share-btn_linkedin\"\n\t\t\t\t\t\t\trole=\"button\"\n\t\t\t\t\t\t\ttabindex=\"0\"\n\t\t\t\t\t\t\taria-label=\"Compartir en linkedin\"\n\t\t\t\t\t\t>\n\t\t\t\t\t\t\t\t\t\t\t\t\t\t\t<span class=\"elementor-share-btn__icon\">\n\t\t\t\t\t\t\t\t<i class=\"fab fa-linkedin\" aria-hidden=\"true\"><\/i>\t\t\t\t\t\t\t<\/span>\n\t\t\t\t\t\t\t\t\t\t\t\t\t\t\t\t\t\t\t\t<\/div>\n\t\t\t\t\t<\/div>\n\t\t\t\t\t\t\t\t\t<div class=\"elementor-grid-item\">\n\t\t\t\t\t\t<div\n\t\t\t\t\t\t\tclass=\"elementor-share-btn elementor-share-btn_twitter\"\n\t\t\t\t\t\t\trole=\"button\"\n\t\t\t\t\t\t\ttabindex=\"0\"\n\t\t\t\t\t\t\taria-label=\"Compartir en twitter\"\n\t\t\t\t\t\t>\n\t\t\t\t\t\t\t\t\t\t\t\t\t\t\t<span class=\"elementor-share-btn__icon\">\n\t\t\t\t\t\t\t\t<i class=\"fab fa-twitter\" aria-hidden=\"true\"><\/i>\t\t\t\t\t\t\t<\/span>\n\t\t\t\t\t\t\t\t\t\t\t\t\t\t\t\t\t\t\t\t<\/div>\n\t\t\t\t\t<\/div>\n\t\t\t\t\t\t\t\t\t<div class=\"elementor-grid-item\">\n\t\t\t\t\t\t<div\n\t\t\t\t\t\t\tclass=\"elementor-share-btn elementor-share-btn_email\"\n\t\t\t\t\t\t\trole=\"button\"\n\t\t\t\t\t\t\ttabindex=\"0\"\n\t\t\t\t\t\t\taria-label=\"Compartir en email\"\n\t\t\t\t\t\t>\n\t\t\t\t\t\t\t\t\t\t\t\t\t\t\t<span class=\"elementor-share-btn__icon\">\n\t\t\t\t\t\t\t\t<i class=\"fas fa-envelope\" aria-hidden=\"true\"><\/i>\t\t\t\t\t\t\t<\/span>\n\t\t\t\t\t\t\t\t\t\t\t\t\t\t\t\t\t\t\t\t<\/div>\n\t\t\t\t\t<\/div>\n\t\t\t\t\t\t<\/div>\n\t\t\t\t<\/div>\n\t\t\t\t<\/div>\n\t\t\t\t\t<\/div>\n\t\t<\/div>\n\t\t\t\t\t\t\t<\/div>\n\t\t<\/section>\n\t\t\t\t<section class=\"elementor-section elementor-inner-section elementor-element elementor-element-8f0f9ae elementor-section-height-min-height elementor-section-boxed elementor-section-height-default\" data-id=\"8f0f9ae\" data-element_type=\"section\" data-settings=\"{&quot;background_background&quot;:&quot;classic&quot;}\">\n\t\t\t\t\t\t\t<div class=\"elementor-background-overlay\"><\/div>\n\t\t\t\t\t\t\t<div class=\"elementor-container elementor-column-gap-default\">\n\t\t\t\t\t<div class=\"elementor-column elementor-col-100 elementor-inner-column elementor-element elementor-element-2b49df26\" data-id=\"2b49df26\" data-element_type=\"column\">\n\t\t\t<div class=\"elementor-widget-wrap elementor-element-populated\">\n\t\t\t\t\t\t\t\t<div class=\"elementor-element elementor-element-3b7d83d9 elementor-widget elementor-widget-heading\" data-id=\"3b7d83d9\" data-element_type=\"widget\" data-widget_type=\"heading.default\">\n\t\t\t\t<div class=\"elementor-widget-container\">\n\t\t\t<h2 class=\"elementor-heading-title elementor-size-default\">Recibe las noticias m\u00e1s relevantes del medio<\/h2>\t\t<\/div>\n\t\t\t\t<\/div>\n\t\t\t\t<div class=\"elementor-element elementor-element-17f49d2e elementor-widget elementor-widget-heading\" data-id=\"17f49d2e\" data-element_type=\"widget\" data-widget_type=\"heading.default\">\n\t\t\t\t<div class=\"elementor-widget-container\">\n\t\t\t<h3 class=\"elementor-heading-title elementor-size-default\">en tu correo electr\u00f3nico<\/h3>\t\t<\/div>\n\t\t\t\t<\/div>\n\t\t\t\t<div class=\"elementor-element elementor-element-1ff236d9 elementor-widget elementor-widget-spacer\" data-id=\"1ff236d9\" data-element_type=\"widget\" data-widget_type=\"spacer.default\">\n\t\t\t\t<div class=\"elementor-widget-container\">\n\t\t\t\t\t<div class=\"elementor-spacer\">\n\t\t\t<div class=\"elementor-spacer-inner\"><\/div>\n\t\t<\/div>\n\t\t\t\t<\/div>\n\t\t\t\t<\/div>\n\t\t\t\t<div class=\"elementor-element elementor-element-78a260dc elementor-button-align-stretch elementor-widget elementor-widget-form\" data-id=\"78a260dc\" data-element_type=\"widget\" data-settings=\"{&quot;button_width&quot;:&quot;25&quot;,&quot;step_next_label&quot;:&quot;Next&quot;,&quot;step_previous_label&quot;:&quot;Previous&quot;,&quot;step_type&quot;:&quot;number_text&quot;,&quot;step_icon_shape&quot;:&quot;circle&quot;}\" data-widget_type=\"form.default\">\n\t\t\t\t<div class=\"elementor-widget-container\">\n\t\t\t<style>\/*! elementor-pro - v3.12.0 - 29-03-2023 *\/\n.elementor-button.elementor-hidden,.elementor-hidden{display:none}.e-form__step{width:100%}.e-form__step:not(.elementor-hidden){display:flex;flex-wrap:wrap}.e-form__buttons{flex-wrap:wrap}.e-form__buttons,.e-form__buttons__wrapper{display:flex}.e-form__indicators{display:flex;justify-content:space-between;align-items:center;flex-wrap:nowrap;font-size:13px;margin-bottom:var(--e-form-steps-indicators-spacing)}.e-form__indicators__indicator{display:flex;flex-direction:column;align-items:center;justify-content:center;flex-basis:0;padding:0 var(--e-form-steps-divider-gap)}.e-form__indicators__indicator__progress{width:100%;position:relative;background-color:var(--e-form-steps-indicator-progress-background-color);border-radius:var(--e-form-steps-indicator-progress-border-radius);overflow:hidden}.e-form__indicators__indicator__progress__meter{width:var(--e-form-steps-indicator-progress-meter-width,0);height:var(--e-form-steps-indicator-progress-height);line-height:var(--e-form-steps-indicator-progress-height);padding-right:15px;border-radius:var(--e-form-steps-indicator-progress-border-radius);background-color:var(--e-form-steps-indicator-progress-color);color:var(--e-form-steps-indicator-progress-meter-color);text-align:right;transition:width .1s linear}.e-form__indicators__indicator:first-child{padding-left:0}.e-form__indicators__indicator:last-child{padding-right:0}.e-form__indicators__indicator--state-inactive{color:var(--e-form-steps-indicator-inactive-primary-color,#c2cbd2)}.e-form__indicators__indicator--state-inactive [class*=indicator--shape-]:not(.e-form__indicators__indicator--shape-none){background-color:var(--e-form-steps-indicator-inactive-secondary-color,#fff)}.e-form__indicators__indicator--state-inactive object,.e-form__indicators__indicator--state-inactive svg{fill:var(--e-form-steps-indicator-inactive-primary-color,#c2cbd2)}.e-form__indicators__indicator--state-active{color:var(--e-form-steps-indicator-active-primary-color,#39b54a);border-color:var(--e-form-steps-indicator-active-secondary-color,#fff)}.e-form__indicators__indicator--state-active [class*=indicator--shape-]:not(.e-form__indicators__indicator--shape-none){background-color:var(--e-form-steps-indicator-active-secondary-color,#fff)}.e-form__indicators__indicator--state-active object,.e-form__indicators__indicator--state-active svg{fill:var(--e-form-steps-indicator-active-primary-color,#39b54a)}.e-form__indicators__indicator--state-completed{color:var(--e-form-steps-indicator-completed-secondary-color,#fff)}.e-form__indicators__indicator--state-completed [class*=indicator--shape-]:not(.e-form__indicators__indicator--shape-none){background-color:var(--e-form-steps-indicator-completed-primary-color,#39b54a)}.e-form__indicators__indicator--state-completed .e-form__indicators__indicator__label{color:var(--e-form-steps-indicator-completed-primary-color,#39b54a)}.e-form__indicators__indicator--state-completed .e-form__indicators__indicator--shape-none{color:var(--e-form-steps-indicator-completed-primary-color,#39b54a);background-color:initial}.e-form__indicators__indicator--state-completed object,.e-form__indicators__indicator--state-completed svg{fill:var(--e-form-steps-indicator-completed-secondary-color,#fff)}.e-form__indicators__indicator__icon{width:var(--e-form-steps-indicator-padding,30px);height:var(--e-form-steps-indicator-padding,30px);font-size:var(--e-form-steps-indicator-icon-size);border-width:1px;border-style:solid;display:flex;justify-content:center;align-items:center;overflow:hidden;margin-bottom:10px}.e-form__indicators__indicator__icon img,.e-form__indicators__indicator__icon object,.e-form__indicators__indicator__icon svg{width:var(--e-form-steps-indicator-icon-size);height:auto}.e-form__indicators__indicator__icon .e-font-icon-svg{height:1em}.e-form__indicators__indicator__number{width:var(--e-form-steps-indicator-padding,30px);height:var(--e-form-steps-indicator-padding,30px);border-width:1px;border-style:solid;display:flex;justify-content:center;align-items:center;margin-bottom:10px}.e-form__indicators__indicator--shape-circle{border-radius:50%}.e-form__indicators__indicator--shape-square{border-radius:0}.e-form__indicators__indicator--shape-rounded{border-radius:5px}.e-form__indicators__indicator--shape-none{border:0}.e-form__indicators__indicator__label{text-align:center}.e-form__indicators__indicator__separator{width:100%;height:var(--e-form-steps-divider-width);background-color:#babfc5}.e-form__indicators--type-icon,.e-form__indicators--type-icon_text,.e-form__indicators--type-number,.e-form__indicators--type-number_text{align-items:flex-start}.e-form__indicators--type-icon .e-form__indicators__indicator__separator,.e-form__indicators--type-icon_text .e-form__indicators__indicator__separator,.e-form__indicators--type-number .e-form__indicators__indicator__separator,.e-form__indicators--type-number_text .e-form__indicators__indicator__separator{margin-top:calc(var(--e-form-steps-indicator-padding, 30px) \/ 2 - var(--e-form-steps-divider-width, 1px) \/ 2)}.elementor-field-type-hidden{display:none}.elementor-field-type-html{display:inline-block}.elementor-login .elementor-lost-password,.elementor-login .elementor-remember-me{font-size:.85em}.elementor-field-type-recaptcha_v3 .elementor-field-label{display:none}.elementor-field-type-recaptcha_v3 .grecaptcha-badge{z-index:1}.elementor-button .elementor-form-spinner{order:3}.elementor-form .elementor-button>span{display:flex;justify-content:center;align-items:center}.elementor-form .elementor-button .elementor-button-text{white-space:normal;flex-grow:0}.elementor-form .elementor-button svg{height:auto}.elementor-form .elementor-button .e-font-icon-svg{height:1em}.elementor-select-wrapper .select-caret-down-wrapper{position:absolute;top:50%;transform:translateY(-50%);inset-inline-end:10px;pointer-events:none;font-size:11px}.elementor-select-wrapper .select-caret-down-wrapper svg{display:unset;width:1em;aspect-ratio:unset;fill:currentColor}.elementor-select-wrapper .select-caret-down-wrapper i{font-size:19px;line-height:2}.elementor-select-wrapper.remove-before:before{content:\"\"!important}<\/style>\t\t<form class=\"elementor-form\" method=\"post\" name=\"TLC News\">\n\t\t\t<input type=\"hidden\" name=\"post_id\" value=\"20814\"\/>\n\t\t\t<input type=\"hidden\" name=\"form_id\" value=\"78a260dc\"\/>\n\t\t\t<input type=\"hidden\" name=\"referer_title\" value=\"\" \/>\n\n\t\t\t\n\t\t\t<div class=\"elementor-form-fields-wrapper elementor-labels-\">\n\t\t\t\t\t\t\t\t<div class=\"elementor-field-type-email elementor-field-group elementor-column elementor-field-group-email elementor-col-75 elementor-field-required\">\n\t\t\t\t\t\t\t\t\t\t\t\t<label for=\"form-field-email\" class=\"elementor-field-label elementor-screen-only\">\n\t\t\t\t\t\t\t\tEmail\t\t\t\t\t\t\t<\/label>\n\t\t\t\t\t\t\t\t\t\t\t\t\t\t<input size=\"1\" type=\"email\" name=\"form_fields[email]\" id=\"form-field-email\" class=\"elementor-field elementor-size-md  elementor-field-textual\" placeholder=\"Correo electr\u00f3nico\" required=\"required\" aria-required=\"true\">\n\t\t\t\t\t\t\t\t\t\t\t<\/div>\n\t\t\t\t\t\t\t\t<div class=\"elementor-field-group elementor-column elementor-field-type-submit elementor-col-25 e-form__buttons\">\n\t\t\t\t\t<button type=\"submit\" class=\"elementor-button elementor-size-md\">\n\t\t\t\t\t\t<span >\n\t\t\t\t\t\t\t\t\t\t\t\t\t\t\t<span class=\"elementor-align-icon-right elementor-button-icon\">\n\t\t\t\t\t\t\t\t\t<i aria-hidden=\"true\" class=\"fas fa-arrow-right\"><\/i>\t\t\t\t\t\t\t\t\t\t\t\t\t\t\t\t\t<\/span>\n\t\t\t\t\t\t\t\t\t\t\t\t\t\t\t\t\t\t\t\t\t\t<span class=\"elementor-button-text\">Enviar<\/span>\n\t\t\t\t\t\t\t\t\t\t\t\t\t<\/span>\n\t\t\t\t\t<\/button>\n\t\t\t\t<\/div>\n\t\t\t<\/div>\n\t\t<\/form>\n\t\t\t\t<\/div>\n\t\t\t\t<\/div>\n\t\t\t\t\t<\/div>\n\t\t<\/div>\n\t\t\t\t\t\t\t<\/div>\n\t\t<\/section>\n\t\t\t\t<div class=\"elementor-element elementor-element-2de2f10 elementor-post-navigation-borders-yes elementor-widget elementor-widget-post-navigation\" data-id=\"2de2f10\" data-element_type=\"widget\" data-widget_type=\"post-navigation.default\">\n\t\t\t\t<div class=\"elementor-widget-container\">\n\t\t\t<link rel=\"stylesheet\" href=\"https:\/\/tlcmagazinemexico.com.mx\/wp-content\/plugins\/elementor-pro\/assets\/css\/widget-theme-elements.min.css\">\t\t<div class=\"elementor-post-navigation\">\n\t\t\t<div class=\"elementor-post-navigation__prev elementor-post-navigation__link\">\n\t\t\t\t<a href=\"https:\/\/tlcmagazinemexico.com.mx\/index.php\/2026\/01\/26\/la-tasa-de-desempleo-en-mexico-llega-al-24-en-diciembre\/\" rel=\"prev\"><span class=\"post-navigation__arrow-wrapper post-navigation__arrow-prev\"><i class=\"fa fa-arrow-left\" aria-hidden=\"true\"><\/i><span class=\"elementor-screen-only\">Previo<\/span><\/span><span class=\"elementor-post-navigation__link__prev\"><span class=\"post-navigation__prev--label\">Anterior<\/span><span class=\"post-navigation__prev--title\">La tasa de desempleo en M\u00e9xico llega al 2,4 % en diciembre<\/span><\/span><\/a>\t\t\t<\/div>\n\t\t\t\t\t\t\t<div class=\"elementor-post-navigation__separator-wrapper\">\n\t\t\t\t\t<div class=\"elementor-post-navigation__separator\"><\/div>\n\t\t\t\t<\/div>\n\t\t\t\t\t\t<div class=\"elementor-post-navigation__next elementor-post-navigation__link\">\n\t\t\t\t<a href=\"https:\/\/tlcmagazinemexico.com.mx\/index.php\/2026\/01\/26\/los-chips-de-nvidia-atrapados-en-el-ojo-del-huracan-de-la-guerra-comercial-china-ee-uu\/\" rel=\"next\"><span class=\"elementor-post-navigation__link__next\"><span class=\"post-navigation__next--label\">siguiente<\/span><span class=\"post-navigation__next--title\">Los chips de Nvidia, atrapados en el ojo del hurac\u00e1n de la guerra comercial China-EE.UU.<\/span><\/span><span class=\"post-navigation__arrow-wrapper post-navigation__arrow-next\"><i class=\"fa fa-arrow-right\" aria-hidden=\"true\"><\/i><span class=\"elementor-screen-only\">Next<\/span><\/span><\/a>\t\t\t<\/div>\n\t\t<\/div>\n\t\t\t\t<\/div>\n\t\t\t\t<\/div>\n\t\t\t\t\t<\/div>\n\t\t<\/div>\n\t\t\t\t<div class=\"elementor-column elementor-col-33 elementor-top-column elementor-element elementor-element-4c75f4a4\" data-id=\"4c75f4a4\" data-element_type=\"column\">\n\t\t\t<div class=\"elementor-widget-wrap\">\n\t\t\t\t\t\t\t\t\t<\/div>\n\t\t<\/div>\n\t\t\t\t<div class=\"elementor-column elementor-col-33 elementor-top-column elementor-element elementor-element-6a37b12d\" data-id=\"6a37b12d\" data-element_type=\"column\">\n\t\t\t<div class=\"elementor-widget-wrap elementor-element-populated\">\n\t\t\t\t\t\t\t\t<div class=\"elementor-element elementor-element-6a7e315c elementor-grid-1 elementor-posts--align-center elementor-posts__hover-none elementor-widget__width-inherit elementor-grid-tablet-2 elementor-grid-mobile-1 elementor-posts--thumbnail-top elementor-card-shadow-yes elementor-widget elementor-widget-posts\" data-id=\"6a7e315c\" data-element_type=\"widget\" data-settings=\"{&quot;cards_columns&quot;:&quot;1&quot;,&quot;cards_row_gap&quot;:{&quot;unit&quot;:&quot;px&quot;,&quot;size&quot;:&quot;30&quot;,&quot;sizes&quot;:[]},&quot;cards_columns_tablet&quot;:&quot;2&quot;,&quot;cards_columns_mobile&quot;:&quot;1&quot;,&quot;cards_row_gap_tablet&quot;:{&quot;unit&quot;:&quot;px&quot;,&quot;size&quot;:&quot;&quot;,&quot;sizes&quot;:[]},&quot;cards_row_gap_mobile&quot;:{&quot;unit&quot;:&quot;px&quot;,&quot;size&quot;:&quot;&quot;,&quot;sizes&quot;:[]}}\" data-widget_type=\"posts.cards\">\n\t\t\t\t<div class=\"elementor-widget-container\">\n\t\t\t<link rel=\"stylesheet\" href=\"https:\/\/tlcmagazinemexico.com.mx\/wp-content\/plugins\/elementor-pro\/assets\/css\/widget-posts.min.css\">\t\t<div class=\"elementor-posts-container elementor-posts elementor-posts--skin-cards elementor-grid\">\n\t\t\t\t<article class=\"elementor-post elementor-grid-item post-22680 post type-post status-publish format-standard hentry category-tlc-news entry\">\n\t\t\t<div class=\"elementor-post__card\">\n\t\t\t\t<div class=\"elementor-post__text\">\n\t\t\t\t<h1 class=\"elementor-post__title\">\n\t\t\t<a href=\"https:\/\/tlcmagazinemexico.com.mx\/index.php\/2026\/04\/28\/el-despertar-del-dragon-azteca-la-nueva-soberania-industrial-automotriz-en-mexico-2025-2026\/\" >\n\t\t\t\tEl Despertar del Drag\u00f3n Azteca: La Nueva Soberan\u00eda Industrial Automotriz en M\u00e9xico (2025-2026)\t\t\t<\/a>\n\t\t<\/h1>\n\t\t\t\t<div class=\"elementor-post__excerpt\">\n\t\t\t<p>En 2026, el sector automotriz en M\u00e9xico no solo se mide por unidades vendidas, sino por la profundidad de su integraci\u00f3n nacional. Tras cerrar 2025<\/p>\n\t\t<\/div>\n\t\t\n\t\t<a class=\"elementor-post__read-more\" href=\"https:\/\/tlcmagazinemexico.com.mx\/index.php\/2026\/04\/28\/el-despertar-del-dragon-azteca-la-nueva-soberania-industrial-automotriz-en-mexico-2025-2026\/\" aria-label=\"Read more about El Despertar del Drag\u00f3n Azteca: La Nueva Soberan\u00eda Industrial Automotriz en M\u00e9xico (2025-2026)\" >\n\t\t\tLeer m\u00e1s \u00bb\t\t<\/a>\n\n\t\t\t\t<\/div>\n\t\t\t\t\t<\/div>\n\t\t<\/article>\n\t\t\t\t<article class=\"elementor-post elementor-grid-item post-22625 post type-post status-publish format-standard has-post-thumbnail hentry category-tlc-news entry\">\n\t\t\t<div class=\"elementor-post__card\">\n\t\t\t\t<a class=\"elementor-post__thumbnail__link\" href=\"https:\/\/tlcmagazinemexico.com.mx\/index.php\/2026\/04\/27\/repunte-del-brent-presiona-costos-logisticos-y-reconfigura-el-comercio-energetico-global\/\" ><div class=\"elementor-post__thumbnail\"><img loading=\"lazy\" decoding=\"async\" width=\"900\" height=\"600\" src=\"https:\/\/tlcmagazinemexico.com.mx\/wp-content\/uploads\/2026\/04\/40g-1-3.png\" class=\"attachment-full size-full wp-image-22350\" alt=\"\" srcset=\"https:\/\/tlcmagazinemexico.com.mx\/wp-content\/uploads\/2026\/04\/40g-1-3.png 900w, https:\/\/tlcmagazinemexico.com.mx\/wp-content\/uploads\/2026\/04\/40g-1-3-300x200.png 300w, https:\/\/tlcmagazinemexico.com.mx\/wp-content\/uploads\/2026\/04\/40g-1-3-768x512.png 768w\" sizes=\"auto, (max-width: 900px) 100vw, 900px\" style=\"width:100%;height:66.67%;max-width:900px;\" \/><\/div><\/a>\n\t\t\t\t<div class=\"elementor-post__text\">\n\t\t\t\t<h1 class=\"elementor-post__title\">\n\t\t\t<a href=\"https:\/\/tlcmagazinemexico.com.mx\/index.php\/2026\/04\/27\/repunte-del-brent-presiona-costos-logisticos-y-reconfigura-el-comercio-energetico-global\/\" >\n\t\t\t\tRepunte del Brent presiona costos log\u00edsticos y reconfigura el comercio energ\u00e9tico global\t\t\t<\/a>\n\t\t<\/h1>\n\t\t\t\t<div class=\"elementor-post__excerpt\">\n\t\t\t<p>El barril de petr\u00f3leo brent incrementa la subida inicial de este lunes y al cierre de las plazas europeas avanza m\u00e1s del 3 % y<\/p>\n\t\t<\/div>\n\t\t\n\t\t<a class=\"elementor-post__read-more\" href=\"https:\/\/tlcmagazinemexico.com.mx\/index.php\/2026\/04\/27\/repunte-del-brent-presiona-costos-logisticos-y-reconfigura-el-comercio-energetico-global\/\" aria-label=\"Read more about Repunte del Brent presiona costos log\u00edsticos y reconfigura el comercio energ\u00e9tico global\" >\n\t\t\tLeer m\u00e1s \u00bb\t\t<\/a>\n\n\t\t\t\t<\/div>\n\t\t\t\t\t<\/div>\n\t\t<\/article>\n\t\t\t\t<article class=\"elementor-post elementor-grid-item post-22618 post type-post status-publish format-standard has-post-thumbnail hentry category-tlc-news entry\">\n\t\t\t<div class=\"elementor-post__card\">\n\t\t\t\t<a class=\"elementor-post__thumbnail__link\" href=\"https:\/\/tlcmagazinemexico.com.mx\/index.php\/2026\/04\/27\/estados-unidos-redefine-criterios-arancelarios-para-acero-y-aluminio-de-mexico-y-canada\/\" ><div class=\"elementor-post__thumbnail\"><img loading=\"lazy\" decoding=\"async\" width=\"900\" height=\"600\" src=\"https:\/\/tlcmagazinemexico.com.mx\/wp-content\/uploads\/2026\/04\/41g-3-2.png\" class=\"attachment-full size-full wp-image-22620\" alt=\"\" srcset=\"https:\/\/tlcmagazinemexico.com.mx\/wp-content\/uploads\/2026\/04\/41g-3-2.png 900w, https:\/\/tlcmagazinemexico.com.mx\/wp-content\/uploads\/2026\/04\/41g-3-2-300x200.png 300w, https:\/\/tlcmagazinemexico.com.mx\/wp-content\/uploads\/2026\/04\/41g-3-2-768x512.png 768w\" sizes=\"auto, (max-width: 900px) 100vw, 900px\" style=\"width:100%;height:66.67%;max-width:900px;\" \/><\/div><\/a>\n\t\t\t\t<div class=\"elementor-post__text\">\n\t\t\t\t<h1 class=\"elementor-post__title\">\n\t\t\t<a href=\"https:\/\/tlcmagazinemexico.com.mx\/index.php\/2026\/04\/27\/estados-unidos-redefine-criterios-arancelarios-para-acero-y-aluminio-de-mexico-y-canada\/\" >\n\t\t\t\tEstados Unidos redefine criterios arancelarios para acero y aluminio de M\u00e9xico y Canad\u00e1\t\t\t<\/a>\n\t\t<\/h1>\n\t\t\t\t<div class=\"elementor-post__excerpt\">\n\t\t\t<p>\u00a0La Secretar\u00eda de Econom\u00eda (SE) de M\u00e9xico inform\u00f3 este viernes que Estados Unidos public\u00f3 en el Federal Register los procedimientos y requisitos para que productores<\/p>\n\t\t<\/div>\n\t\t\n\t\t<a class=\"elementor-post__read-more\" href=\"https:\/\/tlcmagazinemexico.com.mx\/index.php\/2026\/04\/27\/estados-unidos-redefine-criterios-arancelarios-para-acero-y-aluminio-de-mexico-y-canada\/\" aria-label=\"Read more about Estados Unidos redefine criterios arancelarios para acero y aluminio de M\u00e9xico y Canad\u00e1\" >\n\t\t\tLeer m\u00e1s \u00bb\t\t<\/a>\n\n\t\t\t\t<\/div>\n\t\t\t\t\t<\/div>\n\t\t<\/article>\n\t\t\t\t<article class=\"elementor-post elementor-grid-item post-22611 post type-post status-publish format-standard has-post-thumbnail hentry category-tlc-news entry\">\n\t\t\t<div class=\"elementor-post__card\">\n\t\t\t\t<a class=\"elementor-post__thumbnail__link\" href=\"https:\/\/tlcmagazinemexico.com.mx\/index.php\/2026\/04\/27\/balanza-comercial-mexicana-arranca-el-ano-en-terreno-deficitario-en-medio-de-volatilidad-global\/\" ><div class=\"elementor-post__thumbnail\"><img loading=\"lazy\" decoding=\"async\" width=\"900\" height=\"600\" src=\"https:\/\/tlcmagazinemexico.com.mx\/wp-content\/uploads\/2026\/04\/41g-2-1.png\" class=\"attachment-full size-full wp-image-22613\" alt=\"\" srcset=\"https:\/\/tlcmagazinemexico.com.mx\/wp-content\/uploads\/2026\/04\/41g-2-1.png 900w, https:\/\/tlcmagazinemexico.com.mx\/wp-content\/uploads\/2026\/04\/41g-2-1-300x200.png 300w, https:\/\/tlcmagazinemexico.com.mx\/wp-content\/uploads\/2026\/04\/41g-2-1-768x512.png 768w\" sizes=\"auto, (max-width: 900px) 100vw, 900px\" style=\"width:100%;height:66.67%;max-width:900px;\" \/><\/div><\/a>\n\t\t\t\t<div class=\"elementor-post__text\">\n\t\t\t\t<h1 class=\"elementor-post__title\">\n\t\t\t<a href=\"https:\/\/tlcmagazinemexico.com.mx\/index.php\/2026\/04\/27\/balanza-comercial-mexicana-arranca-el-ano-en-terreno-deficitario-en-medio-de-volatilidad-global\/\" >\n\t\t\t\tBalanza comercial mexicana arranca el a\u00f1o en terreno deficitario en medio de volatilidad global\t\t\t<\/a>\n\t\t<\/h1>\n\t\t\t\t<div class=\"elementor-post__excerpt\">\n\t\t\t<p>M\u00e9xico tuvo en el primer trimestre del a\u00f1o un d\u00e9ficit comercial de 1.012 millones de d\u00f3lares pese a un aumento del 17,9 % en las<\/p>\n\t\t<\/div>\n\t\t\n\t\t<a class=\"elementor-post__read-more\" href=\"https:\/\/tlcmagazinemexico.com.mx\/index.php\/2026\/04\/27\/balanza-comercial-mexicana-arranca-el-ano-en-terreno-deficitario-en-medio-de-volatilidad-global\/\" aria-label=\"Read more about Balanza comercial mexicana arranca el a\u00f1o en terreno deficitario en medio de volatilidad global\" >\n\t\t\tLeer m\u00e1s \u00bb\t\t<\/a>\n\n\t\t\t\t<\/div>\n\t\t\t\t\t<\/div>\n\t\t<\/article>\n\t\t\t\t<article class=\"elementor-post elementor-grid-item post-22604 post type-post status-publish format-standard has-post-thumbnail hentry category-tlc-news entry\">\n\t\t\t<div class=\"elementor-post__card\">\n\t\t\t\t<a class=\"elementor-post__thumbnail__link\" href=\"https:\/\/tlcmagazinemexico.com.mx\/index.php\/2026\/04\/27\/fortalecen-lazos-comerciales-mexico-arizona-para-impulsar-a-los-negocios-familiares-y-el-comercio-internacional\/\" ><div class=\"elementor-post__thumbnail\"><img loading=\"lazy\" decoding=\"async\" width=\"900\" height=\"600\" src=\"https:\/\/tlcmagazinemexico.com.mx\/wp-content\/uploads\/2026\/04\/41g-1-2.png\" class=\"attachment-full size-full wp-image-22606\" alt=\"\" srcset=\"https:\/\/tlcmagazinemexico.com.mx\/wp-content\/uploads\/2026\/04\/41g-1-2.png 900w, https:\/\/tlcmagazinemexico.com.mx\/wp-content\/uploads\/2026\/04\/41g-1-2-300x200.png 300w, https:\/\/tlcmagazinemexico.com.mx\/wp-content\/uploads\/2026\/04\/41g-1-2-768x512.png 768w\" sizes=\"auto, (max-width: 900px) 100vw, 900px\" style=\"width:100%;height:66.67%;max-width:900px;\" \/><\/div><\/a>\n\t\t\t\t<div class=\"elementor-post__text\">\n\t\t\t\t<h1 class=\"elementor-post__title\">\n\t\t\t<a href=\"https:\/\/tlcmagazinemexico.com.mx\/index.php\/2026\/04\/27\/fortalecen-lazos-comerciales-mexico-arizona-para-impulsar-a-los-negocios-familiares-y-el-comercio-internacional\/\" >\n\t\t\t\tFortalecen lazos comerciales M\u00e9xico\u2013Arizona para impulsar a los negocios familiares y el comercio internacional\t\t\t<\/a>\n\t\t<\/h1>\n\t\t\t\t<div class=\"elementor-post__excerpt\">\n\t\t\t<p>Fortalecen lazos comerciales M\u00e9xico\u2013Arizona para impulsar a los negocios familiares y el comercio internacional. \u2022 CONCANACO SERVYTUR, la Arizona Hispanic Chamber of Commerce y el<\/p>\n\t\t<\/div>\n\t\t\n\t\t<a class=\"elementor-post__read-more\" href=\"https:\/\/tlcmagazinemexico.com.mx\/index.php\/2026\/04\/27\/fortalecen-lazos-comerciales-mexico-arizona-para-impulsar-a-los-negocios-familiares-y-el-comercio-internacional\/\" aria-label=\"Read more about Fortalecen lazos comerciales M\u00e9xico\u2013Arizona para impulsar a los negocios familiares y el comercio internacional\" >\n\t\t\tLeer m\u00e1s \u00bb\t\t<\/a>\n\n\t\t\t\t<\/div>\n\t\t\t\t\t<\/div>\n\t\t<\/article>\n\t\t\t\t<article class=\"elementor-post elementor-grid-item post-22597 post type-post status-publish format-standard has-post-thumbnail hentry category-tlc-news entry\">\n\t\t\t<div class=\"elementor-post__card\">\n\t\t\t\t<a class=\"elementor-post__thumbnail__link\" href=\"https:\/\/tlcmagazinemexico.com.mx\/index.php\/2026\/04\/27\/asturias-perfila-a-veracruz-como-eje-logistico-para-fortalecer-el-intercambio-mexico-europa\/\" ><div class=\"elementor-post__thumbnail\"><img loading=\"lazy\" decoding=\"async\" width=\"900\" height=\"600\" src=\"https:\/\/tlcmagazinemexico.com.mx\/wp-content\/uploads\/2026\/04\/41g-11.png\" class=\"attachment-full size-full wp-image-22599\" alt=\"\" srcset=\"https:\/\/tlcmagazinemexico.com.mx\/wp-content\/uploads\/2026\/04\/41g-11.png 900w, https:\/\/tlcmagazinemexico.com.mx\/wp-content\/uploads\/2026\/04\/41g-11-300x200.png 300w, https:\/\/tlcmagazinemexico.com.mx\/wp-content\/uploads\/2026\/04\/41g-11-768x512.png 768w\" sizes=\"auto, (max-width: 900px) 100vw, 900px\" style=\"width:100%;height:66.67%;max-width:900px;\" \/><\/div><\/a>\n\t\t\t\t<div class=\"elementor-post__text\">\n\t\t\t\t<h1 class=\"elementor-post__title\">\n\t\t\t<a href=\"https:\/\/tlcmagazinemexico.com.mx\/index.php\/2026\/04\/27\/asturias-perfila-a-veracruz-como-eje-logistico-para-fortalecer-el-intercambio-mexico-europa\/\" >\n\t\t\t\tAsturias perfila a Veracruz como eje log\u00edstico para fortalecer el intercambio M\u00e9xico\u2013Europa\t\t\t<\/a>\n\t\t<\/h1>\n\t\t\t\t<div class=\"elementor-post__excerpt\">\n\t\t\t<p>\u00a0El presidente del Principado de Asturias, Adri\u00e1n Barb\u00f3n, anunci\u00f3 este s\u00e1bado desde Ciudad de M\u00e9xico que su Gobierno est\u00e1 &#8220;estudiando&#8221; una conexi\u00f3n de Asturias con<\/p>\n\t\t<\/div>\n\t\t\n\t\t<a class=\"elementor-post__read-more\" href=\"https:\/\/tlcmagazinemexico.com.mx\/index.php\/2026\/04\/27\/asturias-perfila-a-veracruz-como-eje-logistico-para-fortalecer-el-intercambio-mexico-europa\/\" aria-label=\"Read more about Asturias perfila a Veracruz como eje log\u00edstico para fortalecer el intercambio M\u00e9xico\u2013Europa\" >\n\t\t\tLeer m\u00e1s \u00bb\t\t<\/a>\n\n\t\t\t\t<\/div>\n\t\t\t\t\t<\/div>\n\t\t<\/article>\n\t\t\t\t<\/div>\n\t\t\n\t\t\t\t<\/div>\n\t\t\t\t<\/div>\n\t\t\t\t\t<\/div>\n\t\t<\/div>\n\t\t\t\t\t\t\t<\/div>\n\t\t<\/section>\n\t\t\t\t\t\t\t<\/div>\n\t\t","protected":false},"excerpt":{"rendered":"<p>La geopol\u00edtica tom\u00f3 el control de la econom\u00eda. Y cuando eso ocurre, el comercio deja de ser intercambio para convertirse en campo de batalla.En Davos 2026 qued\u00f3 claro algo que muchos ya ven\u00edamos sintiendo en la calle, en el mercado y en la cortina que se abre cada ma\u00f1ana: el mundo dej\u00f3 de discutir c\u00f3mo&hellip; <a class=\"more-link\" href=\"https:\/\/tlcmagazinemexico.com.mx\/index.php\/2026\/04\/27\/asturias-perfila-a-veracruz-como-eje-logistico-para-fortalecer-el-intercambio-mexico-europa\/\">Seguir leyendo <span class=\"screen-reader-text\">Asturias perfila a Veracruz como eje log\u00edstico para fortalecer el intercambio M\u00e9xico\u2013Europa<\/span><\/a><\/p>\n","protected":false},"author":3,"featured_media":20815,"comment_status":"open","ping_status":"open","sticky":false,"template":"elementor_header_footer","format":"standard","meta":{"_monsterinsights_skip_tracking":false,"_monsterinsights_sitenote_active":false,"_monsterinsights_sitenote_note":"","_monsterinsights_sitenote_category":0,"footnotes":""},"categories":[5],"tags":[],"class_list":["post-20814","post","type-post","status-publish","format-standard","has-post-thumbnail","hentry","category-tlc-news","entry"],"views":522,"_links":{"self":[{"href":"https:\/\/tlcmagazinemexico.com.mx\/index.php\/wp-json\/wp\/v2\/posts\/20814","targetHints":{"allow":["GET"]}}],"collection":[{"href":"https:\/\/tlcmagazinemexico.com.mx\/index.php\/wp-json\/wp\/v2\/posts"}],"about":[{"href":"https:\/\/tlcmagazinemexico.com.mx\/index.php\/wp-json\/wp\/v2\/types\/post"}],"author":[{"embeddable":true,"href":"https:\/\/tlcmagazinemexico.com.mx\/index.php\/wp-json\/wp\/v2\/users\/3"}],"replies":[{"embeddable":true,"href":"https:\/\/tlcmagazinemexico.com.mx\/index.php\/wp-json\/wp\/v2\/comments?post=20814"}],"version-history":[{"count":4,"href":"https:\/\/tlcmagazinemexico.com.mx\/index.php\/wp-json\/wp\/v2\/posts\/20814\/revisions"}],"predecessor-version":[{"id":20819,"href":"https:\/\/tlcmagazinemexico.com.mx\/index.php\/wp-json\/wp\/v2\/posts\/20814\/revisions\/20819"}],"wp:featuredmedia":[{"embeddable":true,"href":"https:\/\/tlcmagazinemexico.com.mx\/index.php\/wp-json\/wp\/v2\/media\/20815"}],"wp:attachment":[{"href":"https:\/\/tlcmagazinemexico.com.mx\/index.php\/wp-json\/wp\/v2\/media?parent=20814"}],"wp:term":[{"taxonomy":"category","embeddable":true,"href":"https:\/\/tlcmagazinemexico.com.mx\/index.php\/wp-json\/wp\/v2\/categories?post=20814"},{"taxonomy":"post_tag","embeddable":true,"href":"https:\/\/tlcmagazinemexico.com.mx\/index.php\/wp-json\/wp\/v2\/tags?post=20814"}],"curies":[{"name":"wp","href":"https:\/\/api.w.org\/{rel}","templated":true}]}}