{"id":20554,"date":"2026-01-09T22:48:09","date_gmt":"2026-01-09T22:48:09","guid":{"rendered":"https:\/\/tlcmagazinemexico.com.mx\/?p=20554"},"modified":"2026-01-09T23:22:20","modified_gmt":"2026-01-09T23:22:20","slug":"industria-automotriz-advierte-desventajas-competitivas-para-mexico-en-el-t-mec","status":"publish","type":"post","link":"https:\/\/tlcmagazinemexico.com.mx\/index.php\/2026\/01\/09\/industria-automotriz-advierte-desventajas-competitivas-para-mexico-en-el-t-mec\/","title":{"rendered":"Industria automotriz advierte desventajas competitivas para M\u00e9xico en el T-MEC"},"content":{"rendered":"\t\t<div data-elementor-type=\"wp-post\" data-elementor-id=\"20554\" class=\"elementor elementor-20554\" data-elementor-post-type=\"post\">\n\t\t\t\t\t\t<section class=\"elementor-section elementor-top-section elementor-element elementor-element-14f18d08 elementor-section-boxed elementor-section-height-default elementor-section-height-default\" data-id=\"14f18d08\" data-element_type=\"section\" data-e-type=\"section\">\n\t\t\t\t\t\t<div class=\"elementor-container elementor-column-gap-default\">\n\t\t\t\t\t<div class=\"elementor-column elementor-col-33 elementor-top-column elementor-element elementor-element-51959541\" data-id=\"51959541\" data-element_type=\"column\" data-e-type=\"column\">\n\t\t\t<div class=\"elementor-widget-wrap elementor-element-populated\">\n\t\t\t\t\t\t<div class=\"elementor-element elementor-element-5fe0a45f elementor-widget elementor-widget-theme-post-featured-image elementor-widget-image\" data-id=\"5fe0a45f\" data-element_type=\"widget\" data-e-type=\"widget\" data-widget_type=\"theme-post-featured-image.default\">\n\t\t\t\t<div class=\"elementor-widget-container\">\n\t\t\t\t\t\t\t\t\t\t\t\t\t\t\t<img fetchpriority=\"high\" decoding=\"async\" width=\"640\" height=\"426\" src=\"https:\/\/tlcmagazinemexico.com.mx\/wp-content\/uploads\/2026\/01\/N10_2.png\" class=\"attachment-large size-large wp-image-20556\" alt=\"\" srcset=\"https:\/\/tlcmagazinemexico.com.mx\/wp-content\/uploads\/2026\/01\/N10_2.png 900w, https:\/\/tlcmagazinemexico.com.mx\/wp-content\/uploads\/2026\/01\/N10_2-300x200.png 300w, https:\/\/tlcmagazinemexico.com.mx\/wp-content\/uploads\/2026\/01\/N10_2-768x511.png 768w\" sizes=\"(max-width: 34.9rem) calc(100vw - 2rem), (max-width: 53rem) calc(8 * (100vw \/ 12)), (min-width: 53rem) calc(6 * (100vw \/ 12)), 100vw\" \/>\t\t\t\t\t\t\t\t\t\t\t\t\t\t\t<\/div>\n\t\t\t\t<\/div>\n\t\t\t\t<div class=\"elementor-element elementor-element-210d779d elementor-widget elementor-widget-spacer\" data-id=\"210d779d\" data-element_type=\"widget\" data-e-type=\"widget\" data-widget_type=\"spacer.default\">\n\t\t\t\t<div class=\"elementor-widget-container\">\n\t\t\t\t\t\t\t<div class=\"elementor-spacer\">\n\t\t\t<div class=\"elementor-spacer-inner\"><\/div>\n\t\t<\/div>\n\t\t\t\t\t\t<\/div>\n\t\t\t\t<\/div>\n\t\t\t\t<div class=\"elementor-element elementor-element-315a04f3 elementor-widget elementor-widget-theme-post-title elementor-page-title elementor-widget-heading\" data-id=\"315a04f3\" data-element_type=\"widget\" data-e-type=\"widget\" data-widget_type=\"theme-post-title.default\">\n\t\t\t\t<div class=\"elementor-widget-container\">\n\t\t\t\t\t<h1 class=\"elementor-heading-title elementor-size-default\">Industria automotriz advierte desventajas competitivas para M\u00e9xico en el T-MEC<\/h1>\t\t\t\t<\/div>\n\t\t\t\t<\/div>\n\t\t\t\t<div class=\"elementor-element elementor-element-20b9e4f elementor-widget elementor-widget-text-editor\" data-id=\"20b9e4f\" data-element_type=\"widget\" data-e-type=\"widget\" data-widget_type=\"text-editor.default\">\n\t\t\t\t<div class=\"elementor-widget-container\">\n\t\t\t\t\t\t\t\t\t\n<p class=\"wp-block-paragraph\">La industria automotriz mexicana alert\u00f3 que las reglas de origen y los aranceles aplicables bajo el Tratado entre M\u00e9xico, Estados Unidos y Canad\u00e1 (T-MEC) han colocado a M\u00e9xico en una posici\u00f3n menos competitiva frente a otros pa\u00edses exportadores de veh\u00edculos hacia el mercado estadounidense.<\/p>\n\n<br>\n\n<p class=\"wp-block-paragraph\">La Asociaci\u00f3n Mexicana de la Industria Automotriz (AMIA) se\u00f1al\u00f3 que, desde la entrada en vigor del T-MEC en 2020, los fabricantes que operan en Am\u00e9rica del Norte han debido cumplir con los requisitos de origen m\u00e1s estrictos a nivel global. Entre ellos destacan el aumento del Contenido de Valor Regional de 62.5% a 75%, nuevas obligaciones sobre contenido laboral, el uso regional de acero y aluminio, y reglas espec\u00edficas para autopartes esenciales.<\/p>\n\n<br>\n\n<p class=\"wp-block-paragraph\">Si bien el sector asumi\u00f3 estos compromisos con la expectativa de mantener el acceso preferencial al mercado regional sin aranceles, la AMIA advirti\u00f3 que en la pr\u00e1ctica el resultado ha sido distinto. M\u00e9xico enfrenta actualmente aranceles derivados de la Secci\u00f3n 232, mientras que otros pa\u00edses como Jap\u00f3n, Corea del Sur y miembros de la Uni\u00f3n Europea acceden al mercado estadounidense con esquemas arancelarios m\u00e1s favorables, pese a no estar sujetos a reglas de origen tan exigentes.<\/p>\n\n<br>\n\n<p class=\"wp-block-paragraph\">La asociaci\u00f3n tambi\u00e9n expres\u00f3 preocupaci\u00f3n por la falta de cumplimiento de la resoluci\u00f3n emitida en 2022 por el panel de soluci\u00f3n de controversias del T-MEC en materia de reglas de origen automotrices, lo que ha incrementado la incertidumbre para las empresas del sector.<\/p>\n\n<br>\n\n<p class=\"wp-block-paragraph\">De cara a la pr\u00f3xima revisi\u00f3n del tratado, la industria subray\u00f3 que cualquier discusi\u00f3n sobre posibles ajustes a las reglas de origen debe considerar tres factores clave: la disponibilidad real de insumos y materias primas en la regi\u00f3n, la competitividad de sus costos y la necesidad de establecer plazos razonables que permitan a los fabricantes reconfigurar sus cadenas de suministro sin afectar su viabilidad.<\/p>\n\n<br>\n\n<p class=\"wp-block-paragraph\">Para la AMIA, mantener condiciones de competencia equitativas ser\u00e1 determinante para preservar la inversi\u00f3n, el empleo y la integraci\u00f3n productiva de la industria automotriz en Am\u00e9rica del Norte.<\/p>\n\t\t\t\t\t\t\t\t<\/div>\n\t\t\t\t<\/div>\n\t\t\t\t<section class=\"elementor-section elementor-inner-section elementor-element elementor-element-7cf9601a elementor-section-boxed elementor-section-height-default elementor-section-height-default\" data-id=\"7cf9601a\" data-element_type=\"section\" data-e-type=\"section\">\n\t\t\t\t\t\t<div class=\"elementor-container elementor-column-gap-default\">\n\t\t\t\t\t<div class=\"elementor-column elementor-col-50 elementor-inner-column elementor-element elementor-element-48892074\" data-id=\"48892074\" data-element_type=\"column\" data-e-type=\"column\">\n\t\t\t<div class=\"elementor-widget-wrap elementor-element-populated\">\n\t\t\t\t\t\t<div class=\"elementor-element elementor-element-4cf31148 elementor-widget elementor-widget-heading\" data-id=\"4cf31148\" data-element_type=\"widget\" data-e-type=\"widget\" data-widget_type=\"heading.default\">\n\t\t\t\t<div class=\"elementor-widget-container\">\n\t\t\t\t\t<h2 class=\"elementor-heading-title elementor-size-default\">Compartir <\/h2>\t\t\t\t<\/div>\n\t\t\t\t<\/div>\n\t\t\t\t\t<\/div>\n\t\t<\/div>\n\t\t\t\t<div class=\"elementor-column elementor-col-50 elementor-inner-column elementor-element elementor-element-768e3646\" data-id=\"768e3646\" data-element_type=\"column\" data-e-type=\"column\">\n\t\t\t<div class=\"elementor-widget-wrap elementor-element-populated\">\n\t\t\t\t\t\t<div class=\"elementor-element elementor-element-72e6f7fa elementor-share-buttons--view-icon elementor-share-buttons--skin-flat elementor-share-buttons--color-custom elementor-share-buttons--shape-square elementor-grid-0 elementor-widget elementor-widget-share-buttons\" data-id=\"72e6f7fa\" data-element_type=\"widget\" data-e-type=\"widget\" data-widget_type=\"share-buttons.default\">\n\t\t\t\t<div class=\"elementor-widget-container\">\n\t\t\t\t\t\t\t<div class=\"elementor-grid\" role=\"list\">\r\n\t\t\t\t\t\t\t\t<div class=\"elementor-grid-item\" role=\"listitem\">\r\n\t\t\t\t\t\t<div class=\"elementor-share-btn elementor-share-btn_facebook\" role=\"button\" tabindex=\"0\" aria-label=\"Share on facebook\">\r\n\t\t\t\t\t\t\t\t\t\t\t\t\t\t\t<span class=\"elementor-share-btn__icon\">\r\n\t\t\t\t\t\t\t\t<i class=\"fab fa-facebook\" aria-hidden=\"true\"><\/i>\t\t\t\t\t\t\t<\/span>\r\n\t\t\t\t\t\t\t\t\t\t\t\t\t\t\t\t\t\t\t\t<\/div>\r\n\t\t\t\t\t<\/div>\r\n\t\t\t\t\t\t\t\t\t<div class=\"elementor-grid-item\" role=\"listitem\">\r\n\t\t\t\t\t\t<div class=\"elementor-share-btn elementor-share-btn_linkedin\" role=\"button\" tabindex=\"0\" aria-label=\"Share on linkedin\">\r\n\t\t\t\t\t\t\t\t\t\t\t\t\t\t\t<span class=\"elementor-share-btn__icon\">\r\n\t\t\t\t\t\t\t\t<i class=\"fab fa-linkedin\" aria-hidden=\"true\"><\/i>\t\t\t\t\t\t\t<\/span>\r\n\t\t\t\t\t\t\t\t\t\t\t\t\t\t\t\t\t\t\t\t<\/div>\r\n\t\t\t\t\t<\/div>\r\n\t\t\t\t\t\t\t\t\t<div class=\"elementor-grid-item\" role=\"listitem\">\r\n\t\t\t\t\t\t<div class=\"elementor-share-btn elementor-share-btn_twitter\" role=\"button\" tabindex=\"0\" aria-label=\"Share on twitter\">\r\n\t\t\t\t\t\t\t\t\t\t\t\t\t\t\t<span class=\"elementor-share-btn__icon\">\r\n\t\t\t\t\t\t\t\t<i class=\"fab fa-twitter\" aria-hidden=\"true\"><\/i>\t\t\t\t\t\t\t<\/span>\r\n\t\t\t\t\t\t\t\t\t\t\t\t\t\t\t\t\t\t\t\t<\/div>\r\n\t\t\t\t\t<\/div>\r\n\t\t\t\t\t\t\t\t\t<div class=\"elementor-grid-item\" role=\"listitem\">\r\n\t\t\t\t\t\t<div class=\"elementor-share-btn elementor-share-btn_email\" role=\"button\" tabindex=\"0\" aria-label=\"Share on email\">\r\n\t\t\t\t\t\t\t\t\t\t\t\t\t\t\t<span class=\"elementor-share-btn__icon\">\r\n\t\t\t\t\t\t\t\t<i class=\"fas fa-envelope\" aria-hidden=\"true\"><\/i>\t\t\t\t\t\t\t<\/span>\r\n\t\t\t\t\t\t\t\t\t\t\t\t\t\t\t\t\t\t\t\t<\/div>\r\n\t\t\t\t\t<\/div>\r\n\t\t\t\t\t\t<\/div>\r\n\t\t\t\t\t\t<\/div>\n\t\t\t\t<\/div>\n\t\t\t\t\t<\/div>\n\t\t<\/div>\n\t\t\t\t\t<\/div>\n\t\t<\/section>\n\t\t\t\t<section class=\"elementor-section elementor-inner-section elementor-element elementor-element-4f192020 elementor-section-height-min-height elementor-section-boxed elementor-section-height-default\" data-id=\"4f192020\" data-element_type=\"section\" data-e-type=\"section\" data-settings=\"{&quot;background_background&quot;:&quot;classic&quot;}\">\n\t\t\t\t\t\t\t<div class=\"elementor-background-overlay\"><\/div>\n\t\t\t\t\t\t\t<div class=\"elementor-container elementor-column-gap-default\">\n\t\t\t\t\t<div class=\"elementor-column elementor-col-100 elementor-inner-column elementor-element elementor-element-5accf443\" data-id=\"5accf443\" data-element_type=\"column\" data-e-type=\"column\">\n\t\t\t<div class=\"elementor-widget-wrap elementor-element-populated\">\n\t\t\t\t\t\t<div class=\"elementor-element elementor-element-5247f36b elementor-widget elementor-widget-heading\" data-id=\"5247f36b\" data-element_type=\"widget\" data-e-type=\"widget\" data-widget_type=\"heading.default\">\n\t\t\t\t<div class=\"elementor-widget-container\">\n\t\t\t\t\t<h2 class=\"elementor-heading-title elementor-size-default\">Recibe las noticias m\u00e1s relevantes del medio<\/h2>\t\t\t\t<\/div>\n\t\t\t\t<\/div>\n\t\t\t\t<div class=\"elementor-element elementor-element-6108428d elementor-widget elementor-widget-heading\" data-id=\"6108428d\" data-element_type=\"widget\" data-e-type=\"widget\" data-widget_type=\"heading.default\">\n\t\t\t\t<div class=\"elementor-widget-container\">\n\t\t\t\t\t<h3 class=\"elementor-heading-title elementor-size-default\">en tu correo electr\u00f3nico<\/h3>\t\t\t\t<\/div>\n\t\t\t\t<\/div>\n\t\t\t\t<div class=\"elementor-element elementor-element-159ce47c elementor-widget elementor-widget-spacer\" data-id=\"159ce47c\" data-element_type=\"widget\" data-e-type=\"widget\" data-widget_type=\"spacer.default\">\n\t\t\t\t<div class=\"elementor-widget-container\">\n\t\t\t\t\t\t\t<div class=\"elementor-spacer\">\n\t\t\t<div class=\"elementor-spacer-inner\"><\/div>\n\t\t<\/div>\n\t\t\t\t\t\t<\/div>\n\t\t\t\t<\/div>\n\t\t\t\t<div class=\"elementor-element elementor-element-2db5aa1 elementor-button-align-stretch elementor-widget elementor-widget-form\" data-id=\"2db5aa1\" data-element_type=\"widget\" data-e-type=\"widget\" data-settings=\"{&quot;button_width&quot;:&quot;25&quot;,&quot;step_next_label&quot;:&quot;Next&quot;,&quot;step_previous_label&quot;:&quot;Previous&quot;,&quot;step_type&quot;:&quot;number_text&quot;,&quot;step_icon_shape&quot;:&quot;circle&quot;}\" data-widget_type=\"form.default\">\n\t\t\t\t<div class=\"elementor-widget-container\">\n\t\t\t\t\t\t\t<form class=\"elementor-form\" method=\"post\" name=\"TLC News\" aria-label=\"TLC News\">\r\n\t\t\t<input type=\"hidden\" name=\"post_id\" value=\"20554\"\/>\r\n\t\t\t<input type=\"hidden\" name=\"form_id\" value=\"2db5aa1\"\/>\r\n\t\t\t<input type=\"hidden\" name=\"referer_title\" value=\"Industria automotriz advierte desventajas competitivas para M\u00e9xico en el T-MEC\" \/>\r\n\r\n\t\t\t\t\t\t\t<input type=\"hidden\" name=\"queried_id\" value=\"20554\"\/>\r\n\t\t\t\r\n\t\t\t<div class=\"elementor-form-fields-wrapper elementor-labels-\">\r\n\t\t\t\t\t\t\t\t<div class=\"elementor-field-type-email elementor-field-group elementor-column elementor-field-group-email elementor-col-75 elementor-field-required\">\r\n\t\t\t\t\t\t\t\t\t\t\t\t<label for=\"form-field-email\" class=\"elementor-field-label elementor-screen-only\">\r\n\t\t\t\t\t\t\t\tEmail\t\t\t\t\t\t\t<\/label>\r\n\t\t\t\t\t\t\t\t\t\t\t\t\t\t<input size=\"1\" type=\"email\" name=\"form_fields[email]\" id=\"form-field-email\" class=\"elementor-field elementor-size-md  elementor-field-textual\" placeholder=\"Correo electr\u00f3nico\" required=\"required\">\r\n\t\t\t\t\t\t\t\t\t\t\t<\/div>\r\n\t\t\t\t\t\t\t\t<div class=\"elementor-field-group elementor-column elementor-field-type-submit elementor-col-25 e-form__buttons\">\r\n\t\t\t\t\t<button class=\"elementor-button elementor-size-md\" type=\"submit\">\r\n\t\t\t\t\t\t<span class=\"elementor-button-content-wrapper\">\r\n\t\t\t\t\t\t\t\t\t\t\t\t\t\t\t<span class=\"elementor-button-icon\">\r\n\t\t\t\t\t\t\t\t\t<i aria-hidden=\"true\" class=\"fas fa-arrow-right\"><\/i>\t\t\t\t\t\t\t\t\t\t\t\t\t\t\t\t\t<\/span>\r\n\t\t\t\t\t\t\t\t\t\t\t\t\t\t\t\t\t\t\t\t\t\t<span class=\"elementor-button-text\">Enviar<\/span>\r\n\t\t\t\t\t\t\t\t\t\t\t\t\t<\/span>\r\n\t\t\t\t\t<\/button>\r\n\t\t\t\t<\/div>\r\n\t\t\t<\/div>\r\n\t\t<\/form>\r\n\t\t\t\t\t\t<\/div>\n\t\t\t\t<\/div>\n\t\t\t\t\t<\/div>\n\t\t<\/div>\n\t\t\t\t\t<\/div>\n\t\t<\/section>\n\t\t\t\t<div class=\"elementor-element elementor-element-28ce972 elementor-post-navigation-borders-yes elementor-widget elementor-widget-post-navigation\" data-id=\"28ce972\" data-element_type=\"widget\" data-e-type=\"widget\" data-widget_type=\"post-navigation.default\">\n\t\t\t\t<div class=\"elementor-widget-container\">\n\t\t\t\t\t\t\t<div class=\"elementor-post-navigation\" role=\"navigation\" aria-label=\"Post Navigation\">\r\n\t\t\t<div class=\"elementor-post-navigation__prev elementor-post-navigation__link\">\r\n\t\t\t\t<a href=\"https:\/\/tlcmagazinemexico.com.mx\/index.php\/2026\/01\/09\/la-produccion-de-autos-en-mexico-cae-09-en-2025-ante-amenazas-arancelarias-de-ee-uu\/\" rel=\"prev\"><span class=\"post-navigation__arrow-wrapper post-navigation__arrow-prev\"><i aria-hidden=\"true\" class=\"fas fa-arrow-left\"><\/i><span class=\"elementor-screen-only\">Prev<\/span><\/span><span class=\"elementor-post-navigation__link__prev\"><span class=\"post-navigation__prev--label\">Anterior<\/span><span class=\"post-navigation__prev--title\">La producci\u00f3n de autos en M\u00e9xico cae 0,9 % en 2025 ante amenazas arancelarias de EE.UU.<\/span><\/span><\/a>\t\t\t<\/div>\r\n\t\t\t\t\t\t\t<div class=\"elementor-post-navigation__separator-wrapper\">\r\n\t\t\t\t\t<div class=\"elementor-post-navigation__separator\"><\/div>\r\n\t\t\t\t<\/div>\r\n\t\t\t\t\t\t<div class=\"elementor-post-navigation__next elementor-post-navigation__link\">\r\n\t\t\t\t<a href=\"https:\/\/tlcmagazinemexico.com.mx\/index.php\/2026\/01\/12\/agricultores-mexicanos-ven-resultados-contundentes-en-acciones-contra-gusano-barrenador\/\" rel=\"next\"><span class=\"elementor-post-navigation__link__next\"><span class=\"post-navigation__next--label\">siguiente<\/span><span class=\"post-navigation__next--title\">Agricultores mexicanos ven resultados \u201ccontundentes\u201d en acciones contra gusano barrenador<\/span><\/span><span class=\"post-navigation__arrow-wrapper post-navigation__arrow-next\"><i aria-hidden=\"true\" class=\"fas fa-arrow-right\"><\/i><span class=\"elementor-screen-only\">Next<\/span><\/span><\/a>\t\t\t<\/div>\r\n\t\t<\/div>\r\n\t\t\t\t\t\t<\/div>\n\t\t\t\t<\/div>\n\t\t\t\t\t<\/div>\n\t\t<\/div>\n\t\t\t\t<div class=\"elementor-column elementor-col-33 elementor-top-column elementor-element elementor-element-4e667d99\" data-id=\"4e667d99\" data-element_type=\"column\" data-e-type=\"column\">\n\t\t\t<div class=\"elementor-widget-wrap\">\n\t\t\t\t\t\t\t<\/div>\n\t\t<\/div>\n\t\t\t\t<div class=\"elementor-column elementor-col-33 elementor-top-column elementor-element elementor-element-626ff310\" data-id=\"626ff310\" data-element_type=\"column\" data-e-type=\"column\">\n\t\t\t<div class=\"elementor-widget-wrap elementor-element-populated\">\n\t\t\t\t\t\t<div class=\"elementor-element elementor-element-c42faf4 elementor-grid-1 elementor-posts--align-center elementor-posts__hover-none elementor-widget__width-inherit elementor-grid-tablet-2 elementor-grid-mobile-1 elementor-posts--thumbnail-top elementor-card-shadow-yes elementor-widget elementor-widget-posts\" data-id=\"c42faf4\" data-element_type=\"widget\" data-e-type=\"widget\" data-settings=\"{&quot;cards_columns&quot;:&quot;1&quot;,&quot;cards_row_gap&quot;:{&quot;unit&quot;:&quot;px&quot;,&quot;size&quot;:&quot;30&quot;,&quot;sizes&quot;:[]},&quot;cards_columns_tablet&quot;:&quot;2&quot;,&quot;cards_columns_mobile&quot;:&quot;1&quot;,&quot;cards_row_gap_tablet&quot;:{&quot;unit&quot;:&quot;px&quot;,&quot;size&quot;:&quot;&quot;,&quot;sizes&quot;:[]},&quot;cards_row_gap_mobile&quot;:{&quot;unit&quot;:&quot;px&quot;,&quot;size&quot;:&quot;&quot;,&quot;sizes&quot;:[]}}\" data-widget_type=\"posts.cards\">\n\t\t\t\t<div class=\"elementor-widget-container\">\n\t\t\t\t\t\t\t<div class=\"elementor-posts-container elementor-posts elementor-posts--skin-cards elementor-grid\" role=\"list\">\r\n\t\t\t\t<article class=\"elementor-post elementor-grid-item post-24478 post type-post status-publish format-standard has-post-thumbnail hentry category-tlc-news entry\" role=\"listitem\">\r\n\t\t\t<div class=\"elementor-post__card\">\r\n\t\t\t\t<a class=\"elementor-post__thumbnail__link\" href=\"https:\/\/tlcmagazinemexico.com.mx\/index.php\/2026\/07\/17\/una-nueva-ruta-maritima-amplia-la-conexion-entre-asia-america-latina-y-el-mediterraneo\/\" tabindex=\"-1\" ><div class=\"elementor-post__thumbnail\"><img decoding=\"async\" width=\"900\" height=\"600\" src=\"https:\/\/tlcmagazinemexico.com.mx\/wp-content\/uploads\/2026\/07\/42g-4-1.png\" class=\"attachment-full size-full wp-image-24479\" alt=\"\" srcset=\"https:\/\/tlcmagazinemexico.com.mx\/wp-content\/uploads\/2026\/07\/42g-4-1.png 900w, https:\/\/tlcmagazinemexico.com.mx\/wp-content\/uploads\/2026\/07\/42g-4-1-300x200.png 300w, https:\/\/tlcmagazinemexico.com.mx\/wp-content\/uploads\/2026\/07\/42g-4-1-768x512.png 768w\" sizes=\"(max-width: 34.9rem) calc(100vw - 2rem), (max-width: 53rem) calc(8 * (100vw \/ 12)), (min-width: 53rem) calc(6 * (100vw \/ 12)), 100vw\" \/><\/div><\/a>\r\n\t\t\t\t<div class=\"elementor-post__text\">\r\n\t\t\t\t<h1 class=\"elementor-post__title\">\r\n\t\t\t<a href=\"https:\/\/tlcmagazinemexico.com.mx\/index.php\/2026\/07\/17\/una-nueva-ruta-maritima-amplia-la-conexion-entre-asia-america-latina-y-el-mediterraneo\/\" >\r\n\t\t\t\tUna nueva ruta mar\u00edtima ampl\u00eda la conexi\u00f3n entre Asia, Am\u00e9rica Latina y el Mediterr\u00e1neo\t\t\t<\/a>\r\n\t\t<\/h1>\r\n\t\t\t\t<div class=\"elementor-post__excerpt\">\r\n\t\t\t<p>\u25b8 ZIM y MSC ponen en operaci\u00f3n el servicio ZCP-Amberjack, una nueva alternativa log\u00edstica que fortalece la conectividad regional mediante un servicio semanal.La Autoridad Portuaria<\/p>\n\t\t<\/div>\r\n\t\t\r\n\t\t<a class=\"elementor-post__read-more\" href=\"https:\/\/tlcmagazinemexico.com.mx\/index.php\/2026\/07\/17\/una-nueva-ruta-maritima-amplia-la-conexion-entre-asia-america-latina-y-el-mediterraneo\/\" aria-label=\"Read more about Una nueva ruta mar\u00edtima ampl\u00eda la conexi\u00f3n entre Asia, Am\u00e9rica Latina y el Mediterr\u00e1neo\" tabindex=\"-1\" >\r\n\t\t\tLeer m\u00e1s \u00bb\t\t<\/a>\r\n\r\n\t\t\t\t<\/div>\r\n\t\t\t\t\t<\/div>\r\n\t\t<\/article>\r\n\t\t\t\t<article class=\"elementor-post elementor-grid-item post-24472 post type-post status-publish format-standard has-post-thumbnail hentry category-tlc-news entry\" role=\"listitem\">\r\n\t\t\t<div class=\"elementor-post__card\">\r\n\t\t\t\t<a class=\"elementor-post__thumbnail__link\" href=\"https:\/\/tlcmagazinemexico.com.mx\/index.php\/2026\/07\/17\/el-auge-de-los-centros-de-datos-abre-una-nueva-oportunidad-para-el-comercio-exterior-en-mexico\/\" tabindex=\"-1\" ><div class=\"elementor-post__thumbnail\"><img decoding=\"async\" width=\"900\" height=\"600\" src=\"https:\/\/tlcmagazinemexico.com.mx\/wp-content\/uploads\/2026\/07\/42g-3-1.png\" class=\"attachment-full size-full wp-image-24473\" alt=\"\" srcset=\"https:\/\/tlcmagazinemexico.com.mx\/wp-content\/uploads\/2026\/07\/42g-3-1.png 900w, https:\/\/tlcmagazinemexico.com.mx\/wp-content\/uploads\/2026\/07\/42g-3-1-300x200.png 300w, https:\/\/tlcmagazinemexico.com.mx\/wp-content\/uploads\/2026\/07\/42g-3-1-768x512.png 768w\" sizes=\"(max-width: 34.9rem) calc(100vw - 2rem), (max-width: 53rem) calc(8 * (100vw \/ 12)), (min-width: 53rem) calc(6 * (100vw \/ 12)), 100vw\" \/><\/div><\/a>\r\n\t\t\t\t<div class=\"elementor-post__text\">\r\n\t\t\t\t<h1 class=\"elementor-post__title\">\r\n\t\t\t<a href=\"https:\/\/tlcmagazinemexico.com.mx\/index.php\/2026\/07\/17\/el-auge-de-los-centros-de-datos-abre-una-nueva-oportunidad-para-el-comercio-exterior-en-mexico\/\" >\r\n\t\t\t\tEl auge de los centros de datos abre una nueva oportunidad para el comercio exterior en M\u00e9xico\t\t\t<\/a>\r\n\t\t<\/h1>\r\n\t\t\t\t<div class=\"elementor-post__excerpt\">\r\n\t\t\t<p>\u25b8 Inversiones por 82,500 millones de d\u00f3lares impulsar\u00e1n la importaci\u00f3n de infraestructura tecnol\u00f3gica especializada durante los pr\u00f3ximos a\u00f1os. La expansi\u00f3n de la infraestructura digital en<\/p>\n\t\t<\/div>\r\n\t\t\r\n\t\t<a class=\"elementor-post__read-more\" href=\"https:\/\/tlcmagazinemexico.com.mx\/index.php\/2026\/07\/17\/el-auge-de-los-centros-de-datos-abre-una-nueva-oportunidad-para-el-comercio-exterior-en-mexico\/\" aria-label=\"Read more about El auge de los centros de datos abre una nueva oportunidad para el comercio exterior en M\u00e9xico\" tabindex=\"-1\" >\r\n\t\t\tLeer m\u00e1s \u00bb\t\t<\/a>\r\n\r\n\t\t\t\t<\/div>\r\n\t\t\t\t\t<\/div>\r\n\t\t<\/article>\r\n\t\t\t\t<article class=\"elementor-post elementor-grid-item post-24466 post type-post status-publish format-standard has-post-thumbnail hentry category-tlc-news entry\" role=\"listitem\">\r\n\t\t\t<div class=\"elementor-post__card\">\r\n\t\t\t\t<a class=\"elementor-post__thumbnail__link\" href=\"https:\/\/tlcmagazinemexico.com.mx\/index.php\/2026\/07\/17\/el-estandar-que-permite-a-las-aduanas-intercambiar-informacion-acaba-de-actualizarse\/\" tabindex=\"-1\" ><div class=\"elementor-post__thumbnail\"><img loading=\"lazy\" decoding=\"async\" width=\"900\" height=\"600\" src=\"https:\/\/tlcmagazinemexico.com.mx\/wp-content\/uploads\/2026\/07\/42g-2-2.png\" class=\"attachment-full size-full wp-image-24467\" alt=\"\" srcset=\"https:\/\/tlcmagazinemexico.com.mx\/wp-content\/uploads\/2026\/07\/42g-2-2.png 900w, https:\/\/tlcmagazinemexico.com.mx\/wp-content\/uploads\/2026\/07\/42g-2-2-300x200.png 300w, https:\/\/tlcmagazinemexico.com.mx\/wp-content\/uploads\/2026\/07\/42g-2-2-768x512.png 768w\" sizes=\"(max-width: 34.9rem) calc(100vw - 2rem), (max-width: 53rem) calc(8 * (100vw \/ 12)), (min-width: 53rem) calc(6 * (100vw \/ 12)), 100vw\" \/><\/div><\/a>\r\n\t\t\t\t<div class=\"elementor-post__text\">\r\n\t\t\t\t<h1 class=\"elementor-post__title\">\r\n\t\t\t<a href=\"https:\/\/tlcmagazinemexico.com.mx\/index.php\/2026\/07\/17\/el-estandar-que-permite-a-las-aduanas-intercambiar-informacion-acaba-de-actualizarse\/\" >\r\n\t\t\t\tEl est\u00e1ndar que permite a las aduanas intercambiar informaci\u00f3n acaba de actualizarse\t\t\t<\/a>\r\n\t\t<\/h1>\r\n\t\t\t\t<div class=\"elementor-post__excerpt\">\r\n\t\t\t<p>\u25b8 La OMA presenta la Versi\u00f3n 4.3.0 de su Modelo de Datos con nuevas capacidades para interoperabilidad digital, etiquetas JSON y reconocimiento mutuo de OEA.<\/p>\n\t\t<\/div>\r\n\t\t\r\n\t\t<a class=\"elementor-post__read-more\" href=\"https:\/\/tlcmagazinemexico.com.mx\/index.php\/2026\/07\/17\/el-estandar-que-permite-a-las-aduanas-intercambiar-informacion-acaba-de-actualizarse\/\" aria-label=\"Read more about El est\u00e1ndar que permite a las aduanas intercambiar informaci\u00f3n acaba de actualizarse\" tabindex=\"-1\" >\r\n\t\t\tLeer m\u00e1s \u00bb\t\t<\/a>\r\n\r\n\t\t\t\t<\/div>\r\n\t\t\t\t\t<\/div>\r\n\t\t<\/article>\r\n\t\t\t\t<article class=\"elementor-post elementor-grid-item post-24453 post type-post status-publish format-standard has-post-thumbnail hentry category-tlc-news entry\" role=\"listitem\">\r\n\t\t\t<div class=\"elementor-post__card\">\r\n\t\t\t\t<a class=\"elementor-post__thumbnail__link\" href=\"https:\/\/tlcmagazinemexico.com.mx\/index.php\/2026\/07\/17\/un-error-aduanero-puede-costar-millones-la-inteligencia-artificial-esta-cambiando-la-forma-de-detectarlos\/\" tabindex=\"-1\" ><div class=\"elementor-post__thumbnail\"><img loading=\"lazy\" decoding=\"async\" width=\"900\" height=\"600\" src=\"https:\/\/tlcmagazinemexico.com.mx\/wp-content\/uploads\/2026\/07\/42g-1-2.png\" class=\"attachment-full size-full wp-image-24461\" alt=\"\" srcset=\"https:\/\/tlcmagazinemexico.com.mx\/wp-content\/uploads\/2026\/07\/42g-1-2.png 900w, https:\/\/tlcmagazinemexico.com.mx\/wp-content\/uploads\/2026\/07\/42g-1-2-300x200.png 300w, https:\/\/tlcmagazinemexico.com.mx\/wp-content\/uploads\/2026\/07\/42g-1-2-768x512.png 768w\" sizes=\"(max-width: 34.9rem) calc(100vw - 2rem), (max-width: 53rem) calc(8 * (100vw \/ 12)), (min-width: 53rem) calc(6 * (100vw \/ 12)), 100vw\" \/><\/div><\/a>\r\n\t\t\t\t<div class=\"elementor-post__text\">\r\n\t\t\t\t<h1 class=\"elementor-post__title\">\r\n\t\t\t<a href=\"https:\/\/tlcmagazinemexico.com.mx\/index.php\/2026\/07\/17\/un-error-aduanero-puede-costar-millones-la-inteligencia-artificial-esta-cambiando-la-forma-de-detectarlos\/\" >\r\n\t\t\t\tUn error aduanero puede costar millones. La inteligencia artificial est\u00e1 cambiando la forma de detectarlos.\t\t\t<\/a>\r\n\t\t<\/h1>\r\n\t\t\t\t<div class=\"elementor-post__excerpt\">\r\n\t\t\t<p>\u25b8 Flexport impulsa auditor\u00edas automatizadas con IA mientras aumenta la fiscalizaci\u00f3n del cumplimiento aduanero en Estados Unidos. Los constantes cambios en la pol\u00edtica arancelaria de<\/p>\n\t\t<\/div>\r\n\t\t\r\n\t\t<a class=\"elementor-post__read-more\" href=\"https:\/\/tlcmagazinemexico.com.mx\/index.php\/2026\/07\/17\/un-error-aduanero-puede-costar-millones-la-inteligencia-artificial-esta-cambiando-la-forma-de-detectarlos\/\" aria-label=\"Read more about Un error aduanero puede costar millones. La inteligencia artificial est\u00e1 cambiando la forma de detectarlos.\" tabindex=\"-1\" >\r\n\t\t\tLeer m\u00e1s \u00bb\t\t<\/a>\r\n\r\n\t\t\t\t<\/div>\r\n\t\t\t\t\t<\/div>\r\n\t\t<\/article>\r\n\t\t\t\t<article class=\"elementor-post elementor-grid-item post-24413 post type-post status-publish format-standard has-post-thumbnail hentry category-people-of-trade category-tlc-news entry\" role=\"listitem\">\r\n\t\t\t<div class=\"elementor-post__card\">\r\n\t\t\t\t<a class=\"elementor-post__thumbnail__link\" href=\"https:\/\/tlcmagazinemexico.com.mx\/index.php\/2026\/07\/16\/los-hombres-que-mueven-el-mundo-lo-hicieron-esta-semana-bajo-40-grados\/\" tabindex=\"-1\" ><div class=\"elementor-post__thumbnail\"><img loading=\"lazy\" decoding=\"async\" width=\"900\" height=\"600\" src=\"https:\/\/tlcmagazinemexico.com.mx\/wp-content\/uploads\/2026\/07\/n4-3.png\" class=\"attachment-full size-full wp-image-24395\" alt=\"\" srcset=\"https:\/\/tlcmagazinemexico.com.mx\/wp-content\/uploads\/2026\/07\/n4-3.png 900w, https:\/\/tlcmagazinemexico.com.mx\/wp-content\/uploads\/2026\/07\/n4-3-300x200.png 300w, https:\/\/tlcmagazinemexico.com.mx\/wp-content\/uploads\/2026\/07\/n4-3-768x512.png 768w\" sizes=\"(max-width: 34.9rem) calc(100vw - 2rem), (max-width: 53rem) calc(8 * (100vw \/ 12)), (min-width: 53rem) calc(6 * (100vw \/ 12)), 100vw\" \/><\/div><\/a>\r\n\t\t\t\t<div class=\"elementor-post__text\">\r\n\t\t\t\t<h1 class=\"elementor-post__title\">\r\n\t\t\t<a href=\"https:\/\/tlcmagazinemexico.com.mx\/index.php\/2026\/07\/16\/los-hombres-que-mueven-el-mundo-lo-hicieron-esta-semana-bajo-40-grados\/\" >\r\n\t\t\t\tLos hombres que mueven el mundo lo hicieron esta semana bajo 40 grados\t\t\t<\/a>\r\n\t\t<\/h1>\r\n\t\t\t\t<div class=\"elementor-post__excerpt\">\r\n\t\t\t<p>\u2022 Operadores de gr\u00faa y trabajadores portuarios en Rotterdam, Amberes y Hamburgo enfrentaron una ola de calor extrema que ralentiz\u00f3 operaciones, recalent\u00f3 equipos y agrav\u00f3<\/p>\n\t\t<\/div>\r\n\t\t\r\n\t\t<a class=\"elementor-post__read-more\" href=\"https:\/\/tlcmagazinemexico.com.mx\/index.php\/2026\/07\/16\/los-hombres-que-mueven-el-mundo-lo-hicieron-esta-semana-bajo-40-grados\/\" aria-label=\"Read more about Los hombres que mueven el mundo lo hicieron esta semana bajo 40 grados\" tabindex=\"-1\" >\r\n\t\t\tLeer m\u00e1s \u00bb\t\t<\/a>\r\n\r\n\t\t\t\t<\/div>\r\n\t\t\t\t\t<\/div>\r\n\t\t<\/article>\r\n\t\t\t\t<article class=\"elementor-post elementor-grid-item post-24408 post type-post status-publish format-standard has-post-thumbnail hentry category-datos-curiosos category-tlc-news entry\" role=\"listitem\">\r\n\t\t\t<div class=\"elementor-post__card\">\r\n\t\t\t\t<a class=\"elementor-post__thumbnail__link\" href=\"https:\/\/tlcmagazinemexico.com.mx\/index.php\/2026\/07\/16\/china-rompe-record-de-comercio-exterior-en-el-primer-semestre-de-2026\/\" tabindex=\"-1\" ><div class=\"elementor-post__thumbnail\"><img loading=\"lazy\" decoding=\"async\" width=\"900\" height=\"600\" src=\"https:\/\/tlcmagazinemexico.com.mx\/wp-content\/uploads\/2026\/07\/n3-3.png\" class=\"attachment-full size-full wp-image-24396\" alt=\"\" srcset=\"https:\/\/tlcmagazinemexico.com.mx\/wp-content\/uploads\/2026\/07\/n3-3.png 900w, https:\/\/tlcmagazinemexico.com.mx\/wp-content\/uploads\/2026\/07\/n3-3-300x200.png 300w, https:\/\/tlcmagazinemexico.com.mx\/wp-content\/uploads\/2026\/07\/n3-3-768x512.png 768w\" sizes=\"(max-width: 34.9rem) calc(100vw - 2rem), (max-width: 53rem) calc(8 * (100vw \/ 12)), (min-width: 53rem) calc(6 * (100vw \/ 12)), 100vw\" \/><\/div><\/a>\r\n\t\t\t\t<div class=\"elementor-post__text\">\r\n\t\t\t\t<h1 class=\"elementor-post__title\">\r\n\t\t\t<a href=\"https:\/\/tlcmagazinemexico.com.mx\/index.php\/2026\/07\/16\/china-rompe-record-de-comercio-exterior-en-el-primer-semestre-de-2026\/\" >\r\n\t\t\t\tChina rompe r\u00e9cord de comercio exterior en el primer semestre de 2026\t\t\t<\/a>\r\n\t\t<\/h1>\r\n\t\t\t\t<div class=\"elementor-post__excerpt\">\r\n\t\t\t<p>\u2022 El pa\u00eds super\u00f3 por primera vez los 25 billones de yuanes en comercio exterior durante un periodo enero-junio, impulsado por exportaciones tecnol\u00f3gicas, mayor demanda<\/p>\n\t\t<\/div>\r\n\t\t\r\n\t\t<a class=\"elementor-post__read-more\" href=\"https:\/\/tlcmagazinemexico.com.mx\/index.php\/2026\/07\/16\/china-rompe-record-de-comercio-exterior-en-el-primer-semestre-de-2026\/\" aria-label=\"Read more about China rompe r\u00e9cord de comercio exterior en el primer semestre de 2026\" tabindex=\"-1\" >\r\n\t\t\tLeer m\u00e1s \u00bb\t\t<\/a>\r\n\r\n\t\t\t\t<\/div>\r\n\t\t\t\t\t<\/div>\r\n\t\t<\/article>\r\n\t\t\t\t<\/div>\r\n\t\t\r\n\t\t\t\t\t\t<\/div>\n\t\t\t\t<\/div>\n\t\t\t\t\t<\/div>\n\t\t<\/div>\n\t\t\t\t\t<\/div>\n\t\t<\/section>\n\t\t\t\t<\/div>\n\t\t","protected":false},"excerpt":{"rendered":"<p>La industria automotriz mexicana alert\u00f3 que las reglas de origen y los aranceles aplicables bajo el Tratado entre M\u00e9xico, Estados Unidos y Canad\u00e1 (T-MEC) han colocado a M\u00e9xico en una posici\u00f3n menos competitiva frente a otros pa\u00edses exportadores de veh\u00edculos hacia el mercado estadounidense. La Asociaci\u00f3n Mexicana de la Industria Automotriz (AMIA) se\u00f1al\u00f3 que, desde &hellip; <\/p>\n<p class=\"link-more\"><a href=\"https:\/\/tlcmagazinemexico.com.mx\/index.php\/2026\/07\/16\/china-rompe-record-de-comercio-exterior-en-el-primer-semestre-de-2026\/\" class=\"more-link\">Continue reading<span class=\"screen-reader-text\"> &#8220;China rompe r\u00e9cord de comercio exterior en el primer semestre de 2026&#8221;<\/span><\/a><\/p>\n","protected":false},"author":2,"featured_media":20556,"comment_status":"open","ping_status":"open","sticky":false,"template":"elementor_header_footer","format":"standard","meta":{"_monsterinsights_skip_tracking":false,"footnotes":""},"categories":[5],"tags":[],"class_list":["post-20554","post","type-post","status-publish","format-standard","has-post-thumbnail","hentry","category-tlc-news","entry"],"views":799,"_links":{"self":[{"href":"https:\/\/tlcmagazinemexico.com.mx\/index.php\/wp-json\/wp\/v2\/posts\/20554","targetHints":{"allow":["GET"]}}],"collection":[{"href":"https:\/\/tlcmagazinemexico.com.mx\/index.php\/wp-json\/wp\/v2\/posts"}],"about":[{"href":"https:\/\/tlcmagazinemexico.com.mx\/index.php\/wp-json\/wp\/v2\/types\/post"}],"author":[{"embeddable":true,"href":"https:\/\/tlcmagazinemexico.com.mx\/index.php\/wp-json\/wp\/v2\/users\/2"}],"replies":[{"embeddable":true,"href":"https:\/\/tlcmagazinemexico.com.mx\/index.php\/wp-json\/wp\/v2\/comments?post=20554"}],"version-history":[{"count":0,"href":"https:\/\/tlcmagazinemexico.com.mx\/index.php\/wp-json\/wp\/v2\/posts\/20554\/revisions"}],"wp:featuredmedia":[{"embeddable":true,"href":"https:\/\/tlcmagazinemexico.com.mx\/index.php\/wp-json\/wp\/v2\/media\/20556"}],"wp:attachment":[{"href":"https:\/\/tlcmagazinemexico.com.mx\/index.php\/wp-json\/wp\/v2\/media?parent=20554"}],"wp:term":[{"taxonomy":"category","embeddable":true,"href":"https:\/\/tlcmagazinemexico.com.mx\/index.php\/wp-json\/wp\/v2\/categories?post=20554"},{"taxonomy":"post_tag","embeddable":true,"href":"https:\/\/tlcmagazinemexico.com.mx\/index.php\/wp-json\/wp\/v2\/tags?post=20554"}],"curies":[{"name":"wp","href":"https:\/\/api.w.org\/{rel}","templated":true}]}}