{"id":15858,"date":"2025-05-27T16:07:41","date_gmt":"2025-05-27T16:07:41","guid":{"rendered":"https:\/\/tlcmagazinemexico.com.mx\/?p=15858"},"modified":"2025-05-27T19:47:55","modified_gmt":"2025-05-27T19:47:55","slug":"polos-de-desarrollo-de-la-planeacion-al-arraigo-local","status":"publish","type":"post","link":"https:\/\/tlcmagazinemexico.com.mx\/index.php\/2025\/05\/27\/polos-de-desarrollo-de-la-planeacion-al-arraigo-local\/","title":{"rendered":"Polos de Desarrollo: de la planeaci\u00f3n al arraigo local."},"content":{"rendered":"\t\t<div data-elementor-type=\"wp-post\" data-elementor-id=\"15858\" class=\"elementor elementor-15858\">\n\t\t\t\t\t\t\t\t\t<section class=\"elementor-section elementor-top-section elementor-element elementor-element-360597e2 elementor-section-boxed elementor-section-height-default elementor-section-height-default\" data-id=\"360597e2\" data-element_type=\"section\">\n\t\t\t\t\t\t<div class=\"elementor-container elementor-column-gap-default\">\n\t\t\t\t\t<div class=\"elementor-column elementor-col-33 elementor-top-column elementor-element elementor-element-21dd485f\" data-id=\"21dd485f\" data-element_type=\"column\">\n\t\t\t<div class=\"elementor-widget-wrap elementor-element-populated\">\n\t\t\t\t\t\t\t\t<div class=\"elementor-element elementor-element-21617d04 elementor-widget elementor-widget-theme-post-featured-image elementor-widget-image\" data-id=\"21617d04\" data-element_type=\"widget\" data-widget_type=\"theme-post-featured-image.default\">\n\t\t\t\t<div class=\"elementor-widget-container\">\n\t\t\t<style>\/*! elementor - v3.12.0 - 29-03-2023 *\/\n.elementor-widget-image{text-align:center}.elementor-widget-image a{display:inline-block}.elementor-widget-image a img[src$=\".svg\"]{width:48px}.elementor-widget-image img{vertical-align:middle;display:inline-block}<\/style>\t\t\t\t\t\t\t\t\t\t\t\t<img loading=\"lazy\" decoding=\"async\" width=\"750\" height=\"241\" src=\"https:\/\/tlcmagazinemexico.com.mx\/wp-content\/uploads\/2025\/05\/IMG-20250527-WA0156-1024x329.jpg\" class=\"attachment-large size-large wp-image-15877\" alt=\"\" srcset=\"https:\/\/tlcmagazinemexico.com.mx\/wp-content\/uploads\/2025\/05\/IMG-20250527-WA0156-1024x329.jpg 1024w, https:\/\/tlcmagazinemexico.com.mx\/wp-content\/uploads\/2025\/05\/IMG-20250527-WA0156-300x96.jpg 300w, https:\/\/tlcmagazinemexico.com.mx\/wp-content\/uploads\/2025\/05\/IMG-20250527-WA0156-768x247.jpg 768w, https:\/\/tlcmagazinemexico.com.mx\/wp-content\/uploads\/2025\/05\/IMG-20250527-WA0156.jpg 1280w\" sizes=\"auto, (max-width: 750px) 100vw, 750px\" style=\"width:100%;height:32.11%;max-width:1280px\" \/>\t\t\t\t\t\t\t\t\t\t\t\t\t\t\t<\/div>\n\t\t\t\t<\/div>\n\t\t\t\t<div class=\"elementor-element elementor-element-5cfc8fff elementor-widget elementor-widget-spacer\" data-id=\"5cfc8fff\" data-element_type=\"widget\" data-widget_type=\"spacer.default\">\n\t\t\t\t<div class=\"elementor-widget-container\">\n\t\t\t<style>\/*! elementor - v3.12.0 - 29-03-2023 *\/\n.elementor-column .elementor-spacer-inner{height:var(--spacer-size)}.e-con{--container-widget-width:100%}.e-con-inner>.elementor-widget-spacer,.e-con>.elementor-widget-spacer{width:var(--container-widget-width,var(--spacer-size));--align-self:var(--container-widget-align-self,initial);--flex-shrink:0}.e-con-inner>.elementor-widget-spacer>.elementor-widget-container,.e-con-inner>.elementor-widget-spacer>.elementor-widget-container>.elementor-spacer,.e-con>.elementor-widget-spacer>.elementor-widget-container,.e-con>.elementor-widget-spacer>.elementor-widget-container>.elementor-spacer{height:100%}.e-con-inner>.elementor-widget-spacer>.elementor-widget-container>.elementor-spacer>.elementor-spacer-inner,.e-con>.elementor-widget-spacer>.elementor-widget-container>.elementor-spacer>.elementor-spacer-inner{height:var(--container-widget-height,var(--spacer-size))}<\/style>\t\t<div class=\"elementor-spacer\">\n\t\t\t<div class=\"elementor-spacer-inner\"><\/div>\n\t\t<\/div>\n\t\t\t\t<\/div>\n\t\t\t\t<\/div>\n\t\t\t\t<div class=\"elementor-element elementor-element-1b57cd71 elementor-widget elementor-widget-theme-post-title elementor-page-title elementor-widget-heading\" data-id=\"1b57cd71\" data-element_type=\"widget\" data-widget_type=\"theme-post-title.default\">\n\t\t\t\t<div class=\"elementor-widget-container\">\n\t\t\t<style>\/*! elementor - v3.12.0 - 29-03-2023 *\/\n.elementor-heading-title{padding:0;margin:0;line-height:1}.elementor-widget-heading .elementor-heading-title[class*=elementor-size-]>a{color:inherit;font-size:inherit;line-height:inherit}.elementor-widget-heading .elementor-heading-title.elementor-size-small{font-size:15px}.elementor-widget-heading .elementor-heading-title.elementor-size-medium{font-size:19px}.elementor-widget-heading .elementor-heading-title.elementor-size-large{font-size:29px}.elementor-widget-heading .elementor-heading-title.elementor-size-xl{font-size:39px}.elementor-widget-heading .elementor-heading-title.elementor-size-xxl{font-size:59px}<\/style><h1 class=\"elementor-heading-title elementor-size-default\">Polos de Desarrollo: de la planeaci\u00f3n al arraigo local.<\/h1>\t\t<\/div>\n\t\t\t\t<\/div>\n\t\t\t\t<div class=\"elementor-element elementor-element-85f293b elementor-widget elementor-widget-text-editor\" data-id=\"85f293b\" data-element_type=\"widget\" data-widget_type=\"text-editor.default\">\n\t\t\t\t<div class=\"elementor-widget-container\">\n\t\t\t<style>\/*! elementor - v3.12.0 - 29-03-2023 *\/\n.elementor-widget-text-editor.elementor-drop-cap-view-stacked .elementor-drop-cap{background-color:#69727d;color:#fff}.elementor-widget-text-editor.elementor-drop-cap-view-framed .elementor-drop-cap{color:#69727d;border:3px solid;background-color:transparent}.elementor-widget-text-editor:not(.elementor-drop-cap-view-default) .elementor-drop-cap{margin-top:8px}.elementor-widget-text-editor:not(.elementor-drop-cap-view-default) .elementor-drop-cap-letter{width:1em;height:1em}.elementor-widget-text-editor .elementor-drop-cap{float:left;text-align:center;line-height:1;font-size:50px}.elementor-widget-text-editor .elementor-drop-cap-letter{display:inline-block}<\/style>\t\t\t\t<p>Por: Dr. Octavio de la Torre<br \/>Presidente de la Confederaci\u00f3n Nacional de C\u00e1maras de<br \/>Comercio, Servicios y Turismo.<\/p>\t\t\t\t\t\t<\/div>\n\t\t\t\t<\/div>\n\t\t\t\t<section class=\"elementor-section elementor-inner-section elementor-element elementor-element-2c9519d elementor-section-boxed elementor-section-height-default elementor-section-height-default\" data-id=\"2c9519d\" data-element_type=\"section\">\n\t\t\t\t\t\t<div class=\"elementor-container elementor-column-gap-default\">\n\t\t\t\t\t<div class=\"elementor-column elementor-col-50 elementor-inner-column elementor-element elementor-element-3220c70\" data-id=\"3220c70\" data-element_type=\"column\">\n\t\t\t<div class=\"elementor-widget-wrap elementor-element-populated\">\n\t\t\t\t\t\t\t\t<div class=\"elementor-element elementor-element-d011e26 elementor-widget elementor-widget-text-editor\" data-id=\"d011e26\" data-element_type=\"widget\" data-widget_type=\"text-editor.default\">\n\t\t\t\t<div class=\"elementor-widget-container\">\n\t\t\t\t\t\t\t<p>Desde 2019, advertimos la necesidad de evolucionar el modelo de las Zonas Econ\u00f3micas Especiales hacia esquemas m\u00e1s realistas, flexibles y conectados al territorio. En ese a\u00f1o, publiqu\u00e9 el an\u00e1lisis \u201cUn impulso para las Zonas Econ\u00f3micas Estrat\u00e9gicas (m\u00e1s all\u00e1 de las especiales)\u201d, donde plante\u00e9 la urgencia de ir m\u00e1s all\u00e1 del dise\u00f1o t\u00e9cnico y poner en el centro a las comunidades, las vocaciones de las entidades, los ecosistemas productivos y las cadenas de valor regionales.<\/p>\n<p><br><\/p>\n<p>Hoy, con el anuncio de los Polos de Desarrollo Econ\u00f3mico y del Bienestar, vemos un avance en esa direcci\u00f3n. Esta nueva pol\u00edtica nacional busca detonar inversi\u00f3n y bienestar mediante infraestructura, incentivos fiscales y la integraci\u00f3n de sectores clave como agroindustria, energ\u00eda, electromovilidad, salud y log\u00edstica . La visi\u00f3n es acertada, pero el \u00e9xito no est\u00e1 asegurado por el decreto; est\u00e1 en la ejecuci\u00f3n.<\/p>\n<p><br><\/p>\n<p><\/p>\n<p>No basta con trazar pol\u00edgonos o declarar intenciones: el verdadero desarrollo solo ocurre cuando los proyectos echan ra\u00edces en el territorio. La experiencia lo demuestra. Netflix (Sector Servicios), al establecerse en Madrid, no solo construy\u00f3 un estudio: se integr\u00f3 al ecosistema creativo local, generando empleo y contenido exportable. El valor surgi\u00f3 de la articulaci\u00f3n con la comunidad, no de la infraestructura por s\u00ed sola.<\/p>\t\t\t\t\t\t<\/div>\n\t\t\t\t<\/div>\n\t\t\t\t\t<\/div>\n\t\t<\/div>\n\t\t\t\t<div class=\"elementor-column elementor-col-50 elementor-inner-column elementor-element elementor-element-50e3216\" data-id=\"50e3216\" data-element_type=\"column\">\n\t\t\t<div class=\"elementor-widget-wrap elementor-element-populated\">\n\t\t\t\t\t\t\t\t<div class=\"elementor-element elementor-element-35c912f elementor-widget elementor-widget-text-editor\" data-id=\"35c912f\" data-element_type=\"widget\" data-widget_type=\"text-editor.default\">\n\t\t\t\t<div class=\"elementor-widget-container\">\n\t\t\t\t\t\t\t<p><span style=\"color: #0a0101;\">M\u00e9xico debe hacer lo mismo. Cada regi\u00f3n ya cuenta con capacidades productivas, acad\u00e9micas y sociales en operaci\u00f3n. Reconocerlas, fortalecerlas e integrarlas debe ser prioridad. Adem\u00e1s, es tiempo de apostar tambi\u00e9n por los polos de servicios: comercio, turismo, educaci\u00f3n y cultura, sectores que generan mejor empleo e inmediato, activan el consumo interno y construyen arraigo social.<\/span><\/p><p>\u00a0<\/p><p>As\u00ed lo hemos se\u00f1alado. En el reciente documento entregado por CONCANACO y CANACINTRA a la Presidencia Dra. Claudia Sheinbaum y Secretario Marcelo Ebrad se subraya la importancia de incluir la comunicaci\u00f3n horizontal a trav\u00e9s nuestros integrantes, establecer mecanismos de participaci\u00f3n local en donde hace m\u00e1s de 100 a\u00f1os nos encontramos y activar modelos de econom\u00eda circular, que no solo beneficien al inversionista sino a la comunidad econ\u00f3mica local.<\/p><p>\u00a0<\/p><p>Los Polos adem\u00e1s de ser vistos como proyectos administrativos, son plataformas vivas de colaboraci\u00f3n. Como dijo Octavio Paz: \u201cUna civilizaci\u00f3n que niega al otro, se niega a s\u00ed misma.\u201d Estos polos deben construirse con la comunidad, no sobre ella.<\/p><p>\u00a0<\/p><p>La oportunidad es hist\u00f3rica. El reto es enorme, el desarrollo verdadero se construye desde el territorio. Escuchando, conectando,\u00a0arraigando.<\/p>\t\t\t\t\t\t<\/div>\n\t\t\t\t<\/div>\n\t\t\t\t\t<\/div>\n\t\t<\/div>\n\t\t\t\t\t\t\t<\/div>\n\t\t<\/section>\n\t\t\t\t<section class=\"elementor-section elementor-inner-section elementor-element elementor-element-2eb4ab4e elementor-section-boxed elementor-section-height-default elementor-section-height-default\" data-id=\"2eb4ab4e\" data-element_type=\"section\">\n\t\t\t\t\t\t<div class=\"elementor-container elementor-column-gap-default\">\n\t\t\t\t\t<div class=\"elementor-column elementor-col-50 elementor-inner-column elementor-element elementor-element-563c10be\" data-id=\"563c10be\" data-element_type=\"column\">\n\t\t\t<div class=\"elementor-widget-wrap elementor-element-populated\">\n\t\t\t\t\t\t\t\t<div class=\"elementor-element elementor-element-394e66d1 elementor-widget elementor-widget-heading\" data-id=\"394e66d1\" data-element_type=\"widget\" data-widget_type=\"heading.default\">\n\t\t\t\t<div class=\"elementor-widget-container\">\n\t\t\t<h2 class=\"elementor-heading-title elementor-size-default\">Compartir <\/h2>\t\t<\/div>\n\t\t\t\t<\/div>\n\t\t\t\t\t<\/div>\n\t\t<\/div>\n\t\t\t\t<div class=\"elementor-column elementor-col-50 elementor-inner-column elementor-element elementor-element-240136f1\" data-id=\"240136f1\" data-element_type=\"column\">\n\t\t\t<div class=\"elementor-widget-wrap elementor-element-populated\">\n\t\t\t\t\t\t\t\t<div class=\"elementor-element elementor-element-47024608 elementor-share-buttons--view-icon elementor-share-buttons--skin-flat elementor-share-buttons--align-right elementor-share-buttons--color-custom elementor-share-buttons-mobile--align-center elementor-share-buttons--shape-square elementor-grid-0 elementor-widget elementor-widget-share-buttons\" data-id=\"47024608\" data-element_type=\"widget\" data-widget_type=\"share-buttons.default\">\n\t\t\t\t<div class=\"elementor-widget-container\">\n\t\t\t<link rel=\"stylesheet\" href=\"https:\/\/tlcmagazinemexico.com.mx\/wp-content\/plugins\/elementor-pro\/assets\/css\/widget-share-buttons.min.css\">\t\t<div class=\"elementor-grid\">\n\t\t\t\t\t\t\t\t<div class=\"elementor-grid-item\">\n\t\t\t\t\t\t<div\n\t\t\t\t\t\t\tclass=\"elementor-share-btn elementor-share-btn_facebook\"\n\t\t\t\t\t\t\trole=\"button\"\n\t\t\t\t\t\t\ttabindex=\"0\"\n\t\t\t\t\t\t\taria-label=\"Compartir en facebook\"\n\t\t\t\t\t\t>\n\t\t\t\t\t\t\t\t\t\t\t\t\t\t\t<span class=\"elementor-share-btn__icon\">\n\t\t\t\t\t\t\t\t<i class=\"fab fa-facebook\" aria-hidden=\"true\"><\/i>\t\t\t\t\t\t\t<\/span>\n\t\t\t\t\t\t\t\t\t\t\t\t\t\t\t\t\t\t\t\t<\/div>\n\t\t\t\t\t<\/div>\n\t\t\t\t\t\t\t\t\t<div class=\"elementor-grid-item\">\n\t\t\t\t\t\t<div\n\t\t\t\t\t\t\tclass=\"elementor-share-btn elementor-share-btn_linkedin\"\n\t\t\t\t\t\t\trole=\"button\"\n\t\t\t\t\t\t\ttabindex=\"0\"\n\t\t\t\t\t\t\taria-label=\"Compartir en linkedin\"\n\t\t\t\t\t\t>\n\t\t\t\t\t\t\t\t\t\t\t\t\t\t\t<span class=\"elementor-share-btn__icon\">\n\t\t\t\t\t\t\t\t<i class=\"fab fa-linkedin\" aria-hidden=\"true\"><\/i>\t\t\t\t\t\t\t<\/span>\n\t\t\t\t\t\t\t\t\t\t\t\t\t\t\t\t\t\t\t\t<\/div>\n\t\t\t\t\t<\/div>\n\t\t\t\t\t\t\t\t\t<div class=\"elementor-grid-item\">\n\t\t\t\t\t\t<div\n\t\t\t\t\t\t\tclass=\"elementor-share-btn elementor-share-btn_twitter\"\n\t\t\t\t\t\t\trole=\"button\"\n\t\t\t\t\t\t\ttabindex=\"0\"\n\t\t\t\t\t\t\taria-label=\"Compartir en twitter\"\n\t\t\t\t\t\t>\n\t\t\t\t\t\t\t\t\t\t\t\t\t\t\t<span class=\"elementor-share-btn__icon\">\n\t\t\t\t\t\t\t\t<i class=\"fab fa-twitter\" aria-hidden=\"true\"><\/i>\t\t\t\t\t\t\t<\/span>\n\t\t\t\t\t\t\t\t\t\t\t\t\t\t\t\t\t\t\t\t<\/div>\n\t\t\t\t\t<\/div>\n\t\t\t\t\t\t\t\t\t<div class=\"elementor-grid-item\">\n\t\t\t\t\t\t<div\n\t\t\t\t\t\t\tclass=\"elementor-share-btn elementor-share-btn_email\"\n\t\t\t\t\t\t\trole=\"button\"\n\t\t\t\t\t\t\ttabindex=\"0\"\n\t\t\t\t\t\t\taria-label=\"Compartir en email\"\n\t\t\t\t\t\t>\n\t\t\t\t\t\t\t\t\t\t\t\t\t\t\t<span class=\"elementor-share-btn__icon\">\n\t\t\t\t\t\t\t\t<i class=\"fas fa-envelope\" aria-hidden=\"true\"><\/i>\t\t\t\t\t\t\t<\/span>\n\t\t\t\t\t\t\t\t\t\t\t\t\t\t\t\t\t\t\t\t<\/div>\n\t\t\t\t\t<\/div>\n\t\t\t\t\t\t<\/div>\n\t\t\t\t<\/div>\n\t\t\t\t<\/div>\n\t\t\t\t\t<\/div>\n\t\t<\/div>\n\t\t\t\t\t\t\t<\/div>\n\t\t<\/section>\n\t\t\t\t<section class=\"elementor-section elementor-inner-section elementor-element elementor-element-77edc96 elementor-section-height-min-height elementor-section-boxed elementor-section-height-default\" data-id=\"77edc96\" data-element_type=\"section\" data-settings=\"{&quot;background_background&quot;:&quot;classic&quot;}\">\n\t\t\t\t\t\t\t<div class=\"elementor-background-overlay\"><\/div>\n\t\t\t\t\t\t\t<div class=\"elementor-container elementor-column-gap-default\">\n\t\t\t\t\t<div class=\"elementor-column elementor-col-100 elementor-inner-column elementor-element elementor-element-7a54d374\" data-id=\"7a54d374\" data-element_type=\"column\">\n\t\t\t<div class=\"elementor-widget-wrap elementor-element-populated\">\n\t\t\t\t\t\t\t\t<div class=\"elementor-element elementor-element-60687f48 elementor-widget elementor-widget-heading\" data-id=\"60687f48\" data-element_type=\"widget\" data-widget_type=\"heading.default\">\n\t\t\t\t<div class=\"elementor-widget-container\">\n\t\t\t<h2 class=\"elementor-heading-title elementor-size-default\">Recibe las noticias m\u00e1s relevantes del medio<\/h2>\t\t<\/div>\n\t\t\t\t<\/div>\n\t\t\t\t<div class=\"elementor-element elementor-element-8a4f29a elementor-widget elementor-widget-heading\" data-id=\"8a4f29a\" data-element_type=\"widget\" data-widget_type=\"heading.default\">\n\t\t\t\t<div class=\"elementor-widget-container\">\n\t\t\t<h3 class=\"elementor-heading-title elementor-size-default\">en tu correo electr\u00f3nico<\/h3>\t\t<\/div>\n\t\t\t\t<\/div>\n\t\t\t\t<div class=\"elementor-element elementor-element-5c801cf2 elementor-widget elementor-widget-spacer\" data-id=\"5c801cf2\" data-element_type=\"widget\" data-widget_type=\"spacer.default\">\n\t\t\t\t<div class=\"elementor-widget-container\">\n\t\t\t\t\t<div class=\"elementor-spacer\">\n\t\t\t<div class=\"elementor-spacer-inner\"><\/div>\n\t\t<\/div>\n\t\t\t\t<\/div>\n\t\t\t\t<\/div>\n\t\t\t\t<div class=\"elementor-element elementor-element-159fde41 elementor-button-align-stretch elementor-widget elementor-widget-form\" data-id=\"159fde41\" data-element_type=\"widget\" data-settings=\"{&quot;button_width&quot;:&quot;25&quot;,&quot;step_next_label&quot;:&quot;Next&quot;,&quot;step_previous_label&quot;:&quot;Previous&quot;,&quot;step_type&quot;:&quot;number_text&quot;,&quot;step_icon_shape&quot;:&quot;circle&quot;}\" data-widget_type=\"form.default\">\n\t\t\t\t<div class=\"elementor-widget-container\">\n\t\t\t<style>\/*! elementor-pro - v3.12.0 - 29-03-2023 *\/\n.elementor-button.elementor-hidden,.elementor-hidden{display:none}.e-form__step{width:100%}.e-form__step:not(.elementor-hidden){display:flex;flex-wrap:wrap}.e-form__buttons{flex-wrap:wrap}.e-form__buttons,.e-form__buttons__wrapper{display:flex}.e-form__indicators{display:flex;justify-content:space-between;align-items:center;flex-wrap:nowrap;font-size:13px;margin-bottom:var(--e-form-steps-indicators-spacing)}.e-form__indicators__indicator{display:flex;flex-direction:column;align-items:center;justify-content:center;flex-basis:0;padding:0 var(--e-form-steps-divider-gap)}.e-form__indicators__indicator__progress{width:100%;position:relative;background-color:var(--e-form-steps-indicator-progress-background-color);border-radius:var(--e-form-steps-indicator-progress-border-radius);overflow:hidden}.e-form__indicators__indicator__progress__meter{width:var(--e-form-steps-indicator-progress-meter-width,0);height:var(--e-form-steps-indicator-progress-height);line-height:var(--e-form-steps-indicator-progress-height);padding-right:15px;border-radius:var(--e-form-steps-indicator-progress-border-radius);background-color:var(--e-form-steps-indicator-progress-color);color:var(--e-form-steps-indicator-progress-meter-color);text-align:right;transition:width .1s linear}.e-form__indicators__indicator:first-child{padding-left:0}.e-form__indicators__indicator:last-child{padding-right:0}.e-form__indicators__indicator--state-inactive{color:var(--e-form-steps-indicator-inactive-primary-color,#c2cbd2)}.e-form__indicators__indicator--state-inactive [class*=indicator--shape-]:not(.e-form__indicators__indicator--shape-none){background-color:var(--e-form-steps-indicator-inactive-secondary-color,#fff)}.e-form__indicators__indicator--state-inactive object,.e-form__indicators__indicator--state-inactive svg{fill:var(--e-form-steps-indicator-inactive-primary-color,#c2cbd2)}.e-form__indicators__indicator--state-active{color:var(--e-form-steps-indicator-active-primary-color,#39b54a);border-color:var(--e-form-steps-indicator-active-secondary-color,#fff)}.e-form__indicators__indicator--state-active [class*=indicator--shape-]:not(.e-form__indicators__indicator--shape-none){background-color:var(--e-form-steps-indicator-active-secondary-color,#fff)}.e-form__indicators__indicator--state-active object,.e-form__indicators__indicator--state-active svg{fill:var(--e-form-steps-indicator-active-primary-color,#39b54a)}.e-form__indicators__indicator--state-completed{color:var(--e-form-steps-indicator-completed-secondary-color,#fff)}.e-form__indicators__indicator--state-completed [class*=indicator--shape-]:not(.e-form__indicators__indicator--shape-none){background-color:var(--e-form-steps-indicator-completed-primary-color,#39b54a)}.e-form__indicators__indicator--state-completed .e-form__indicators__indicator__label{color:var(--e-form-steps-indicator-completed-primary-color,#39b54a)}.e-form__indicators__indicator--state-completed .e-form__indicators__indicator--shape-none{color:var(--e-form-steps-indicator-completed-primary-color,#39b54a);background-color:initial}.e-form__indicators__indicator--state-completed object,.e-form__indicators__indicator--state-completed svg{fill:var(--e-form-steps-indicator-completed-secondary-color,#fff)}.e-form__indicators__indicator__icon{width:var(--e-form-steps-indicator-padding,30px);height:var(--e-form-steps-indicator-padding,30px);font-size:var(--e-form-steps-indicator-icon-size);border-width:1px;border-style:solid;display:flex;justify-content:center;align-items:center;overflow:hidden;margin-bottom:10px}.e-form__indicators__indicator__icon img,.e-form__indicators__indicator__icon object,.e-form__indicators__indicator__icon svg{width:var(--e-form-steps-indicator-icon-size);height:auto}.e-form__indicators__indicator__icon .e-font-icon-svg{height:1em}.e-form__indicators__indicator__number{width:var(--e-form-steps-indicator-padding,30px);height:var(--e-form-steps-indicator-padding,30px);border-width:1px;border-style:solid;display:flex;justify-content:center;align-items:center;margin-bottom:10px}.e-form__indicators__indicator--shape-circle{border-radius:50%}.e-form__indicators__indicator--shape-square{border-radius:0}.e-form__indicators__indicator--shape-rounded{border-radius:5px}.e-form__indicators__indicator--shape-none{border:0}.e-form__indicators__indicator__label{text-align:center}.e-form__indicators__indicator__separator{width:100%;height:var(--e-form-steps-divider-width);background-color:#babfc5}.e-form__indicators--type-icon,.e-form__indicators--type-icon_text,.e-form__indicators--type-number,.e-form__indicators--type-number_text{align-items:flex-start}.e-form__indicators--type-icon .e-form__indicators__indicator__separator,.e-form__indicators--type-icon_text .e-form__indicators__indicator__separator,.e-form__indicators--type-number .e-form__indicators__indicator__separator,.e-form__indicators--type-number_text .e-form__indicators__indicator__separator{margin-top:calc(var(--e-form-steps-indicator-padding, 30px) \/ 2 - var(--e-form-steps-divider-width, 1px) \/ 2)}.elementor-field-type-hidden{display:none}.elementor-field-type-html{display:inline-block}.elementor-login .elementor-lost-password,.elementor-login .elementor-remember-me{font-size:.85em}.elementor-field-type-recaptcha_v3 .elementor-field-label{display:none}.elementor-field-type-recaptcha_v3 .grecaptcha-badge{z-index:1}.elementor-button .elementor-form-spinner{order:3}.elementor-form .elementor-button>span{display:flex;justify-content:center;align-items:center}.elementor-form .elementor-button .elementor-button-text{white-space:normal;flex-grow:0}.elementor-form .elementor-button svg{height:auto}.elementor-form .elementor-button .e-font-icon-svg{height:1em}.elementor-select-wrapper .select-caret-down-wrapper{position:absolute;top:50%;transform:translateY(-50%);inset-inline-end:10px;pointer-events:none;font-size:11px}.elementor-select-wrapper .select-caret-down-wrapper svg{display:unset;width:1em;aspect-ratio:unset;fill:currentColor}.elementor-select-wrapper .select-caret-down-wrapper i{font-size:19px;line-height:2}.elementor-select-wrapper.remove-before:before{content:\"\"!important}<\/style>\t\t<form class=\"elementor-form\" method=\"post\" name=\"TLC News\">\n\t\t\t<input type=\"hidden\" name=\"post_id\" value=\"15858\"\/>\n\t\t\t<input type=\"hidden\" name=\"form_id\" value=\"159fde41\"\/>\n\t\t\t<input type=\"hidden\" name=\"referer_title\" value=\"\" \/>\n\n\t\t\t\n\t\t\t<div class=\"elementor-form-fields-wrapper elementor-labels-\">\n\t\t\t\t\t\t\t\t<div class=\"elementor-field-type-email elementor-field-group elementor-column elementor-field-group-email elementor-col-75 elementor-field-required\">\n\t\t\t\t\t\t\t\t\t\t\t\t<label for=\"form-field-email\" class=\"elementor-field-label elementor-screen-only\">\n\t\t\t\t\t\t\t\tEmail\t\t\t\t\t\t\t<\/label>\n\t\t\t\t\t\t\t\t\t\t\t\t\t\t<input size=\"1\" type=\"email\" name=\"form_fields[email]\" id=\"form-field-email\" class=\"elementor-field elementor-size-md  elementor-field-textual\" placeholder=\"Correo electr\u00f3nico\" required=\"required\" aria-required=\"true\">\n\t\t\t\t\t\t\t\t\t\t\t<\/div>\n\t\t\t\t\t\t\t\t<div class=\"elementor-field-group elementor-column elementor-field-type-submit elementor-col-25 e-form__buttons\">\n\t\t\t\t\t<button type=\"submit\" class=\"elementor-button elementor-size-md\">\n\t\t\t\t\t\t<span >\n\t\t\t\t\t\t\t\t\t\t\t\t\t\t\t<span class=\"elementor-align-icon-right elementor-button-icon\">\n\t\t\t\t\t\t\t\t\t<i aria-hidden=\"true\" class=\"fas fa-arrow-right\"><\/i>\t\t\t\t\t\t\t\t\t\t\t\t\t\t\t\t\t<\/span>\n\t\t\t\t\t\t\t\t\t\t\t\t\t\t\t\t\t\t\t\t\t\t<span class=\"elementor-button-text\">Enviar<\/span>\n\t\t\t\t\t\t\t\t\t\t\t\t\t<\/span>\n\t\t\t\t\t<\/button>\n\t\t\t\t<\/div>\n\t\t\t<\/div>\n\t\t<\/form>\n\t\t\t\t<\/div>\n\t\t\t\t<\/div>\n\t\t\t\t\t<\/div>\n\t\t<\/div>\n\t\t\t\t\t\t\t<\/div>\n\t\t<\/section>\n\t\t\t\t<div class=\"elementor-element elementor-element-1ebafd09 elementor-post-navigation-borders-yes elementor-widget elementor-widget-post-navigation\" data-id=\"1ebafd09\" data-element_type=\"widget\" data-widget_type=\"post-navigation.default\">\n\t\t\t\t<div class=\"elementor-widget-container\">\n\t\t\t<link rel=\"stylesheet\" href=\"https:\/\/tlcmagazinemexico.com.mx\/wp-content\/plugins\/elementor-pro\/assets\/css\/widget-theme-elements.min.css\">\t\t<div class=\"elementor-post-navigation\">\n\t\t\t<div class=\"elementor-post-navigation__prev elementor-post-navigation__link\">\n\t\t\t\t<a href=\"https:\/\/tlcmagazinemexico.com.mx\/index.php\/2025\/05\/26\/empresas-mexicanas-navegan-incertidumbre-arancelaria-con-tecnologia\/\" rel=\"prev\"><span class=\"post-navigation__arrow-wrapper post-navigation__arrow-prev\"><i class=\"fa fa-arrow-left\" aria-hidden=\"true\"><\/i><span class=\"elementor-screen-only\">Previo<\/span><\/span><span class=\"elementor-post-navigation__link__prev\"><span class=\"post-navigation__prev--label\">Anterior<\/span><span class=\"post-navigation__prev--title\">Empresas mexicanas navegan incertidumbre arancelaria con tecnolog\u00eda<\/span><\/span><\/a>\t\t\t<\/div>\n\t\t\t\t\t\t\t<div class=\"elementor-post-navigation__separator-wrapper\">\n\t\t\t\t\t<div class=\"elementor-post-navigation__separator\"><\/div>\n\t\t\t\t<\/div>\n\t\t\t\t\t\t<div class=\"elementor-post-navigation__next elementor-post-navigation__link\">\n\t\t\t\t<a href=\"https:\/\/tlcmagazinemexico.com.mx\/index.php\/2025\/05\/27\/concanaco-alerta-por-inestabilidad-operativa-en-portal-del-sat-genera-costos-a-empresas\/\" rel=\"next\"><span class=\"elementor-post-navigation__link__next\"><span class=\"post-navigation__next--label\">siguiente<\/span><span class=\"post-navigation__next--title\">Concanaco alerta por inestabilidad operativa en portal del SAT; genera costos a empresas<\/span><\/span><span class=\"post-navigation__arrow-wrapper post-navigation__arrow-next\"><i class=\"fa fa-arrow-right\" aria-hidden=\"true\"><\/i><span class=\"elementor-screen-only\">Next<\/span><\/span><\/a>\t\t\t<\/div>\n\t\t<\/div>\n\t\t\t\t<\/div>\n\t\t\t\t<\/div>\n\t\t\t\t\t<\/div>\n\t\t<\/div>\n\t\t\t\t<div class=\"elementor-column elementor-col-33 elementor-top-column elementor-element elementor-element-2229d737\" data-id=\"2229d737\" data-element_type=\"column\">\n\t\t\t<div class=\"elementor-widget-wrap\">\n\t\t\t\t\t\t\t\t\t<\/div>\n\t\t<\/div>\n\t\t\t\t<div class=\"elementor-column elementor-col-33 elementor-top-column elementor-element elementor-element-68d64024\" data-id=\"68d64024\" data-element_type=\"column\">\n\t\t\t<div class=\"elementor-widget-wrap elementor-element-populated\">\n\t\t\t\t\t\t\t\t<div class=\"elementor-element elementor-element-60d92e87 elementor-grid-1 elementor-posts--align-center elementor-posts__hover-none elementor-widget__width-inherit elementor-grid-tablet-2 elementor-grid-mobile-1 elementor-posts--thumbnail-top elementor-card-shadow-yes elementor-widget elementor-widget-posts\" data-id=\"60d92e87\" data-element_type=\"widget\" data-settings=\"{&quot;cards_columns&quot;:&quot;1&quot;,&quot;cards_row_gap&quot;:{&quot;unit&quot;:&quot;px&quot;,&quot;size&quot;:&quot;30&quot;,&quot;sizes&quot;:[]},&quot;cards_columns_tablet&quot;:&quot;2&quot;,&quot;cards_columns_mobile&quot;:&quot;1&quot;,&quot;cards_row_gap_tablet&quot;:{&quot;unit&quot;:&quot;px&quot;,&quot;size&quot;:&quot;&quot;,&quot;sizes&quot;:[]},&quot;cards_row_gap_mobile&quot;:{&quot;unit&quot;:&quot;px&quot;,&quot;size&quot;:&quot;&quot;,&quot;sizes&quot;:[]}}\" data-widget_type=\"posts.cards\">\n\t\t\t\t<div class=\"elementor-widget-container\">\n\t\t\t<link rel=\"stylesheet\" href=\"https:\/\/tlcmagazinemexico.com.mx\/wp-content\/plugins\/elementor-pro\/assets\/css\/widget-posts.min.css\">\t\t<div class=\"elementor-posts-container elementor-posts elementor-posts--skin-cards elementor-grid\">\n\t\t\t\t<article class=\"elementor-post elementor-grid-item post-22721 post type-post status-publish format-standard has-post-thumbnail hentry category-tlc-news entry\">\n\t\t\t<div class=\"elementor-post__card\">\n\t\t\t\t<a class=\"elementor-post__thumbnail__link\" href=\"https:\/\/tlcmagazinemexico.com.mx\/index.php\/2026\/04\/29\/banxico-evalua-un-posible-ajuste-final-en-la-tasa-en-medio-de-senales-economicas-mixtas\/\" ><div class=\"elementor-post__thumbnail\"><img loading=\"lazy\" decoding=\"async\" width=\"900\" height=\"600\" src=\"https:\/\/tlcmagazinemexico.com.mx\/wp-content\/uploads\/2026\/04\/41g-4-2.png\" class=\"attachment-full size-full wp-image-22722\" alt=\"\" srcset=\"https:\/\/tlcmagazinemexico.com.mx\/wp-content\/uploads\/2026\/04\/41g-4-2.png 900w, https:\/\/tlcmagazinemexico.com.mx\/wp-content\/uploads\/2026\/04\/41g-4-2-300x200.png 300w, https:\/\/tlcmagazinemexico.com.mx\/wp-content\/uploads\/2026\/04\/41g-4-2-768x512.png 768w\" sizes=\"auto, (max-width: 900px) 100vw, 900px\" style=\"width:100%;height:66.67%;max-width:900px;\" \/><\/div><\/a>\n\t\t\t\t<div class=\"elementor-post__text\">\n\t\t\t\t<h1 class=\"elementor-post__title\">\n\t\t\t<a href=\"https:\/\/tlcmagazinemexico.com.mx\/index.php\/2026\/04\/29\/banxico-evalua-un-posible-ajuste-final-en-la-tasa-en-medio-de-senales-economicas-mixtas\/\" >\n\t\t\t\tBanxico eval\u00faa un posible ajuste final en la tasa en medio de se\u00f1ales econ\u00f3micas mixtas\t\t\t<\/a>\n\t\t<\/h1>\n\t\t\t\t<div class=\"elementor-post__excerpt\">\n\t\t\t<p>El Banco de M\u00e9xico (Banxico) est\u00e1 cerca de finalizar el ciclo de recortes a la tasa de referencia iniciado en mayo de 2024, por lo<\/p>\n\t\t<\/div>\n\t\t\n\t\t<a class=\"elementor-post__read-more\" href=\"https:\/\/tlcmagazinemexico.com.mx\/index.php\/2026\/04\/29\/banxico-evalua-un-posible-ajuste-final-en-la-tasa-en-medio-de-senales-economicas-mixtas\/\" aria-label=\"Read more about Banxico eval\u00faa un posible ajuste final en la tasa en medio de se\u00f1ales econ\u00f3micas mixtas\" >\n\t\t\tLeer m\u00e1s \u00bb\t\t<\/a>\n\n\t\t\t\t<\/div>\n\t\t\t\t\t<\/div>\n\t\t<\/article>\n\t\t\t\t<article class=\"elementor-post elementor-grid-item post-22714 post type-post status-publish format-standard has-post-thumbnail hentry category-tlc-news entry\">\n\t\t\t<div class=\"elementor-post__card\">\n\t\t\t\t<a class=\"elementor-post__thumbnail__link\" href=\"https:\/\/tlcmagazinemexico.com.mx\/index.php\/2026\/04\/29\/alianza-entre-grupo-mexico-y-capital-internacional-impulsa-nuevo-proyecto-energetico-estrategico\/\" ><div class=\"elementor-post__thumbnail\"><img loading=\"lazy\" decoding=\"async\" width=\"900\" height=\"600\" src=\"https:\/\/tlcmagazinemexico.com.mx\/wp-content\/uploads\/2026\/04\/41g-3-3.png\" class=\"attachment-full size-full wp-image-22715\" alt=\"\" srcset=\"https:\/\/tlcmagazinemexico.com.mx\/wp-content\/uploads\/2026\/04\/41g-3-3.png 900w, https:\/\/tlcmagazinemexico.com.mx\/wp-content\/uploads\/2026\/04\/41g-3-3-300x200.png 300w, https:\/\/tlcmagazinemexico.com.mx\/wp-content\/uploads\/2026\/04\/41g-3-3-768x512.png 768w\" sizes=\"auto, (max-width: 900px) 100vw, 900px\" style=\"width:100%;height:66.67%;max-width:900px;\" \/><\/div><\/a>\n\t\t\t\t<div class=\"elementor-post__text\">\n\t\t\t\t<h1 class=\"elementor-post__title\">\n\t\t\t<a href=\"https:\/\/tlcmagazinemexico.com.mx\/index.php\/2026\/04\/29\/alianza-entre-grupo-mexico-y-capital-internacional-impulsa-nuevo-proyecto-energetico-estrategico\/\" >\n\t\t\t\tAlianza entre Grupo M\u00e9xico y capital internacional impulsa nuevo proyecto energ\u00e9tico estrat\u00e9gico\t\t\t<\/a>\n\t\t<\/h1>\n\t\t\t\t<div class=\"elementor-post__excerpt\">\n\t\t\t<p>Grupo M\u00e9xico anunci\u00f3 este lunes un acuerdo para unir sus activos de generaci\u00f3n el\u00e9ctrica con Saavi Energ\u00eda, firma del portafolio de Global Infrastructure Partners (GIP),<\/p>\n\t\t<\/div>\n\t\t\n\t\t<a class=\"elementor-post__read-more\" href=\"https:\/\/tlcmagazinemexico.com.mx\/index.php\/2026\/04\/29\/alianza-entre-grupo-mexico-y-capital-internacional-impulsa-nuevo-proyecto-energetico-estrategico\/\" aria-label=\"Read more about Alianza entre Grupo M\u00e9xico y capital internacional impulsa nuevo proyecto energ\u00e9tico estrat\u00e9gico\" >\n\t\t\tLeer m\u00e1s \u00bb\t\t<\/a>\n\n\t\t\t\t<\/div>\n\t\t\t\t\t<\/div>\n\t\t<\/article>\n\t\t\t\t<article class=\"elementor-post elementor-grid-item post-22707 post type-post status-publish format-standard has-post-thumbnail hentry category-tlc-news entry\">\n\t\t\t<div class=\"elementor-post__card\">\n\t\t\t\t<a class=\"elementor-post__thumbnail__link\" href=\"https:\/\/tlcmagazinemexico.com.mx\/index.php\/2026\/04\/29\/el-canal-de-panama-mantiene-flujo-estable-y-gana-relevancia-ante-tensiones-en-medio-oriente\/\" ><div class=\"elementor-post__thumbnail\"><img loading=\"lazy\" decoding=\"async\" width=\"900\" height=\"600\" src=\"https:\/\/tlcmagazinemexico.com.mx\/wp-content\/uploads\/2026\/04\/41g-2-2.png\" class=\"attachment-full size-full wp-image-22708\" alt=\"\" srcset=\"https:\/\/tlcmagazinemexico.com.mx\/wp-content\/uploads\/2026\/04\/41g-2-2.png 900w, https:\/\/tlcmagazinemexico.com.mx\/wp-content\/uploads\/2026\/04\/41g-2-2-300x200.png 300w, https:\/\/tlcmagazinemexico.com.mx\/wp-content\/uploads\/2026\/04\/41g-2-2-768x512.png 768w\" sizes=\"auto, (max-width: 900px) 100vw, 900px\" style=\"width:100%;height:66.67%;max-width:900px;\" \/><\/div><\/a>\n\t\t\t\t<div class=\"elementor-post__text\">\n\t\t\t\t<h1 class=\"elementor-post__title\">\n\t\t\t<a href=\"https:\/\/tlcmagazinemexico.com.mx\/index.php\/2026\/04\/29\/el-canal-de-panama-mantiene-flujo-estable-y-gana-relevancia-ante-tensiones-en-medio-oriente\/\" >\n\t\t\t\tEl Canal de Panam\u00e1 mantiene flujo estable y gana relevancia ante tensiones en Medio Oriente\t\t\t<\/a>\n\t\t<\/h1>\n\t\t\t\t<div class=\"elementor-post__excerpt\">\n\t\t\t<p>\u00a0La creciente demanda en el Canal de Panam\u00e1, derivada de la crisis en el estrecho de Ormuz, no est\u00e1 congestionando el paso navegable, que opera<\/p>\n\t\t<\/div>\n\t\t\n\t\t<a class=\"elementor-post__read-more\" href=\"https:\/\/tlcmagazinemexico.com.mx\/index.php\/2026\/04\/29\/el-canal-de-panama-mantiene-flujo-estable-y-gana-relevancia-ante-tensiones-en-medio-oriente\/\" aria-label=\"Read more about El Canal de Panam\u00e1 mantiene flujo estable y gana relevancia ante tensiones en Medio Oriente\" >\n\t\t\tLeer m\u00e1s \u00bb\t\t<\/a>\n\n\t\t\t\t<\/div>\n\t\t\t\t\t<\/div>\n\t\t<\/article>\n\t\t\t\t<article class=\"elementor-post elementor-grid-item post-22700 post type-post status-publish format-standard has-post-thumbnail hentry category-tlc-news entry\">\n\t\t\t<div class=\"elementor-post__card\">\n\t\t\t\t<a class=\"elementor-post__thumbnail__link\" href=\"https:\/\/tlcmagazinemexico.com.mx\/index.php\/2026\/04\/29\/acuerdo-con-la-industria-del-acero-apunta-a-reforzar-la-capacidad-productiva-nacional\/\" ><div class=\"elementor-post__thumbnail\"><img loading=\"lazy\" decoding=\"async\" width=\"900\" height=\"600\" src=\"https:\/\/tlcmagazinemexico.com.mx\/wp-content\/uploads\/2026\/04\/41g-1-3.png\" class=\"attachment-full size-full wp-image-22701\" alt=\"\" srcset=\"https:\/\/tlcmagazinemexico.com.mx\/wp-content\/uploads\/2026\/04\/41g-1-3.png 900w, https:\/\/tlcmagazinemexico.com.mx\/wp-content\/uploads\/2026\/04\/41g-1-3-300x200.png 300w, https:\/\/tlcmagazinemexico.com.mx\/wp-content\/uploads\/2026\/04\/41g-1-3-768x512.png 768w\" sizes=\"auto, (max-width: 900px) 100vw, 900px\" style=\"width:100%;height:66.67%;max-width:900px;\" \/><\/div><\/a>\n\t\t\t\t<div class=\"elementor-post__text\">\n\t\t\t\t<h1 class=\"elementor-post__title\">\n\t\t\t<a href=\"https:\/\/tlcmagazinemexico.com.mx\/index.php\/2026\/04\/29\/acuerdo-con-la-industria-del-acero-apunta-a-reforzar-la-capacidad-productiva-nacional\/\" >\n\t\t\t\tAcuerdo con la industria del acero apunta a reforzar la capacidad productiva nacional\t\t\t<\/a>\n\t\t<\/h1>\n\t\t\t\t<div class=\"elementor-post__excerpt\">\n\t\t\t<p>El Gobierno de M\u00e9xico firm\u00f3 este mi\u00e9rcoles un acuerdo con la industria sider\u00fargica y de la construcci\u00f3n para fortalecer la producci\u00f3n nacional de acero, impulsar<\/p>\n\t\t<\/div>\n\t\t\n\t\t<a class=\"elementor-post__read-more\" href=\"https:\/\/tlcmagazinemexico.com.mx\/index.php\/2026\/04\/29\/acuerdo-con-la-industria-del-acero-apunta-a-reforzar-la-capacidad-productiva-nacional\/\" aria-label=\"Read more about Acuerdo con la industria del acero apunta a reforzar la capacidad productiva nacional\" >\n\t\t\tLeer m\u00e1s \u00bb\t\t<\/a>\n\n\t\t\t\t<\/div>\n\t\t\t\t\t<\/div>\n\t\t<\/article>\n\t\t\t\t<article class=\"elementor-post elementor-grid-item post-22693 post type-post status-publish format-standard has-post-thumbnail hentry category-tlc-news entry\">\n\t\t\t<div class=\"elementor-post__card\">\n\t\t\t\t<a class=\"elementor-post__thumbnail__link\" href=\"https:\/\/tlcmagazinemexico.com.mx\/index.php\/2026\/04\/29\/mexico-busca-fortalecer-su-produccion-interna-para-reducir-la-dependencia-de-importaciones\/\" ><div class=\"elementor-post__thumbnail\"><img loading=\"lazy\" decoding=\"async\" width=\"900\" height=\"600\" src=\"https:\/\/tlcmagazinemexico.com.mx\/wp-content\/uploads\/2026\/04\/41g-12.png\" class=\"attachment-full size-full wp-image-22694\" alt=\"\" srcset=\"https:\/\/tlcmagazinemexico.com.mx\/wp-content\/uploads\/2026\/04\/41g-12.png 900w, https:\/\/tlcmagazinemexico.com.mx\/wp-content\/uploads\/2026\/04\/41g-12-300x200.png 300w, https:\/\/tlcmagazinemexico.com.mx\/wp-content\/uploads\/2026\/04\/41g-12-768x512.png 768w\" sizes=\"auto, (max-width: 900px) 100vw, 900px\" style=\"width:100%;height:66.67%;max-width:900px;\" \/><\/div><\/a>\n\t\t\t\t<div class=\"elementor-post__text\">\n\t\t\t\t<h1 class=\"elementor-post__title\">\n\t\t\t<a href=\"https:\/\/tlcmagazinemexico.com.mx\/index.php\/2026\/04\/29\/mexico-busca-fortalecer-su-produccion-interna-para-reducir-la-dependencia-de-importaciones\/\" >\n\t\t\t\tM\u00e9xico busca fortalecer su producci\u00f3n interna para reducir la dependencia de importaciones\t\t\t<\/a>\n\t\t<\/h1>\n\t\t\t\t<div class=\"elementor-post__excerpt\">\n\t\t\t<p>M\u00e9xico buscar\u00e1 producir m\u00e1s, importar menos y fortalecer su manufactura avanzada para aprovechar la relocalizaci\u00f3n de cadenas productivas en Norteam\u00e9rica, afirm\u00f3 este martes el secretario<\/p>\n\t\t<\/div>\n\t\t\n\t\t<a class=\"elementor-post__read-more\" href=\"https:\/\/tlcmagazinemexico.com.mx\/index.php\/2026\/04\/29\/mexico-busca-fortalecer-su-produccion-interna-para-reducir-la-dependencia-de-importaciones\/\" aria-label=\"Read more about M\u00e9xico busca fortalecer su producci\u00f3n interna para reducir la dependencia de importaciones\" >\n\t\t\tLeer m\u00e1s \u00bb\t\t<\/a>\n\n\t\t\t\t<\/div>\n\t\t\t\t\t<\/div>\n\t\t<\/article>\n\t\t\t\t<article class=\"elementor-post elementor-grid-item post-22625 post type-post status-publish format-standard has-post-thumbnail hentry category-tlc-news entry\">\n\t\t\t<div class=\"elementor-post__card\">\n\t\t\t\t<a class=\"elementor-post__thumbnail__link\" href=\"https:\/\/tlcmagazinemexico.com.mx\/index.php\/2026\/04\/27\/repunte-del-brent-presiona-costos-logisticos-y-reconfigura-el-comercio-energetico-global\/\" ><div class=\"elementor-post__thumbnail\"><img loading=\"lazy\" decoding=\"async\" width=\"900\" height=\"600\" src=\"https:\/\/tlcmagazinemexico.com.mx\/wp-content\/uploads\/2026\/04\/40g-1-3.png\" class=\"attachment-full size-full wp-image-22350\" alt=\"\" srcset=\"https:\/\/tlcmagazinemexico.com.mx\/wp-content\/uploads\/2026\/04\/40g-1-3.png 900w, https:\/\/tlcmagazinemexico.com.mx\/wp-content\/uploads\/2026\/04\/40g-1-3-300x200.png 300w, https:\/\/tlcmagazinemexico.com.mx\/wp-content\/uploads\/2026\/04\/40g-1-3-768x512.png 768w\" sizes=\"auto, (max-width: 900px) 100vw, 900px\" style=\"width:100%;height:66.67%;max-width:900px;\" \/><\/div><\/a>\n\t\t\t\t<div class=\"elementor-post__text\">\n\t\t\t\t<h1 class=\"elementor-post__title\">\n\t\t\t<a href=\"https:\/\/tlcmagazinemexico.com.mx\/index.php\/2026\/04\/27\/repunte-del-brent-presiona-costos-logisticos-y-reconfigura-el-comercio-energetico-global\/\" >\n\t\t\t\tRepunte del Brent presiona costos log\u00edsticos y reconfigura el comercio energ\u00e9tico global\t\t\t<\/a>\n\t\t<\/h1>\n\t\t\t\t<div class=\"elementor-post__excerpt\">\n\t\t\t<p>El barril de petr\u00f3leo brent incrementa la subida inicial de este lunes y al cierre de las plazas europeas avanza m\u00e1s del 3 % y<\/p>\n\t\t<\/div>\n\t\t\n\t\t<a class=\"elementor-post__read-more\" href=\"https:\/\/tlcmagazinemexico.com.mx\/index.php\/2026\/04\/27\/repunte-del-brent-presiona-costos-logisticos-y-reconfigura-el-comercio-energetico-global\/\" aria-label=\"Read more about Repunte del Brent presiona costos log\u00edsticos y reconfigura el comercio energ\u00e9tico global\" >\n\t\t\tLeer m\u00e1s \u00bb\t\t<\/a>\n\n\t\t\t\t<\/div>\n\t\t\t\t\t<\/div>\n\t\t<\/article>\n\t\t\t\t<\/div>\n\t\t\n\t\t\t\t<\/div>\n\t\t\t\t<\/div>\n\t\t\t\t\t<\/div>\n\t\t<\/div>\n\t\t\t\t\t\t\t<\/div>\n\t\t<\/section>\n\t\t\t\t\t\t\t<\/div>\n\t\t","protected":false},"excerpt":{"rendered":"<p>Por: Dr. Octavio de la TorrePresidente de la Confederaci\u00f3n Nacional de C\u00e1maras deComercio, Servicios y Turismo. Desde 2019, advertimos la necesidad de evolucionar el modelo de las Zonas Econ\u00f3micas Especiales hacia esquemas m\u00e1s realistas, flexibles y conectados al territorio. En ese a\u00f1o, publiqu\u00e9 el an\u00e1lisis \u201cUn impulso para las Zonas Econ\u00f3micas Estrat\u00e9gicas (m\u00e1s all\u00e1 de&hellip; <a class=\"more-link\" href=\"https:\/\/tlcmagazinemexico.com.mx\/index.php\/2026\/04\/27\/repunte-del-brent-presiona-costos-logisticos-y-reconfigura-el-comercio-energetico-global\/\">Seguir leyendo <span class=\"screen-reader-text\">Repunte del Brent presiona costos log\u00edsticos y reconfigura el comercio energ\u00e9tico global<\/span><\/a><\/p>\n","protected":false},"author":3,"featured_media":15877,"comment_status":"open","ping_status":"open","sticky":false,"template":"","format":"standard","meta":{"_monsterinsights_skip_tracking":false,"_monsterinsights_sitenote_active":false,"_monsterinsights_sitenote_note":"","_monsterinsights_sitenote_category":0,"footnotes":""},"categories":[5],"tags":[],"class_list":["post-15858","post","type-post","status-publish","format-standard","has-post-thumbnail","hentry","category-tlc-news","entry"],"views":1530,"_links":{"self":[{"href":"https:\/\/tlcmagazinemexico.com.mx\/index.php\/wp-json\/wp\/v2\/posts\/15858","targetHints":{"allow":["GET"]}}],"collection":[{"href":"https:\/\/tlcmagazinemexico.com.mx\/index.php\/wp-json\/wp\/v2\/posts"}],"about":[{"href":"https:\/\/tlcmagazinemexico.com.mx\/index.php\/wp-json\/wp\/v2\/types\/post"}],"author":[{"embeddable":true,"href":"https:\/\/tlcmagazinemexico.com.mx\/index.php\/wp-json\/wp\/v2\/users\/3"}],"replies":[{"embeddable":true,"href":"https:\/\/tlcmagazinemexico.com.mx\/index.php\/wp-json\/wp\/v2\/comments?post=15858"}],"version-history":[{"count":4,"href":"https:\/\/tlcmagazinemexico.com.mx\/index.php\/wp-json\/wp\/v2\/posts\/15858\/revisions"}],"predecessor-version":[{"id":15862,"href":"https:\/\/tlcmagazinemexico.com.mx\/index.php\/wp-json\/wp\/v2\/posts\/15858\/revisions\/15862"}],"wp:featuredmedia":[{"embeddable":true,"href":"https:\/\/tlcmagazinemexico.com.mx\/index.php\/wp-json\/wp\/v2\/media\/15877"}],"wp:attachment":[{"href":"https:\/\/tlcmagazinemexico.com.mx\/index.php\/wp-json\/wp\/v2\/media?parent=15858"}],"wp:term":[{"taxonomy":"category","embeddable":true,"href":"https:\/\/tlcmagazinemexico.com.mx\/index.php\/wp-json\/wp\/v2\/categories?post=15858"},{"taxonomy":"post_tag","embeddable":true,"href":"https:\/\/tlcmagazinemexico.com.mx\/index.php\/wp-json\/wp\/v2\/tags?post=15858"}],"curies":[{"name":"wp","href":"https:\/\/api.w.org\/{rel}","templated":true}]}}