{"id":13615,"date":"2025-01-29T06:11:58","date_gmt":"2025-01-29T06:11:58","guid":{"rendered":"https:\/\/tlcmagazinemexico.com.mx\/?p=13615"},"modified":"2025-01-29T06:12:51","modified_gmt":"2025-01-29T06:12:51","slug":"mipymes-y-su-reto-latente-en-el-comercio-internacional-comparativo-entre-el-mercado-de-colombia-y-mexico","status":"publish","type":"post","link":"https:\/\/tlcmagazinemexico.com.mx\/index.php\/2025\/01\/29\/mipymes-y-su-reto-latente-en-el-comercio-internacional-comparativo-entre-el-mercado-de-colombia-y-mexico\/","title":{"rendered":"MiPyMES y su Reto Latente en el Comercio Internacional: Comparativo entre el mercado de Colombia y M\u00e9xico"},"content":{"rendered":"\t\t<div data-elementor-type=\"wp-post\" data-elementor-id=\"13615\" class=\"elementor elementor-13615\">\n\t\t\t\t\t\t\t\t\t<section class=\"elementor-section elementor-top-section elementor-element elementor-element-1a1d2844 elementor-section-boxed elementor-section-height-default elementor-section-height-default\" data-id=\"1a1d2844\" data-element_type=\"section\">\n\t\t\t\t\t\t<div class=\"elementor-container elementor-column-gap-default\">\n\t\t\t\t\t<div class=\"elementor-column elementor-col-33 elementor-top-column elementor-element elementor-element-3084a7d3\" data-id=\"3084a7d3\" data-element_type=\"column\">\n\t\t\t<div class=\"elementor-widget-wrap elementor-element-populated\">\n\t\t\t\t\t\t\t\t<div class=\"elementor-element elementor-element-6ea4c0ac elementor-widget elementor-widget-theme-post-featured-image elementor-widget-image\" data-id=\"6ea4c0ac\" data-element_type=\"widget\" data-widget_type=\"theme-post-featured-image.default\">\n\t\t\t\t<div class=\"elementor-widget-container\">\n\t\t\t<style>\/*! elementor - v3.12.0 - 29-03-2023 *\/\n.elementor-widget-image{text-align:center}.elementor-widget-image a{display:inline-block}.elementor-widget-image a img[src$=\".svg\"]{width:48px}.elementor-widget-image img{vertical-align:middle;display:inline-block}<\/style>\t\t\t\t\t\t\t\t\t\t\t\t<img loading=\"lazy\" decoding=\"async\" width=\"750\" height=\"376\" src=\"https:\/\/tlcmagazinemexico.com.mx\/wp-content\/uploads\/2025\/01\/M20A2-FB_0-1024x513.png\" class=\"attachment-large size-large wp-image-13599\" alt=\"\" srcset=\"https:\/\/tlcmagazinemexico.com.mx\/wp-content\/uploads\/2025\/01\/M20A2-FB_0-1024x513.png 1024w, https:\/\/tlcmagazinemexico.com.mx\/wp-content\/uploads\/2025\/01\/M20A2-FB_0-300x150.png 300w, https:\/\/tlcmagazinemexico.com.mx\/wp-content\/uploads\/2025\/01\/M20A2-FB_0-768x385.png 768w, https:\/\/tlcmagazinemexico.com.mx\/wp-content\/uploads\/2025\/01\/M20A2-FB_0.png 1250w\" sizes=\"auto, (max-width: 750px) 100vw, 750px\" style=\"width:100%;height:50.08%;max-width:1250px\" \/>\t\t\t\t\t\t\t\t\t\t\t\t\t\t\t<\/div>\n\t\t\t\t<\/div>\n\t\t\t\t<div class=\"elementor-element elementor-element-1e2d0ffa elementor-widget elementor-widget-spacer\" data-id=\"1e2d0ffa\" data-element_type=\"widget\" data-widget_type=\"spacer.default\">\n\t\t\t\t<div class=\"elementor-widget-container\">\n\t\t\t<style>\/*! elementor - v3.12.0 - 29-03-2023 *\/\n.elementor-column .elementor-spacer-inner{height:var(--spacer-size)}.e-con{--container-widget-width:100%}.e-con-inner>.elementor-widget-spacer,.e-con>.elementor-widget-spacer{width:var(--container-widget-width,var(--spacer-size));--align-self:var(--container-widget-align-self,initial);--flex-shrink:0}.e-con-inner>.elementor-widget-spacer>.elementor-widget-container,.e-con-inner>.elementor-widget-spacer>.elementor-widget-container>.elementor-spacer,.e-con>.elementor-widget-spacer>.elementor-widget-container,.e-con>.elementor-widget-spacer>.elementor-widget-container>.elementor-spacer{height:100%}.e-con-inner>.elementor-widget-spacer>.elementor-widget-container>.elementor-spacer>.elementor-spacer-inner,.e-con>.elementor-widget-spacer>.elementor-widget-container>.elementor-spacer>.elementor-spacer-inner{height:var(--container-widget-height,var(--spacer-size))}<\/style>\t\t<div class=\"elementor-spacer\">\n\t\t\t<div class=\"elementor-spacer-inner\"><\/div>\n\t\t<\/div>\n\t\t\t\t<\/div>\n\t\t\t\t<\/div>\n\t\t\t\t<div class=\"elementor-element elementor-element-49b66364 elementor-widget elementor-widget-theme-post-title elementor-page-title elementor-widget-heading\" data-id=\"49b66364\" data-element_type=\"widget\" data-widget_type=\"theme-post-title.default\">\n\t\t\t\t<div class=\"elementor-widget-container\">\n\t\t\t<style>\/*! elementor - v3.12.0 - 29-03-2023 *\/\n.elementor-heading-title{padding:0;margin:0;line-height:1}.elementor-widget-heading .elementor-heading-title[class*=elementor-size-]>a{color:inherit;font-size:inherit;line-height:inherit}.elementor-widget-heading .elementor-heading-title.elementor-size-small{font-size:15px}.elementor-widget-heading .elementor-heading-title.elementor-size-medium{font-size:19px}.elementor-widget-heading .elementor-heading-title.elementor-size-large{font-size:29px}.elementor-widget-heading .elementor-heading-title.elementor-size-xl{font-size:39px}.elementor-widget-heading .elementor-heading-title.elementor-size-xxl{font-size:59px}<\/style><h1 class=\"elementor-heading-title elementor-size-default\">MiPyMES y su Reto Latente en el Comercio Internacional: Comparativo entre el mercado de Colombia y M\u00e9xico<\/h1>\t\t<\/div>\n\t\t\t\t<\/div>\n\t\t\t\t<div class=\"elementor-element elementor-element-149f5cfd elementor-widget elementor-widget-text-editor\" data-id=\"149f5cfd\" data-element_type=\"widget\" data-widget_type=\"text-editor.default\">\n\t\t\t\t<div class=\"elementor-widget-container\">\n\t\t\t<style>\/*! elementor - v3.12.0 - 29-03-2023 *\/\n.elementor-widget-text-editor.elementor-drop-cap-view-stacked .elementor-drop-cap{background-color:#69727d;color:#fff}.elementor-widget-text-editor.elementor-drop-cap-view-framed .elementor-drop-cap{color:#69727d;border:3px solid;background-color:transparent}.elementor-widget-text-editor:not(.elementor-drop-cap-view-default) .elementor-drop-cap{margin-top:8px}.elementor-widget-text-editor:not(.elementor-drop-cap-view-default) .elementor-drop-cap-letter{width:1em;height:1em}.elementor-widget-text-editor .elementor-drop-cap{float:left;text-align:center;line-height:1;font-size:50px}.elementor-widget-text-editor .elementor-drop-cap-letter{display:inline-block}<\/style>\t\t\t\t<p><span style=\"font-weight: 400;\">Para los fines del presente art\u00edculo, se tomar\u00e1n como referencia los elementos esenciales que forman parte de la econom\u00eda colombiana y mexicana respecto al sector de las Micro, Peque\u00f1as y Medianas Empresas (MiPyMES) con el fin de establecer los mecanismos de inclusi\u00f3n que fomentan los Estados para hacerlos part\u00edcipes en la vocaci\u00f3n exportadora y posteriormente analizar la eficiencia de los procesos de cadenas de valor que actualmente ejecutan. El tema se abordar\u00e1 de manera general con el fin de enfatizar una problem\u00e1tica que hace parte del d\u00eda a d\u00eda de cada uno de los actores que componen la cadena productiva y, por tanto, de la sociedad en colectivo.\u00a0<\/span><\/p><p>\u00a0<\/p><p><b>EVOLUCI\u00d3N Y ACTUALIDAD DE LAS MIPYMES<\/b><\/p><p>\u00a0<\/p><p><span style=\"font-weight: 400;\">Todos los sectores han reaccionado ante el fen\u00f3meno de inclusi\u00f3n de las MiPyMEs, pero a ciencia cierta no se aborda la complejidad del tema con la continuidad y precisi\u00f3n que se requiere. En Colombia existen aproximadamente 2,500,000 de MiPyMES, de las cuales 1,500,000 se encuentran inscritas en el Registro \u00danico Empresarial (RUES), <\/span><span style=\"font-weight: 400;\">vale la pena precisar este dato toda vez que el tama\u00f1o y aporte de las empresas se encuentra subestimado debido al alto \u00edndice de informalidad; con todo, este grupo <\/span><span style=\"font-weight: 400;\">representa m\u00e1s del 90% del sector productivo, cifra que incluye personas naturales y jur\u00eddicas las cuales abarcan distintos fragmentos y cubren diversas necesidades espec\u00edficas contribuyendo as\u00ed con 80% del empleo en el pa\u00eds y aportando 40% del Producto Interno Bruto (PIB).<\/span><span style=\"font-weight: 400;\"> Por su parte, <\/span><span style=\"font-weight: 400;\">M\u00e9xico alberga un poco m\u00e1s de 4,000,000 de unidades econ\u00f3micas, de las cuales m\u00e1s del 90% son MiPyMEs que generan al igual que en Colombia 80% de los empleos remunerados y aportan aproximadamente 50% del PIB<\/span><span style=\"font-weight: 400;\">. Sin embargo, a pesar de que este segmento empresarial sea considerado en t\u00e9rminos porcentuales el motor de crecimiento y desarrollo econ\u00f3mico de cada pa\u00eds, es evidente su ausencia en el contexto del comercio internacional, pues en el caso de Colombia se destaca que de 1,791 empresarios PyME de los macro sectores de la industria, comercio y servicios s\u00f3lo 20% son exportadores, mientras que las microempresas representan su capacidad exportadora en tan s\u00f3lo un 3%;<\/span><span style=\"font-weight: 400;\"> situaci\u00f3n similar ocurre en M\u00e9xico en donde estas no presentan participaci\u00f3n porcentual destacando que las medianas y peque\u00f1as empresas generan apenas 9% del valor total de las exportaciones manufactureras.<\/span><\/p><p>\u00a0<\/p><p><span style=\"font-weight: 400;\">En este sentido y vistas las cifras en rasgos puramente generales, es evidente que existe un vac\u00edo en el eje competitivo de este sector para hacer parte de la globalizaci\u00f3n de los mercados, pues su alcance y potencial se quedan cortos ante la diversificaci\u00f3n productiva y su posterior<\/span><span style=\"font-weight: 400;\">\u00a0inserci\u00f3n en las cadenas globales de valor; premisa suficiente para entender que el fen\u00f3meno que surge en torno a <\/span><span style=\"font-weight: 400;\">la precaria consolidaci\u00f3n de las MiPyMEs en Latinoam\u00e9rica nos afecta a todos, y por tanto, la atenci\u00f3n urgente de las pol\u00edticas p\u00fablicas debe ser considerada una inversi\u00f3n con altos alcances en progreso, emprendimiento e innovaci\u00f3n, y no como un gasto recurrente<\/span><b><i>.<\/i><\/b><span style=\"font-weight: 400;\">\u00a0<\/span><\/p><p><br \/><br \/><\/p><p><span style=\"font-weight: 400;\">Efectuando una revisi\u00f3n a la historia econ\u00f3mica de Colombia y M\u00e9xico, es evidente que la situaci\u00f3n actual de las MiPyMEs no se diferencia mucho de lo que se proyectaba hace poco m\u00e1s de 10 a\u00f1os para su futura inserci\u00f3n en la inminente apertura econ\u00f3mica mundial. En ese entonces se hablaba de la necesidad de crear herramientas suficientes y eficaces para dar paso a los peque\u00f1os empresarios a un contexto internacional, que si bien era incierto, dec\u00edan que su participaci\u00f3n iba a ser altamente activa en todos los sectores con el fin de identificar y corregir las debilidades del mercado para as\u00ed dinamizarlas y fortalecerlas generando un aumento en las producciones locales con miras a su exportaci\u00f3n. Sin embargo, hoy por hoy vemos que a pesar de haberse realizado cambios sustanciales en la estructura productiva de ambos pa\u00edses, a\u00fan no logra despegar la potencializaci\u00f3n de sectores rentables y competitivos de los que hacen parte las MiPyMEs, ya que estos siguen manteniendo su estructura dentro de un factor netamente local y no est\u00e1n orientados al abastecimiento de las necesidades de la econom\u00eda global, gener\u00e1ndose entonces un detrimento en el desarrollo a nivel nacional de productos y servicios de alto valor agregado. Es as\u00ed, que alrededor del mundo se ha determinado de manera amplia la importancia de establecer una conceptualizaci\u00f3n de todo aquello que representa el contexto del valor agregado y del conjunto de fuentes de interpretaci\u00f3n, fuentes de agregaci\u00f3n, beneficios y aspectos fundamentales de las pol\u00edticas p\u00fablicas que lo componen, partiendo de la idea de promover igualdad y competitividad entre los micro, peque\u00f1os y medianos empresarios y productores, siendo estos \u00faltimos los que carecen a\u00fan m\u00e1s de acceso a los recursos tecnol\u00f3gicos y de herramientas de investigaci\u00f3n. Ahora bien, considerando que el valor agregado es el monto por el cual el valor de un producto se incrementa en cada etapa de su producci\u00f3n, excluyendo los costos iniciales<\/span><i><span style=\"font-weight: 400;\">, <\/span><\/i><span style=\"font-weight: 400;\">resulta necesario interpretarlo como un <\/span><b><i>indicador productivo<\/i><\/b><span style=\"font-weight: 400;\"> en el cual se pueda evidenciar el nivel que este representa siendo expresado en t\u00e9rminos porcentuales para medir de manera precisa cada una de las etapas de transformaci\u00f3n, las cuales tienen como fin \u00faltimo adecuar los productos a las necesidades y requerimientos de los consumidores, los cuales se van ajustando a medida que se establecen las condiciones de negociaci\u00f3n con las que participan los distintos actores tales como el precio, la cantidad y calidad del producto o servicio, las modalidades de pago y sus respectivos plazos, las formas de entrega y recibo, entre otros aspectos.<\/span><\/p><p>\u00a0<\/p><p><span style=\"font-weight: 400;\">En este escenario, resulta necesario echar un vistazo a las pol\u00edticas p\u00fablicas que han instaurado Colombia y M\u00e9xico, con el fin de analizar si \u00e9stas han mantenido en el tiempo su intenci\u00f3n de consolidar el crecimiento econ\u00f3mico y un desarrollo empresarial sostenido de las MiPyMEs.<\/span><\/p><p>\u00a0<\/p><p><b>ESTRUCTURA JUR\u00cdDICA B\u00c1SICA<\/b><\/p><p>\u00a0<\/p><p><span style=\"font-weight: 400;\">De acuerdo con la Ley 905 de 2004, para clasificar este segmento empresarial en Colombia se tienen en cuenta 2 criterios: el valor de los activos y el n\u00famero de empleados, de tal forma que se proyectan en la siguiente divisi\u00f3n:<\/span><\/p><ul><li style=\"font-weight: 400;\" aria-level=\"1\"><span style=\"font-weight: 400;\">La microempresa tiene menos de 10 trabajadores y sus activos totales son menores a 500 salarios m\u00ednimos legales mensuales vigentes (smlmv).<\/span><\/li><li style=\"font-weight: 400;\" aria-level=\"1\"><span style=\"font-weight: 400;\">La peque\u00f1a empresa tiene entre 11 y 50 trabajadores y sus activos totales son m\u00e1s de 500 y menos de 5,000 smlmv.\u00a0<\/span><\/li><li style=\"font-weight: 400;\" aria-level=\"1\"><span style=\"font-weight: 400;\">Mientras que la mediana empresa tiene entre 51 y 200 trabajadores y sus activos totales oscilan entre 5,001 hasta 30,000 smlmv.\u00a0<\/span><\/li><\/ul><p>\u00a0<\/p><p><span style=\"font-weight: 400;\">Por su parte, <\/span><span style=\"font-weight: 400;\">M\u00e9xico reglamenta esta clasificaci\u00f3n empresarial con la Ley para el Desarrollo de la Competitividad de las MiPyMEs del a\u00f1o 2000, la cual establece que los par\u00e1metros de clasificaci\u00f3n surgen de acuerdo con el n\u00famero de empleados y el sector productivo en el que operan <\/span><span style=\"font-weight: 400;\">de esta manera:<\/span><\/p><p>\u00a0<\/p><p><b>FOMENTOS Y PROGRAMAS DE APOYO<\/b><\/p><p>\u00a0<\/p><p><span style=\"font-weight: 400;\">En Colombia existe gran variedad de entidades estatales, redes y asociaciones encargadas de promover el emprendimiento y la innovaci\u00f3n de las MiPyMEs y los peque\u00f1os productores, algunas de estas son: Asociaci\u00f3n de Micros, Peque\u00f1as y Medianas Empresas (ACOPI), siendo el gremio empresarial de las MiPyMEs integrado por empresas del sector industrial manufacturero, agro-industrial, de comercio, y de servicios, entre otros; Fondo Emprender creado por el Gobierno Nacional, el cual tiene como objetivo financiar iniciativas empresariales creadas por aprendices o asociaciones, practicantes universitarios o profesionales; BANCOLDEX, que es el banco para el desarrollo empresarial y el comercio exterior, el cual\u00a0 financia necesidades de cr\u00e9dito que tengan las empresas con destinaciones para capital de trabajo, inversi\u00f3n fija, consolidaci\u00f3n de pasivos y capitalizaci\u00f3n empresarial; FINAGRO, Fondo para el Financiamiento del Sector Agropecuario; INNPULSA Colombia, instituci\u00f3n creada por el Ministerio de Comercio, Industria y Turismo para apoyar y promover iniciativas de negocios; las <\/span><span style=\"font-weight: 400;\">C\u00e1maras de Comercio de cada ciudad, las cuales lideran proyectos para\u00a0 fomentar el emprendimiento, el comercio y la creaci\u00f3n de empresas de distintos sectores productivos y as\u00ed consolidar programas de formaci\u00f3n exportadora e incursionar en el mercado internacional; y dem\u00e1s iniciativas encaminadas a la promoci\u00f3n del uso de las Tecnolog\u00edas de la Informaci\u00f3n y la Comunicaci\u00f3n (TICs) y la era digital en el pa\u00eds. <\/span><span style=\"font-weight: 400;\">En igual medida, M\u00e9xico incluye una amplia carta de proyectos e incentivos a trav\u00e9s de los cuales se promueve el desarrollo de las MiPyMEs y que procuran fomentar las actividades productivas desde los emprendimientos sociales hasta aquellas organizaciones que no tienen acceso directo a la banca comercial, tales como: el Fondo Nacional del Emprendedor, Programa Mujeres PyME, Cr\u00e9dito joven, Nacional Financiera, Fondo PyME, Cr\u00e9dito PyMEX, Crezcamos Juntos, Programas de la Secretar\u00eda de Econom\u00eda, ProM\u00e9xico (la Secretar\u00eda de Relaciones Exteriores anunci\u00f3 el t\u00e9rmino de este proyecto), instituci\u00f3n que fomentaba el Programa Nacional para el Desarrollo de Redes de Exportaci\u00f3n de PyMEs mexicanas, entre otras actividades que desempe\u00f1aba.\u00a0<\/span><\/p><p>\u00a0<\/p><p><span style=\"font-weight: 400;\">Como observamos, <\/span><span style=\"font-weight: 400;\">ambos pa\u00edses reconocen dentro de sus pol\u00edticas p\u00fablicas la inminente necesidad de apoyar el crecimiento y desarrollo de este sector con el fin de brindar beneficios a corto y largo plazo de la mano de los distintos acuerdos comerciales suscritos con sus aliados estrat\u00e9gicos<\/span><span style=\"font-weight: 400;\">.\u00a0<\/span><\/p><p>\u00a0<\/p><p><span style=\"font-weight: 400;\">No obstante, resulta complicado empalmar a todos los actores del problema, ya que la mayor\u00eda no tiene un concepto idealizado de todo lo que comprende la noci\u00f3n de valor agregado, el cual est\u00e1 proyectado como eje fundamental en cada uno de los fomentos y programas de apoyo; es decir, que a falta de ese conocimiento, a\u00fan se manejan m\u00e9todos de producci\u00f3n tradicionales y ortodoxos que resultan ser altamente ineficientes dificultando forjar una propuesta de valor concreta en una posible operaci\u00f3n exportadora. En efecto, se hace necesaria la intervenci\u00f3n de entidades que de manera constante y cara a cara, faciliten, sirvan como puente regulador y finalmente proporcionen los recursos primordiales para que este sector fomente de manera directa su competitividad regional y nacional en miras de incursionar en el mercado internacional.\u00a0<\/span><\/p><p>\u00a0<\/p><p><b>CASOS DE \u00c9XITO EN EL SECTOR AGR\u00cdCOLA<\/b><\/p><p>\u00a0<\/p><p><span style=\"font-weight: 400;\">A continuaci\u00f3n, se ejemplifican 2 modelos a seguir de este tipo de entes interventores, por una parte, est\u00e1 el Centro de Valor Agregado (CVA)<\/span><span style=\"font-weight: 400;\">\u00a0 <\/span><span style=\"font-weight: 400;\">ubicado en el municipio de lagos de Morelos en el estado de Jalisco, M\u00e9xico, el cual es considerado<\/span> <span style=\"font-weight: 400;\">\u201cun espacio de desarrollo empresarial que tiene como objetivo apoyar a las PyMES y productores del sector agroalimentario para mejorar y fortalecer sus procesos de transformaci\u00f3n; asimismo, entre sus objetivos principales, se fundament\u00f3 conocer el potencial del sector agropecuario en la regi\u00f3n obteniendo como resultado que Jalisco se encontraba entre los principales productores de leche, huevo, carne de cerdo y pollo, de bayas y diferentes vegetales, entre otros, pero todos ellos eran comercializados como materia prima, sin ning\u00fan proceso que les diera valor, de por medio\u201d.<\/span><span style=\"font-weight: 400;\"> Una vez efectuado el estudio de los casos, en la etapa inicial se logr\u00f3 promover el desarrollo de las PyMES del sector agroindustrial aportando\u00a0 mejores utilidades en las empresas,\u00a0 optimizando las condiciones de trabajo y generando empleos formales gracias en gran medida al cumplimiento de todos los par\u00e1metros ofrecidos en sus servicios de consultor\u00eda, al buen manejo de las estrategias proyectadas a la sostenibilidad del Centro y el afianzamiento de\u00a0 alianzas inteligentes<\/span> <span style=\"font-weight: 400;\">entre diferentes instituciones gubernamentales y entidades tanto p\u00fablicas como privadas. Finalmente y <\/span><span style=\"font-weight: 400;\">despu\u00e9s de un arduo proceso de integraci\u00f3n,\u00a0 se logr\u00f3 enlazar a las empresas con el recurso humano capacitado, la infraestructura adecuada, los equipos con tecnolog\u00eda de punta necesaria, los canales de acceso al financiamiento, as\u00ed como con los esquemas de innovaci\u00f3n, investigaci\u00f3n y desarrollo<\/span><span style=\"font-weight: 400;\">, que en conjunto crearon un ecosistema adecuado para lograr transformar el producto primario en un producto con valor agregado capaz de satisfacer la demanda del mercado mundial cumpliendo en todo caso con los requerimientos de inocuidad exigidos por el CVA en pro de garantizar los altos est\u00e1ndares de calidad de todas las materias primas que ingresaron para su posterior transformaci\u00f3n.<\/span><\/p><p>\u00a0<\/p><p><span style=\"font-weight: 400;\">En comparativa con este mecanismo, aterrizamos en el municipio del Retiro ubicado en el departamento de Antioquia, Colombia, en donde gracias al desarrollo de un proyecto universitario investigativo, se fund\u00f3 la Alianza Productiva de Aguacate (APROARE SAT), la cual se encarg\u00f3 de llevar a cabo un estudio de zonificaci\u00f3n de terrenos productivos con el fin de proveer asistencia t\u00e9cnica en la siembra, producci\u00f3n, cosecha y post cosecha del aguacate, adem\u00e1s de la implementaci\u00f3n del Manejo Integrado de Plagas y Enfermedades para su cultivo, y pr\u00e1cticas de cuidado y conservaci\u00f3n del medio ambiente; esta asistencia logr\u00f3 efectuar un an\u00e1lisis concreto de todos los elementos en com\u00fan que ten\u00edan los productores en cuanto al tipo de terreno, factores clim\u00e1ticos, variedades de insumos y semillas, y dem\u00e1s, obteniendo como resultado un amplio conocimiento de la problem\u00e1tica social y econ\u00f3mica que los afectaba en conjunto, de tal manera que se pudo identificar el alto potencial no s\u00f3lo geogr\u00e1fico, sino tambi\u00e9n humano que ostentaba la regi\u00f3n, <\/span><span style=\"font-weight: 400;\">llegando a la conclusi\u00f3n de que lo \u00fanico que necesitaban estos productores era una herramienta \u00fatil que les indicara la ruta a seguir y que los orientara hacia la nuevos m\u00e9todos de producci\u00f3n del campo<\/span><span style=\"font-weight: 400;\">, de tal forma que todos hablaran el mismo idioma respecto al afianzamiento de sus productos y servicios, y compartieran un nuevo concepto de operaciones agr\u00edcolas responsables, sostenibles\u00a0 y competentes, que adem\u00e1s cumpliera con las exigencias de la econom\u00eda internacional. En una segunda instancia, se logr\u00f3 proporcionar toda la log\u00edstica exportadora de la cual carec\u00edan los peque\u00f1os productores de la zona, proporcion\u00e1ndole el valor agregado al Aguacate Hass a trav\u00e9s de sus est\u00e1ndares de calidad, empaque y presentaci\u00f3n, efectuando entonces un correcto proceso de selecci\u00f3n para finalmente realizar la operaci\u00f3n exportadora al amplio mercado europeo. Con lo anterior, se pretende orientar a las empresas y a los peque\u00f1os productores (indistintamente del sector\u00a0 en el cual se desarrollen), de la necesidad para consolidar desde las bases de la creaci\u00f3n de las unidades econ\u00f3micas, un procedimiento especializado que determine el valor agregado de cada uno de los productos y servicios ofertados con el fin \u00fanico de asegurar el camino al \u00e9xito en un mundo globalizado y cada vez m\u00e1s competitivo.\u00a0<\/span><\/p><p>\u00a0<\/p><p><span style=\"font-weight: 400;\">En suma, los retos que deben priorizar los Gobiernos se traducen en la obligaci\u00f3n de escuchar atentamente las necesidades que plantean los actores principales de este segmento empresarial, ya que son ellos quienes demandan la mayor atenci\u00f3n en los mecanismos de participaci\u00f3n y aluden constantemente su inconformidad en cuanto a la falta de informaci\u00f3n sobre los nuevos mercados y beneficios de los acuerdos comerciales vigentes, as\u00ed como la ausencia en el acompa\u00f1amiento para realizar procesos de financiaci\u00f3n con el fin de invertir en nuevas tecnolog\u00edas e innovaci\u00f3n.\u00a0<\/span><\/p><p>\u00a0<\/p><p><span style=\"font-weight: 400;\">As\u00ed pues, es evidente que d\u00eda a d\u00eda se deben forjar agremiaciones y asociaciones sectoriales para enlazar a las micro, peque\u00f1as y medianas empresas a la actividad exportadora y de esta forma lograr un cambio significativo en la visi\u00f3n que \u00e9stas tienen frente a la internacionalizaci\u00f3n como una estrategia de mercado altamente productivo.\u00a0<\/span><\/p><p><br \/><br \/><br \/><\/p><p><b>BIBLIOGRAF\u00cdA<\/b><\/p><p>\u00a0<\/p><p><span style=\"font-weight: 400;\">Las citas con los n\u00fameros<\/span><\/p><p><br \/><br \/><br \/><br \/><br \/><br \/><br \/><br \/><br \/><br \/><\/p>\t\t\t\t\t\t<\/div>\n\t\t\t\t<\/div>\n\t\t\t\t<div class=\"elementor-element elementor-element-54b2eb51 elementor-widget elementor-widget-image\" data-id=\"54b2eb51\" data-element_type=\"widget\" data-widget_type=\"image.default\">\n\t\t\t\t<div class=\"elementor-widget-container\">\n\t\t\t\t\t\t\t\t\t\t\t\t\t\t\t<img loading=\"lazy\" decoding=\"async\" width=\"750\" height=\"272\" src=\"https:\/\/tlcmagazinemexico.com.mx\/wp-content\/uploads\/2025\/01\/Lic-Sthefani-Rusi-Castillo-01-1024x372.png\" class=\"attachment-large size-large wp-image-13603\" alt=\"\" srcset=\"https:\/\/tlcmagazinemexico.com.mx\/wp-content\/uploads\/2025\/01\/Lic-Sthefani-Rusi-Castillo-01-1024x372.png 1024w, https:\/\/tlcmagazinemexico.com.mx\/wp-content\/uploads\/2025\/01\/Lic-Sthefani-Rusi-Castillo-01-300x109.png 300w, https:\/\/tlcmagazinemexico.com.mx\/wp-content\/uploads\/2025\/01\/Lic-Sthefani-Rusi-Castillo-01-768x279.png 768w, https:\/\/tlcmagazinemexico.com.mx\/wp-content\/uploads\/2025\/01\/Lic-Sthefani-Rusi-Castillo-01.png 1312w\" sizes=\"auto, (max-width: 750px) 100vw, 750px\" style=\"width:100%;height:36.36%;max-width:1312px\" \/>\t\t\t\t\t\t\t\t\t\t\t\t\t\t\t<\/div>\n\t\t\t\t<\/div>\n\t\t\t\t<section class=\"elementor-section elementor-inner-section elementor-element elementor-element-445bcf68 elementor-section-boxed elementor-section-height-default elementor-section-height-default\" data-id=\"445bcf68\" data-element_type=\"section\">\n\t\t\t\t\t\t<div class=\"elementor-container elementor-column-gap-default\">\n\t\t\t\t\t<div class=\"elementor-column elementor-col-50 elementor-inner-column elementor-element elementor-element-28d9fa35\" data-id=\"28d9fa35\" data-element_type=\"column\">\n\t\t\t<div class=\"elementor-widget-wrap elementor-element-populated\">\n\t\t\t\t\t\t\t\t<div class=\"elementor-element elementor-element-45ccff33 elementor-widget elementor-widget-heading\" data-id=\"45ccff33\" data-element_type=\"widget\" data-widget_type=\"heading.default\">\n\t\t\t\t<div class=\"elementor-widget-container\">\n\t\t\t<h2 class=\"elementor-heading-title elementor-size-default\">Compartir <\/h2>\t\t<\/div>\n\t\t\t\t<\/div>\n\t\t\t\t\t<\/div>\n\t\t<\/div>\n\t\t\t\t<div class=\"elementor-column elementor-col-50 elementor-inner-column elementor-element elementor-element-3d769423\" data-id=\"3d769423\" data-element_type=\"column\">\n\t\t\t<div class=\"elementor-widget-wrap elementor-element-populated\">\n\t\t\t\t\t\t\t\t<div class=\"elementor-element elementor-element-74e6158b elementor-share-buttons--view-icon elementor-share-buttons--skin-flat elementor-share-buttons--align-right elementor-share-buttons--color-custom elementor-share-buttons-mobile--align-center elementor-share-buttons--shape-square elementor-grid-0 elementor-widget elementor-widget-share-buttons\" data-id=\"74e6158b\" data-element_type=\"widget\" data-widget_type=\"share-buttons.default\">\n\t\t\t\t<div class=\"elementor-widget-container\">\n\t\t\t<link rel=\"stylesheet\" href=\"https:\/\/tlcmagazinemexico.com.mx\/wp-content\/plugins\/elementor-pro\/assets\/css\/widget-share-buttons.min.css\">\t\t<div class=\"elementor-grid\">\n\t\t\t\t\t\t\t\t<div class=\"elementor-grid-item\">\n\t\t\t\t\t\t<div\n\t\t\t\t\t\t\tclass=\"elementor-share-btn elementor-share-btn_facebook\"\n\t\t\t\t\t\t\trole=\"button\"\n\t\t\t\t\t\t\ttabindex=\"0\"\n\t\t\t\t\t\t\taria-label=\"Compartir en facebook\"\n\t\t\t\t\t\t>\n\t\t\t\t\t\t\t\t\t\t\t\t\t\t\t<span class=\"elementor-share-btn__icon\">\n\t\t\t\t\t\t\t\t<i class=\"fab fa-facebook\" aria-hidden=\"true\"><\/i>\t\t\t\t\t\t\t<\/span>\n\t\t\t\t\t\t\t\t\t\t\t\t\t\t\t\t\t\t\t\t<\/div>\n\t\t\t\t\t<\/div>\n\t\t\t\t\t\t\t\t\t<div class=\"elementor-grid-item\">\n\t\t\t\t\t\t<div\n\t\t\t\t\t\t\tclass=\"elementor-share-btn elementor-share-btn_linkedin\"\n\t\t\t\t\t\t\trole=\"button\"\n\t\t\t\t\t\t\ttabindex=\"0\"\n\t\t\t\t\t\t\taria-label=\"Compartir en linkedin\"\n\t\t\t\t\t\t>\n\t\t\t\t\t\t\t\t\t\t\t\t\t\t\t<span class=\"elementor-share-btn__icon\">\n\t\t\t\t\t\t\t\t<i class=\"fab fa-linkedin\" aria-hidden=\"true\"><\/i>\t\t\t\t\t\t\t<\/span>\n\t\t\t\t\t\t\t\t\t\t\t\t\t\t\t\t\t\t\t\t<\/div>\n\t\t\t\t\t<\/div>\n\t\t\t\t\t\t\t\t\t<div class=\"elementor-grid-item\">\n\t\t\t\t\t\t<div\n\t\t\t\t\t\t\tclass=\"elementor-share-btn elementor-share-btn_twitter\"\n\t\t\t\t\t\t\trole=\"button\"\n\t\t\t\t\t\t\ttabindex=\"0\"\n\t\t\t\t\t\t\taria-label=\"Compartir en twitter\"\n\t\t\t\t\t\t>\n\t\t\t\t\t\t\t\t\t\t\t\t\t\t\t<span class=\"elementor-share-btn__icon\">\n\t\t\t\t\t\t\t\t<i class=\"fab fa-twitter\" aria-hidden=\"true\"><\/i>\t\t\t\t\t\t\t<\/span>\n\t\t\t\t\t\t\t\t\t\t\t\t\t\t\t\t\t\t\t\t<\/div>\n\t\t\t\t\t<\/div>\n\t\t\t\t\t\t\t\t\t<div class=\"elementor-grid-item\">\n\t\t\t\t\t\t<div\n\t\t\t\t\t\t\tclass=\"elementor-share-btn elementor-share-btn_email\"\n\t\t\t\t\t\t\trole=\"button\"\n\t\t\t\t\t\t\ttabindex=\"0\"\n\t\t\t\t\t\t\taria-label=\"Compartir en email\"\n\t\t\t\t\t\t>\n\t\t\t\t\t\t\t\t\t\t\t\t\t\t\t<span class=\"elementor-share-btn__icon\">\n\t\t\t\t\t\t\t\t<i class=\"fas fa-envelope\" aria-hidden=\"true\"><\/i>\t\t\t\t\t\t\t<\/span>\n\t\t\t\t\t\t\t\t\t\t\t\t\t\t\t\t\t\t\t\t<\/div>\n\t\t\t\t\t<\/div>\n\t\t\t\t\t\t<\/div>\n\t\t\t\t<\/div>\n\t\t\t\t<\/div>\n\t\t\t\t\t<\/div>\n\t\t<\/div>\n\t\t\t\t\t\t\t<\/div>\n\t\t<\/section>\n\t\t\t\t\t<\/div>\n\t\t<\/div>\n\t\t\t\t<div class=\"elementor-column elementor-col-33 elementor-top-column elementor-element elementor-element-3dae4cc1\" data-id=\"3dae4cc1\" data-element_type=\"column\">\n\t\t\t<div class=\"elementor-widget-wrap\">\n\t\t\t\t\t\t\t\t\t<\/div>\n\t\t<\/div>\n\t\t\t\t<div class=\"elementor-column elementor-col-33 elementor-top-column elementor-element elementor-element-32414c6e\" data-id=\"32414c6e\" data-element_type=\"column\">\n\t\t\t<div class=\"elementor-widget-wrap elementor-element-populated\">\n\t\t\t\t\t\t\t\t<div class=\"elementor-element elementor-element-650215f2 elementor-grid-1 elementor-posts--align-center elementor-posts__hover-none elementor-widget__width-inherit elementor-absolute elementor-grid-tablet-2 elementor-grid-mobile-1 elementor-posts--thumbnail-top elementor-card-shadow-yes elementor-widget elementor-widget-posts\" data-id=\"650215f2\" data-element_type=\"widget\" data-settings=\"{&quot;cards_columns&quot;:&quot;1&quot;,&quot;cards_row_gap&quot;:{&quot;unit&quot;:&quot;px&quot;,&quot;size&quot;:&quot;30&quot;,&quot;sizes&quot;:[]},&quot;_position&quot;:&quot;absolute&quot;,&quot;cards_columns_tablet&quot;:&quot;2&quot;,&quot;cards_columns_mobile&quot;:&quot;1&quot;,&quot;cards_row_gap_tablet&quot;:{&quot;unit&quot;:&quot;px&quot;,&quot;size&quot;:&quot;&quot;,&quot;sizes&quot;:[]},&quot;cards_row_gap_mobile&quot;:{&quot;unit&quot;:&quot;px&quot;,&quot;size&quot;:&quot;&quot;,&quot;sizes&quot;:[]}}\" data-widget_type=\"posts.cards\">\n\t\t\t\t<div class=\"elementor-widget-container\">\n\t\t\t<link rel=\"stylesheet\" href=\"https:\/\/tlcmagazinemexico.com.mx\/wp-content\/plugins\/elementor-pro\/assets\/css\/widget-posts.min.css\">\t\t<div class=\"elementor-posts-container elementor-posts elementor-posts--skin-cards elementor-grid\">\n\t\t\t\t<article class=\"elementor-post elementor-grid-item post-437 post type-post status-publish format-standard has-post-thumbnail hentry category-edicion-42 entry\">\n\t\t\t<div class=\"elementor-post__card\">\n\t\t\t\t<a class=\"elementor-post__thumbnail__link\" href=\"https:\/\/tlcmagazinemexico.com.mx\/index.php\/2023\/04\/06\/relaciones-comerciales-entre-mexico-y-australia-importancia-y-trascendencia\/\" ><div class=\"elementor-post__thumbnail\"><img loading=\"lazy\" decoding=\"async\" width=\"939\" height=\"626\" src=\"https:\/\/tlcmagazinemexico.com.mx\/wp-content\/uploads\/2023\/04\/Portadas-42-Web-P2_Art.-8-1.png\" class=\"attachment-full size-full wp-image-439\" alt=\"\" srcset=\"https:\/\/tlcmagazinemexico.com.mx\/wp-content\/uploads\/2023\/04\/Portadas-42-Web-P2_Art.-8-1.png 939w, https:\/\/tlcmagazinemexico.com.mx\/wp-content\/uploads\/2023\/04\/Portadas-42-Web-P2_Art.-8-1-300x200.png 300w, https:\/\/tlcmagazinemexico.com.mx\/wp-content\/uploads\/2023\/04\/Portadas-42-Web-P2_Art.-8-1-768x512.png 768w\" sizes=\"auto, (max-width: 939px) 100vw, 939px\" style=\"width:100%;height:66.67%;max-width:939px;\" \/><\/div><\/a>\n\t\t\t\t<div class=\"elementor-post__text\">\n\t\t\t\t<h1 class=\"elementor-post__title\">\n\t\t\t<a href=\"https:\/\/tlcmagazinemexico.com.mx\/index.php\/2023\/04\/06\/relaciones-comerciales-entre-mexico-y-australia-importancia-y-trascendencia\/\" >\n\t\t\t\tRelaciones comerciales entre M\u00e9xico y Australia, importancia y trascendencia\t\t\t<\/a>\n\t\t<\/h1>\n\t\t\t\t<div class=\"elementor-post__excerpt\">\n\t\t\t<p>En el presente art\u00edculo se tendr\u00e1 la oportunidad de examinar la importancia de las relaciones comerciales que existen, entre M\u00e9xico y Australia, relaciones que en<\/p>\n\t\t<\/div>\n\t\t\n\t\t<a class=\"elementor-post__read-more\" href=\"https:\/\/tlcmagazinemexico.com.mx\/index.php\/2023\/04\/06\/relaciones-comerciales-entre-mexico-y-australia-importancia-y-trascendencia\/\" aria-label=\"Read more about Relaciones comerciales entre M\u00e9xico y Australia, importancia y trascendencia\" >\n\t\t\tLeer m\u00e1s \u00bb\t\t<\/a>\n\n\t\t\t\t<\/div>\n\t\t\t\t\t<\/div>\n\t\t<\/article>\n\t\t\t\t<article class=\"elementor-post elementor-grid-item post-427 post type-post status-publish format-standard has-post-thumbnail hentry category-edicion-42 entry\">\n\t\t\t<div class=\"elementor-post__card\">\n\t\t\t\t<a class=\"elementor-post__thumbnail__link\" href=\"https:\/\/tlcmagazinemexico.com.mx\/index.php\/2023\/04\/06\/las-relaciones-comerciales-entre-mexico-y-espana-importancia-y-trascendencia\/\" ><div class=\"elementor-post__thumbnail\"><img loading=\"lazy\" decoding=\"async\" width=\"939\" height=\"626\" src=\"https:\/\/tlcmagazinemexico.com.mx\/wp-content\/uploads\/2023\/04\/Portadas-42-Web-P2_Art.-7-1.png\" class=\"attachment-full size-full wp-image-428\" alt=\"\" srcset=\"https:\/\/tlcmagazinemexico.com.mx\/wp-content\/uploads\/2023\/04\/Portadas-42-Web-P2_Art.-7-1.png 939w, https:\/\/tlcmagazinemexico.com.mx\/wp-content\/uploads\/2023\/04\/Portadas-42-Web-P2_Art.-7-1-300x200.png 300w, https:\/\/tlcmagazinemexico.com.mx\/wp-content\/uploads\/2023\/04\/Portadas-42-Web-P2_Art.-7-1-768x512.png 768w\" sizes=\"auto, (max-width: 939px) 100vw, 939px\" style=\"width:100%;height:66.67%;max-width:939px;\" \/><\/div><\/a>\n\t\t\t\t<div class=\"elementor-post__text\">\n\t\t\t\t<h1 class=\"elementor-post__title\">\n\t\t\t<a href=\"https:\/\/tlcmagazinemexico.com.mx\/index.php\/2023\/04\/06\/las-relaciones-comerciales-entre-mexico-y-espana-importancia-y-trascendencia\/\" >\n\t\t\t\tLas relaciones comerciales entre M\u00e9xico y Espa\u00f1a, importancia y trascendencia\t\t\t<\/a>\n\t\t<\/h1>\n\t\t\t\t<div class=\"elementor-post__excerpt\">\n\t\t\t<p>Por medio del presente art\u00edculo, se tendr\u00e1 la oportunidad de examinar las relaciones comerciales existentes entre dos pa\u00edses en los cuales existen fuertes v\u00ednculos hist\u00f3ricos,<\/p>\n\t\t<\/div>\n\t\t\n\t\t<a class=\"elementor-post__read-more\" href=\"https:\/\/tlcmagazinemexico.com.mx\/index.php\/2023\/04\/06\/las-relaciones-comerciales-entre-mexico-y-espana-importancia-y-trascendencia\/\" aria-label=\"Read more about Las relaciones comerciales entre M\u00e9xico y Espa\u00f1a, importancia y trascendencia\" >\n\t\t\tLeer m\u00e1s \u00bb\t\t<\/a>\n\n\t\t\t\t<\/div>\n\t\t\t\t\t<\/div>\n\t\t<\/article>\n\t\t\t\t<article class=\"elementor-post elementor-grid-item post-420 post type-post status-publish format-standard has-post-thumbnail hentry category-edicion-42 entry\">\n\t\t\t<div class=\"elementor-post__card\">\n\t\t\t\t<a class=\"elementor-post__thumbnail__link\" href=\"https:\/\/tlcmagazinemexico.com.mx\/index.php\/2023\/04\/06\/oro-azul-el-motivo-de-guerra-para-el-proximo-siglo\/\" ><div class=\"elementor-post__thumbnail\"><img loading=\"lazy\" decoding=\"async\" width=\"939\" height=\"626\" src=\"https:\/\/tlcmagazinemexico.com.mx\/wp-content\/uploads\/2023\/04\/Portadas-42-Web-P2_Art.-6-1.png\" class=\"attachment-full size-full wp-image-422\" alt=\"\" srcset=\"https:\/\/tlcmagazinemexico.com.mx\/wp-content\/uploads\/2023\/04\/Portadas-42-Web-P2_Art.-6-1.png 939w, https:\/\/tlcmagazinemexico.com.mx\/wp-content\/uploads\/2023\/04\/Portadas-42-Web-P2_Art.-6-1-300x200.png 300w, https:\/\/tlcmagazinemexico.com.mx\/wp-content\/uploads\/2023\/04\/Portadas-42-Web-P2_Art.-6-1-768x512.png 768w\" sizes=\"auto, (max-width: 939px) 100vw, 939px\" style=\"width:100%;height:66.67%;max-width:939px;\" \/><\/div><\/a>\n\t\t\t\t<div class=\"elementor-post__text\">\n\t\t\t\t<h1 class=\"elementor-post__title\">\n\t\t\t<a href=\"https:\/\/tlcmagazinemexico.com.mx\/index.php\/2023\/04\/06\/oro-azul-el-motivo-de-guerra-para-el-proximo-siglo\/\" >\n\t\t\t\tOro azul: El motivo de guerra para el pr\u00f3ximo siglo\t\t\t<\/a>\n\t\t<\/h1>\n\t\t\t\t<div class=\"elementor-post__excerpt\">\n\t\t\t<p>Me referir\u00e9 en esta ocasi\u00f3n al oro azul como recurso natural: el agua, debido al alto valor que mantiene actualmente y su similitud al mismo<\/p>\n\t\t<\/div>\n\t\t\n\t\t<a class=\"elementor-post__read-more\" href=\"https:\/\/tlcmagazinemexico.com.mx\/index.php\/2023\/04\/06\/oro-azul-el-motivo-de-guerra-para-el-proximo-siglo\/\" aria-label=\"Read more about Oro azul: El motivo de guerra para el pr\u00f3ximo siglo\" >\n\t\t\tLeer m\u00e1s \u00bb\t\t<\/a>\n\n\t\t\t\t<\/div>\n\t\t\t\t\t<\/div>\n\t\t<\/article>\n\t\t\t\t<article class=\"elementor-post elementor-grid-item post-403 post type-post status-publish format-standard has-post-thumbnail hentry category-edicion-42 entry\">\n\t\t\t<div class=\"elementor-post__card\">\n\t\t\t\t<a class=\"elementor-post__thumbnail__link\" href=\"https:\/\/tlcmagazinemexico.com.mx\/index.php\/2023\/04\/05\/el-manejo-del-riesgo-en-elcomercio-internacional\/\" ><div class=\"elementor-post__thumbnail\"><img loading=\"lazy\" decoding=\"async\" width=\"939\" height=\"626\" src=\"https:\/\/tlcmagazinemexico.com.mx\/wp-content\/uploads\/2023\/04\/Portadas-42-Web_Art.-4-1.png\" class=\"attachment-full size-full wp-image-404\" alt=\"\" srcset=\"https:\/\/tlcmagazinemexico.com.mx\/wp-content\/uploads\/2023\/04\/Portadas-42-Web_Art.-4-1.png 939w, https:\/\/tlcmagazinemexico.com.mx\/wp-content\/uploads\/2023\/04\/Portadas-42-Web_Art.-4-1-300x200.png 300w, https:\/\/tlcmagazinemexico.com.mx\/wp-content\/uploads\/2023\/04\/Portadas-42-Web_Art.-4-1-768x512.png 768w\" sizes=\"auto, (max-width: 939px) 100vw, 939px\" style=\"width:100%;height:66.67%;max-width:939px;\" \/><\/div><\/a>\n\t\t\t\t<div class=\"elementor-post__text\">\n\t\t\t\t<h1 class=\"elementor-post__title\">\n\t\t\t<a href=\"https:\/\/tlcmagazinemexico.com.mx\/index.php\/2023\/04\/05\/el-manejo-del-riesgo-en-elcomercio-internacional\/\" >\n\t\t\t\tEl manejo del riesgo en el comercio internacional\t\t\t<\/a>\n\t\t<\/h1>\n\t\t\t\t<div class=\"elementor-post__excerpt\">\n\t\t\t<p>En el mundo de los negocios el RIESGO es un elemento siempre presente. No es posible, y tal vez ni siquiera deseable \u201chuir\u201d de este.<\/p>\n\t\t<\/div>\n\t\t\n\t\t<a class=\"elementor-post__read-more\" href=\"https:\/\/tlcmagazinemexico.com.mx\/index.php\/2023\/04\/05\/el-manejo-del-riesgo-en-elcomercio-internacional\/\" aria-label=\"Read more about El manejo del riesgo en el comercio internacional\" >\n\t\t\tLeer m\u00e1s \u00bb\t\t<\/a>\n\n\t\t\t\t<\/div>\n\t\t\t\t\t<\/div>\n\t\t<\/article>\n\t\t\t\t<article class=\"elementor-post elementor-grid-item post-393 post type-post status-publish format-standard has-post-thumbnail hentry category-edicion-42 entry\">\n\t\t\t<div class=\"elementor-post__card\">\n\t\t\t\t<a class=\"elementor-post__thumbnail__link\" href=\"https:\/\/tlcmagazinemexico.com.mx\/index.php\/2023\/04\/05\/oportunidades-que-favorecen-el-desarrollo-del-comercio-internacional-en-mexico\/\" ><div class=\"elementor-post__thumbnail\"><img loading=\"lazy\" decoding=\"async\" width=\"939\" height=\"626\" src=\"https:\/\/tlcmagazinemexico.com.mx\/wp-content\/uploads\/2023\/04\/Portadas-42-Web_Art.-3-1.png\" class=\"attachment-full size-full wp-image-394\" alt=\"\" srcset=\"https:\/\/tlcmagazinemexico.com.mx\/wp-content\/uploads\/2023\/04\/Portadas-42-Web_Art.-3-1.png 939w, https:\/\/tlcmagazinemexico.com.mx\/wp-content\/uploads\/2023\/04\/Portadas-42-Web_Art.-3-1-300x200.png 300w, https:\/\/tlcmagazinemexico.com.mx\/wp-content\/uploads\/2023\/04\/Portadas-42-Web_Art.-3-1-768x512.png 768w\" sizes=\"auto, (max-width: 939px) 100vw, 939px\" style=\"width:100%;height:66.67%;max-width:939px;\" \/><\/div><\/a>\n\t\t\t\t<div class=\"elementor-post__text\">\n\t\t\t\t<h1 class=\"elementor-post__title\">\n\t\t\t<a href=\"https:\/\/tlcmagazinemexico.com.mx\/index.php\/2023\/04\/05\/oportunidades-que-favorecen-el-desarrollo-del-comercio-internacional-en-mexico\/\" >\n\t\t\t\tOportunidades que favorecen el desarrollo del Comercio Internacional en M\u00e9xico\t\t\t<\/a>\n\t\t<\/h1>\n\t\t\t\t<div class=\"elementor-post__excerpt\">\n\t\t\t<p>M\u00e9xico es un pa\u00eds atractivo para la inversi\u00f3n extranjera debido a su posici\u00f3n estrat\u00e9gica y su poblaci\u00f3n joven, adem\u00e1s de que somos un pa\u00eds consumista<\/p>\n\t\t<\/div>\n\t\t\n\t\t<a class=\"elementor-post__read-more\" href=\"https:\/\/tlcmagazinemexico.com.mx\/index.php\/2023\/04\/05\/oportunidades-que-favorecen-el-desarrollo-del-comercio-internacional-en-mexico\/\" aria-label=\"Read more about Oportunidades que favorecen el desarrollo del Comercio Internacional en M\u00e9xico\" >\n\t\t\tLeer m\u00e1s \u00bb\t\t<\/a>\n\n\t\t\t\t<\/div>\n\t\t\t\t\t<\/div>\n\t\t<\/article>\n\t\t\t\t<article class=\"elementor-post elementor-grid-item post-379 post type-post status-publish format-standard has-post-thumbnail hentry category-edicion-42 entry\">\n\t\t\t<div class=\"elementor-post__card\">\n\t\t\t\t<a class=\"elementor-post__thumbnail__link\" href=\"https:\/\/tlcmagazinemexico.com.mx\/index.php\/2023\/04\/05\/cumplimiento-de-las-disposiciones-aduaneras-en-el-dictamen-fiscal\/\" ><div class=\"elementor-post__thumbnail\"><img loading=\"lazy\" decoding=\"async\" width=\"939\" height=\"626\" src=\"https:\/\/tlcmagazinemexico.com.mx\/wp-content\/uploads\/2023\/04\/Portadas-42-Web_Art.-2-1.png\" class=\"attachment-full size-full wp-image-380\" alt=\"\" srcset=\"https:\/\/tlcmagazinemexico.com.mx\/wp-content\/uploads\/2023\/04\/Portadas-42-Web_Art.-2-1.png 939w, https:\/\/tlcmagazinemexico.com.mx\/wp-content\/uploads\/2023\/04\/Portadas-42-Web_Art.-2-1-300x200.png 300w, https:\/\/tlcmagazinemexico.com.mx\/wp-content\/uploads\/2023\/04\/Portadas-42-Web_Art.-2-1-768x512.png 768w\" sizes=\"auto, (max-width: 939px) 100vw, 939px\" style=\"width:100%;height:66.67%;max-width:939px;\" \/><\/div><\/a>\n\t\t\t\t<div class=\"elementor-post__text\">\n\t\t\t\t<h1 class=\"elementor-post__title\">\n\t\t\t<a href=\"https:\/\/tlcmagazinemexico.com.mx\/index.php\/2023\/04\/05\/cumplimiento-de-las-disposiciones-aduaneras-en-el-dictamen-fiscal\/\" >\n\t\t\t\tCumplimiento de las disposiciones aduaneras en el Dictamen Fiscal\t\t\t<\/a>\n\t\t<\/h1>\n\t\t\t\t<div class=\"elementor-post__excerpt\">\n\t\t\t<p>En el a\u00f1o 2023 se aplicar\u00e1n cambios relevantes en materia de presentaci\u00f3n de los \u201cdict\u00e1menes de los estados financieros\u201d, los cuales tienen relaci\u00f3n con la<\/p>\n\t\t<\/div>\n\t\t\n\t\t<a class=\"elementor-post__read-more\" href=\"https:\/\/tlcmagazinemexico.com.mx\/index.php\/2023\/04\/05\/cumplimiento-de-las-disposiciones-aduaneras-en-el-dictamen-fiscal\/\" aria-label=\"Read more about Cumplimiento de las disposiciones aduaneras en el Dictamen Fiscal\" >\n\t\t\tLeer m\u00e1s \u00bb\t\t<\/a>\n\n\t\t\t\t<\/div>\n\t\t\t\t\t<\/div>\n\t\t<\/article>\n\t\t\t\t<article class=\"elementor-post elementor-grid-item post-364 post type-post status-publish format-standard has-post-thumbnail hentry category-edicion-42 entry\">\n\t\t\t<div class=\"elementor-post__card\">\n\t\t\t\t<a class=\"elementor-post__thumbnail__link\" href=\"https:\/\/tlcmagazinemexico.com.mx\/index.php\/2023\/04\/05\/anzcerta-australia-y-nueva-zelanda\/\" ><div class=\"elementor-post__thumbnail\"><img loading=\"lazy\" decoding=\"async\" width=\"939\" height=\"626\" src=\"https:\/\/tlcmagazinemexico.com.mx\/wp-content\/uploads\/2023\/04\/Portadas-42-Web_Art.-1-1.png\" class=\"attachment-full size-full wp-image-365\" alt=\"\" srcset=\"https:\/\/tlcmagazinemexico.com.mx\/wp-content\/uploads\/2023\/04\/Portadas-42-Web_Art.-1-1.png 939w, https:\/\/tlcmagazinemexico.com.mx\/wp-content\/uploads\/2023\/04\/Portadas-42-Web_Art.-1-1-300x200.png 300w, https:\/\/tlcmagazinemexico.com.mx\/wp-content\/uploads\/2023\/04\/Portadas-42-Web_Art.-1-1-768x512.png 768w\" sizes=\"auto, (max-width: 939px) 100vw, 939px\" style=\"width:100%;height:66.67%;max-width:939px;\" \/><\/div><\/a>\n\t\t\t\t<div class=\"elementor-post__text\">\n\t\t\t\t<h1 class=\"elementor-post__title\">\n\t\t\t<a href=\"https:\/\/tlcmagazinemexico.com.mx\/index.php\/2023\/04\/05\/anzcerta-australia-y-nueva-zelanda\/\" >\n\t\t\t\tAnzcerta Australia y Nueva Zelanda\t\t\t<\/a>\n\t\t<\/h1>\n\t\t\t\t<div class=\"elementor-post__excerpt\">\n\t\t\t<p>Desde que Estados Unidos mostr\u00f3 inter\u00e9s en Ocean\u00eda para asociarse comercialmente con los pa\u00edses de la regi\u00f3n y enfrentar el expansionismo de China y sus<\/p>\n\t\t<\/div>\n\t\t\n\t\t<a class=\"elementor-post__read-more\" href=\"https:\/\/tlcmagazinemexico.com.mx\/index.php\/2023\/04\/05\/anzcerta-australia-y-nueva-zelanda\/\" aria-label=\"Read more about Anzcerta Australia y Nueva Zelanda\" >\n\t\t\tLeer m\u00e1s \u00bb\t\t<\/a>\n\n\t\t\t\t<\/div>\n\t\t\t\t\t<\/div>\n\t\t<\/article>\n\t\t\t\t<\/div>\n\t\t\n\t\t\t\t<\/div>\n\t\t\t\t<\/div>\n\t\t\t\t\t<\/div>\n\t\t<\/div>\n\t\t\t\t\t\t\t<\/div>\n\t\t<\/section>\n\t\t\t\t\t\t\t<\/div>\n\t\t","protected":false},"excerpt":{"rendered":"<p>Para los fines del presente art\u00edculo, se tomar\u00e1n como referencia los elementos esenciales que forman parte de la econom\u00eda colombiana y mexicana respecto al sector de las Micro, Peque\u00f1as y Medianas Empresas (MiPyMES) con el fin de establecer los mecanismos de inclusi\u00f3n que fomentan los Estados para hacerlos part\u00edcipes en la vocaci\u00f3n exportadora y posteriormente&hellip; <a class=\"more-link\" href=\"https:\/\/tlcmagazinemexico.com.mx\/index.php\/2023\/04\/05\/anzcerta-australia-y-nueva-zelanda\/\">Seguir leyendo <span class=\"screen-reader-text\">Anzcerta Australia y Nueva Zelanda<\/span><\/a><\/p>\n","protected":false},"author":3,"featured_media":13599,"comment_status":"open","ping_status":"open","sticky":false,"template":"elementor_header_footer","format":"standard","meta":{"_monsterinsights_skip_tracking":false,"_monsterinsights_sitenote_active":false,"_monsterinsights_sitenote_note":"","_monsterinsights_sitenote_category":0,"footnotes":""},"categories":[45],"tags":[],"class_list":["post-13615","post","type-post","status-publish","format-standard","has-post-thumbnail","hentry","category-edicion-20","entry"],"views":1144,"_links":{"self":[{"href":"https:\/\/tlcmagazinemexico.com.mx\/index.php\/wp-json\/wp\/v2\/posts\/13615","targetHints":{"allow":["GET"]}}],"collection":[{"href":"https:\/\/tlcmagazinemexico.com.mx\/index.php\/wp-json\/wp\/v2\/posts"}],"about":[{"href":"https:\/\/tlcmagazinemexico.com.mx\/index.php\/wp-json\/wp\/v2\/types\/post"}],"author":[{"embeddable":true,"href":"https:\/\/tlcmagazinemexico.com.mx\/index.php\/wp-json\/wp\/v2\/users\/3"}],"replies":[{"embeddable":true,"href":"https:\/\/tlcmagazinemexico.com.mx\/index.php\/wp-json\/wp\/v2\/comments?post=13615"}],"version-history":[{"count":4,"href":"https:\/\/tlcmagazinemexico.com.mx\/index.php\/wp-json\/wp\/v2\/posts\/13615\/revisions"}],"predecessor-version":[{"id":13619,"href":"https:\/\/tlcmagazinemexico.com.mx\/index.php\/wp-json\/wp\/v2\/posts\/13615\/revisions\/13619"}],"wp:featuredmedia":[{"embeddable":true,"href":"https:\/\/tlcmagazinemexico.com.mx\/index.php\/wp-json\/wp\/v2\/media\/13599"}],"wp:attachment":[{"href":"https:\/\/tlcmagazinemexico.com.mx\/index.php\/wp-json\/wp\/v2\/media?parent=13615"}],"wp:term":[{"taxonomy":"category","embeddable":true,"href":"https:\/\/tlcmagazinemexico.com.mx\/index.php\/wp-json\/wp\/v2\/categories?post=13615"},{"taxonomy":"post_tag","embeddable":true,"href":"https:\/\/tlcmagazinemexico.com.mx\/index.php\/wp-json\/wp\/v2\/tags?post=13615"}],"curies":[{"name":"wp","href":"https:\/\/api.w.org\/{rel}","templated":true}]}}