{"id":12490,"date":"2025-01-21T05:30:16","date_gmt":"2025-01-21T05:30:16","guid":{"rendered":"https:\/\/tlcmagazinemexico.com.mx\/?p=12490"},"modified":"2025-01-21T05:36:07","modified_gmt":"2025-01-21T05:36:07","slug":"el-comercio-internacional-de-servicios","status":"publish","type":"post","link":"https:\/\/tlcmagazinemexico.com.mx\/index.php\/2025\/01\/21\/el-comercio-internacional-de-servicios\/","title":{"rendered":"El comercio internacional de servicios"},"content":{"rendered":"\t\t<div data-elementor-type=\"wp-post\" data-elementor-id=\"12490\" class=\"elementor elementor-12490\">\n\t\t\t\t\t\t\t\t\t<section class=\"elementor-section elementor-top-section elementor-element elementor-element-43323eb2 elementor-section-boxed elementor-section-height-default elementor-section-height-default\" data-id=\"43323eb2\" data-element_type=\"section\">\n\t\t\t\t\t\t<div class=\"elementor-container elementor-column-gap-default\">\n\t\t\t\t\t<div class=\"elementor-column elementor-col-33 elementor-top-column elementor-element elementor-element-633ef757\" data-id=\"633ef757\" data-element_type=\"column\">\n\t\t\t<div class=\"elementor-widget-wrap elementor-element-populated\">\n\t\t\t\t\t\t\t\t<div class=\"elementor-element elementor-element-6e79289e elementor-widget elementor-widget-theme-post-featured-image elementor-widget-image\" data-id=\"6e79289e\" data-element_type=\"widget\" data-widget_type=\"theme-post-featured-image.default\">\n\t\t\t\t<div class=\"elementor-widget-container\">\n\t\t\t<style>\/*! elementor - v3.12.0 - 29-03-2023 *\/\n.elementor-widget-image{text-align:center}.elementor-widget-image a{display:inline-block}.elementor-widget-image a img[src$=\".svg\"]{width:48px}.elementor-widget-image img{vertical-align:middle;display:inline-block}<\/style>\t\t\t\t\t\t\t\t\t\t\t\t<img loading=\"lazy\" decoding=\"async\" width=\"750\" height=\"500\" src=\"https:\/\/tlcmagazinemexico.com.mx\/wp-content\/uploads\/2025\/01\/Web-35_Art.-1.png\" class=\"attachment-large size-large wp-image-12487\" alt=\"\" srcset=\"https:\/\/tlcmagazinemexico.com.mx\/wp-content\/uploads\/2025\/01\/Web-35_Art.-1.png 939w, https:\/\/tlcmagazinemexico.com.mx\/wp-content\/uploads\/2025\/01\/Web-35_Art.-1-300x200.png 300w, https:\/\/tlcmagazinemexico.com.mx\/wp-content\/uploads\/2025\/01\/Web-35_Art.-1-768x512.png 768w\" sizes=\"auto, (max-width: 750px) 100vw, 750px\" style=\"width:100%;height:66.67%;max-width:939px\" \/>\t\t\t\t\t\t\t\t\t\t\t\t\t\t\t<\/div>\n\t\t\t\t<\/div>\n\t\t\t\t<div class=\"elementor-element elementor-element-2ccfa94c elementor-widget elementor-widget-spacer\" data-id=\"2ccfa94c\" data-element_type=\"widget\" data-widget_type=\"spacer.default\">\n\t\t\t\t<div class=\"elementor-widget-container\">\n\t\t\t<style>\/*! elementor - v3.12.0 - 29-03-2023 *\/\n.elementor-column .elementor-spacer-inner{height:var(--spacer-size)}.e-con{--container-widget-width:100%}.e-con-inner>.elementor-widget-spacer,.e-con>.elementor-widget-spacer{width:var(--container-widget-width,var(--spacer-size));--align-self:var(--container-widget-align-self,initial);--flex-shrink:0}.e-con-inner>.elementor-widget-spacer>.elementor-widget-container,.e-con-inner>.elementor-widget-spacer>.elementor-widget-container>.elementor-spacer,.e-con>.elementor-widget-spacer>.elementor-widget-container,.e-con>.elementor-widget-spacer>.elementor-widget-container>.elementor-spacer{height:100%}.e-con-inner>.elementor-widget-spacer>.elementor-widget-container>.elementor-spacer>.elementor-spacer-inner,.e-con>.elementor-widget-spacer>.elementor-widget-container>.elementor-spacer>.elementor-spacer-inner{height:var(--container-widget-height,var(--spacer-size))}<\/style>\t\t<div class=\"elementor-spacer\">\n\t\t\t<div class=\"elementor-spacer-inner\"><\/div>\n\t\t<\/div>\n\t\t\t\t<\/div>\n\t\t\t\t<\/div>\n\t\t\t\t<div class=\"elementor-element elementor-element-6a58e222 elementor-widget elementor-widget-theme-post-title elementor-page-title elementor-widget-heading\" data-id=\"6a58e222\" data-element_type=\"widget\" data-widget_type=\"theme-post-title.default\">\n\t\t\t\t<div class=\"elementor-widget-container\">\n\t\t\t<style>\/*! elementor - v3.12.0 - 29-03-2023 *\/\n.elementor-heading-title{padding:0;margin:0;line-height:1}.elementor-widget-heading .elementor-heading-title[class*=elementor-size-]>a{color:inherit;font-size:inherit;line-height:inherit}.elementor-widget-heading .elementor-heading-title.elementor-size-small{font-size:15px}.elementor-widget-heading .elementor-heading-title.elementor-size-medium{font-size:19px}.elementor-widget-heading .elementor-heading-title.elementor-size-large{font-size:29px}.elementor-widget-heading .elementor-heading-title.elementor-size-xl{font-size:39px}.elementor-widget-heading .elementor-heading-title.elementor-size-xxl{font-size:59px}<\/style><h1 class=\"elementor-heading-title elementor-size-default\">El comercio internacional de servicios<\/h1>\t\t<\/div>\n\t\t\t\t<\/div>\n\t\t\t\t<div class=\"elementor-element elementor-element-66c2f9db elementor-widget elementor-widget-text-editor\" data-id=\"66c2f9db\" data-element_type=\"widget\" data-widget_type=\"text-editor.default\">\n\t\t\t\t<div class=\"elementor-widget-container\">\n\t\t\t<style>\/*! elementor - v3.12.0 - 29-03-2023 *\/\n.elementor-widget-text-editor.elementor-drop-cap-view-stacked .elementor-drop-cap{background-color:#69727d;color:#fff}.elementor-widget-text-editor.elementor-drop-cap-view-framed .elementor-drop-cap{color:#69727d;border:3px solid;background-color:transparent}.elementor-widget-text-editor:not(.elementor-drop-cap-view-default) .elementor-drop-cap{margin-top:8px}.elementor-widget-text-editor:not(.elementor-drop-cap-view-default) .elementor-drop-cap-letter{width:1em;height:1em}.elementor-widget-text-editor .elementor-drop-cap{float:left;text-align:center;line-height:1;font-size:50px}.elementor-widget-text-editor .elementor-drop-cap-letter{display:inline-block}<\/style>\t\t\t\t<p><span style=\"font-weight: 400;\">La palabra servicio proviene de servir que significa hacer algo a petici\u00f3n o para utilidad de otro, por lo que es una conducta y no una cosa, y por ello, los servicios se colocan en el \u00e1mbito intangible o incorp\u00f3reo.\u00a0<\/span><\/p>\n<p><span style=\"font-weight: 400;\">\u00a0<\/span><\/p>\n<p><span style=\"font-weight: 400;\">El comercio de servicios fue caracterizado por art\u00edculo I. 2 del Acuerdo General sobre el Comercio de Servicios, (GATS) que forma parte del Acuerdo que estableci\u00f3 la Organizaci\u00f3n Mundial del Comercio (OMC), firmado el 15 de abril de 1994, el cual se\u00f1al\u00f3 que existen cuatro modos de prestar los servicios:<\/span><\/p>\n<p><span style=\"font-weight: 400;\">\u00a0<\/span><\/p>\n<ol>\n<li style=\"font-weight: 400;\" aria-level=\"1\"><span style=\"font-weight: 400;\">Suministro transfronterizo, es el servicio que se suministra del territorio de un pa\u00eds al territorio de otro pa\u00eds.\u00a0<\/span><\/li>\n<li style=\"font-weight: 400;\" aria-level=\"1\"><span style=\"font-weight: 400;\">Consumo en el extranjero, es el suministro de servicios en el territorio de un pa\u00eds a un consumidor de servicios de otro pa\u00eds.\u00a0<\/span><\/li>\n<li style=\"font-weight: 400;\" aria-level=\"1\"><span style=\"font-weight: 400;\">Presencia comercial, es el servicio de un proveedor de un pa\u00eds mediante presencia comercial en otro pa\u00eds, el establecimiento de filiales o sucursales.<\/span><\/li>\n<li style=\"font-weight: 400;\" aria-level=\"1\"><span style=\"font-weight: 400;\">Movimiento de personas f\u00edsicas, es el servicio por un proveedor de un pa\u00eds mediante la presencia de personas f\u00edsicas en otro pa\u00eds, como los servicios t\u00e9cnicos.\u00a0\u00a0<\/span><\/li>\n<\/ol>\n<div><span style=\"font-family: -apple-system, BlinkMacSystemFont, Segoe UI, Roboto, Oxygen-Sans, Ubuntu, Cantarell, Helvetica Neue, sans-serif;\">\u00a0<\/span><\/div>\n<p><span style=\"font-weight: 400;\">No obstante que todos esos servicios no son mercanc\u00edas, algunos de ellos son objeto de la regulaci\u00f3n aduanera en los casos de transportaci\u00f3n a\u00e9rea o mar\u00edtima internacional y pasajeros internacionales que conducen o llevan consigo mercanc\u00edas al ingresar o salir del territorio nacional. La irrupci\u00f3n de las tecnolog\u00edas de la informaci\u00f3n y comunicaci\u00f3n (TIC), con el internet al frente, vino a transformar en poco tiempo el comercio de mercanc\u00edas y servicios apareciendo el comercio electr\u00f3nico o <\/span><i><span style=\"font-weight: 400;\">e-commerce<\/span><\/i><span style=\"font-weight: 400;\">.\u00a0<\/span><\/p>\n<p><span style=\"font-weight: 400;\">\u00a0<\/span><\/p>\n<p>\u00a0<\/p>\n<p><b>El comercio electr\u00f3nico\u00a0<\/b><\/p>\n<p>\u00a0<\/p>\n<p><span style=\"font-weight: 400;\">El avance tecnol\u00f3gico en materia de computadoras, programas de navegadores y aplicaciones (software) y de telecomunicaciones permiti\u00f3 construir todo un conjunto de redes interconectadas entre s\u00ed que empez\u00f3 a estar disponible finalizando el siglo XX, para utilizarse en las transacciones entre empresas. Las proyecciones sobre su evoluci\u00f3n fueron acertadas ya que durante los veinte a\u00f1os de este siglo ha mostrado impresionantes tasas de crecimiento, en valor y en volumen, tanto en operaciones entre empresas y gobiernos como por los consumidores.\u00a0<\/span><\/p>\n<p><span style=\"font-weight: 400;\">\u00a0<\/span><\/p>\n<p><span style=\"font-weight: 400;\">El comercio electr\u00f3nico puede consistir, hasta ahora, en alguna de las siguientes actividades econ\u00f3micas:<\/span><\/p>\n<ul>\n<li style=\"font-weight: 400;\" aria-level=\"1\"><span style=\"font-weight: 400;\">Suministro de los servicios de acceso a Internet.<\/span><\/li>\n<li style=\"font-weight: 400;\" aria-level=\"1\"><span style=\"font-weight: 400;\">La compraventa de bienes y servicios a trav\u00e9s del internet, con la entrega posterior de los mismos en forma no electr\u00f3nica.<\/span><\/li>\n<li style=\"font-weight: 400;\" aria-level=\"1\"><span style=\"font-weight: 400;\">Disponibilidad de una plataforma, conocidos como apps, para la distribuci\u00f3n de bienes y servicios, con la entrega posterior de los mismos en forma no electr\u00f3nica.<\/span><\/li>\n<li style=\"font-weight: 400;\" aria-level=\"1\"><span style=\"font-weight: 400;\">El suministro de bienes y servicios a trav\u00e9s de medios electr\u00f3nicos, como libros, m\u00fasica, pel\u00edculas, programas de c\u00f3mputo, bases de datos y dise\u00f1os para impresi\u00f3n 3D.<\/span><\/li>\n<\/ul>\n<div><span style=\"font-family: -apple-system, BlinkMacSystemFont, Segoe UI, Roboto, Oxygen-Sans, Ubuntu, Cantarell, Helvetica Neue, sans-serif;\">\u00a0<\/span><\/div>\n<p><span style=\"font-weight: 400;\">En cuanto a su regulaci\u00f3n comercial internacional, en la Segunda Conferencia Ministerial de la OMC se acord\u00f3 la Declaraci\u00f3n sobre el Comercio Electr\u00f3nico Mundial de 20 de mayo de 1998 estableciendo que: 1) el Consejo General establezca un programa de trabajo amplio para examinar todas las cuestiones relacionadas con el comercio electr\u00f3nico mundial y 2) declaran que los Miembros mantendr\u00e1n su pr\u00e1ctica actual de no imponer derechos de aduana a las transmisiones electr\u00f3nicas (que se le ha conocido como la <\/span><i><span style=\"font-weight: 400;\">moratoria<\/span><\/i><span style=\"font-weight: 400;\">).<\/span><\/p>\n<p><span style=\"font-weight: 400;\">\u00a0<\/span><\/p>\n<p><span style=\"font-weight: 400;\">El programa de trabajo fue aprobado por el Consejo General el 25 de septiembre de 1998, una de cuyas disposiciones m\u00e1s importantes (1.3.) fue la definici\u00f3n del comercio electr\u00f3nico como \u201cla producci\u00f3n, distribuci\u00f3n, comercializaci\u00f3n, venta o entrega de bienes y servicios por medios electr\u00f3nicos\u201d la cual es m\u00e1s extensa que la de otros organismos (OCDE).\u00a0<\/span><\/p>\n<p><span style=\"font-weight: 400;\">\u00a0<\/span><\/p>\n<p><span style=\"font-weight: 400;\">Desde aquel entonces, los informes anuales del Consejo han reflejado enormes y distantes puntos de vista e incluso de entendimiento sobre el fen\u00f3meno y sus consecuencias, empezando porque no hay consenso si se trata de servicios o de mercanc\u00edas y en consecuencia s\u00ed debe ser regulado por el GATS o por el GATT.\u00a0<\/span><\/p>\n<p><span style=\"font-weight: 400;\">\u00a0<\/span><\/p>\n<p><span style=\"font-weight: 400;\">En cuanto a la moratoria, se ha venido prorrogando desde entonces, con el desacuerdo creciente de m\u00e1s miembros, entre los cuales se encuentra la India y otras naciones.<\/span><\/p>\n<p><span style=\"font-weight: 400;\">\u00a0<\/span><\/p>\n<p><span style=\"font-weight: 400;\">Las cuestiones aduaneras del comercio electr\u00f3nico que implica el env\u00edo transfronterizo y entrega de las mercanc\u00edas de forma no electr\u00f3nica se han enfocado en dos medidas: 1) el establecimiento de valores <\/span><i><span style=\"font-weight: 400;\">minimis<\/span><\/i><span style=\"font-weight: 400;\"> de las mercanc\u00edas debajo de los cuales se encuentren exentas de derechos de aduana o impuestos al comercio exterior y 2) el establecimiento de procedimientos simplificados para su tr\u00e1mite aduanal.\u00a0<\/span><\/p>\n<p><span style=\"font-weight: 400;\">\u00a0<\/span><\/p>\n<p><span style=\"font-weight: 400;\">Estas medidas se han apoyado en las premisas de que se trata de peque\u00f1os env\u00edos para el consumidor. En algunos tratados comerciales ya se contienen estos umbrales de exenci\u00f3n y en las leyes nacionales procedimientos especiales generalmente para las empresas <\/span><i><span style=\"font-weight: 400;\">courier<\/span><\/i><span style=\"font-weight: 400;\">.\u00a0<\/span><\/p>\n<p><span style=\"font-weight: 400;\">\u00a0<\/span><\/p>\n<p><span style=\"font-weight: 400;\">La modalidad del comercio electr\u00f3nico consistente en el suministro de libros, m\u00fasica, pel\u00edculas, programas de c\u00f3mputo, bases de datos y dise\u00f1os para impresi\u00f3n 3D a trav\u00e9s de medios electr\u00f3nicos, es la que genera mayor discusi\u00f3n en los foros internacionales en diversos campos: 1) de tributaci\u00f3n de impuesto sobre la renta e impuesto al valor agregado 2) de derechos de propiedad intelectual y 3) de impuestos al comercio exterior o derechos de aduana a las transmisiones electr\u00f3nicas o a los productos en que se conviertan.\u00a0<\/span><\/p>\n<p><span style=\"font-weight: 400;\">\u00a0<\/span><\/p>\n<p><span style=\"font-weight: 400;\">En caso de que la comunidad internacional llegara a acordar que son mercanc\u00edas, ello llevar\u00eda a enormes cambios en la materia, tales como establecer un nuevo tr\u00e1fico (electr\u00f3nico), nuevas posiciones arancelarias en la nomenclatura del Sistema Armonizado para incluir las mercanc\u00edas digitales. Hasta ahora, se han logrado algunos avances en materia del impuesto al valor agregado.\u00a0<\/span><\/p>\n<p><span style=\"font-weight: 400;\">\u00a0<\/span><\/p>\n<p><span style=\"font-weight: 400;\">En el \u00e1mbito del Derecho Internacional Privado, destinado a uniformar las normas sobre contratos relacionados con el comercio electr\u00f3nico, tambi\u00e9n se acordaron diversos convenios internacionales como son:<\/span><\/p>\n<p><span style=\"font-weight: 400;\">\u00a0<\/span><\/p>\n<ul>\n<li style=\"font-weight: 400;\" aria-level=\"1\"><span style=\"font-weight: 400;\">La <\/span><span style=\"font-weight: 400;\">Ley Modelo de la Comisi\u00f3n de las Naciones Unidas<\/span><span style=\"font-weight: 400;\">\u2028<\/span><span style=\"font-weight: 400;\">para el Derecho Mercantil Internacional sobre Comercio Electr\u00f3nico 16 de diciembre de 1996, cuyo art\u00edculo 1 dispone que la presente Ley<\/span> <span style=\"font-weight: 400;\">ser\u00e1 aplicable a todo tipo de informaci\u00f3n en forma de mensaje de datos utilizada en el contexto<\/span> <span style=\"font-weight: 400;\">de actividades comerciales.<\/span><\/li>\n<li style=\"font-weight: 400;\" aria-level=\"1\"><span style=\"font-weight: 400;\">La <\/span><span style=\"font-weight: 400;\">Ley Modelo de la Comisi\u00f3n de las Naciones Unidas<\/span><span style=\"font-weight: 400;\">\u2028<\/span><span style=\"font-weight: 400;\">para el Derecho Mercantil Internacional sobre Firmas Electr\u00f3nicas de 12 de diciembre de 2001, cuyo art\u00edculo 2\u00ba defini\u00f3 a la firma electr\u00f3nica como \u201cl<\/span><span style=\"font-weight: 400;\">os datos en forma electr\u00f3nica consignados en un mensaje de datos, o adjuntados o l\u00f3gicamente asociados al mismo, que puedan ser utilizados para identificar al firmante en relaci\u00f3n con el mensaje de datos e indicar que el firmante aprueba la informaci\u00f3n recogida en el mensaje de datos.\u201d\u00a0<\/span><\/li>\n<li style=\"font-weight: 400;\" aria-level=\"1\"><span style=\"font-weight: 400;\">La Convenci\u00f3n de las Naciones Unidas sobre la Utilizaci\u00f3n de las Comunicaciones Electr\u00f3nicas en los Contratos Internacionales de 23 de noviembre de 2005.<\/span><\/li>\n<li style=\"font-weight: 400;\" aria-level=\"1\"><span style=\"font-weight: 400;\">\u00a0La Ley Modelo de la <\/span><span style=\"font-weight: 400;\">la Comisi\u00f3n de las Naciones Unidas<\/span><span style=\"font-weight: 400;\">\u2028<\/span><span style=\"font-weight: 400;\">para el Derecho Mercantil Internacional<\/span><span style=\"font-weight: 400;\"> sobre Documentos Transmisibles Electr\u00f3nicos de 7 de diciembre de 2017, cuyos art\u00edculos 2\u00ba y 7\u00ba disponen que por documento electr\u00f3nico se entender\u00e1 \u201cla informaci\u00f3n generada, comunicada, recibida o archivada por medios electr\u00f3nicos, incluida, cuando proceda, toda la informaci\u00f3n l\u00f3gicamente asociada o vinculada de alguna otra forma a ella de modo que forme parte del documento, se haya generado simult\u00e1neamente o no\u201d, que no se negar\u00e1n efectos jur\u00eddicos, validez ni fuerza ejecutoria a un documento transmisible electr\u00f3nico por la sola raz\u00f3n de que est\u00e9 en forma electr\u00f3nica; nada de lo dispuesto en la presente Ley obligar\u00e1 a persona alguna a utilizar un documento transmisible electr\u00f3nico sin su consentimiento y ese consentimiento podr\u00e1 inferirse de su conducta.\u00a0<\/span><\/li>\n<\/ul>\n<div><span style=\"font-family: -apple-system, BlinkMacSystemFont, Segoe UI, Roboto, Oxygen-Sans, Ubuntu, Cantarell, Helvetica Neue, sans-serif;\">\u00a0<\/span><\/div>\n<p><span style=\"font-weight: 400;\">El art\u00edculo 14 establece que un lugar no constituye un establecimiento por el hecho de que en ese lugar est\u00e9n ubicados el equipo y la tecnolog\u00eda que sirvan de soporte al sistema de informaci\u00f3n utilizado en relaci\u00f3n con los documentos transmisibles electr\u00f3nicos o donde puedan acceder a ese sistema de informaci\u00f3n y que el hecho de que se haga uso de una direcci\u00f3n de correo electr\u00f3nico o de otro elemento de un sistema de informaci\u00f3n vinculados a determinado pa\u00eds no crea la presunci\u00f3n de que su establecimiento se encuentra en ese pa\u00eds.\u00a0<\/span><\/p>\n<p><span style=\"font-weight: 400;\">\u00a0<\/span><\/p>\n<p><span style=\"font-weight: 400;\">En nuestro pa\u00eds, mediante el Decreto publicado en el Diario Oficial de la Federaci\u00f3n del 29 de mayo de 2000, se reformaron diversas leyes para regular los aspectos contractuales del comercio electr\u00f3nico, entre cuyas disposiciones est\u00e1n el art\u00edculo 1803 del C\u00f3digo Civil Federal que adicion\u00f3 al consentimiento expreso la voluntad manifestada por medios electr\u00f3nicos, \u00f3pticos o por cualquier otra tecnolog\u00eda y los art\u00edculos 80 y 80 del C\u00f3digo de Comercio que estipulan que los convenios mercantiles que se celebren mediante el uso de esos medios electr\u00f3nicos, \u00f3pticos o de cualquier otra tecnolog\u00eda, quedar\u00e1n perfeccionados desde que se reciba la aceptaci\u00f3n de la propuesta o las condiciones con que \u00e9sta fuere modificada, as\u00ed como que en los actos de comercio podr\u00e1n emplearse los medios electr\u00f3nicos, \u00f3pticos o cualquier otra tecnolog\u00eda.\u00a0<\/span><\/p>\n<p><span style=\"font-weight: 400;\">\u00a0<\/span><\/p>\n<p><span style=\"font-weight: 400;\">Es importante se\u00f1alar que dicho C\u00f3digo de Comercio define como mensaje de datos a la informaci\u00f3n generada, enviada, recibida, archivada o comunicada a trav\u00e9s de dichos medios electr\u00f3nicos.\u00a0<\/span><\/p>\t\t\t\t\t\t<\/div>\n\t\t\t\t<\/div>\n\t\t\t\t<div class=\"elementor-element elementor-element-5ecc1ad8 elementor-widget elementor-widget-image\" data-id=\"5ecc1ad8\" data-element_type=\"widget\" data-widget_type=\"image.default\">\n\t\t\t\t<div class=\"elementor-widget-container\">\n\t\t\t\t\t\t\t\t\t\t\t\t\t\t\t<img loading=\"lazy\" decoding=\"async\" width=\"750\" height=\"272\" src=\"https:\/\/tlcmagazinemexico.com.mx\/wp-content\/uploads\/2025\/01\/Semblanzas-E35_1-1024x372.png\" class=\"attachment-large size-large wp-image-12495\" alt=\"\" srcset=\"https:\/\/tlcmagazinemexico.com.mx\/wp-content\/uploads\/2025\/01\/Semblanzas-E35_1-1024x372.png 1024w, https:\/\/tlcmagazinemexico.com.mx\/wp-content\/uploads\/2025\/01\/Semblanzas-E35_1-300x109.png 300w, https:\/\/tlcmagazinemexico.com.mx\/wp-content\/uploads\/2025\/01\/Semblanzas-E35_1-768x279.png 768w, https:\/\/tlcmagazinemexico.com.mx\/wp-content\/uploads\/2025\/01\/Semblanzas-E35_1.png 1311w\" sizes=\"auto, (max-width: 750px) 100vw, 750px\" style=\"width:100%;height:36.31%;max-width:1311px\" \/>\t\t\t\t\t\t\t\t\t\t\t\t\t\t\t<\/div>\n\t\t\t\t<\/div>\n\t\t\t\t<section class=\"elementor-section elementor-inner-section elementor-element elementor-element-27365c9f elementor-section-boxed elementor-section-height-default elementor-section-height-default\" data-id=\"27365c9f\" data-element_type=\"section\">\n\t\t\t\t\t\t<div class=\"elementor-container elementor-column-gap-default\">\n\t\t\t\t\t<div class=\"elementor-column elementor-col-50 elementor-inner-column elementor-element elementor-element-27bac3bc\" data-id=\"27bac3bc\" data-element_type=\"column\">\n\t\t\t<div class=\"elementor-widget-wrap elementor-element-populated\">\n\t\t\t\t\t\t\t\t<div class=\"elementor-element elementor-element-1f51baca elementor-widget elementor-widget-heading\" data-id=\"1f51baca\" data-element_type=\"widget\" data-widget_type=\"heading.default\">\n\t\t\t\t<div class=\"elementor-widget-container\">\n\t\t\t<h2 class=\"elementor-heading-title elementor-size-default\">Compartir <\/h2>\t\t<\/div>\n\t\t\t\t<\/div>\n\t\t\t\t\t<\/div>\n\t\t<\/div>\n\t\t\t\t<div class=\"elementor-column elementor-col-50 elementor-inner-column elementor-element elementor-element-da77fdf\" data-id=\"da77fdf\" data-element_type=\"column\">\n\t\t\t<div class=\"elementor-widget-wrap elementor-element-populated\">\n\t\t\t\t\t\t\t\t<div class=\"elementor-element elementor-element-1fe6aeaf elementor-share-buttons--view-icon elementor-share-buttons--skin-flat elementor-share-buttons--align-right elementor-share-buttons--color-custom elementor-share-buttons-mobile--align-center elementor-share-buttons--shape-square elementor-grid-0 elementor-widget elementor-widget-share-buttons\" data-id=\"1fe6aeaf\" data-element_type=\"widget\" data-widget_type=\"share-buttons.default\">\n\t\t\t\t<div class=\"elementor-widget-container\">\n\t\t\t<link rel=\"stylesheet\" href=\"https:\/\/tlcmagazinemexico.com.mx\/wp-content\/plugins\/elementor-pro\/assets\/css\/widget-share-buttons.min.css\">\t\t<div class=\"elementor-grid\">\n\t\t\t\t\t\t\t\t<div class=\"elementor-grid-item\">\n\t\t\t\t\t\t<div\n\t\t\t\t\t\t\tclass=\"elementor-share-btn elementor-share-btn_facebook\"\n\t\t\t\t\t\t\trole=\"button\"\n\t\t\t\t\t\t\ttabindex=\"0\"\n\t\t\t\t\t\t\taria-label=\"Compartir en facebook\"\n\t\t\t\t\t\t>\n\t\t\t\t\t\t\t\t\t\t\t\t\t\t\t<span class=\"elementor-share-btn__icon\">\n\t\t\t\t\t\t\t\t<i class=\"fab fa-facebook\" aria-hidden=\"true\"><\/i>\t\t\t\t\t\t\t<\/span>\n\t\t\t\t\t\t\t\t\t\t\t\t\t\t\t\t\t\t\t\t<\/div>\n\t\t\t\t\t<\/div>\n\t\t\t\t\t\t\t\t\t<div class=\"elementor-grid-item\">\n\t\t\t\t\t\t<div\n\t\t\t\t\t\t\tclass=\"elementor-share-btn elementor-share-btn_linkedin\"\n\t\t\t\t\t\t\trole=\"button\"\n\t\t\t\t\t\t\ttabindex=\"0\"\n\t\t\t\t\t\t\taria-label=\"Compartir en linkedin\"\n\t\t\t\t\t\t>\n\t\t\t\t\t\t\t\t\t\t\t\t\t\t\t<span class=\"elementor-share-btn__icon\">\n\t\t\t\t\t\t\t\t<i class=\"fab fa-linkedin\" aria-hidden=\"true\"><\/i>\t\t\t\t\t\t\t<\/span>\n\t\t\t\t\t\t\t\t\t\t\t\t\t\t\t\t\t\t\t\t<\/div>\n\t\t\t\t\t<\/div>\n\t\t\t\t\t\t\t\t\t<div class=\"elementor-grid-item\">\n\t\t\t\t\t\t<div\n\t\t\t\t\t\t\tclass=\"elementor-share-btn elementor-share-btn_twitter\"\n\t\t\t\t\t\t\trole=\"button\"\n\t\t\t\t\t\t\ttabindex=\"0\"\n\t\t\t\t\t\t\taria-label=\"Compartir en twitter\"\n\t\t\t\t\t\t>\n\t\t\t\t\t\t\t\t\t\t\t\t\t\t\t<span class=\"elementor-share-btn__icon\">\n\t\t\t\t\t\t\t\t<i class=\"fab fa-twitter\" aria-hidden=\"true\"><\/i>\t\t\t\t\t\t\t<\/span>\n\t\t\t\t\t\t\t\t\t\t\t\t\t\t\t\t\t\t\t\t<\/div>\n\t\t\t\t\t<\/div>\n\t\t\t\t\t\t\t\t\t<div class=\"elementor-grid-item\">\n\t\t\t\t\t\t<div\n\t\t\t\t\t\t\tclass=\"elementor-share-btn elementor-share-btn_email\"\n\t\t\t\t\t\t\trole=\"button\"\n\t\t\t\t\t\t\ttabindex=\"0\"\n\t\t\t\t\t\t\taria-label=\"Compartir en email\"\n\t\t\t\t\t\t>\n\t\t\t\t\t\t\t\t\t\t\t\t\t\t\t<span class=\"elementor-share-btn__icon\">\n\t\t\t\t\t\t\t\t<i class=\"fas fa-envelope\" aria-hidden=\"true\"><\/i>\t\t\t\t\t\t\t<\/span>\n\t\t\t\t\t\t\t\t\t\t\t\t\t\t\t\t\t\t\t\t<\/div>\n\t\t\t\t\t<\/div>\n\t\t\t\t\t\t<\/div>\n\t\t\t\t<\/div>\n\t\t\t\t<\/div>\n\t\t\t\t\t<\/div>\n\t\t<\/div>\n\t\t\t\t\t\t\t<\/div>\n\t\t<\/section>\n\t\t\t\t\t<\/div>\n\t\t<\/div>\n\t\t\t\t<div class=\"elementor-column elementor-col-33 elementor-top-column elementor-element elementor-element-20983d74\" data-id=\"20983d74\" data-element_type=\"column\">\n\t\t\t<div class=\"elementor-widget-wrap\">\n\t\t\t\t\t\t\t\t\t<\/div>\n\t\t<\/div>\n\t\t\t\t<div class=\"elementor-column elementor-col-33 elementor-top-column elementor-element elementor-element-6d0fa565\" data-id=\"6d0fa565\" data-element_type=\"column\">\n\t\t\t<div class=\"elementor-widget-wrap elementor-element-populated\">\n\t\t\t\t\t\t\t\t<div class=\"elementor-element elementor-element-3564e16 elementor-grid-1 elementor-posts--align-center elementor-posts__hover-none elementor-widget__width-inherit elementor-absolute elementor-grid-tablet-2 elementor-grid-mobile-1 elementor-posts--thumbnail-top elementor-card-shadow-yes elementor-widget elementor-widget-posts\" data-id=\"3564e16\" data-element_type=\"widget\" data-settings=\"{&quot;cards_columns&quot;:&quot;1&quot;,&quot;cards_row_gap&quot;:{&quot;unit&quot;:&quot;px&quot;,&quot;size&quot;:&quot;30&quot;,&quot;sizes&quot;:[]},&quot;_position&quot;:&quot;absolute&quot;,&quot;cards_columns_tablet&quot;:&quot;2&quot;,&quot;cards_columns_mobile&quot;:&quot;1&quot;,&quot;cards_row_gap_tablet&quot;:{&quot;unit&quot;:&quot;px&quot;,&quot;size&quot;:&quot;&quot;,&quot;sizes&quot;:[]},&quot;cards_row_gap_mobile&quot;:{&quot;unit&quot;:&quot;px&quot;,&quot;size&quot;:&quot;&quot;,&quot;sizes&quot;:[]}}\" data-widget_type=\"posts.cards\">\n\t\t\t\t<div class=\"elementor-widget-container\">\n\t\t\t<link rel=\"stylesheet\" href=\"https:\/\/tlcmagazinemexico.com.mx\/wp-content\/plugins\/elementor-pro\/assets\/css\/widget-posts.min.css\">\t\t<div class=\"elementor-posts-container elementor-posts elementor-posts--skin-cards elementor-grid\">\n\t\t\t\t<article class=\"elementor-post elementor-grid-item post-437 post type-post status-publish format-standard has-post-thumbnail hentry category-edicion-42 entry\">\n\t\t\t<div class=\"elementor-post__card\">\n\t\t\t\t<a class=\"elementor-post__thumbnail__link\" href=\"https:\/\/tlcmagazinemexico.com.mx\/index.php\/2023\/04\/06\/relaciones-comerciales-entre-mexico-y-australia-importancia-y-trascendencia\/\" ><div class=\"elementor-post__thumbnail\"><img loading=\"lazy\" decoding=\"async\" width=\"939\" height=\"626\" src=\"https:\/\/tlcmagazinemexico.com.mx\/wp-content\/uploads\/2023\/04\/Portadas-42-Web-P2_Art.-8-1.png\" class=\"attachment-full size-full wp-image-439\" alt=\"\" srcset=\"https:\/\/tlcmagazinemexico.com.mx\/wp-content\/uploads\/2023\/04\/Portadas-42-Web-P2_Art.-8-1.png 939w, https:\/\/tlcmagazinemexico.com.mx\/wp-content\/uploads\/2023\/04\/Portadas-42-Web-P2_Art.-8-1-300x200.png 300w, https:\/\/tlcmagazinemexico.com.mx\/wp-content\/uploads\/2023\/04\/Portadas-42-Web-P2_Art.-8-1-768x512.png 768w\" sizes=\"auto, (max-width: 939px) 100vw, 939px\" style=\"width:100%;height:66.67%;max-width:939px;\" \/><\/div><\/a>\n\t\t\t\t<div class=\"elementor-post__text\">\n\t\t\t\t<h1 class=\"elementor-post__title\">\n\t\t\t<a href=\"https:\/\/tlcmagazinemexico.com.mx\/index.php\/2023\/04\/06\/relaciones-comerciales-entre-mexico-y-australia-importancia-y-trascendencia\/\" >\n\t\t\t\tRelaciones comerciales entre M\u00e9xico y Australia, importancia y trascendencia\t\t\t<\/a>\n\t\t<\/h1>\n\t\t\t\t<div class=\"elementor-post__excerpt\">\n\t\t\t<p>En el presente art\u00edculo se tendr\u00e1 la oportunidad de examinar la importancia de las relaciones comerciales que existen, entre M\u00e9xico y Australia, relaciones que en<\/p>\n\t\t<\/div>\n\t\t\n\t\t<a class=\"elementor-post__read-more\" href=\"https:\/\/tlcmagazinemexico.com.mx\/index.php\/2023\/04\/06\/relaciones-comerciales-entre-mexico-y-australia-importancia-y-trascendencia\/\" aria-label=\"Read more about Relaciones comerciales entre M\u00e9xico y Australia, importancia y trascendencia\" >\n\t\t\tLeer m\u00e1s \u00bb\t\t<\/a>\n\n\t\t\t\t<\/div>\n\t\t\t\t\t<\/div>\n\t\t<\/article>\n\t\t\t\t<article class=\"elementor-post elementor-grid-item post-427 post type-post status-publish format-standard has-post-thumbnail hentry category-edicion-42 entry\">\n\t\t\t<div class=\"elementor-post__card\">\n\t\t\t\t<a class=\"elementor-post__thumbnail__link\" href=\"https:\/\/tlcmagazinemexico.com.mx\/index.php\/2023\/04\/06\/las-relaciones-comerciales-entre-mexico-y-espana-importancia-y-trascendencia\/\" ><div class=\"elementor-post__thumbnail\"><img loading=\"lazy\" decoding=\"async\" width=\"939\" height=\"626\" src=\"https:\/\/tlcmagazinemexico.com.mx\/wp-content\/uploads\/2023\/04\/Portadas-42-Web-P2_Art.-7-1.png\" class=\"attachment-full size-full wp-image-428\" alt=\"\" srcset=\"https:\/\/tlcmagazinemexico.com.mx\/wp-content\/uploads\/2023\/04\/Portadas-42-Web-P2_Art.-7-1.png 939w, https:\/\/tlcmagazinemexico.com.mx\/wp-content\/uploads\/2023\/04\/Portadas-42-Web-P2_Art.-7-1-300x200.png 300w, https:\/\/tlcmagazinemexico.com.mx\/wp-content\/uploads\/2023\/04\/Portadas-42-Web-P2_Art.-7-1-768x512.png 768w\" sizes=\"auto, (max-width: 939px) 100vw, 939px\" style=\"width:100%;height:66.67%;max-width:939px;\" \/><\/div><\/a>\n\t\t\t\t<div class=\"elementor-post__text\">\n\t\t\t\t<h1 class=\"elementor-post__title\">\n\t\t\t<a href=\"https:\/\/tlcmagazinemexico.com.mx\/index.php\/2023\/04\/06\/las-relaciones-comerciales-entre-mexico-y-espana-importancia-y-trascendencia\/\" >\n\t\t\t\tLas relaciones comerciales entre M\u00e9xico y Espa\u00f1a, importancia y trascendencia\t\t\t<\/a>\n\t\t<\/h1>\n\t\t\t\t<div class=\"elementor-post__excerpt\">\n\t\t\t<p>Por medio del presente art\u00edculo, se tendr\u00e1 la oportunidad de examinar las relaciones comerciales existentes entre dos pa\u00edses en los cuales existen fuertes v\u00ednculos hist\u00f3ricos,<\/p>\n\t\t<\/div>\n\t\t\n\t\t<a class=\"elementor-post__read-more\" href=\"https:\/\/tlcmagazinemexico.com.mx\/index.php\/2023\/04\/06\/las-relaciones-comerciales-entre-mexico-y-espana-importancia-y-trascendencia\/\" aria-label=\"Read more about Las relaciones comerciales entre M\u00e9xico y Espa\u00f1a, importancia y trascendencia\" >\n\t\t\tLeer m\u00e1s \u00bb\t\t<\/a>\n\n\t\t\t\t<\/div>\n\t\t\t\t\t<\/div>\n\t\t<\/article>\n\t\t\t\t<article class=\"elementor-post elementor-grid-item post-420 post type-post status-publish format-standard has-post-thumbnail hentry category-edicion-42 entry\">\n\t\t\t<div class=\"elementor-post__card\">\n\t\t\t\t<a class=\"elementor-post__thumbnail__link\" href=\"https:\/\/tlcmagazinemexico.com.mx\/index.php\/2023\/04\/06\/oro-azul-el-motivo-de-guerra-para-el-proximo-siglo\/\" ><div class=\"elementor-post__thumbnail\"><img loading=\"lazy\" decoding=\"async\" width=\"939\" height=\"626\" src=\"https:\/\/tlcmagazinemexico.com.mx\/wp-content\/uploads\/2023\/04\/Portadas-42-Web-P2_Art.-6-1.png\" class=\"attachment-full size-full wp-image-422\" alt=\"\" srcset=\"https:\/\/tlcmagazinemexico.com.mx\/wp-content\/uploads\/2023\/04\/Portadas-42-Web-P2_Art.-6-1.png 939w, https:\/\/tlcmagazinemexico.com.mx\/wp-content\/uploads\/2023\/04\/Portadas-42-Web-P2_Art.-6-1-300x200.png 300w, https:\/\/tlcmagazinemexico.com.mx\/wp-content\/uploads\/2023\/04\/Portadas-42-Web-P2_Art.-6-1-768x512.png 768w\" sizes=\"auto, (max-width: 939px) 100vw, 939px\" style=\"width:100%;height:66.67%;max-width:939px;\" \/><\/div><\/a>\n\t\t\t\t<div class=\"elementor-post__text\">\n\t\t\t\t<h1 class=\"elementor-post__title\">\n\t\t\t<a href=\"https:\/\/tlcmagazinemexico.com.mx\/index.php\/2023\/04\/06\/oro-azul-el-motivo-de-guerra-para-el-proximo-siglo\/\" >\n\t\t\t\tOro azul: El motivo de guerra para el pr\u00f3ximo siglo\t\t\t<\/a>\n\t\t<\/h1>\n\t\t\t\t<div class=\"elementor-post__excerpt\">\n\t\t\t<p>Me referir\u00e9 en esta ocasi\u00f3n al oro azul como recurso natural: el agua, debido al alto valor que mantiene actualmente y su similitud al mismo<\/p>\n\t\t<\/div>\n\t\t\n\t\t<a class=\"elementor-post__read-more\" href=\"https:\/\/tlcmagazinemexico.com.mx\/index.php\/2023\/04\/06\/oro-azul-el-motivo-de-guerra-para-el-proximo-siglo\/\" aria-label=\"Read more about Oro azul: El motivo de guerra para el pr\u00f3ximo siglo\" >\n\t\t\tLeer m\u00e1s \u00bb\t\t<\/a>\n\n\t\t\t\t<\/div>\n\t\t\t\t\t<\/div>\n\t\t<\/article>\n\t\t\t\t<article class=\"elementor-post elementor-grid-item post-403 post type-post status-publish format-standard has-post-thumbnail hentry category-edicion-42 entry\">\n\t\t\t<div class=\"elementor-post__card\">\n\t\t\t\t<a class=\"elementor-post__thumbnail__link\" href=\"https:\/\/tlcmagazinemexico.com.mx\/index.php\/2023\/04\/05\/el-manejo-del-riesgo-en-elcomercio-internacional\/\" ><div class=\"elementor-post__thumbnail\"><img loading=\"lazy\" decoding=\"async\" width=\"939\" height=\"626\" src=\"https:\/\/tlcmagazinemexico.com.mx\/wp-content\/uploads\/2023\/04\/Portadas-42-Web_Art.-4-1.png\" class=\"attachment-full size-full wp-image-404\" alt=\"\" srcset=\"https:\/\/tlcmagazinemexico.com.mx\/wp-content\/uploads\/2023\/04\/Portadas-42-Web_Art.-4-1.png 939w, https:\/\/tlcmagazinemexico.com.mx\/wp-content\/uploads\/2023\/04\/Portadas-42-Web_Art.-4-1-300x200.png 300w, https:\/\/tlcmagazinemexico.com.mx\/wp-content\/uploads\/2023\/04\/Portadas-42-Web_Art.-4-1-768x512.png 768w\" sizes=\"auto, (max-width: 939px) 100vw, 939px\" style=\"width:100%;height:66.67%;max-width:939px;\" \/><\/div><\/a>\n\t\t\t\t<div class=\"elementor-post__text\">\n\t\t\t\t<h1 class=\"elementor-post__title\">\n\t\t\t<a href=\"https:\/\/tlcmagazinemexico.com.mx\/index.php\/2023\/04\/05\/el-manejo-del-riesgo-en-elcomercio-internacional\/\" >\n\t\t\t\tEl manejo del riesgo en el comercio internacional\t\t\t<\/a>\n\t\t<\/h1>\n\t\t\t\t<div class=\"elementor-post__excerpt\">\n\t\t\t<p>En el mundo de los negocios el RIESGO es un elemento siempre presente. No es posible, y tal vez ni siquiera deseable \u201chuir\u201d de este.<\/p>\n\t\t<\/div>\n\t\t\n\t\t<a class=\"elementor-post__read-more\" href=\"https:\/\/tlcmagazinemexico.com.mx\/index.php\/2023\/04\/05\/el-manejo-del-riesgo-en-elcomercio-internacional\/\" aria-label=\"Read more about El manejo del riesgo en el comercio internacional\" >\n\t\t\tLeer m\u00e1s \u00bb\t\t<\/a>\n\n\t\t\t\t<\/div>\n\t\t\t\t\t<\/div>\n\t\t<\/article>\n\t\t\t\t<article class=\"elementor-post elementor-grid-item post-393 post type-post status-publish format-standard has-post-thumbnail hentry category-edicion-42 entry\">\n\t\t\t<div class=\"elementor-post__card\">\n\t\t\t\t<a class=\"elementor-post__thumbnail__link\" href=\"https:\/\/tlcmagazinemexico.com.mx\/index.php\/2023\/04\/05\/oportunidades-que-favorecen-el-desarrollo-del-comercio-internacional-en-mexico\/\" ><div class=\"elementor-post__thumbnail\"><img loading=\"lazy\" decoding=\"async\" width=\"939\" height=\"626\" src=\"https:\/\/tlcmagazinemexico.com.mx\/wp-content\/uploads\/2023\/04\/Portadas-42-Web_Art.-3-1.png\" class=\"attachment-full size-full wp-image-394\" alt=\"\" srcset=\"https:\/\/tlcmagazinemexico.com.mx\/wp-content\/uploads\/2023\/04\/Portadas-42-Web_Art.-3-1.png 939w, https:\/\/tlcmagazinemexico.com.mx\/wp-content\/uploads\/2023\/04\/Portadas-42-Web_Art.-3-1-300x200.png 300w, https:\/\/tlcmagazinemexico.com.mx\/wp-content\/uploads\/2023\/04\/Portadas-42-Web_Art.-3-1-768x512.png 768w\" sizes=\"auto, (max-width: 939px) 100vw, 939px\" style=\"width:100%;height:66.67%;max-width:939px;\" \/><\/div><\/a>\n\t\t\t\t<div class=\"elementor-post__text\">\n\t\t\t\t<h1 class=\"elementor-post__title\">\n\t\t\t<a href=\"https:\/\/tlcmagazinemexico.com.mx\/index.php\/2023\/04\/05\/oportunidades-que-favorecen-el-desarrollo-del-comercio-internacional-en-mexico\/\" >\n\t\t\t\tOportunidades que favorecen el desarrollo del Comercio Internacional en M\u00e9xico\t\t\t<\/a>\n\t\t<\/h1>\n\t\t\t\t<div class=\"elementor-post__excerpt\">\n\t\t\t<p>M\u00e9xico es un pa\u00eds atractivo para la inversi\u00f3n extranjera debido a su posici\u00f3n estrat\u00e9gica y su poblaci\u00f3n joven, adem\u00e1s de que somos un pa\u00eds consumista<\/p>\n\t\t<\/div>\n\t\t\n\t\t<a class=\"elementor-post__read-more\" href=\"https:\/\/tlcmagazinemexico.com.mx\/index.php\/2023\/04\/05\/oportunidades-que-favorecen-el-desarrollo-del-comercio-internacional-en-mexico\/\" aria-label=\"Read more about Oportunidades que favorecen el desarrollo del Comercio Internacional en M\u00e9xico\" >\n\t\t\tLeer m\u00e1s \u00bb\t\t<\/a>\n\n\t\t\t\t<\/div>\n\t\t\t\t\t<\/div>\n\t\t<\/article>\n\t\t\t\t<article class=\"elementor-post elementor-grid-item post-379 post type-post status-publish format-standard has-post-thumbnail hentry category-edicion-42 entry\">\n\t\t\t<div class=\"elementor-post__card\">\n\t\t\t\t<a class=\"elementor-post__thumbnail__link\" href=\"https:\/\/tlcmagazinemexico.com.mx\/index.php\/2023\/04\/05\/cumplimiento-de-las-disposiciones-aduaneras-en-el-dictamen-fiscal\/\" ><div class=\"elementor-post__thumbnail\"><img loading=\"lazy\" decoding=\"async\" width=\"939\" height=\"626\" src=\"https:\/\/tlcmagazinemexico.com.mx\/wp-content\/uploads\/2023\/04\/Portadas-42-Web_Art.-2-1.png\" class=\"attachment-full size-full wp-image-380\" alt=\"\" srcset=\"https:\/\/tlcmagazinemexico.com.mx\/wp-content\/uploads\/2023\/04\/Portadas-42-Web_Art.-2-1.png 939w, https:\/\/tlcmagazinemexico.com.mx\/wp-content\/uploads\/2023\/04\/Portadas-42-Web_Art.-2-1-300x200.png 300w, https:\/\/tlcmagazinemexico.com.mx\/wp-content\/uploads\/2023\/04\/Portadas-42-Web_Art.-2-1-768x512.png 768w\" sizes=\"auto, (max-width: 939px) 100vw, 939px\" style=\"width:100%;height:66.67%;max-width:939px;\" \/><\/div><\/a>\n\t\t\t\t<div class=\"elementor-post__text\">\n\t\t\t\t<h1 class=\"elementor-post__title\">\n\t\t\t<a href=\"https:\/\/tlcmagazinemexico.com.mx\/index.php\/2023\/04\/05\/cumplimiento-de-las-disposiciones-aduaneras-en-el-dictamen-fiscal\/\" >\n\t\t\t\tCumplimiento de las disposiciones aduaneras en el Dictamen Fiscal\t\t\t<\/a>\n\t\t<\/h1>\n\t\t\t\t<div class=\"elementor-post__excerpt\">\n\t\t\t<p>En el a\u00f1o 2023 se aplicar\u00e1n cambios relevantes en materia de presentaci\u00f3n de los \u201cdict\u00e1menes de los estados financieros\u201d, los cuales tienen relaci\u00f3n con la<\/p>\n\t\t<\/div>\n\t\t\n\t\t<a class=\"elementor-post__read-more\" href=\"https:\/\/tlcmagazinemexico.com.mx\/index.php\/2023\/04\/05\/cumplimiento-de-las-disposiciones-aduaneras-en-el-dictamen-fiscal\/\" aria-label=\"Read more about Cumplimiento de las disposiciones aduaneras en el Dictamen Fiscal\" >\n\t\t\tLeer m\u00e1s \u00bb\t\t<\/a>\n\n\t\t\t\t<\/div>\n\t\t\t\t\t<\/div>\n\t\t<\/article>\n\t\t\t\t<article class=\"elementor-post elementor-grid-item post-364 post type-post status-publish format-standard has-post-thumbnail hentry category-edicion-42 entry\">\n\t\t\t<div class=\"elementor-post__card\">\n\t\t\t\t<a class=\"elementor-post__thumbnail__link\" href=\"https:\/\/tlcmagazinemexico.com.mx\/index.php\/2023\/04\/05\/anzcerta-australia-y-nueva-zelanda\/\" ><div class=\"elementor-post__thumbnail\"><img loading=\"lazy\" decoding=\"async\" width=\"939\" height=\"626\" src=\"https:\/\/tlcmagazinemexico.com.mx\/wp-content\/uploads\/2023\/04\/Portadas-42-Web_Art.-1-1.png\" class=\"attachment-full size-full wp-image-365\" alt=\"\" srcset=\"https:\/\/tlcmagazinemexico.com.mx\/wp-content\/uploads\/2023\/04\/Portadas-42-Web_Art.-1-1.png 939w, https:\/\/tlcmagazinemexico.com.mx\/wp-content\/uploads\/2023\/04\/Portadas-42-Web_Art.-1-1-300x200.png 300w, https:\/\/tlcmagazinemexico.com.mx\/wp-content\/uploads\/2023\/04\/Portadas-42-Web_Art.-1-1-768x512.png 768w\" sizes=\"auto, (max-width: 939px) 100vw, 939px\" style=\"width:100%;height:66.67%;max-width:939px;\" \/><\/div><\/a>\n\t\t\t\t<div class=\"elementor-post__text\">\n\t\t\t\t<h1 class=\"elementor-post__title\">\n\t\t\t<a href=\"https:\/\/tlcmagazinemexico.com.mx\/index.php\/2023\/04\/05\/anzcerta-australia-y-nueva-zelanda\/\" >\n\t\t\t\tAnzcerta Australia y Nueva Zelanda\t\t\t<\/a>\n\t\t<\/h1>\n\t\t\t\t<div class=\"elementor-post__excerpt\">\n\t\t\t<p>Desde que Estados Unidos mostr\u00f3 inter\u00e9s en Ocean\u00eda para asociarse comercialmente con los pa\u00edses de la regi\u00f3n y enfrentar el expansionismo de China y sus<\/p>\n\t\t<\/div>\n\t\t\n\t\t<a class=\"elementor-post__read-more\" href=\"https:\/\/tlcmagazinemexico.com.mx\/index.php\/2023\/04\/05\/anzcerta-australia-y-nueva-zelanda\/\" aria-label=\"Read more about Anzcerta Australia y Nueva Zelanda\" >\n\t\t\tLeer m\u00e1s \u00bb\t\t<\/a>\n\n\t\t\t\t<\/div>\n\t\t\t\t\t<\/div>\n\t\t<\/article>\n\t\t\t\t<\/div>\n\t\t\n\t\t\t\t<\/div>\n\t\t\t\t<\/div>\n\t\t\t\t\t<\/div>\n\t\t<\/div>\n\t\t\t\t\t\t\t<\/div>\n\t\t<\/section>\n\t\t\t\t\t\t\t<\/div>\n\t\t","protected":false},"excerpt":{"rendered":"<p>La palabra servicio proviene de servir que significa hacer algo a petici\u00f3n o para utilidad de otro, por lo que es una conducta y no una cosa, y por ello, los servicios se colocan en el \u00e1mbito intangible o incorp\u00f3reo.\u00a0 \u00a0 El comercio de servicios fue caracterizado por art\u00edculo I. 2 del Acuerdo General sobre&hellip; <a class=\"more-link\" href=\"https:\/\/tlcmagazinemexico.com.mx\/index.php\/2023\/04\/05\/anzcerta-australia-y-nueva-zelanda\/\">Seguir leyendo <span class=\"screen-reader-text\">Anzcerta Australia y Nueva Zelanda<\/span><\/a><\/p>\n","protected":false},"author":3,"featured_media":12487,"comment_status":"open","ping_status":"open","sticky":false,"template":"elementor_header_footer","format":"standard","meta":{"_monsterinsights_skip_tracking":false,"_monsterinsights_sitenote_active":false,"_monsterinsights_sitenote_note":"","_monsterinsights_sitenote_category":0,"footnotes":""},"categories":[31],"tags":[],"class_list":["post-12490","post","type-post","status-publish","format-standard","has-post-thumbnail","hentry","category-edicion-35","entry"],"views":1544,"_links":{"self":[{"href":"https:\/\/tlcmagazinemexico.com.mx\/index.php\/wp-json\/wp\/v2\/posts\/12490","targetHints":{"allow":["GET"]}}],"collection":[{"href":"https:\/\/tlcmagazinemexico.com.mx\/index.php\/wp-json\/wp\/v2\/posts"}],"about":[{"href":"https:\/\/tlcmagazinemexico.com.mx\/index.php\/wp-json\/wp\/v2\/types\/post"}],"author":[{"embeddable":true,"href":"https:\/\/tlcmagazinemexico.com.mx\/index.php\/wp-json\/wp\/v2\/users\/3"}],"replies":[{"embeddable":true,"href":"https:\/\/tlcmagazinemexico.com.mx\/index.php\/wp-json\/wp\/v2\/comments?post=12490"}],"version-history":[{"count":7,"href":"https:\/\/tlcmagazinemexico.com.mx\/index.php\/wp-json\/wp\/v2\/posts\/12490\/revisions"}],"predecessor-version":[{"id":12498,"href":"https:\/\/tlcmagazinemexico.com.mx\/index.php\/wp-json\/wp\/v2\/posts\/12490\/revisions\/12498"}],"wp:featuredmedia":[{"embeddable":true,"href":"https:\/\/tlcmagazinemexico.com.mx\/index.php\/wp-json\/wp\/v2\/media\/12487"}],"wp:attachment":[{"href":"https:\/\/tlcmagazinemexico.com.mx\/index.php\/wp-json\/wp\/v2\/media?parent=12490"}],"wp:term":[{"taxonomy":"category","embeddable":true,"href":"https:\/\/tlcmagazinemexico.com.mx\/index.php\/wp-json\/wp\/v2\/categories?post=12490"},{"taxonomy":"post_tag","embeddable":true,"href":"https:\/\/tlcmagazinemexico.com.mx\/index.php\/wp-json\/wp\/v2\/tags?post=12490"}],"curies":[{"name":"wp","href":"https:\/\/api.w.org\/{rel}","templated":true}]}}