{"id":1245,"date":"2023-05-04T23:46:26","date_gmt":"2023-05-04T23:46:26","guid":{"rendered":"https:\/\/tlcmagazinemexico.com.mx\/?p=1245"},"modified":"2023-05-30T19:11:18","modified_gmt":"2023-05-30T19:11:18","slug":"la-valoracion-aduanera-y-el-seguro-global-de-transporte","status":"publish","type":"post","link":"https:\/\/tlcmagazinemexico.com.mx\/index.php\/2023\/05\/04\/la-valoracion-aduanera-y-el-seguro-global-de-transporte\/","title":{"rendered":"La valoraci\u00f3n aduanera y el seguro global de transporte"},"content":{"rendered":"\t\t<div data-elementor-type=\"wp-post\" data-elementor-id=\"1245\" class=\"elementor elementor-1245\">\n\t\t\t\t\t\t\t\t\t<section class=\"elementor-section elementor-top-section elementor-element elementor-element-f6593ef elementor-section-boxed elementor-section-height-default elementor-section-height-default\" data-id=\"f6593ef\" data-element_type=\"section\">\n\t\t\t\t\t\t<div class=\"elementor-container elementor-column-gap-default\">\n\t\t\t\t\t<div class=\"elementor-column elementor-col-33 elementor-top-column elementor-element elementor-element-21989241\" data-id=\"21989241\" data-element_type=\"column\">\n\t\t\t<div class=\"elementor-widget-wrap elementor-element-populated\">\n\t\t\t\t\t\t\t\t<div class=\"elementor-element elementor-element-35308ada elementor-widget elementor-widget-theme-post-featured-image elementor-widget-image\" data-id=\"35308ada\" data-element_type=\"widget\" data-widget_type=\"theme-post-featured-image.default\">\n\t\t\t\t<div class=\"elementor-widget-container\">\n\t\t\t<style>\/*! elementor - v3.12.0 - 29-03-2023 *\/\n.elementor-widget-image{text-align:center}.elementor-widget-image a{display:inline-block}.elementor-widget-image a img[src$=\".svg\"]{width:48px}.elementor-widget-image img{vertical-align:middle;display:inline-block}<\/style>\t\t\t\t\t\t\t\t\t\t\t\t<img loading=\"lazy\" decoding=\"async\" width=\"750\" height=\"500\" src=\"https:\/\/tlcmagazinemexico.com.mx\/wp-content\/uploads\/2023\/05\/Portadas-43-Web_Art.-6.png\" class=\"attachment-large size-large wp-image-1804\" alt=\"\" srcset=\"https:\/\/tlcmagazinemexico.com.mx\/wp-content\/uploads\/2023\/05\/Portadas-43-Web_Art.-6.png 939w, https:\/\/tlcmagazinemexico.com.mx\/wp-content\/uploads\/2023\/05\/Portadas-43-Web_Art.-6-300x200.png 300w, https:\/\/tlcmagazinemexico.com.mx\/wp-content\/uploads\/2023\/05\/Portadas-43-Web_Art.-6-768x512.png 768w\" sizes=\"auto, (max-width: 750px) 100vw, 750px\" style=\"width:100%;height:66.67%;max-width:939px\" \/>\t\t\t\t\t\t\t\t\t\t\t\t\t\t\t<\/div>\n\t\t\t\t<\/div>\n\t\t\t\t<div class=\"elementor-element elementor-element-59fe409f elementor-widget elementor-widget-spacer\" data-id=\"59fe409f\" data-element_type=\"widget\" data-widget_type=\"spacer.default\">\n\t\t\t\t<div class=\"elementor-widget-container\">\n\t\t\t<style>\/*! elementor - v3.12.0 - 29-03-2023 *\/\n.elementor-column .elementor-spacer-inner{height:var(--spacer-size)}.e-con{--container-widget-width:100%}.e-con-inner>.elementor-widget-spacer,.e-con>.elementor-widget-spacer{width:var(--container-widget-width,var(--spacer-size));--align-self:var(--container-widget-align-self,initial);--flex-shrink:0}.e-con-inner>.elementor-widget-spacer>.elementor-widget-container,.e-con-inner>.elementor-widget-spacer>.elementor-widget-container>.elementor-spacer,.e-con>.elementor-widget-spacer>.elementor-widget-container,.e-con>.elementor-widget-spacer>.elementor-widget-container>.elementor-spacer{height:100%}.e-con-inner>.elementor-widget-spacer>.elementor-widget-container>.elementor-spacer>.elementor-spacer-inner,.e-con>.elementor-widget-spacer>.elementor-widget-container>.elementor-spacer>.elementor-spacer-inner{height:var(--container-widget-height,var(--spacer-size))}<\/style>\t\t<div class=\"elementor-spacer\">\n\t\t\t<div class=\"elementor-spacer-inner\"><\/div>\n\t\t<\/div>\n\t\t\t\t<\/div>\n\t\t\t\t<\/div>\n\t\t\t\t<div class=\"elementor-element elementor-element-7f888eba elementor-widget elementor-widget-theme-post-title elementor-page-title elementor-widget-heading\" data-id=\"7f888eba\" data-element_type=\"widget\" data-widget_type=\"theme-post-title.default\">\n\t\t\t\t<div class=\"elementor-widget-container\">\n\t\t\t<style>\/*! elementor - v3.12.0 - 29-03-2023 *\/\n.elementor-heading-title{padding:0;margin:0;line-height:1}.elementor-widget-heading .elementor-heading-title[class*=elementor-size-]>a{color:inherit;font-size:inherit;line-height:inherit}.elementor-widget-heading .elementor-heading-title.elementor-size-small{font-size:15px}.elementor-widget-heading .elementor-heading-title.elementor-size-medium{font-size:19px}.elementor-widget-heading .elementor-heading-title.elementor-size-large{font-size:29px}.elementor-widget-heading .elementor-heading-title.elementor-size-xl{font-size:39px}.elementor-widget-heading .elementor-heading-title.elementor-size-xxl{font-size:59px}<\/style><h1 class=\"elementor-heading-title elementor-size-default\">La valoraci\u00f3n aduanera y el seguro global de transporte<\/h1>\t\t<\/div>\n\t\t\t\t<\/div>\n\t\t\t\t<div class=\"elementor-element elementor-element-6e337337 elementor-widget elementor-widget-text-editor\" data-id=\"6e337337\" data-element_type=\"widget\" data-widget_type=\"text-editor.default\">\n\t\t\t\t<div class=\"elementor-widget-container\">\n\t\t\t<style>\/*! elementor - v3.12.0 - 29-03-2023 *\/\n.elementor-widget-text-editor.elementor-drop-cap-view-stacked .elementor-drop-cap{background-color:#69727d;color:#fff}.elementor-widget-text-editor.elementor-drop-cap-view-framed .elementor-drop-cap{color:#69727d;border:3px solid;background-color:transparent}.elementor-widget-text-editor:not(.elementor-drop-cap-view-default) .elementor-drop-cap{margin-top:8px}.elementor-widget-text-editor:not(.elementor-drop-cap-view-default) .elementor-drop-cap-letter{width:1em;height:1em}.elementor-widget-text-editor .elementor-drop-cap{float:left;text-align:center;line-height:1;font-size:50px}.elementor-widget-text-editor .elementor-drop-cap-letter{display:inline-block}<\/style>\t\t\t\t<p><!-- wp:paragraph --><\/p>\n<ul>\n<li>Primeramente, debemos conocer \u00bfqu\u00e9 es el Valor en Aduana? y \u00bfpara qu\u00e9 es utilizado? El Valor en Aduana se relaciona con otros conceptos muy importantes como son el valor de transacci\u00f3n, el precio pagado y el precio por pagar.<\/li>\n<\/ul>\n<div><span style=\"font-family: -apple-system, BlinkMacSystemFont, Segoe UI, Roboto, Oxygen-Sans, Ubuntu, Cantarell, Helvetica Neue, sans-serif;\">\u00a0<\/span><\/div>\n<p>El Valor en Aduana de las mercanc\u00edas ser\u00e1 el valor de transacci\u00f3n, salvo la aplicaci\u00f3n de otros m\u00e9todos de valoraci\u00f3n.<\/p>\n<p>\u00a0<\/p>\n<p>Asimismo, se entiende por valor de transacci\u00f3n de las mercanc\u00edas a importar al precio pagado por las mismas, siempre que concurran todas las circunstancias para considerar dicho valor, y que \u00e9stas se vendan para ser exportadas a territorio nacional por compra efectuada por el importador, precio que se ajustar\u00e1, en su caso, por los gastos considerados como ajustes positivos o incrementables.<\/p>\n<p>\u00a0<\/p>\n<p>Aunado a lo anterior, se entiende por precio pagado al pago total que por las mercanc\u00edas importadas haya efectuado o vaya a efectuar el importador de manera directa o indirecta al vendedor o en beneficio de \u00e9ste.<\/p>\n<p>\u00a0<\/p>\n<p>Dando respuesta a la segunda interrogante, la importancia del Valor en Aduana de las mercanc\u00edas radica en que constituye uno de los aspectos m\u00e1s importantes para el cumplimento de las obligaciones fiscales aduaneras, debido a que es considerado como la base gravable o parte de la misma para la determinaci\u00f3n de las contribuciones que se generan con motivo de las operaciones de comercio exterior, por consiguiente, el importador debe tener el resguardo de la informaci\u00f3n que comprueba el valor utilizado y la metodolog\u00eda aplicada para su obtenci\u00f3n.<\/p>\n<p>\u00a0<\/p>\n<p>El importador debe adicionar o sumar todos aquellos gastos que haya erogado por cuenta propia y que no est\u00e9n comprendido en el precio pagado de las mercanc\u00edas, por ejemplo: en relaci\u00f3n con la tem\u00e1tica a tratar los gastos de seguros que se incurra con motivo del transporte de las mercanc\u00edas hasta la fecha entrada de las mercanc\u00edas al territorio nacional.<\/p>\n<p>\u00a0<\/p>\n<p>De manera particular, se considerar\u00e1 como incrementable el cargo por concepto de seguro que se contrate sobre un porcentaje del precio de la Mercanc\u00eda, cualquiera que sea el momento de pago de la prima.<\/p>\n<p>\u00a0<\/p>\n<p>Conforme a lo expuesto, el importador debe declarar correctamente el Valor Aduana al momento de llevar a cabo el tr\u00e1mite de importaci\u00f3n de las mercanc\u00edas que se destinen a territorio nacional, sin embargo, la normatividad otorga una facilidad administrativa para determinar provisionalmente el Valor Aduana en el supuesto que se haya contratado una p\u00f3liza de seguros global de transporte anual, siempre que cumplan los requisitos establecidos en la normatividad.<\/p>\n<p>\u00a0<\/p>\n<p>En esta tesitura, si el importador efectu\u00f3 gastos por concepto de seguro contratando una p\u00f3liza de seguros global de transporte anual tendr\u00e1 la opci\u00f3n de determinar un Valor aduana provisional cuando no pueda determinar las cantidades que por concepto de seguro debe incrementar en cada operaci\u00f3n al precio pagado por las mercanc\u00edas, por el contrario, si el importador conoce el monto de valor que deber\u00e1 incrementarse a la base gravable, no siendo necesario utilizar este beneficio.<\/p>\n<p>\u00a0<\/p>\n<p>Los requisitos que deber\u00e1n de cumplir los importadores para utilizar este esquema son los que se indican:<\/p>\n<p>\u00a0<\/p>\n<p>1. Presentar un aviso ante la autoridad aduanera, en la forma oficial aprobada por el SAT. Actualmente, es utilizado el formato denominado \u201cAviso de opci\u00f3n para la determinaci\u00f3n del valor provisional (seguro global de transporte)\u201d y es presentado ante la Administraci\u00f3n Desconcentrada de la Administraci\u00f3n General de Auditor\u00eda de Comercio Exterior que corresponda.<\/p>\n<p>2. Incrementar el monto de los seguros conforme a las opciones siguientes:<\/p>\n<p>\u00a0<\/p>\n<ul>\n<li>Incremente al precio pagado por las mercanc\u00edas, por concepto de seguro, la cantidad que resulte de aplicar a dicho precio el factor que se obtenga de dividir el costo del seguro global del a\u00f1o inmediato anterior entre el valor de las importaciones de Mercanc\u00edas aseguradas que hubiere efectuado el mismo a\u00f1o.<\/li>\n<\/ul>\n<p><!-- \/wp:paragraph --><\/p>\t\t\t\t\t\t<\/div>\n\t\t\t\t<\/div>\n\t\t\t\t<div class=\"elementor-element elementor-element-daea78c elementor-widget elementor-widget-image\" data-id=\"daea78c\" data-element_type=\"widget\" data-widget_type=\"image.default\">\n\t\t\t\t<div class=\"elementor-widget-container\">\n\t\t\t\t\t\t\t\t\t\t\t\t\t\t\t<img loading=\"lazy\" decoding=\"async\" width=\"690\" height=\"195\" src=\"https:\/\/tlcmagazinemexico.com.mx\/wp-content\/uploads\/2023\/05\/a1.png\" class=\"attachment-large size-large wp-image-1552\" alt=\"\" srcset=\"https:\/\/tlcmagazinemexico.com.mx\/wp-content\/uploads\/2023\/05\/a1.png 690w, https:\/\/tlcmagazinemexico.com.mx\/wp-content\/uploads\/2023\/05\/a1-300x85.png 300w\" sizes=\"auto, (max-width: 690px) 100vw, 690px\" style=\"width:100%;height:28.26%;max-width:690px\" \/>\t\t\t\t\t\t\t\t\t\t\t\t\t\t\t<\/div>\n\t\t\t\t<\/div>\n\t\t\t\t<div class=\"elementor-element elementor-element-2fed487 elementor-widget elementor-widget-text-editor\" data-id=\"2fed487\" data-element_type=\"widget\" data-widget_type=\"text-editor.default\">\n\t\t\t\t<div class=\"elementor-widget-container\">\n\t\t\t\t\t\t\t<p><!-- wp:paragraph --><\/p>\n<ul>\n<li>Cuando el contribuyente inicie actividades de importaci\u00f3n o en el a\u00f1o inmediato anterior no haya contratado una p\u00f3liza de seguros global de transporte anual y, por tal motivo, no cuente con la informaci\u00f3n correspondiente del a\u00f1o anterior, deber\u00e1 incrementar al precio pagado por las Mercanc\u00edas, por concepto de seguro, la cantidad que resulte de aplicar a dicho precio el factor que se obtenga de dividir el costo del seguro global de transporte anual vigente al momento de la importaci\u00f3n entre el valor de las importaciones que estime realizar dentro del periodo de cobertura del citado seguro.<\/li>\n<\/ul>\n<p><!-- \/wp:paragraph --><\/p>\t\t\t\t\t\t<\/div>\n\t\t\t\t<\/div>\n\t\t\t\t<div class=\"elementor-element elementor-element-22bba76 elementor-widget elementor-widget-image\" data-id=\"22bba76\" data-element_type=\"widget\" data-widget_type=\"image.default\">\n\t\t\t\t<div class=\"elementor-widget-container\">\n\t\t\t\t\t\t\t\t\t\t\t\t\t\t\t<img loading=\"lazy\" decoding=\"async\" width=\"337\" height=\"267\" src=\"https:\/\/tlcmagazinemexico.com.mx\/wp-content\/uploads\/2023\/05\/a2.png\" class=\"attachment-large size-large wp-image-1553\" alt=\"\" srcset=\"https:\/\/tlcmagazinemexico.com.mx\/wp-content\/uploads\/2023\/05\/a2.png 337w, https:\/\/tlcmagazinemexico.com.mx\/wp-content\/uploads\/2023\/05\/a2-300x238.png 300w\" sizes=\"auto, (max-width: 337px) 100vw, 337px\" style=\"width:100%;height:79.23%;max-width:337px\" \/>\t\t\t\t\t\t\t\t\t\t\t\t\t\t\t<\/div>\n\t\t\t\t<\/div>\n\t\t\t\t<div class=\"elementor-element elementor-element-065465c elementor-widget elementor-widget-text-editor\" data-id=\"065465c\" data-element_type=\"widget\" data-widget_type=\"text-editor.default\">\n\t\t\t\t<div class=\"elementor-widget-container\">\n\t\t\t\t\t\t\t<p><!-- wp:paragraph --><\/p>\n<ul>\n<li>\n<p>3. Presentar la Rectificaci\u00f3n al pedimento corrigiendo el Valor en Aduana de las mercanc\u00edas, determinado en forma provisional, mediante declaraciones complementarias, en las que se se\u00f1alen las cantidades que por concepto de seguro efectivamente les correspondan, pagando las contribuciones actualizadas y los recargos causados que resulten de la determinaci\u00f3n definitiva del valor en aduana.<\/p>\n<p>4. Presente las declaraciones complementarias o rectificaciones de los pedimentos, dentro del mes siguiente a la fecha de vencimiento del plazo de cobertura del seguro global de transporte anual.<\/p>\n<p>Por el contrario, si no son presentadas las declaraciones complementarias dentro del plazo establecido, los valores en aduana declarados en forma provisional tendr\u00e1n el car\u00e1cter de definitivos.<\/p>\n<p>5. En la gesti\u00f3n del aviso deber\u00e1n adjuntar los documentos que se indican:<\/p>\n<p>a) C\u00e9dula de identificaci\u00f3n fiscal, aviso o constancia de inscripci\u00f3n en el RFC, siempre que esta \u00faltima no exceda de un mes de haber sido expedida por la autoridad competente.<\/p>\n<p>b) Solicitud de inscripci\u00f3n en el padr\u00f3n de importadores.<\/p>\n<p>c) Testimonio notarial del poder, mediante el cual se faculta a la persona que firma el escrito, para realizar actos de administraci\u00f3n.<\/p>\n<p>d) Testimonio notarial del acta de la escritura constitutiva y, en su caso, de las modificaciones.<\/p>\n<p>e) P\u00f3liza de seguro global contratada durante el a\u00f1o de operaciones.<\/p>\n<p>f) Adem\u00e1s de anexar los documentos utilizados conforme al art\u00edculo 36-A de la Ley Aduanera.<\/p>\n<p>En resumen, es importante que los importadores que contraten p\u00f3lizas de seguros global de transporte anual identifiquen si es viable utilizar un valor provisional en las operaciones aduaneras, y quienes tienen implementado este esquema deber\u00e1n asegurarse de que cumplen con los requisitos antes mencionados y presenten las correcciones en tiempo y forma.<\/p><\/li>\n<\/ul><div><font face=\"-apple-system, BlinkMacSystemFont, Segoe UI, Roboto, Oxygen-Sans, Ubuntu, Cantarell, Helvetica Neue, sans-serif\"><br><\/font><\/div>\n<p><!-- \/wp:paragraph --><\/p>\t\t\t\t\t\t<\/div>\n\t\t\t\t<\/div>\n\t\t\t\t<div class=\"elementor-element elementor-element-5329e8aa elementor-widget elementor-widget-image\" data-id=\"5329e8aa\" data-element_type=\"widget\" data-widget_type=\"image.default\">\n\t\t\t\t<div class=\"elementor-widget-container\">\n\t\t\t\t\t\t\t\t\t\t\t\t\t\t\t<img loading=\"lazy\" decoding=\"async\" width=\"750\" height=\"272\" src=\"https:\/\/tlcmagazinemexico.com.mx\/wp-content\/uploads\/2023\/05\/Semblanzas-E43_6-1024x372.png\" class=\"attachment-large size-large wp-image-1799\" alt=\"\" srcset=\"https:\/\/tlcmagazinemexico.com.mx\/wp-content\/uploads\/2023\/05\/Semblanzas-E43_6-1024x372.png 1024w, https:\/\/tlcmagazinemexico.com.mx\/wp-content\/uploads\/2023\/05\/Semblanzas-E43_6-300x109.png 300w, https:\/\/tlcmagazinemexico.com.mx\/wp-content\/uploads\/2023\/05\/Semblanzas-E43_6-768x279.png 768w, https:\/\/tlcmagazinemexico.com.mx\/wp-content\/uploads\/2023\/05\/Semblanzas-E43_6.png 1311w\" sizes=\"auto, (max-width: 750px) 100vw, 750px\" style=\"width:100%;height:36.31%;max-width:1311px\" \/>\t\t\t\t\t\t\t\t\t\t\t\t\t\t\t<\/div>\n\t\t\t\t<\/div>\n\t\t\t\t<section class=\"elementor-section elementor-inner-section elementor-element elementor-element-287836b4 elementor-section-boxed elementor-section-height-default elementor-section-height-default\" data-id=\"287836b4\" data-element_type=\"section\">\n\t\t\t\t\t\t<div class=\"elementor-container elementor-column-gap-default\">\n\t\t\t\t\t<div class=\"elementor-column elementor-col-50 elementor-inner-column elementor-element elementor-element-4b6af33e\" data-id=\"4b6af33e\" data-element_type=\"column\">\n\t\t\t<div class=\"elementor-widget-wrap elementor-element-populated\">\n\t\t\t\t\t\t\t\t<div class=\"elementor-element elementor-element-22d88d1 elementor-widget elementor-widget-heading\" data-id=\"22d88d1\" data-element_type=\"widget\" data-widget_type=\"heading.default\">\n\t\t\t\t<div class=\"elementor-widget-container\">\n\t\t\t<h2 class=\"elementor-heading-title elementor-size-default\">Compartir <\/h2>\t\t<\/div>\n\t\t\t\t<\/div>\n\t\t\t\t\t<\/div>\n\t\t<\/div>\n\t\t\t\t<div class=\"elementor-column elementor-col-50 elementor-inner-column elementor-element elementor-element-233108c2\" data-id=\"233108c2\" data-element_type=\"column\">\n\t\t\t<div class=\"elementor-widget-wrap elementor-element-populated\">\n\t\t\t\t\t\t\t\t<div class=\"elementor-element elementor-element-4062cb2c elementor-share-buttons--view-icon elementor-share-buttons--skin-flat elementor-share-buttons--align-right elementor-share-buttons--color-custom elementor-share-buttons-mobile--align-center elementor-share-buttons--shape-square elementor-grid-0 elementor-widget elementor-widget-share-buttons\" data-id=\"4062cb2c\" data-element_type=\"widget\" data-widget_type=\"share-buttons.default\">\n\t\t\t\t<div class=\"elementor-widget-container\">\n\t\t\t<link rel=\"stylesheet\" href=\"https:\/\/tlcmagazinemexico.com.mx\/wp-content\/plugins\/elementor-pro\/assets\/css\/widget-share-buttons.min.css\">\t\t<div class=\"elementor-grid\">\n\t\t\t\t\t\t\t\t<div class=\"elementor-grid-item\">\n\t\t\t\t\t\t<div\n\t\t\t\t\t\t\tclass=\"elementor-share-btn elementor-share-btn_facebook\"\n\t\t\t\t\t\t\trole=\"button\"\n\t\t\t\t\t\t\ttabindex=\"0\"\n\t\t\t\t\t\t\taria-label=\"Compartir en facebook\"\n\t\t\t\t\t\t>\n\t\t\t\t\t\t\t\t\t\t\t\t\t\t\t<span class=\"elementor-share-btn__icon\">\n\t\t\t\t\t\t\t\t<i class=\"fab fa-facebook\" aria-hidden=\"true\"><\/i>\t\t\t\t\t\t\t<\/span>\n\t\t\t\t\t\t\t\t\t\t\t\t\t\t\t\t\t\t\t\t<\/div>\n\t\t\t\t\t<\/div>\n\t\t\t\t\t\t\t\t\t<div class=\"elementor-grid-item\">\n\t\t\t\t\t\t<div\n\t\t\t\t\t\t\tclass=\"elementor-share-btn elementor-share-btn_linkedin\"\n\t\t\t\t\t\t\trole=\"button\"\n\t\t\t\t\t\t\ttabindex=\"0\"\n\t\t\t\t\t\t\taria-label=\"Compartir en linkedin\"\n\t\t\t\t\t\t>\n\t\t\t\t\t\t\t\t\t\t\t\t\t\t\t<span class=\"elementor-share-btn__icon\">\n\t\t\t\t\t\t\t\t<i class=\"fab fa-linkedin\" aria-hidden=\"true\"><\/i>\t\t\t\t\t\t\t<\/span>\n\t\t\t\t\t\t\t\t\t\t\t\t\t\t\t\t\t\t\t\t<\/div>\n\t\t\t\t\t<\/div>\n\t\t\t\t\t\t\t\t\t<div class=\"elementor-grid-item\">\n\t\t\t\t\t\t<div\n\t\t\t\t\t\t\tclass=\"elementor-share-btn elementor-share-btn_twitter\"\n\t\t\t\t\t\t\trole=\"button\"\n\t\t\t\t\t\t\ttabindex=\"0\"\n\t\t\t\t\t\t\taria-label=\"Compartir en twitter\"\n\t\t\t\t\t\t>\n\t\t\t\t\t\t\t\t\t\t\t\t\t\t\t<span class=\"elementor-share-btn__icon\">\n\t\t\t\t\t\t\t\t<i class=\"fab fa-twitter\" aria-hidden=\"true\"><\/i>\t\t\t\t\t\t\t<\/span>\n\t\t\t\t\t\t\t\t\t\t\t\t\t\t\t\t\t\t\t\t<\/div>\n\t\t\t\t\t<\/div>\n\t\t\t\t\t\t\t\t\t<div class=\"elementor-grid-item\">\n\t\t\t\t\t\t<div\n\t\t\t\t\t\t\tclass=\"elementor-share-btn elementor-share-btn_email\"\n\t\t\t\t\t\t\trole=\"button\"\n\t\t\t\t\t\t\ttabindex=\"0\"\n\t\t\t\t\t\t\taria-label=\"Compartir en email\"\n\t\t\t\t\t\t>\n\t\t\t\t\t\t\t\t\t\t\t\t\t\t\t<span class=\"elementor-share-btn__icon\">\n\t\t\t\t\t\t\t\t<i class=\"fas fa-envelope\" aria-hidden=\"true\"><\/i>\t\t\t\t\t\t\t<\/span>\n\t\t\t\t\t\t\t\t\t\t\t\t\t\t\t\t\t\t\t\t<\/div>\n\t\t\t\t\t<\/div>\n\t\t\t\t\t\t<\/div>\n\t\t\t\t<\/div>\n\t\t\t\t<\/div>\n\t\t\t\t\t<\/div>\n\t\t<\/div>\n\t\t\t\t\t\t\t<\/div>\n\t\t<\/section>\n\t\t\t\t\t<\/div>\n\t\t<\/div>\n\t\t\t\t<div class=\"elementor-column elementor-col-33 elementor-top-column elementor-element elementor-element-1f1b6264\" data-id=\"1f1b6264\" data-element_type=\"column\">\n\t\t\t<div class=\"elementor-widget-wrap\">\n\t\t\t\t\t\t\t\t\t<\/div>\n\t\t<\/div>\n\t\t\t\t<div class=\"elementor-column elementor-col-33 elementor-top-column elementor-element elementor-element-48086ec5\" data-id=\"48086ec5\" data-element_type=\"column\">\n\t\t\t<div class=\"elementor-widget-wrap elementor-element-populated\">\n\t\t\t\t\t\t\t\t<div class=\"elementor-element elementor-element-375bc949 elementor-grid-1 elementor-posts--align-center elementor-posts__hover-none elementor-widget__width-inherit elementor-absolute elementor-grid-tablet-2 elementor-grid-mobile-1 elementor-posts--thumbnail-top elementor-card-shadow-yes elementor-widget elementor-widget-posts\" data-id=\"375bc949\" data-element_type=\"widget\" data-settings=\"{&quot;cards_columns&quot;:&quot;1&quot;,&quot;cards_row_gap&quot;:{&quot;unit&quot;:&quot;px&quot;,&quot;size&quot;:&quot;30&quot;,&quot;sizes&quot;:[]},&quot;_position&quot;:&quot;absolute&quot;,&quot;cards_columns_tablet&quot;:&quot;2&quot;,&quot;cards_columns_mobile&quot;:&quot;1&quot;,&quot;cards_row_gap_tablet&quot;:{&quot;unit&quot;:&quot;px&quot;,&quot;size&quot;:&quot;&quot;,&quot;sizes&quot;:[]},&quot;cards_row_gap_mobile&quot;:{&quot;unit&quot;:&quot;px&quot;,&quot;size&quot;:&quot;&quot;,&quot;sizes&quot;:[]}}\" data-widget_type=\"posts.cards\">\n\t\t\t\t<div class=\"elementor-widget-container\">\n\t\t\t<link rel=\"stylesheet\" href=\"https:\/\/tlcmagazinemexico.com.mx\/wp-content\/plugins\/elementor-pro\/assets\/css\/widget-posts.min.css\">\t\t<div class=\"elementor-posts-container elementor-posts elementor-posts--skin-cards elementor-grid\">\n\t\t\t\t<article class=\"elementor-post elementor-grid-item post-1245 post type-post status-publish format-standard has-post-thumbnail hentry category-edicion-43 entry\">\n\t\t\t<div class=\"elementor-post__card\">\n\t\t\t\t<a class=\"elementor-post__thumbnail__link\" href=\"https:\/\/tlcmagazinemexico.com.mx\/index.php\/2023\/05\/04\/la-valoracion-aduanera-y-el-seguro-global-de-transporte\/\" ><div class=\"elementor-post__thumbnail\"><img loading=\"lazy\" decoding=\"async\" width=\"939\" height=\"626\" src=\"https:\/\/tlcmagazinemexico.com.mx\/wp-content\/uploads\/2023\/05\/Portadas-43-Web_Art.-6.png\" class=\"attachment-full size-full wp-image-1804\" alt=\"\" srcset=\"https:\/\/tlcmagazinemexico.com.mx\/wp-content\/uploads\/2023\/05\/Portadas-43-Web_Art.-6.png 939w, https:\/\/tlcmagazinemexico.com.mx\/wp-content\/uploads\/2023\/05\/Portadas-43-Web_Art.-6-300x200.png 300w, https:\/\/tlcmagazinemexico.com.mx\/wp-content\/uploads\/2023\/05\/Portadas-43-Web_Art.-6-768x512.png 768w\" sizes=\"auto, (max-width: 939px) 100vw, 939px\" style=\"width:100%;height:66.67%;max-width:939px;\" \/><\/div><\/a>\n\t\t\t\t<div class=\"elementor-post__text\">\n\t\t\t\t<h1 class=\"elementor-post__title\">\n\t\t\t<a href=\"https:\/\/tlcmagazinemexico.com.mx\/index.php\/2023\/05\/04\/la-valoracion-aduanera-y-el-seguro-global-de-transporte\/\" >\n\t\t\t\tLa valoraci\u00f3n aduanera y el seguro global de transporte\t\t\t<\/a>\n\t\t<\/h1>\n\t\t\t\t<div class=\"elementor-post__excerpt\">\n\t\t\t<p>Primeramente, debemos conocer \u00bfqu\u00e9 es el Valor en Aduana? y \u00bfpara qu\u00e9 es utilizado? El Valor en Aduana se relaciona con otros conceptos muy importantes<\/p>\n\t\t<\/div>\n\t\t\n\t\t<a class=\"elementor-post__read-more\" href=\"https:\/\/tlcmagazinemexico.com.mx\/index.php\/2023\/05\/04\/la-valoracion-aduanera-y-el-seguro-global-de-transporte\/\" aria-label=\"Read more about La valoraci\u00f3n aduanera y el seguro global de transporte\" >\n\t\t\tLeer m\u00e1s \u00bb\t\t<\/a>\n\n\t\t\t\t<\/div>\n\t\t\t\t\t<\/div>\n\t\t<\/article>\n\t\t\t\t<article class=\"elementor-post elementor-grid-item post-1225 post type-post status-publish format-standard has-post-thumbnail hentry category-edicion-43 entry\">\n\t\t\t<div class=\"elementor-post__card\">\n\t\t\t\t<a class=\"elementor-post__thumbnail__link\" href=\"https:\/\/tlcmagazinemexico.com.mx\/index.php\/2023\/05\/04\/carga-internacional-aerea-en-mexico\/\" ><div class=\"elementor-post__thumbnail\"><img loading=\"lazy\" decoding=\"async\" width=\"939\" height=\"626\" src=\"https:\/\/tlcmagazinemexico.com.mx\/wp-content\/uploads\/2023\/05\/Portadas-43-Web_Art.-5.png\" class=\"attachment-full size-full wp-image-1805\" alt=\"\" srcset=\"https:\/\/tlcmagazinemexico.com.mx\/wp-content\/uploads\/2023\/05\/Portadas-43-Web_Art.-5.png 939w, https:\/\/tlcmagazinemexico.com.mx\/wp-content\/uploads\/2023\/05\/Portadas-43-Web_Art.-5-300x200.png 300w, https:\/\/tlcmagazinemexico.com.mx\/wp-content\/uploads\/2023\/05\/Portadas-43-Web_Art.-5-768x512.png 768w\" sizes=\"auto, (max-width: 939px) 100vw, 939px\" style=\"width:100%;height:66.67%;max-width:939px;\" \/><\/div><\/a>\n\t\t\t\t<div class=\"elementor-post__text\">\n\t\t\t\t<h1 class=\"elementor-post__title\">\n\t\t\t<a href=\"https:\/\/tlcmagazinemexico.com.mx\/index.php\/2023\/05\/04\/carga-internacional-aerea-en-mexico\/\" >\n\t\t\t\tCarga internacional a\u00e9rea en M\u00e9xico\t\t\t<\/a>\n\t\t<\/h1>\n\t\t\t\t<div class=\"elementor-post__excerpt\">\n\t\t\t<p>Aproximadamente el 1% de toda la carga que se mueve en el mundo se realiza por v\u00eda a\u00e9rea, lo que convierte al transporte a\u00e9reo en<\/p>\n\t\t<\/div>\n\t\t\n\t\t<a class=\"elementor-post__read-more\" href=\"https:\/\/tlcmagazinemexico.com.mx\/index.php\/2023\/05\/04\/carga-internacional-aerea-en-mexico\/\" aria-label=\"Read more about Carga internacional a\u00e9rea en M\u00e9xico\" >\n\t\t\tLeer m\u00e1s \u00bb\t\t<\/a>\n\n\t\t\t\t<\/div>\n\t\t\t\t\t<\/div>\n\t\t<\/article>\n\t\t\t\t<article class=\"elementor-post elementor-grid-item post-1217 post type-post status-publish format-standard has-post-thumbnail hentry category-edicion-43 entry\">\n\t\t\t<div class=\"elementor-post__card\">\n\t\t\t\t<a class=\"elementor-post__thumbnail__link\" href=\"https:\/\/tlcmagazinemexico.com.mx\/index.php\/2023\/05\/04\/glifosato-y-maiz-transgenico-una-posible-discordia-en-el-marco-del-t-mec-y-de-la-omc\/\" ><div class=\"elementor-post__thumbnail\"><img loading=\"lazy\" decoding=\"async\" width=\"939\" height=\"626\" src=\"https:\/\/tlcmagazinemexico.com.mx\/wp-content\/uploads\/2023\/05\/Portadas-43-Web_Art.-4.png\" class=\"attachment-full size-full wp-image-1806\" alt=\"\" srcset=\"https:\/\/tlcmagazinemexico.com.mx\/wp-content\/uploads\/2023\/05\/Portadas-43-Web_Art.-4.png 939w, https:\/\/tlcmagazinemexico.com.mx\/wp-content\/uploads\/2023\/05\/Portadas-43-Web_Art.-4-300x200.png 300w, https:\/\/tlcmagazinemexico.com.mx\/wp-content\/uploads\/2023\/05\/Portadas-43-Web_Art.-4-768x512.png 768w\" sizes=\"auto, (max-width: 939px) 100vw, 939px\" style=\"width:100%;height:66.67%;max-width:939px;\" \/><\/div><\/a>\n\t\t\t\t<div class=\"elementor-post__text\">\n\t\t\t\t<h1 class=\"elementor-post__title\">\n\t\t\t<a href=\"https:\/\/tlcmagazinemexico.com.mx\/index.php\/2023\/05\/04\/glifosato-y-maiz-transgenico-una-posible-discordia-en-el-marco-del-t-mec-y-de-la-omc\/\" >\n\t\t\t\tGlifosato y ma\u00edz transg\u00e9nico: Una posible discordia en el marco del T-MEC y de la OMC\t\t\t<\/a>\n\t\t<\/h1>\n\t\t\t\t<div class=\"elementor-post__excerpt\">\n\t\t\t<p>En los \u00faltimos a\u00f1os el glifosato y el ma\u00edz transg\u00e9nico han ocupado la palestra, a partir de lo cual han circulado diversas notas period\u00edsticas y<\/p>\n\t\t<\/div>\n\t\t\n\t\t<a class=\"elementor-post__read-more\" href=\"https:\/\/tlcmagazinemexico.com.mx\/index.php\/2023\/05\/04\/glifosato-y-maiz-transgenico-una-posible-discordia-en-el-marco-del-t-mec-y-de-la-omc\/\" aria-label=\"Read more about Glifosato y ma\u00edz transg\u00e9nico: Una posible discordia en el marco del T-MEC y de la OMC\" >\n\t\t\tLeer m\u00e1s \u00bb\t\t<\/a>\n\n\t\t\t\t<\/div>\n\t\t\t\t\t<\/div>\n\t\t<\/article>\n\t\t\t\t<article class=\"elementor-post elementor-grid-item post-1211 post type-post status-publish format-standard has-post-thumbnail hentry category-edicion-43 entry\">\n\t\t\t<div class=\"elementor-post__card\">\n\t\t\t\t<a class=\"elementor-post__thumbnail__link\" href=\"https:\/\/tlcmagazinemexico.com.mx\/index.php\/2023\/05\/04\/analisis-de-comercio-internacional-y-los-tratados-comerciales-en-mexico\/\" ><div class=\"elementor-post__thumbnail\"><img loading=\"lazy\" decoding=\"async\" width=\"939\" height=\"626\" src=\"https:\/\/tlcmagazinemexico.com.mx\/wp-content\/uploads\/2023\/05\/Portadas-43-Web_Art.-3.png\" class=\"attachment-full size-full wp-image-1807\" alt=\"\" srcset=\"https:\/\/tlcmagazinemexico.com.mx\/wp-content\/uploads\/2023\/05\/Portadas-43-Web_Art.-3.png 939w, https:\/\/tlcmagazinemexico.com.mx\/wp-content\/uploads\/2023\/05\/Portadas-43-Web_Art.-3-300x200.png 300w, https:\/\/tlcmagazinemexico.com.mx\/wp-content\/uploads\/2023\/05\/Portadas-43-Web_Art.-3-768x512.png 768w\" sizes=\"auto, (max-width: 939px) 100vw, 939px\" style=\"width:100%;height:66.67%;max-width:939px;\" \/><\/div><\/a>\n\t\t\t\t<div class=\"elementor-post__text\">\n\t\t\t\t<h1 class=\"elementor-post__title\">\n\t\t\t<a href=\"https:\/\/tlcmagazinemexico.com.mx\/index.php\/2023\/05\/04\/analisis-de-comercio-internacional-y-los-tratados-comerciales-en-mexico\/\" >\n\t\t\t\tAn\u00e1lisis de comercio internacional y los tratados comerciales en M\u00e9xico\t\t\t<\/a>\n\t\t<\/h1>\n\t\t\t\t<div class=\"elementor-post__excerpt\">\n\t\t\t<p>M\u00e9xico cuenta con una larga historia en el comercio, si nos remontamos a la \u00e9poca precolombina encontramos que en los antiguos imperios Mayas ya se<\/p>\n\t\t<\/div>\n\t\t\n\t\t<a class=\"elementor-post__read-more\" href=\"https:\/\/tlcmagazinemexico.com.mx\/index.php\/2023\/05\/04\/analisis-de-comercio-internacional-y-los-tratados-comerciales-en-mexico\/\" aria-label=\"Read more about An\u00e1lisis de comercio internacional y los tratados comerciales en M\u00e9xico\" >\n\t\t\tLeer m\u00e1s \u00bb\t\t<\/a>\n\n\t\t\t\t<\/div>\n\t\t\t\t\t<\/div>\n\t\t<\/article>\n\t\t\t\t<article class=\"elementor-post elementor-grid-item post-1206 post type-post status-publish format-standard has-post-thumbnail hentry category-edicion-43 entry\">\n\t\t\t<div class=\"elementor-post__card\">\n\t\t\t\t<a class=\"elementor-post__thumbnail__link\" href=\"https:\/\/tlcmagazinemexico.com.mx\/index.php\/2023\/05\/04\/el-nearshoring-oportunidad-de-desarrollo-economico-para-mexico\/\" ><div class=\"elementor-post__thumbnail\"><img loading=\"lazy\" decoding=\"async\" width=\"939\" height=\"626\" src=\"https:\/\/tlcmagazinemexico.com.mx\/wp-content\/uploads\/2023\/05\/Portadas-43-Web_Art.-2.png\" class=\"attachment-full size-full wp-image-1808\" alt=\"\" srcset=\"https:\/\/tlcmagazinemexico.com.mx\/wp-content\/uploads\/2023\/05\/Portadas-43-Web_Art.-2.png 939w, https:\/\/tlcmagazinemexico.com.mx\/wp-content\/uploads\/2023\/05\/Portadas-43-Web_Art.-2-300x200.png 300w, https:\/\/tlcmagazinemexico.com.mx\/wp-content\/uploads\/2023\/05\/Portadas-43-Web_Art.-2-768x512.png 768w\" sizes=\"auto, (max-width: 939px) 100vw, 939px\" style=\"width:100%;height:66.67%;max-width:939px;\" \/><\/div><\/a>\n\t\t\t\t<div class=\"elementor-post__text\">\n\t\t\t\t<h1 class=\"elementor-post__title\">\n\t\t\t<a href=\"https:\/\/tlcmagazinemexico.com.mx\/index.php\/2023\/05\/04\/el-nearshoring-oportunidad-de-desarrollo-economico-para-mexico\/\" >\n\t\t\t\tEl nearshoring, \u00bfOportunidad de desarrollo econ\u00f3mico para M\u00e9xico?\t\t\t<\/a>\n\t\t<\/h1>\n\t\t\t\t<div class=\"elementor-post__excerpt\">\n\t\t\t<p>El nearshoring se trata de un concepto que ha empezado a cobrar mayor relevancia para nuestro pa\u00eds a partir de que en fechas recientes se<\/p>\n\t\t<\/div>\n\t\t\n\t\t<a class=\"elementor-post__read-more\" href=\"https:\/\/tlcmagazinemexico.com.mx\/index.php\/2023\/05\/04\/el-nearshoring-oportunidad-de-desarrollo-economico-para-mexico\/\" aria-label=\"Read more about El nearshoring, \u00bfOportunidad de desarrollo econ\u00f3mico para M\u00e9xico?\" >\n\t\t\tLeer m\u00e1s \u00bb\t\t<\/a>\n\n\t\t\t\t<\/div>\n\t\t\t\t\t<\/div>\n\t\t<\/article>\n\t\t\t\t<article class=\"elementor-post elementor-grid-item post-1199 post type-post status-publish format-standard has-post-thumbnail hentry category-edicion-43 entry\">\n\t\t\t<div class=\"elementor-post__card\">\n\t\t\t\t<a class=\"elementor-post__thumbnail__link\" href=\"https:\/\/tlcmagazinemexico.com.mx\/index.php\/2023\/05\/04\/mayor-integracion-comercial-de-america-del-norte-y-el-desempeno-aduanero\/\" ><div class=\"elementor-post__thumbnail\"><img loading=\"lazy\" decoding=\"async\" width=\"939\" height=\"626\" src=\"https:\/\/tlcmagazinemexico.com.mx\/wp-content\/uploads\/2023\/05\/Portadas-43-Web_Art.-1.png\" class=\"attachment-full size-full wp-image-1809\" alt=\"\" srcset=\"https:\/\/tlcmagazinemexico.com.mx\/wp-content\/uploads\/2023\/05\/Portadas-43-Web_Art.-1.png 939w, https:\/\/tlcmagazinemexico.com.mx\/wp-content\/uploads\/2023\/05\/Portadas-43-Web_Art.-1-300x200.png 300w, https:\/\/tlcmagazinemexico.com.mx\/wp-content\/uploads\/2023\/05\/Portadas-43-Web_Art.-1-768x512.png 768w\" sizes=\"auto, (max-width: 939px) 100vw, 939px\" style=\"width:100%;height:66.67%;max-width:939px;\" \/><\/div><\/a>\n\t\t\t\t<div class=\"elementor-post__text\">\n\t\t\t\t<h1 class=\"elementor-post__title\">\n\t\t\t<a href=\"https:\/\/tlcmagazinemexico.com.mx\/index.php\/2023\/05\/04\/mayor-integracion-comercial-de-america-del-norte-y-el-desempeno-aduanero\/\" >\n\t\t\t\tMayor integraci\u00f3n comercial de Am\u00e9rica del Norte y el desempe\u00f1o aduanero\t\t\t<\/a>\n\t\t<\/h1>\n\t\t\t\t<div class=\"elementor-post__excerpt\">\n\t\t\t<p>I. El volumen del comercio internacional \u00a0 En el per\u00edodo conocido como \u201centreguerras\u201d que transcurre entre 1918 y 1948 el comercio internacional se someti\u00f3 a<\/p>\n\t\t<\/div>\n\t\t\n\t\t<a class=\"elementor-post__read-more\" href=\"https:\/\/tlcmagazinemexico.com.mx\/index.php\/2023\/05\/04\/mayor-integracion-comercial-de-america-del-norte-y-el-desempeno-aduanero\/\" aria-label=\"Read more about Mayor integraci\u00f3n comercial de Am\u00e9rica del Norte y el desempe\u00f1o aduanero\" >\n\t\t\tLeer m\u00e1s \u00bb\t\t<\/a>\n\n\t\t\t\t<\/div>\n\t\t\t\t\t<\/div>\n\t\t<\/article>\n\t\t\t\t<\/div>\n\t\t\n\t\t\t\t<\/div>\n\t\t\t\t<\/div>\n\t\t\t\t\t<\/div>\n\t\t<\/div>\n\t\t\t\t\t\t\t<\/div>\n\t\t<\/section>\n\t\t\t\t\t\t\t<\/div>\n\t\t","protected":false},"excerpt":{"rendered":"<p>Primeramente, debemos conocer \u00bfqu\u00e9 es el Valor en Aduana? y \u00bfpara qu\u00e9 es utilizado? El Valor en Aduana se relaciona con otros conceptos muy importantes como son el valor de transacci\u00f3n, el precio pagado y el precio por pagar. \u00a0 El Valor en Aduana de las mercanc\u00edas ser\u00e1 el valor de transacci\u00f3n, salvo la aplicaci\u00f3n&hellip; <a class=\"more-link\" href=\"https:\/\/tlcmagazinemexico.com.mx\/index.php\/2023\/05\/04\/mayor-integracion-comercial-de-america-del-norte-y-el-desempeno-aduanero\/\">Seguir leyendo <span class=\"screen-reader-text\">Mayor integraci\u00f3n comercial de Am\u00e9rica del Norte y el desempe\u00f1o aduanero<\/span><\/a><\/p>\n","protected":false},"author":3,"featured_media":1804,"comment_status":"open","ping_status":"open","sticky":false,"template":"elementor_header_footer","format":"standard","meta":{"_monsterinsights_skip_tracking":false,"_monsterinsights_sitenote_active":false,"_monsterinsights_sitenote_note":"","_monsterinsights_sitenote_category":0,"footnotes":""},"categories":[13],"tags":[],"class_list":["post-1245","post","type-post","status-publish","format-standard","has-post-thumbnail","hentry","category-edicion-43","entry"],"views":4298,"_links":{"self":[{"href":"https:\/\/tlcmagazinemexico.com.mx\/index.php\/wp-json\/wp\/v2\/posts\/1245","targetHints":{"allow":["GET"]}}],"collection":[{"href":"https:\/\/tlcmagazinemexico.com.mx\/index.php\/wp-json\/wp\/v2\/posts"}],"about":[{"href":"https:\/\/tlcmagazinemexico.com.mx\/index.php\/wp-json\/wp\/v2\/types\/post"}],"author":[{"embeddable":true,"href":"https:\/\/tlcmagazinemexico.com.mx\/index.php\/wp-json\/wp\/v2\/users\/3"}],"replies":[{"embeddable":true,"href":"https:\/\/tlcmagazinemexico.com.mx\/index.php\/wp-json\/wp\/v2\/comments?post=1245"}],"version-history":[{"count":15,"href":"https:\/\/tlcmagazinemexico.com.mx\/index.php\/wp-json\/wp\/v2\/posts\/1245\/revisions"}],"predecessor-version":[{"id":1857,"href":"https:\/\/tlcmagazinemexico.com.mx\/index.php\/wp-json\/wp\/v2\/posts\/1245\/revisions\/1857"}],"wp:featuredmedia":[{"embeddable":true,"href":"https:\/\/tlcmagazinemexico.com.mx\/index.php\/wp-json\/wp\/v2\/media\/1804"}],"wp:attachment":[{"href":"https:\/\/tlcmagazinemexico.com.mx\/index.php\/wp-json\/wp\/v2\/media?parent=1245"}],"wp:term":[{"taxonomy":"category","embeddable":true,"href":"https:\/\/tlcmagazinemexico.com.mx\/index.php\/wp-json\/wp\/v2\/categories?post=1245"},{"taxonomy":"post_tag","embeddable":true,"href":"https:\/\/tlcmagazinemexico.com.mx\/index.php\/wp-json\/wp\/v2\/tags?post=1245"}],"curies":[{"name":"wp","href":"https:\/\/api.w.org\/{rel}","templated":true}]}}