{"id":12268,"date":"2025-01-17T05:02:31","date_gmt":"2025-01-17T05:02:31","guid":{"rendered":"https:\/\/tlcmagazinemexico.com.mx\/?p=12268"},"modified":"2025-01-17T05:03:38","modified_gmt":"2025-01-17T05:03:38","slug":"mexico-un-potencial-de-intercambio-con-centroamerica","status":"publish","type":"post","link":"https:\/\/tlcmagazinemexico.com.mx\/index.php\/2025\/01\/17\/mexico-un-potencial-de-intercambio-con-centroamerica\/","title":{"rendered":"M\u00e9xico un Potencial de Intercambio con Centroam\u00e9rica"},"content":{"rendered":"\t\t<div data-elementor-type=\"wp-post\" data-elementor-id=\"12268\" class=\"elementor elementor-12268\">\n\t\t\t\t\t\t\t\t\t<section class=\"elementor-section elementor-top-section elementor-element elementor-element-845f8c3 elementor-section-boxed elementor-section-height-default elementor-section-height-default\" data-id=\"845f8c3\" data-element_type=\"section\">\n\t\t\t\t\t\t<div class=\"elementor-container elementor-column-gap-default\">\n\t\t\t\t\t<div class=\"elementor-column elementor-col-33 elementor-top-column elementor-element elementor-element-2402eee8\" data-id=\"2402eee8\" data-element_type=\"column\">\n\t\t\t<div class=\"elementor-widget-wrap elementor-element-populated\">\n\t\t\t\t\t\t\t\t<div class=\"elementor-element elementor-element-662b5409 elementor-widget elementor-widget-theme-post-featured-image elementor-widget-image\" data-id=\"662b5409\" data-element_type=\"widget\" data-widget_type=\"theme-post-featured-image.default\">\n\t\t\t\t<div class=\"elementor-widget-container\">\n\t\t\t<style>\/*! elementor - v3.12.0 - 29-03-2023 *\/\n.elementor-widget-image{text-align:center}.elementor-widget-image a{display:inline-block}.elementor-widget-image a img[src$=\".svg\"]{width:48px}.elementor-widget-image img{vertical-align:middle;display:inline-block}<\/style>\t\t\t\t\t\t\t\t\t\t\t\t<img loading=\"lazy\" decoding=\"async\" width=\"750\" height=\"500\" src=\"https:\/\/tlcmagazinemexico.com.mx\/wp-content\/uploads\/2025\/01\/Portadas-39-Web-P2_Art.-6.png\" class=\"attachment-large size-large wp-image-12246\" alt=\"\" srcset=\"https:\/\/tlcmagazinemexico.com.mx\/wp-content\/uploads\/2025\/01\/Portadas-39-Web-P2_Art.-6.png 939w, https:\/\/tlcmagazinemexico.com.mx\/wp-content\/uploads\/2025\/01\/Portadas-39-Web-P2_Art.-6-300x200.png 300w, https:\/\/tlcmagazinemexico.com.mx\/wp-content\/uploads\/2025\/01\/Portadas-39-Web-P2_Art.-6-768x512.png 768w\" sizes=\"auto, (max-width: 750px) 100vw, 750px\" style=\"width:100%;height:66.67%;max-width:939px\" \/>\t\t\t\t\t\t\t\t\t\t\t\t\t\t\t<\/div>\n\t\t\t\t<\/div>\n\t\t\t\t<div class=\"elementor-element elementor-element-d508fd1 elementor-widget elementor-widget-spacer\" data-id=\"d508fd1\" data-element_type=\"widget\" data-widget_type=\"spacer.default\">\n\t\t\t\t<div class=\"elementor-widget-container\">\n\t\t\t<style>\/*! elementor - v3.12.0 - 29-03-2023 *\/\n.elementor-column .elementor-spacer-inner{height:var(--spacer-size)}.e-con{--container-widget-width:100%}.e-con-inner>.elementor-widget-spacer,.e-con>.elementor-widget-spacer{width:var(--container-widget-width,var(--spacer-size));--align-self:var(--container-widget-align-self,initial);--flex-shrink:0}.e-con-inner>.elementor-widget-spacer>.elementor-widget-container,.e-con-inner>.elementor-widget-spacer>.elementor-widget-container>.elementor-spacer,.e-con>.elementor-widget-spacer>.elementor-widget-container,.e-con>.elementor-widget-spacer>.elementor-widget-container>.elementor-spacer{height:100%}.e-con-inner>.elementor-widget-spacer>.elementor-widget-container>.elementor-spacer>.elementor-spacer-inner,.e-con>.elementor-widget-spacer>.elementor-widget-container>.elementor-spacer>.elementor-spacer-inner{height:var(--container-widget-height,var(--spacer-size))}<\/style>\t\t<div class=\"elementor-spacer\">\n\t\t\t<div class=\"elementor-spacer-inner\"><\/div>\n\t\t<\/div>\n\t\t\t\t<\/div>\n\t\t\t\t<\/div>\n\t\t\t\t<div class=\"elementor-element elementor-element-3bed8ddf elementor-widget elementor-widget-theme-post-title elementor-page-title elementor-widget-heading\" data-id=\"3bed8ddf\" data-element_type=\"widget\" data-widget_type=\"theme-post-title.default\">\n\t\t\t\t<div class=\"elementor-widget-container\">\n\t\t\t<style>\/*! elementor - v3.12.0 - 29-03-2023 *\/\n.elementor-heading-title{padding:0;margin:0;line-height:1}.elementor-widget-heading .elementor-heading-title[class*=elementor-size-]>a{color:inherit;font-size:inherit;line-height:inherit}.elementor-widget-heading .elementor-heading-title.elementor-size-small{font-size:15px}.elementor-widget-heading .elementor-heading-title.elementor-size-medium{font-size:19px}.elementor-widget-heading .elementor-heading-title.elementor-size-large{font-size:29px}.elementor-widget-heading .elementor-heading-title.elementor-size-xl{font-size:39px}.elementor-widget-heading .elementor-heading-title.elementor-size-xxl{font-size:59px}<\/style><h1 class=\"elementor-heading-title elementor-size-default\">M\u00e9xico un Potencial de Intercambio con Centroam\u00e9rica<\/h1>\t\t<\/div>\n\t\t\t\t<\/div>\n\t\t\t\t<div class=\"elementor-element elementor-element-24a3c768 elementor-widget elementor-widget-text-editor\" data-id=\"24a3c768\" data-element_type=\"widget\" data-widget_type=\"text-editor.default\">\n\t\t\t\t<div class=\"elementor-widget-container\">\n\t\t\t<style>\/*! elementor - v3.12.0 - 29-03-2023 *\/\n.elementor-widget-text-editor.elementor-drop-cap-view-stacked .elementor-drop-cap{background-color:#69727d;color:#fff}.elementor-widget-text-editor.elementor-drop-cap-view-framed .elementor-drop-cap{color:#69727d;border:3px solid;background-color:transparent}.elementor-widget-text-editor:not(.elementor-drop-cap-view-default) .elementor-drop-cap{margin-top:8px}.elementor-widget-text-editor:not(.elementor-drop-cap-view-default) .elementor-drop-cap-letter{width:1em;height:1em}.elementor-widget-text-editor .elementor-drop-cap{float:left;text-align:center;line-height:1;font-size:50px}.elementor-widget-text-editor .elementor-drop-cap-letter{display:inline-block}<\/style>\t\t\t\t<p><span style=\"font-weight: 400;\">Vale la pena poner sobre la mesa la historia entre M\u00e9xico y los cercanos vecinos del sur, las provincias centroamericanas se anexaron al imperio de Agust\u00edn de Iturbide y, una vez que este se vino abajo, conformaron una unidad territorial denominada Provincias Unidas del Centro de Am\u00e9rica.\u00a0<\/span><\/p>\n<p>\u00a0<\/p>\n<p><span style=\"font-weight: 400;\">A mediados del Siglo XlX sobrevino la separaci\u00f3n debido a las constantes pugnas entre liberales, que en su mayor\u00eda promov\u00edan un modelo federalista, y los conservadores, que estaban a favor de un gobierno centralista.<\/span><\/p>\n<p>\u00a0<\/p>\n<p><span style=\"font-weight: 400;\">Chiapas hab\u00eda resuelto en 1824 permanecer unida a M\u00e9xico mientras que el Soconusco se mantuvo en un estatus de indefinici\u00f3n hasta que, en 1842, el presidente Antonio L\u00f3pez de Santa Anna organiz\u00f3 una invasi\u00f3n militar para incorporarlo al territorio mexicano. De aqu\u00ed la disputa lim\u00edtrofe que a lo largo del siglo perme\u00f3 las relaciones entre M\u00e9xico y Guatemala, la cual culmin\u00f3 con la firma del Tratado de L\u00edmites entre ambas rep\u00fablicas en 1882.<\/span><\/p>\n<p>\u00a0<\/p>\n<p><span style=\"font-weight: 400;\">Durante las primeras d\u00e9cadas del siglo XX hubo poca relaci\u00f3n entre M\u00e9xico y los pa\u00edses de Centroam\u00e9rica, fue en los a\u00f1os sesenta cuando esta relaci\u00f3n fue fortalecida de una manera importante, cre\u00e1ndose el Mercado Com\u00fan Centroamericano que gener\u00f3 expectativas respecto al Istmo y necesidad de fortalecer v\u00ednculos con el fin de crear acuerdos de cooperaci\u00f3n con las regiones de integraci\u00f3n las cuales culminaron con el viaje del presidente Gustavo D\u00edaz Ordaz a Centroam\u00e9rica en 1966, a\u00f1o en que se desencadena una crisis pol\u00edtica aunado con protestas sociales y represi\u00f3n en el \u00e1rea. Posterior a esta situaci\u00f3n, y bajo la Presidencia de Jos\u00e9 L\u00f3pez Portillo, se impulsaron estrategias como apoyo a guerrilleros de Nicaragua y El Salvador por medio de asilo en sedes mexicanas con el \u00fanico fin de estabilizar la pol\u00edtica de esta regi\u00f3n, pero esto se vino abajo por la violaci\u00f3n de los derechos humanos en Nicaragua.\u00a0<\/span><\/p>\n<p>\u00a0<\/p>\n<p><span style=\"font-weight: 400;\">Por ah\u00ed del a\u00f1o 1980, M\u00e9xico y Venezuela firman el Acuerdo San Jos\u00e9 y se convierten en el abastecedor de petr\u00f3leo para Nicaragua.<\/span><\/p>\n<p>\u00a0<\/p>\n<p><span style=\"font-weight: 400;\">Si bien la paz era el inter\u00e9s principal para las participaciones de M\u00e9xico, adem\u00e1s de la democracia y lograr que comenzara el desarrollo de Centroam\u00e9rica, pero esto no fue nada f\u00e1cil y no prosper\u00f3, sino que en 1982 el presidente L\u00f3pez Portillo present\u00f3 el Plan Regional de Distensi\u00f3n buscando disminuir las tensiones y sentar bases para todos los esfuerzos anteriores en pro de la paz.<\/span><\/p>\n<p>\u00a0<\/p>\n<p><span style=\"font-weight: 400;\">Cuando llega el periodo presidencial de Miguel de la Madrid le resultan bastante onerosas las medidas de L\u00f3pez Portillo, pero se logr\u00f3 emprender en conjunto con otros gobiernos latinoamericanos y crear el Grupo Contadora en 1983, el cual permiti\u00f3 a M\u00e9xico mantener influencia a nivel regional sin tener enfrentamiento con Estados Unidos; sin embargo, cre\u00f3 desconfianza en los gobiernos centroamericanos y no se firma el Acta de Paz Contadora.<\/span><\/p>\n<p>\u00a0<\/p>\n<p><span style=\"font-weight: 400;\">La situaci\u00f3n no mejor\u00f3 sino hasta los a\u00f1os noventa, \u00e9poca en donde el Gobierno Mexicano firma acuerdos de paz con El Salvador en 1992 y posterior con Guatemala en 1996, llevando a la firma de Tratados de Libre Comercio entre M\u00e9xico y pa\u00edses del Istmo.<\/span><\/p>\n<p>\u00a0<\/p>\n<p><span style=\"font-weight: 400;\">Sin lugar a duda, despu\u00e9s de que este tratado comenz\u00f3 el proceso de institucionalizaci\u00f3n de la cooperaci\u00f3n mexicana con pa\u00edses centroamericanos, el panorama dio lugar a otro tratado conocido como Tri\u00e1ngulo del Norte, mismo que est\u00e1 conformado por Guatemala, El Salvador y Honduras, adem\u00e1s de firmar otro con Nicaragua y uno m\u00e1s con Costa Rica.<\/span><\/p>\n<p>\u00a0<\/p>\n<p><span style=\"font-weight: 400;\">Acerc\u00e1ndonos al siglo XXI, y pese a los problemas de falta e incapacidad de recursos para desarrollarlos con las comunidades, escasez de buenos resultados y herramientas para lograr los objetivos deseados, el gobierno de principios de los 2000 consigue promover el desarrollo del sur de M\u00e9xico en vinculaci\u00f3n con el de los pa\u00edses centroamericanos y de aqu\u00ed surge el Plan Puebla Panam\u00e1 y el Proyecto Mesoam\u00e9rica. Si bien los problemas no terminaron y se desencaden\u00f3 un grave problema como lo es hasta ahora la migraci\u00f3n de habitantes indocumentados centroamericanos, M\u00e9xico de nuevo est\u00e1 involucrado ya que ha servido de tr\u00e1nsito para que esto suceda, es por ello por lo que nuestro pa\u00eds ha considerado sumamente necesario reforzar la vigilancia en la frontera del sur y elaborar nuevas pol\u00edticas con Guatemala y Belice.<\/span><\/p>\n<p>\u00a0<\/p>\n<p><span style=\"font-weight: 400;\">En realidad, los notorios problemas econ\u00f3micos y sociales con nuestros vecinos del sur, hasta el d\u00eda de hoy, no se pueden dar por terminados, y es evidente que a lo largo de toda la historia no hubo soluciones permanentes de car\u00e1cter estructural, ya que adem\u00e1s continuamos inquietos con este tema de flujo migratorio y por motivos como inseguridad y dif\u00edciles condiciones de vida en la mayor\u00eda de los habitantes.<\/span><\/p>\n<p>\u00a0<\/p>\n<p><span style=\"font-weight: 400;\">En definitiva, y como conclusi\u00f3n, M\u00e9xico y los actuales gobiernos tienen un reto de cooperaci\u00f3n y comunicaci\u00f3n, pero se contin\u00faan enfrentando a la historia de autoritarismo, adem\u00e1s de la problem\u00e1tica social que no les ha permitido garantizar una estabilidad pol\u00edtica, un adecuado desarrollo econ\u00f3mico y, por \u00faltimo y no menos importante, el respeto a los derechos humanos y as\u00ed fortalecer nuestro papel como actor pol\u00edtico para esta regi\u00f3n.<\/span><\/p>\n<p><br \/><br \/><\/p>\n<p><b>Los Tratados de Libre Comercio entre M\u00e9xico y Centroam\u00e9rica son:\u00a0<\/b><\/p>\n<p>\u00a0<\/p>\n<ul>\n<li style=\"font-weight: 400;\" aria-level=\"1\"><span style=\"font-weight: 400;\">TLC M\u00e9xico-Costa Rica, 1995.<\/span><\/li>\n<li style=\"font-weight: 400;\" aria-level=\"1\"><span style=\"font-weight: 400;\">TLC Tri\u00e1ngulo del Norte M\u00e9xico, El Salvador, Guatemala, Honduras 2001.<\/span><\/li>\n<li style=\"font-weight: 400;\" aria-level=\"1\"><span style=\"font-weight: 400;\">TLC M\u00e9xico-Centroam\u00e9rica, Costa Rica, Guatemala, Honduras, El \u00a0 \u00a0 \u00a0 Salvador y Nicaragua, 2011.<\/span><\/li>\n<li style=\"font-weight: 400;\" aria-level=\"1\"><span style=\"font-weight: 400;\">TLC M\u00e9xico \u2013 Honduras, 2013<\/span><\/li>\n<\/ul>\n<p><br \/><br \/><br \/><\/p>\n<p><b>Principales productos que se exporta de M\u00e9xico a Centroam\u00e9rica:<\/b><\/p>\n<ul>\n<li style=\"font-weight: 400;\" aria-level=\"1\"><span style=\"font-weight: 400;\">Preparaciones alimenticias con un contenido de s\u00f3lidos l\u00e1cteos<\/span><\/li>\n<li style=\"font-weight: 400;\" aria-level=\"1\"><span style=\"font-weight: 400;\">Aguacates<\/span><\/li>\n<li style=\"font-weight: 400;\" aria-level=\"1\"><span style=\"font-weight: 400;\">Veh\u00edculos<\/span><\/li>\n<\/ul>\n<p><br \/><br \/><\/p>\n<p><b>Principales productos que se importan de M\u00e9xico a Centroam\u00e9rica:<\/b><\/p>\n<ul>\n<li style=\"font-weight: 400;\" aria-level=\"1\"><span style=\"font-weight: 400;\">Cables<\/span><\/li>\n<li style=\"font-weight: 400;\" aria-level=\"1\"><span style=\"font-weight: 400;\">Ropa<\/span><\/li>\n<li style=\"font-weight: 400;\" aria-level=\"1\"><span style=\"font-weight: 400;\">Aceites<\/span><\/li>\n<\/ul>\t\t\t\t\t\t<\/div>\n\t\t\t\t<\/div>\n\t\t\t\t<div class=\"elementor-element elementor-element-685b5bc elementor-widget elementor-widget-image\" data-id=\"685b5bc\" data-element_type=\"widget\" data-widget_type=\"image.default\">\n\t\t\t\t<div class=\"elementor-widget-container\">\n\t\t\t\t\t\t\t\t\t\t\t\t\t\t\t<img loading=\"lazy\" decoding=\"async\" width=\"750\" height=\"272\" src=\"https:\/\/tlcmagazinemexico.com.mx\/wp-content\/uploads\/2025\/01\/Semblanzas-E39_6-1024x372.png\" class=\"attachment-large size-large wp-image-12233\" alt=\"\" srcset=\"https:\/\/tlcmagazinemexico.com.mx\/wp-content\/uploads\/2025\/01\/Semblanzas-E39_6-1024x372.png 1024w, https:\/\/tlcmagazinemexico.com.mx\/wp-content\/uploads\/2025\/01\/Semblanzas-E39_6-300x109.png 300w, https:\/\/tlcmagazinemexico.com.mx\/wp-content\/uploads\/2025\/01\/Semblanzas-E39_6-768x279.png 768w, https:\/\/tlcmagazinemexico.com.mx\/wp-content\/uploads\/2025\/01\/Semblanzas-E39_6.png 1311w\" sizes=\"auto, (max-width: 750px) 100vw, 750px\" style=\"width:100%;height:36.31%;max-width:1311px\" \/>\t\t\t\t\t\t\t\t\t\t\t\t\t\t\t<\/div>\n\t\t\t\t<\/div>\n\t\t\t\t<section class=\"elementor-section elementor-inner-section elementor-element elementor-element-76525122 elementor-section-boxed elementor-section-height-default elementor-section-height-default\" data-id=\"76525122\" data-element_type=\"section\">\n\t\t\t\t\t\t<div class=\"elementor-container elementor-column-gap-default\">\n\t\t\t\t\t<div class=\"elementor-column elementor-col-50 elementor-inner-column elementor-element elementor-element-13cd927c\" data-id=\"13cd927c\" data-element_type=\"column\">\n\t\t\t<div class=\"elementor-widget-wrap elementor-element-populated\">\n\t\t\t\t\t\t\t\t<div class=\"elementor-element elementor-element-bf0676e elementor-widget elementor-widget-heading\" data-id=\"bf0676e\" data-element_type=\"widget\" data-widget_type=\"heading.default\">\n\t\t\t\t<div class=\"elementor-widget-container\">\n\t\t\t<h2 class=\"elementor-heading-title elementor-size-default\">Compartir <\/h2>\t\t<\/div>\n\t\t\t\t<\/div>\n\t\t\t\t\t<\/div>\n\t\t<\/div>\n\t\t\t\t<div class=\"elementor-column elementor-col-50 elementor-inner-column elementor-element elementor-element-1490d7ec\" data-id=\"1490d7ec\" data-element_type=\"column\">\n\t\t\t<div class=\"elementor-widget-wrap elementor-element-populated\">\n\t\t\t\t\t\t\t\t<div class=\"elementor-element elementor-element-1580000f elementor-share-buttons--view-icon elementor-share-buttons--skin-flat elementor-share-buttons--align-right elementor-share-buttons--color-custom elementor-share-buttons-mobile--align-center elementor-share-buttons--shape-square elementor-grid-0 elementor-widget elementor-widget-share-buttons\" data-id=\"1580000f\" data-element_type=\"widget\" data-widget_type=\"share-buttons.default\">\n\t\t\t\t<div class=\"elementor-widget-container\">\n\t\t\t<link rel=\"stylesheet\" href=\"https:\/\/tlcmagazinemexico.com.mx\/wp-content\/plugins\/elementor-pro\/assets\/css\/widget-share-buttons.min.css\">\t\t<div class=\"elementor-grid\">\n\t\t\t\t\t\t\t\t<div class=\"elementor-grid-item\">\n\t\t\t\t\t\t<div\n\t\t\t\t\t\t\tclass=\"elementor-share-btn elementor-share-btn_facebook\"\n\t\t\t\t\t\t\trole=\"button\"\n\t\t\t\t\t\t\ttabindex=\"0\"\n\t\t\t\t\t\t\taria-label=\"Compartir en facebook\"\n\t\t\t\t\t\t>\n\t\t\t\t\t\t\t\t\t\t\t\t\t\t\t<span class=\"elementor-share-btn__icon\">\n\t\t\t\t\t\t\t\t<i class=\"fab fa-facebook\" aria-hidden=\"true\"><\/i>\t\t\t\t\t\t\t<\/span>\n\t\t\t\t\t\t\t\t\t\t\t\t\t\t\t\t\t\t\t\t<\/div>\n\t\t\t\t\t<\/div>\n\t\t\t\t\t\t\t\t\t<div class=\"elementor-grid-item\">\n\t\t\t\t\t\t<div\n\t\t\t\t\t\t\tclass=\"elementor-share-btn elementor-share-btn_linkedin\"\n\t\t\t\t\t\t\trole=\"button\"\n\t\t\t\t\t\t\ttabindex=\"0\"\n\t\t\t\t\t\t\taria-label=\"Compartir en linkedin\"\n\t\t\t\t\t\t>\n\t\t\t\t\t\t\t\t\t\t\t\t\t\t\t<span class=\"elementor-share-btn__icon\">\n\t\t\t\t\t\t\t\t<i class=\"fab fa-linkedin\" aria-hidden=\"true\"><\/i>\t\t\t\t\t\t\t<\/span>\n\t\t\t\t\t\t\t\t\t\t\t\t\t\t\t\t\t\t\t\t<\/div>\n\t\t\t\t\t<\/div>\n\t\t\t\t\t\t\t\t\t<div class=\"elementor-grid-item\">\n\t\t\t\t\t\t<div\n\t\t\t\t\t\t\tclass=\"elementor-share-btn elementor-share-btn_twitter\"\n\t\t\t\t\t\t\trole=\"button\"\n\t\t\t\t\t\t\ttabindex=\"0\"\n\t\t\t\t\t\t\taria-label=\"Compartir en twitter\"\n\t\t\t\t\t\t>\n\t\t\t\t\t\t\t\t\t\t\t\t\t\t\t<span class=\"elementor-share-btn__icon\">\n\t\t\t\t\t\t\t\t<i class=\"fab fa-twitter\" aria-hidden=\"true\"><\/i>\t\t\t\t\t\t\t<\/span>\n\t\t\t\t\t\t\t\t\t\t\t\t\t\t\t\t\t\t\t\t<\/div>\n\t\t\t\t\t<\/div>\n\t\t\t\t\t\t\t\t\t<div class=\"elementor-grid-item\">\n\t\t\t\t\t\t<div\n\t\t\t\t\t\t\tclass=\"elementor-share-btn elementor-share-btn_email\"\n\t\t\t\t\t\t\trole=\"button\"\n\t\t\t\t\t\t\ttabindex=\"0\"\n\t\t\t\t\t\t\taria-label=\"Compartir en email\"\n\t\t\t\t\t\t>\n\t\t\t\t\t\t\t\t\t\t\t\t\t\t\t<span class=\"elementor-share-btn__icon\">\n\t\t\t\t\t\t\t\t<i class=\"fas fa-envelope\" aria-hidden=\"true\"><\/i>\t\t\t\t\t\t\t<\/span>\n\t\t\t\t\t\t\t\t\t\t\t\t\t\t\t\t\t\t\t\t<\/div>\n\t\t\t\t\t<\/div>\n\t\t\t\t\t\t<\/div>\n\t\t\t\t<\/div>\n\t\t\t\t<\/div>\n\t\t\t\t\t<\/div>\n\t\t<\/div>\n\t\t\t\t\t\t\t<\/div>\n\t\t<\/section>\n\t\t\t\t\t<\/div>\n\t\t<\/div>\n\t\t\t\t<div class=\"elementor-column elementor-col-33 elementor-top-column elementor-element elementor-element-76906ed6\" data-id=\"76906ed6\" data-element_type=\"column\">\n\t\t\t<div class=\"elementor-widget-wrap\">\n\t\t\t\t\t\t\t\t\t<\/div>\n\t\t<\/div>\n\t\t\t\t<div class=\"elementor-column elementor-col-33 elementor-top-column elementor-element elementor-element-f5fe970\" data-id=\"f5fe970\" data-element_type=\"column\">\n\t\t\t<div class=\"elementor-widget-wrap elementor-element-populated\">\n\t\t\t\t\t\t\t\t<div class=\"elementor-element elementor-element-521b6f51 elementor-grid-1 elementor-posts--align-center elementor-posts__hover-none elementor-widget__width-inherit elementor-absolute elementor-grid-tablet-2 elementor-grid-mobile-1 elementor-posts--thumbnail-top elementor-card-shadow-yes elementor-widget elementor-widget-posts\" data-id=\"521b6f51\" data-element_type=\"widget\" data-settings=\"{&quot;cards_columns&quot;:&quot;1&quot;,&quot;cards_row_gap&quot;:{&quot;unit&quot;:&quot;px&quot;,&quot;size&quot;:&quot;30&quot;,&quot;sizes&quot;:[]},&quot;_position&quot;:&quot;absolute&quot;,&quot;cards_columns_tablet&quot;:&quot;2&quot;,&quot;cards_columns_mobile&quot;:&quot;1&quot;,&quot;cards_row_gap_tablet&quot;:{&quot;unit&quot;:&quot;px&quot;,&quot;size&quot;:&quot;&quot;,&quot;sizes&quot;:[]},&quot;cards_row_gap_mobile&quot;:{&quot;unit&quot;:&quot;px&quot;,&quot;size&quot;:&quot;&quot;,&quot;sizes&quot;:[]}}\" data-widget_type=\"posts.cards\">\n\t\t\t\t<div class=\"elementor-widget-container\">\n\t\t\t<link rel=\"stylesheet\" href=\"https:\/\/tlcmagazinemexico.com.mx\/wp-content\/plugins\/elementor-pro\/assets\/css\/widget-posts.min.css\">\t\t<div class=\"elementor-posts-container elementor-posts elementor-posts--skin-cards elementor-grid\">\n\t\t\t\t<article class=\"elementor-post elementor-grid-item post-437 post type-post status-publish format-standard has-post-thumbnail hentry category-edicion-42 entry\">\n\t\t\t<div class=\"elementor-post__card\">\n\t\t\t\t<a class=\"elementor-post__thumbnail__link\" href=\"https:\/\/tlcmagazinemexico.com.mx\/index.php\/2023\/04\/06\/relaciones-comerciales-entre-mexico-y-australia-importancia-y-trascendencia\/\" ><div class=\"elementor-post__thumbnail\"><img loading=\"lazy\" decoding=\"async\" width=\"939\" height=\"626\" src=\"https:\/\/tlcmagazinemexico.com.mx\/wp-content\/uploads\/2023\/04\/Portadas-42-Web-P2_Art.-8-1.png\" class=\"attachment-full size-full wp-image-439\" alt=\"\" srcset=\"https:\/\/tlcmagazinemexico.com.mx\/wp-content\/uploads\/2023\/04\/Portadas-42-Web-P2_Art.-8-1.png 939w, https:\/\/tlcmagazinemexico.com.mx\/wp-content\/uploads\/2023\/04\/Portadas-42-Web-P2_Art.-8-1-300x200.png 300w, https:\/\/tlcmagazinemexico.com.mx\/wp-content\/uploads\/2023\/04\/Portadas-42-Web-P2_Art.-8-1-768x512.png 768w\" sizes=\"auto, (max-width: 939px) 100vw, 939px\" style=\"width:100%;height:66.67%;max-width:939px;\" \/><\/div><\/a>\n\t\t\t\t<div class=\"elementor-post__text\">\n\t\t\t\t<h1 class=\"elementor-post__title\">\n\t\t\t<a href=\"https:\/\/tlcmagazinemexico.com.mx\/index.php\/2023\/04\/06\/relaciones-comerciales-entre-mexico-y-australia-importancia-y-trascendencia\/\" >\n\t\t\t\tRelaciones comerciales entre M\u00e9xico y Australia, importancia y trascendencia\t\t\t<\/a>\n\t\t<\/h1>\n\t\t\t\t<div class=\"elementor-post__excerpt\">\n\t\t\t<p>En el presente art\u00edculo se tendr\u00e1 la oportunidad de examinar la importancia de las relaciones comerciales que existen, entre M\u00e9xico y Australia, relaciones que en<\/p>\n\t\t<\/div>\n\t\t\n\t\t<a class=\"elementor-post__read-more\" href=\"https:\/\/tlcmagazinemexico.com.mx\/index.php\/2023\/04\/06\/relaciones-comerciales-entre-mexico-y-australia-importancia-y-trascendencia\/\" aria-label=\"Read more about Relaciones comerciales entre M\u00e9xico y Australia, importancia y trascendencia\" >\n\t\t\tLeer m\u00e1s \u00bb\t\t<\/a>\n\n\t\t\t\t<\/div>\n\t\t\t\t\t<\/div>\n\t\t<\/article>\n\t\t\t\t<article class=\"elementor-post elementor-grid-item post-427 post type-post status-publish format-standard has-post-thumbnail hentry category-edicion-42 entry\">\n\t\t\t<div class=\"elementor-post__card\">\n\t\t\t\t<a class=\"elementor-post__thumbnail__link\" href=\"https:\/\/tlcmagazinemexico.com.mx\/index.php\/2023\/04\/06\/las-relaciones-comerciales-entre-mexico-y-espana-importancia-y-trascendencia\/\" ><div class=\"elementor-post__thumbnail\"><img loading=\"lazy\" decoding=\"async\" width=\"939\" height=\"626\" src=\"https:\/\/tlcmagazinemexico.com.mx\/wp-content\/uploads\/2023\/04\/Portadas-42-Web-P2_Art.-7-1.png\" class=\"attachment-full size-full wp-image-428\" alt=\"\" srcset=\"https:\/\/tlcmagazinemexico.com.mx\/wp-content\/uploads\/2023\/04\/Portadas-42-Web-P2_Art.-7-1.png 939w, https:\/\/tlcmagazinemexico.com.mx\/wp-content\/uploads\/2023\/04\/Portadas-42-Web-P2_Art.-7-1-300x200.png 300w, https:\/\/tlcmagazinemexico.com.mx\/wp-content\/uploads\/2023\/04\/Portadas-42-Web-P2_Art.-7-1-768x512.png 768w\" sizes=\"auto, (max-width: 939px) 100vw, 939px\" style=\"width:100%;height:66.67%;max-width:939px;\" \/><\/div><\/a>\n\t\t\t\t<div class=\"elementor-post__text\">\n\t\t\t\t<h1 class=\"elementor-post__title\">\n\t\t\t<a href=\"https:\/\/tlcmagazinemexico.com.mx\/index.php\/2023\/04\/06\/las-relaciones-comerciales-entre-mexico-y-espana-importancia-y-trascendencia\/\" >\n\t\t\t\tLas relaciones comerciales entre M\u00e9xico y Espa\u00f1a, importancia y trascendencia\t\t\t<\/a>\n\t\t<\/h1>\n\t\t\t\t<div class=\"elementor-post__excerpt\">\n\t\t\t<p>Por medio del presente art\u00edculo, se tendr\u00e1 la oportunidad de examinar las relaciones comerciales existentes entre dos pa\u00edses en los cuales existen fuertes v\u00ednculos hist\u00f3ricos,<\/p>\n\t\t<\/div>\n\t\t\n\t\t<a class=\"elementor-post__read-more\" href=\"https:\/\/tlcmagazinemexico.com.mx\/index.php\/2023\/04\/06\/las-relaciones-comerciales-entre-mexico-y-espana-importancia-y-trascendencia\/\" aria-label=\"Read more about Las relaciones comerciales entre M\u00e9xico y Espa\u00f1a, importancia y trascendencia\" >\n\t\t\tLeer m\u00e1s \u00bb\t\t<\/a>\n\n\t\t\t\t<\/div>\n\t\t\t\t\t<\/div>\n\t\t<\/article>\n\t\t\t\t<article class=\"elementor-post elementor-grid-item post-420 post type-post status-publish format-standard has-post-thumbnail hentry category-edicion-42 entry\">\n\t\t\t<div class=\"elementor-post__card\">\n\t\t\t\t<a class=\"elementor-post__thumbnail__link\" href=\"https:\/\/tlcmagazinemexico.com.mx\/index.php\/2023\/04\/06\/oro-azul-el-motivo-de-guerra-para-el-proximo-siglo\/\" ><div class=\"elementor-post__thumbnail\"><img loading=\"lazy\" decoding=\"async\" width=\"939\" height=\"626\" src=\"https:\/\/tlcmagazinemexico.com.mx\/wp-content\/uploads\/2023\/04\/Portadas-42-Web-P2_Art.-6-1.png\" class=\"attachment-full size-full wp-image-422\" alt=\"\" srcset=\"https:\/\/tlcmagazinemexico.com.mx\/wp-content\/uploads\/2023\/04\/Portadas-42-Web-P2_Art.-6-1.png 939w, https:\/\/tlcmagazinemexico.com.mx\/wp-content\/uploads\/2023\/04\/Portadas-42-Web-P2_Art.-6-1-300x200.png 300w, https:\/\/tlcmagazinemexico.com.mx\/wp-content\/uploads\/2023\/04\/Portadas-42-Web-P2_Art.-6-1-768x512.png 768w\" sizes=\"auto, (max-width: 939px) 100vw, 939px\" style=\"width:100%;height:66.67%;max-width:939px;\" \/><\/div><\/a>\n\t\t\t\t<div class=\"elementor-post__text\">\n\t\t\t\t<h1 class=\"elementor-post__title\">\n\t\t\t<a href=\"https:\/\/tlcmagazinemexico.com.mx\/index.php\/2023\/04\/06\/oro-azul-el-motivo-de-guerra-para-el-proximo-siglo\/\" >\n\t\t\t\tOro azul: El motivo de guerra para el pr\u00f3ximo siglo\t\t\t<\/a>\n\t\t<\/h1>\n\t\t\t\t<div class=\"elementor-post__excerpt\">\n\t\t\t<p>Me referir\u00e9 en esta ocasi\u00f3n al oro azul como recurso natural: el agua, debido al alto valor que mantiene actualmente y su similitud al mismo<\/p>\n\t\t<\/div>\n\t\t\n\t\t<a class=\"elementor-post__read-more\" href=\"https:\/\/tlcmagazinemexico.com.mx\/index.php\/2023\/04\/06\/oro-azul-el-motivo-de-guerra-para-el-proximo-siglo\/\" aria-label=\"Read more about Oro azul: El motivo de guerra para el pr\u00f3ximo siglo\" >\n\t\t\tLeer m\u00e1s \u00bb\t\t<\/a>\n\n\t\t\t\t<\/div>\n\t\t\t\t\t<\/div>\n\t\t<\/article>\n\t\t\t\t<article class=\"elementor-post elementor-grid-item post-403 post type-post status-publish format-standard has-post-thumbnail hentry category-edicion-42 entry\">\n\t\t\t<div class=\"elementor-post__card\">\n\t\t\t\t<a class=\"elementor-post__thumbnail__link\" href=\"https:\/\/tlcmagazinemexico.com.mx\/index.php\/2023\/04\/05\/el-manejo-del-riesgo-en-elcomercio-internacional\/\" ><div class=\"elementor-post__thumbnail\"><img loading=\"lazy\" decoding=\"async\" width=\"939\" height=\"626\" src=\"https:\/\/tlcmagazinemexico.com.mx\/wp-content\/uploads\/2023\/04\/Portadas-42-Web_Art.-4-1.png\" class=\"attachment-full size-full wp-image-404\" alt=\"\" srcset=\"https:\/\/tlcmagazinemexico.com.mx\/wp-content\/uploads\/2023\/04\/Portadas-42-Web_Art.-4-1.png 939w, https:\/\/tlcmagazinemexico.com.mx\/wp-content\/uploads\/2023\/04\/Portadas-42-Web_Art.-4-1-300x200.png 300w, https:\/\/tlcmagazinemexico.com.mx\/wp-content\/uploads\/2023\/04\/Portadas-42-Web_Art.-4-1-768x512.png 768w\" sizes=\"auto, (max-width: 939px) 100vw, 939px\" style=\"width:100%;height:66.67%;max-width:939px;\" \/><\/div><\/a>\n\t\t\t\t<div class=\"elementor-post__text\">\n\t\t\t\t<h1 class=\"elementor-post__title\">\n\t\t\t<a href=\"https:\/\/tlcmagazinemexico.com.mx\/index.php\/2023\/04\/05\/el-manejo-del-riesgo-en-elcomercio-internacional\/\" >\n\t\t\t\tEl manejo del riesgo en el comercio internacional\t\t\t<\/a>\n\t\t<\/h1>\n\t\t\t\t<div class=\"elementor-post__excerpt\">\n\t\t\t<p>En el mundo de los negocios el RIESGO es un elemento siempre presente. No es posible, y tal vez ni siquiera deseable \u201chuir\u201d de este.<\/p>\n\t\t<\/div>\n\t\t\n\t\t<a class=\"elementor-post__read-more\" href=\"https:\/\/tlcmagazinemexico.com.mx\/index.php\/2023\/04\/05\/el-manejo-del-riesgo-en-elcomercio-internacional\/\" aria-label=\"Read more about El manejo del riesgo en el comercio internacional\" >\n\t\t\tLeer m\u00e1s \u00bb\t\t<\/a>\n\n\t\t\t\t<\/div>\n\t\t\t\t\t<\/div>\n\t\t<\/article>\n\t\t\t\t<article class=\"elementor-post elementor-grid-item post-393 post type-post status-publish format-standard has-post-thumbnail hentry category-edicion-42 entry\">\n\t\t\t<div class=\"elementor-post__card\">\n\t\t\t\t<a class=\"elementor-post__thumbnail__link\" href=\"https:\/\/tlcmagazinemexico.com.mx\/index.php\/2023\/04\/05\/oportunidades-que-favorecen-el-desarrollo-del-comercio-internacional-en-mexico\/\" ><div class=\"elementor-post__thumbnail\"><img loading=\"lazy\" decoding=\"async\" width=\"939\" height=\"626\" src=\"https:\/\/tlcmagazinemexico.com.mx\/wp-content\/uploads\/2023\/04\/Portadas-42-Web_Art.-3-1.png\" class=\"attachment-full size-full wp-image-394\" alt=\"\" srcset=\"https:\/\/tlcmagazinemexico.com.mx\/wp-content\/uploads\/2023\/04\/Portadas-42-Web_Art.-3-1.png 939w, https:\/\/tlcmagazinemexico.com.mx\/wp-content\/uploads\/2023\/04\/Portadas-42-Web_Art.-3-1-300x200.png 300w, https:\/\/tlcmagazinemexico.com.mx\/wp-content\/uploads\/2023\/04\/Portadas-42-Web_Art.-3-1-768x512.png 768w\" sizes=\"auto, (max-width: 939px) 100vw, 939px\" style=\"width:100%;height:66.67%;max-width:939px;\" \/><\/div><\/a>\n\t\t\t\t<div class=\"elementor-post__text\">\n\t\t\t\t<h1 class=\"elementor-post__title\">\n\t\t\t<a href=\"https:\/\/tlcmagazinemexico.com.mx\/index.php\/2023\/04\/05\/oportunidades-que-favorecen-el-desarrollo-del-comercio-internacional-en-mexico\/\" >\n\t\t\t\tOportunidades que favorecen el desarrollo del Comercio Internacional en M\u00e9xico\t\t\t<\/a>\n\t\t<\/h1>\n\t\t\t\t<div class=\"elementor-post__excerpt\">\n\t\t\t<p>M\u00e9xico es un pa\u00eds atractivo para la inversi\u00f3n extranjera debido a su posici\u00f3n estrat\u00e9gica y su poblaci\u00f3n joven, adem\u00e1s de que somos un pa\u00eds consumista<\/p>\n\t\t<\/div>\n\t\t\n\t\t<a class=\"elementor-post__read-more\" href=\"https:\/\/tlcmagazinemexico.com.mx\/index.php\/2023\/04\/05\/oportunidades-que-favorecen-el-desarrollo-del-comercio-internacional-en-mexico\/\" aria-label=\"Read more about Oportunidades que favorecen el desarrollo del Comercio Internacional en M\u00e9xico\" >\n\t\t\tLeer m\u00e1s \u00bb\t\t<\/a>\n\n\t\t\t\t<\/div>\n\t\t\t\t\t<\/div>\n\t\t<\/article>\n\t\t\t\t<article class=\"elementor-post elementor-grid-item post-379 post type-post status-publish format-standard has-post-thumbnail hentry category-edicion-42 entry\">\n\t\t\t<div class=\"elementor-post__card\">\n\t\t\t\t<a class=\"elementor-post__thumbnail__link\" href=\"https:\/\/tlcmagazinemexico.com.mx\/index.php\/2023\/04\/05\/cumplimiento-de-las-disposiciones-aduaneras-en-el-dictamen-fiscal\/\" ><div class=\"elementor-post__thumbnail\"><img loading=\"lazy\" decoding=\"async\" width=\"939\" height=\"626\" src=\"https:\/\/tlcmagazinemexico.com.mx\/wp-content\/uploads\/2023\/04\/Portadas-42-Web_Art.-2-1.png\" class=\"attachment-full size-full wp-image-380\" alt=\"\" srcset=\"https:\/\/tlcmagazinemexico.com.mx\/wp-content\/uploads\/2023\/04\/Portadas-42-Web_Art.-2-1.png 939w, https:\/\/tlcmagazinemexico.com.mx\/wp-content\/uploads\/2023\/04\/Portadas-42-Web_Art.-2-1-300x200.png 300w, https:\/\/tlcmagazinemexico.com.mx\/wp-content\/uploads\/2023\/04\/Portadas-42-Web_Art.-2-1-768x512.png 768w\" sizes=\"auto, (max-width: 939px) 100vw, 939px\" style=\"width:100%;height:66.67%;max-width:939px;\" \/><\/div><\/a>\n\t\t\t\t<div class=\"elementor-post__text\">\n\t\t\t\t<h1 class=\"elementor-post__title\">\n\t\t\t<a href=\"https:\/\/tlcmagazinemexico.com.mx\/index.php\/2023\/04\/05\/cumplimiento-de-las-disposiciones-aduaneras-en-el-dictamen-fiscal\/\" >\n\t\t\t\tCumplimiento de las disposiciones aduaneras en el Dictamen Fiscal\t\t\t<\/a>\n\t\t<\/h1>\n\t\t\t\t<div class=\"elementor-post__excerpt\">\n\t\t\t<p>En el a\u00f1o 2023 se aplicar\u00e1n cambios relevantes en materia de presentaci\u00f3n de los \u201cdict\u00e1menes de los estados financieros\u201d, los cuales tienen relaci\u00f3n con la<\/p>\n\t\t<\/div>\n\t\t\n\t\t<a class=\"elementor-post__read-more\" href=\"https:\/\/tlcmagazinemexico.com.mx\/index.php\/2023\/04\/05\/cumplimiento-de-las-disposiciones-aduaneras-en-el-dictamen-fiscal\/\" aria-label=\"Read more about Cumplimiento de las disposiciones aduaneras en el Dictamen Fiscal\" >\n\t\t\tLeer m\u00e1s \u00bb\t\t<\/a>\n\n\t\t\t\t<\/div>\n\t\t\t\t\t<\/div>\n\t\t<\/article>\n\t\t\t\t<article class=\"elementor-post elementor-grid-item post-364 post type-post status-publish format-standard has-post-thumbnail hentry category-edicion-42 entry\">\n\t\t\t<div class=\"elementor-post__card\">\n\t\t\t\t<a class=\"elementor-post__thumbnail__link\" href=\"https:\/\/tlcmagazinemexico.com.mx\/index.php\/2023\/04\/05\/anzcerta-australia-y-nueva-zelanda\/\" ><div class=\"elementor-post__thumbnail\"><img loading=\"lazy\" decoding=\"async\" width=\"939\" height=\"626\" src=\"https:\/\/tlcmagazinemexico.com.mx\/wp-content\/uploads\/2023\/04\/Portadas-42-Web_Art.-1-1.png\" class=\"attachment-full size-full wp-image-365\" alt=\"\" srcset=\"https:\/\/tlcmagazinemexico.com.mx\/wp-content\/uploads\/2023\/04\/Portadas-42-Web_Art.-1-1.png 939w, https:\/\/tlcmagazinemexico.com.mx\/wp-content\/uploads\/2023\/04\/Portadas-42-Web_Art.-1-1-300x200.png 300w, https:\/\/tlcmagazinemexico.com.mx\/wp-content\/uploads\/2023\/04\/Portadas-42-Web_Art.-1-1-768x512.png 768w\" sizes=\"auto, (max-width: 939px) 100vw, 939px\" style=\"width:100%;height:66.67%;max-width:939px;\" \/><\/div><\/a>\n\t\t\t\t<div class=\"elementor-post__text\">\n\t\t\t\t<h1 class=\"elementor-post__title\">\n\t\t\t<a href=\"https:\/\/tlcmagazinemexico.com.mx\/index.php\/2023\/04\/05\/anzcerta-australia-y-nueva-zelanda\/\" >\n\t\t\t\tAnzcerta Australia y Nueva Zelanda\t\t\t<\/a>\n\t\t<\/h1>\n\t\t\t\t<div class=\"elementor-post__excerpt\">\n\t\t\t<p>Desde que Estados Unidos mostr\u00f3 inter\u00e9s en Ocean\u00eda para asociarse comercialmente con los pa\u00edses de la regi\u00f3n y enfrentar el expansionismo de China y sus<\/p>\n\t\t<\/div>\n\t\t\n\t\t<a class=\"elementor-post__read-more\" href=\"https:\/\/tlcmagazinemexico.com.mx\/index.php\/2023\/04\/05\/anzcerta-australia-y-nueva-zelanda\/\" aria-label=\"Read more about Anzcerta Australia y Nueva Zelanda\" >\n\t\t\tLeer m\u00e1s \u00bb\t\t<\/a>\n\n\t\t\t\t<\/div>\n\t\t\t\t\t<\/div>\n\t\t<\/article>\n\t\t\t\t<\/div>\n\t\t\n\t\t\t\t<\/div>\n\t\t\t\t<\/div>\n\t\t\t\t\t<\/div>\n\t\t<\/div>\n\t\t\t\t\t\t\t<\/div>\n\t\t<\/section>\n\t\t\t\t\t\t\t<\/div>\n\t\t","protected":false},"excerpt":{"rendered":"<p>Vale la pena poner sobre la mesa la historia entre M\u00e9xico y los cercanos vecinos del sur, las provincias centroamericanas se anexaron al imperio de Agust\u00edn de Iturbide y, una vez que este se vino abajo, conformaron una unidad territorial denominada Provincias Unidas del Centro de Am\u00e9rica.\u00a0 \u00a0 A mediados del Siglo XlX sobrevino la&hellip; <a class=\"more-link\" href=\"https:\/\/tlcmagazinemexico.com.mx\/index.php\/2023\/04\/05\/anzcerta-australia-y-nueva-zelanda\/\">Seguir leyendo <span class=\"screen-reader-text\">Anzcerta Australia y Nueva Zelanda<\/span><\/a><\/p>\n","protected":false},"author":3,"featured_media":12246,"comment_status":"open","ping_status":"open","sticky":false,"template":"elementor_header_footer","format":"standard","meta":{"_monsterinsights_skip_tracking":false,"_monsterinsights_sitenote_active":false,"_monsterinsights_sitenote_note":"","_monsterinsights_sitenote_category":0,"footnotes":""},"categories":[12],"tags":[],"class_list":["post-12268","post","type-post","status-publish","format-standard","has-post-thumbnail","hentry","category-edicion-39","entry"],"views":1655,"_links":{"self":[{"href":"https:\/\/tlcmagazinemexico.com.mx\/index.php\/wp-json\/wp\/v2\/posts\/12268","targetHints":{"allow":["GET"]}}],"collection":[{"href":"https:\/\/tlcmagazinemexico.com.mx\/index.php\/wp-json\/wp\/v2\/posts"}],"about":[{"href":"https:\/\/tlcmagazinemexico.com.mx\/index.php\/wp-json\/wp\/v2\/types\/post"}],"author":[{"embeddable":true,"href":"https:\/\/tlcmagazinemexico.com.mx\/index.php\/wp-json\/wp\/v2\/users\/3"}],"replies":[{"embeddable":true,"href":"https:\/\/tlcmagazinemexico.com.mx\/index.php\/wp-json\/wp\/v2\/comments?post=12268"}],"version-history":[{"count":4,"href":"https:\/\/tlcmagazinemexico.com.mx\/index.php\/wp-json\/wp\/v2\/posts\/12268\/revisions"}],"predecessor-version":[{"id":12272,"href":"https:\/\/tlcmagazinemexico.com.mx\/index.php\/wp-json\/wp\/v2\/posts\/12268\/revisions\/12272"}],"wp:featuredmedia":[{"embeddable":true,"href":"https:\/\/tlcmagazinemexico.com.mx\/index.php\/wp-json\/wp\/v2\/media\/12246"}],"wp:attachment":[{"href":"https:\/\/tlcmagazinemexico.com.mx\/index.php\/wp-json\/wp\/v2\/media?parent=12268"}],"wp:term":[{"taxonomy":"category","embeddable":true,"href":"https:\/\/tlcmagazinemexico.com.mx\/index.php\/wp-json\/wp\/v2\/categories?post=12268"},{"taxonomy":"post_tag","embeddable":true,"href":"https:\/\/tlcmagazinemexico.com.mx\/index.php\/wp-json\/wp\/v2\/tags?post=12268"}],"curies":[{"name":"wp","href":"https:\/\/api.w.org\/{rel}","templated":true}]}}