{"id":11985,"date":"2025-01-10T18:00:09","date_gmt":"2025-01-10T18:00:09","guid":{"rendered":"https:\/\/tlcmagazinemexico.com.mx\/?p=11985"},"modified":"2025-01-10T18:26:39","modified_gmt":"2025-01-10T18:26:39","slug":"la-produccion-y-exportacion-de-autos-en-mexico-sube-mas-del-5-en-2024","status":"publish","type":"post","link":"https:\/\/tlcmagazinemexico.com.mx\/index.php\/2025\/01\/10\/la-produccion-y-exportacion-de-autos-en-mexico-sube-mas-del-5-en-2024\/","title":{"rendered":"La producci\u00f3n y exportaci\u00f3n de autos en M\u00e9xico sube m\u00e1s del 5 % en 2024"},"content":{"rendered":"\t\t<div data-elementor-type=\"wp-post\" data-elementor-id=\"11985\" class=\"elementor elementor-11985\" data-elementor-post-type=\"post\">\n\t\t\t\t\t\t<section class=\"elementor-section elementor-top-section elementor-element elementor-element-29acbd93 elementor-section-boxed elementor-section-height-default elementor-section-height-default\" data-id=\"29acbd93\" data-element_type=\"section\" data-e-type=\"section\">\n\t\t\t\t\t\t<div class=\"elementor-container elementor-column-gap-default\">\n\t\t\t\t\t<div class=\"elementor-column elementor-col-33 elementor-top-column elementor-element elementor-element-43d274d9\" data-id=\"43d274d9\" data-element_type=\"column\" data-e-type=\"column\">\n\t\t\t<div class=\"elementor-widget-wrap elementor-element-populated\">\n\t\t\t\t\t\t<div class=\"elementor-element elementor-element-5f0a33cf elementor-widget elementor-widget-theme-post-featured-image elementor-widget-image\" data-id=\"5f0a33cf\" data-element_type=\"widget\" data-e-type=\"widget\" data-widget_type=\"theme-post-featured-image.default\">\n\t\t\t\t<div class=\"elementor-widget-container\">\n\t\t\t\t\t\t\t\t\t\t\t\t\t\t\t<img fetchpriority=\"high\" decoding=\"async\" width=\"640\" height=\"427\" src=\"https:\/\/tlcmagazinemexico.com.mx\/wp-content\/uploads\/2024\/10\/12g-1-4.png\" class=\"attachment-large size-large wp-image-10748\" alt=\"\" srcset=\"https:\/\/tlcmagazinemexico.com.mx\/wp-content\/uploads\/2024\/10\/12g-1-4.png 900w, https:\/\/tlcmagazinemexico.com.mx\/wp-content\/uploads\/2024\/10\/12g-1-4-300x200.png 300w, https:\/\/tlcmagazinemexico.com.mx\/wp-content\/uploads\/2024\/10\/12g-1-4-768x512.png 768w\" sizes=\"(max-width: 34.9rem) calc(100vw - 2rem), (max-width: 53rem) calc(8 * (100vw \/ 12)), (min-width: 53rem) calc(6 * (100vw \/ 12)), 100vw\" \/>\t\t\t\t\t\t\t\t\t\t\t\t\t\t\t<\/div>\n\t\t\t\t<\/div>\n\t\t\t\t<div class=\"elementor-element elementor-element-41ac3cc0 elementor-widget elementor-widget-spacer\" data-id=\"41ac3cc0\" data-element_type=\"widget\" data-e-type=\"widget\" data-widget_type=\"spacer.default\">\n\t\t\t\t<div class=\"elementor-widget-container\">\n\t\t\t\t\t\t\t<div class=\"elementor-spacer\">\n\t\t\t<div class=\"elementor-spacer-inner\"><\/div>\n\t\t<\/div>\n\t\t\t\t\t\t<\/div>\n\t\t\t\t<\/div>\n\t\t\t\t<div class=\"elementor-element elementor-element-bdf51d3 elementor-widget elementor-widget-theme-post-title elementor-page-title elementor-widget-heading\" data-id=\"bdf51d3\" data-element_type=\"widget\" data-e-type=\"widget\" data-widget_type=\"theme-post-title.default\">\n\t\t\t\t<div class=\"elementor-widget-container\">\n\t\t\t\t\t<h1 class=\"elementor-heading-title elementor-size-default\">La producci\u00f3n y exportaci\u00f3n de autos en M\u00e9xico sube m\u00e1s del 5 % en 2024<\/h1>\t\t\t\t<\/div>\n\t\t\t\t<\/div>\n\t\t\t\t<div class=\"elementor-element elementor-element-3e33c097 elementor-widget elementor-widget-text-editor\" data-id=\"3e33c097\" data-element_type=\"widget\" data-e-type=\"widget\" data-widget_type=\"text-editor.default\">\n\t\t\t\t<div class=\"elementor-widget-container\">\n\t\t\t\t\t\t\t\t\t<p>La producci\u00f3n de y exportaci\u00f3n de autos en M\u00e9xico, la mayor industria del pa\u00eds, subi\u00f3 m\u00e1s del 5 % en 2024, con lo que hila tres a\u00f1os al alza tras la pandemia de covid-19 y la escasez de insumos, revel\u00f3 este jueves el Instituto Nacional de Geograf\u00eda y Estad\u00edstica (Inegi).<\/p>\n<p><br \/>En concreto, la fabricaci\u00f3n de veh\u00edculos ligeros en plantas mexicanas se elev\u00f3 un 5,56 % anual, las exportaciones crecieron un 5,4 % anual y las ventas en el mercado interno se dispararon un 9,76 %, detall\u00f3 el organismo aut\u00f3nomo en su reporte.<\/p>\n<p><br \/>El Inegi document\u00f3 3.989.403 veh\u00edculos ligeros fabricados de enero a diciembre de 2024, cerca de 210.000 m\u00e1s que el a\u00f1o anterior.<\/p>\n<p><br \/>Por otro lado, la industria automotriz mexicana export\u00f3 3.479.086 veh\u00edculos ligeros en todo 2024, unos 179.000 m\u00e1s que el periodo precedente.<\/p>\n<p><br \/>Ocho de cada 10 veh\u00edculos que export\u00f3 M\u00e9xico, el 79,7 %, fueron a Estados Unidos, mientras que un 8,5 % se vendieron a Canad\u00e1, el otro socio comercial de Norteam\u00e9rica, precis\u00f3 el informe.<\/p>\n<p><br \/>Mientras que en el mercado interno se comercializaron 1.496.797 autom\u00f3viles el a\u00f1o pasado, alrededor de 133.000 m\u00e1s que en 2023.<\/p>\n<p><br \/>La informaci\u00f3n del Inegi proviene de 23 empresas afiliadas a la Asociaci\u00f3n Mexicana de la Industria Automotriz (AMIA) y otras cuatro compa\u00f1\u00edas no afiliadas que reportan 40 marcas que producen o comercializan en M\u00e9xico.<\/p>\n<p><br \/>La importancia de la industria automotriz en M\u00e9xico radica en que representa casi un 4 % del producto interior bruto (PIB) nacional y un 20,5 % del PIB manufacturero, m\u00e1s que ning\u00fan otro sector, seg\u00fan la AMIA.<\/p>\n<p><br \/>Tras dos a\u00f1os de ca\u00eddas y de escasez de insumos, en particular chips semiconductores, el sector automotor de M\u00e9xico repunt\u00f3 en 2022 con un crecimiento anual del 9,24 % en la producci\u00f3n, del 5,86 % en las exportaciones y del 7,03 % en las ventas.<\/p>\n<p><br \/>El sector automotor de M\u00e9xico recuper\u00f3 sus niveles prepandemia en 2023, cuando la producci\u00f3n creci\u00f3 un 14,23 % anual, las exportaciones un 15,19 % y las ventas internas un 24,36 %.<\/p>\n<p><br \/>La industria automotriz mexicana repunt\u00f3 en 2022 con un crecimiento de 9,24 % en la producci\u00f3n, despu\u00e9s de la ca\u00edda del 2 % en 2021 por la escasez de chips semiconductores y el desplome de m\u00e1s del 20 % en 2020 por la pandemia de la covid-19, que oblig\u00f3 al cierre de esta industria durante los primeros meses del brote.<\/p>\n<p style=\"line-height: var(--wp--typography--line-height, var(--global--line-height-body));\">FUENTE: EFE<\/p>\n<p><!-- \/wp:paragraph --><\/p>\t\t\t\t\t\t\t\t<\/div>\n\t\t\t\t<\/div>\n\t\t\t\t<section class=\"elementor-section elementor-inner-section elementor-element elementor-element-65cf2533 elementor-section-boxed elementor-section-height-default elementor-section-height-default\" data-id=\"65cf2533\" data-element_type=\"section\" data-e-type=\"section\">\n\t\t\t\t\t\t<div class=\"elementor-container elementor-column-gap-default\">\n\t\t\t\t\t<div class=\"elementor-column elementor-col-50 elementor-inner-column elementor-element elementor-element-4c392ea2\" data-id=\"4c392ea2\" data-element_type=\"column\" data-e-type=\"column\">\n\t\t\t<div class=\"elementor-widget-wrap elementor-element-populated\">\n\t\t\t\t\t\t<div class=\"elementor-element elementor-element-34223be9 elementor-widget elementor-widget-heading\" data-id=\"34223be9\" data-element_type=\"widget\" data-e-type=\"widget\" data-widget_type=\"heading.default\">\n\t\t\t\t<div class=\"elementor-widget-container\">\n\t\t\t\t\t<h2 class=\"elementor-heading-title elementor-size-default\">Compartir <\/h2>\t\t\t\t<\/div>\n\t\t\t\t<\/div>\n\t\t\t\t\t<\/div>\n\t\t<\/div>\n\t\t\t\t<div class=\"elementor-column elementor-col-50 elementor-inner-column elementor-element elementor-element-2eaa28f8\" data-id=\"2eaa28f8\" data-element_type=\"column\" data-e-type=\"column\">\n\t\t\t<div class=\"elementor-widget-wrap elementor-element-populated\">\n\t\t\t\t\t\t<div class=\"elementor-element elementor-element-426b4d6d elementor-share-buttons--view-icon elementor-share-buttons--skin-flat elementor-share-buttons--color-custom elementor-share-buttons--shape-square elementor-grid-0 elementor-widget elementor-widget-share-buttons\" data-id=\"426b4d6d\" data-element_type=\"widget\" data-e-type=\"widget\" data-widget_type=\"share-buttons.default\">\n\t\t\t\t<div class=\"elementor-widget-container\">\n\t\t\t\t\t\t\t<div class=\"elementor-grid\" role=\"list\">\r\n\t\t\t\t\t\t\t\t<div class=\"elementor-grid-item\" role=\"listitem\">\r\n\t\t\t\t\t\t<div class=\"elementor-share-btn elementor-share-btn_facebook\" role=\"button\" tabindex=\"0\" aria-label=\"Share on facebook\">\r\n\t\t\t\t\t\t\t\t\t\t\t\t\t\t\t<span class=\"elementor-share-btn__icon\">\r\n\t\t\t\t\t\t\t\t<i class=\"fab fa-facebook\" aria-hidden=\"true\"><\/i>\t\t\t\t\t\t\t<\/span>\r\n\t\t\t\t\t\t\t\t\t\t\t\t\t\t\t\t\t\t\t\t<\/div>\r\n\t\t\t\t\t<\/div>\r\n\t\t\t\t\t\t\t\t\t<div class=\"elementor-grid-item\" role=\"listitem\">\r\n\t\t\t\t\t\t<div class=\"elementor-share-btn elementor-share-btn_linkedin\" role=\"button\" tabindex=\"0\" aria-label=\"Share on linkedin\">\r\n\t\t\t\t\t\t\t\t\t\t\t\t\t\t\t<span class=\"elementor-share-btn__icon\">\r\n\t\t\t\t\t\t\t\t<i class=\"fab fa-linkedin\" aria-hidden=\"true\"><\/i>\t\t\t\t\t\t\t<\/span>\r\n\t\t\t\t\t\t\t\t\t\t\t\t\t\t\t\t\t\t\t\t<\/div>\r\n\t\t\t\t\t<\/div>\r\n\t\t\t\t\t\t\t\t\t<div class=\"elementor-grid-item\" role=\"listitem\">\r\n\t\t\t\t\t\t<div class=\"elementor-share-btn elementor-share-btn_twitter\" role=\"button\" tabindex=\"0\" aria-label=\"Share on twitter\">\r\n\t\t\t\t\t\t\t\t\t\t\t\t\t\t\t<span class=\"elementor-share-btn__icon\">\r\n\t\t\t\t\t\t\t\t<i class=\"fab fa-twitter\" aria-hidden=\"true\"><\/i>\t\t\t\t\t\t\t<\/span>\r\n\t\t\t\t\t\t\t\t\t\t\t\t\t\t\t\t\t\t\t\t<\/div>\r\n\t\t\t\t\t<\/div>\r\n\t\t\t\t\t\t\t\t\t<div class=\"elementor-grid-item\" role=\"listitem\">\r\n\t\t\t\t\t\t<div class=\"elementor-share-btn elementor-share-btn_email\" role=\"button\" tabindex=\"0\" aria-label=\"Share on email\">\r\n\t\t\t\t\t\t\t\t\t\t\t\t\t\t\t<span class=\"elementor-share-btn__icon\">\r\n\t\t\t\t\t\t\t\t<i class=\"fas fa-envelope\" aria-hidden=\"true\"><\/i>\t\t\t\t\t\t\t<\/span>\r\n\t\t\t\t\t\t\t\t\t\t\t\t\t\t\t\t\t\t\t\t<\/div>\r\n\t\t\t\t\t<\/div>\r\n\t\t\t\t\t\t<\/div>\r\n\t\t\t\t\t\t<\/div>\n\t\t\t\t<\/div>\n\t\t\t\t\t<\/div>\n\t\t<\/div>\n\t\t\t\t\t<\/div>\n\t\t<\/section>\n\t\t\t\t<section class=\"elementor-section elementor-inner-section elementor-element elementor-element-5652dcf4 elementor-section-height-min-height elementor-section-boxed elementor-section-height-default\" data-id=\"5652dcf4\" data-element_type=\"section\" data-e-type=\"section\" data-settings=\"{&quot;background_background&quot;:&quot;classic&quot;}\">\n\t\t\t\t\t\t\t<div class=\"elementor-background-overlay\"><\/div>\n\t\t\t\t\t\t\t<div class=\"elementor-container elementor-column-gap-default\">\n\t\t\t\t\t<div class=\"elementor-column elementor-col-100 elementor-inner-column elementor-element elementor-element-13da1d02\" data-id=\"13da1d02\" data-element_type=\"column\" data-e-type=\"column\">\n\t\t\t<div class=\"elementor-widget-wrap elementor-element-populated\">\n\t\t\t\t\t\t<div class=\"elementor-element elementor-element-3ca115f1 elementor-widget elementor-widget-heading\" data-id=\"3ca115f1\" data-element_type=\"widget\" data-e-type=\"widget\" data-widget_type=\"heading.default\">\n\t\t\t\t<div class=\"elementor-widget-container\">\n\t\t\t\t\t<h2 class=\"elementor-heading-title elementor-size-default\">Recibe las noticias m\u00e1s relevantes del medio<\/h2>\t\t\t\t<\/div>\n\t\t\t\t<\/div>\n\t\t\t\t<div class=\"elementor-element elementor-element-7490db0d elementor-widget elementor-widget-heading\" data-id=\"7490db0d\" data-element_type=\"widget\" data-e-type=\"widget\" data-widget_type=\"heading.default\">\n\t\t\t\t<div class=\"elementor-widget-container\">\n\t\t\t\t\t<h3 class=\"elementor-heading-title elementor-size-default\">en tu correo electr\u00f3nico<\/h3>\t\t\t\t<\/div>\n\t\t\t\t<\/div>\n\t\t\t\t<div class=\"elementor-element elementor-element-6c5fd32b elementor-widget elementor-widget-spacer\" data-id=\"6c5fd32b\" data-element_type=\"widget\" data-e-type=\"widget\" data-widget_type=\"spacer.default\">\n\t\t\t\t<div class=\"elementor-widget-container\">\n\t\t\t\t\t\t\t<div class=\"elementor-spacer\">\n\t\t\t<div class=\"elementor-spacer-inner\"><\/div>\n\t\t<\/div>\n\t\t\t\t\t\t<\/div>\n\t\t\t\t<\/div>\n\t\t\t\t<div class=\"elementor-element elementor-element-3130d105 elementor-button-align-stretch elementor-widget elementor-widget-form\" data-id=\"3130d105\" data-element_type=\"widget\" data-e-type=\"widget\" data-settings=\"{&quot;button_width&quot;:&quot;25&quot;,&quot;step_next_label&quot;:&quot;Next&quot;,&quot;step_previous_label&quot;:&quot;Previous&quot;,&quot;step_type&quot;:&quot;number_text&quot;,&quot;step_icon_shape&quot;:&quot;circle&quot;}\" data-widget_type=\"form.default\">\n\t\t\t\t<div class=\"elementor-widget-container\">\n\t\t\t\t\t\t\t<form class=\"elementor-form\" method=\"post\" name=\"TLC News\" aria-label=\"TLC News\">\r\n\t\t\t<input type=\"hidden\" name=\"post_id\" value=\"11985\"\/>\r\n\t\t\t<input type=\"hidden\" name=\"form_id\" value=\"3130d105\"\/>\r\n\t\t\t<input type=\"hidden\" name=\"referer_title\" value=\"La producci\u00f3n y exportaci\u00f3n de autos en M\u00e9xico sube m\u00e1s del 5 % en 2024\" \/>\r\n\r\n\t\t\t\t\t\t\t<input type=\"hidden\" name=\"queried_id\" value=\"11985\"\/>\r\n\t\t\t\r\n\t\t\t<div class=\"elementor-form-fields-wrapper elementor-labels-\">\r\n\t\t\t\t\t\t\t\t<div class=\"elementor-field-type-email elementor-field-group elementor-column elementor-field-group-email elementor-col-75 elementor-field-required\">\r\n\t\t\t\t\t\t\t\t\t\t\t\t<label for=\"form-field-email\" class=\"elementor-field-label elementor-screen-only\">\r\n\t\t\t\t\t\t\t\tEmail\t\t\t\t\t\t\t<\/label>\r\n\t\t\t\t\t\t\t\t\t\t\t\t\t\t<input size=\"1\" type=\"email\" name=\"form_fields[email]\" id=\"form-field-email\" class=\"elementor-field elementor-size-md  elementor-field-textual\" placeholder=\"Correo electr\u00f3nico\" required=\"required\">\r\n\t\t\t\t\t\t\t\t\t\t\t<\/div>\r\n\t\t\t\t\t\t\t\t<div class=\"elementor-field-group elementor-column elementor-field-type-submit elementor-col-25 e-form__buttons\">\r\n\t\t\t\t\t<button class=\"elementor-button elementor-size-md\" type=\"submit\">\r\n\t\t\t\t\t\t<span class=\"elementor-button-content-wrapper\">\r\n\t\t\t\t\t\t\t\t\t\t\t\t\t\t\t<span class=\"elementor-button-icon\">\r\n\t\t\t\t\t\t\t\t\t<i aria-hidden=\"true\" class=\"fas fa-arrow-right\"><\/i>\t\t\t\t\t\t\t\t\t\t\t\t\t\t\t\t\t<\/span>\r\n\t\t\t\t\t\t\t\t\t\t\t\t\t\t\t\t\t\t\t\t\t\t<span class=\"elementor-button-text\">Enviar<\/span>\r\n\t\t\t\t\t\t\t\t\t\t\t\t\t<\/span>\r\n\t\t\t\t\t<\/button>\r\n\t\t\t\t<\/div>\r\n\t\t\t<\/div>\r\n\t\t<\/form>\r\n\t\t\t\t\t\t<\/div>\n\t\t\t\t<\/div>\n\t\t\t\t\t<\/div>\n\t\t<\/div>\n\t\t\t\t\t<\/div>\n\t\t<\/section>\n\t\t\t\t<div class=\"elementor-element elementor-element-6ecb5e34 elementor-post-navigation-borders-yes elementor-widget elementor-widget-post-navigation\" data-id=\"6ecb5e34\" data-element_type=\"widget\" data-e-type=\"widget\" data-widget_type=\"post-navigation.default\">\n\t\t\t\t<div class=\"elementor-widget-container\">\n\t\t\t\t\t\t\t<div class=\"elementor-post-navigation\" role=\"navigation\" aria-label=\"Post Navigation\">\r\n\t\t\t<div class=\"elementor-post-navigation__prev elementor-post-navigation__link\">\r\n\t\t\t\t<a href=\"https:\/\/tlcmagazinemexico.com.mx\/index.php\/2025\/01\/10\/la-provincia-canadiense-de-ontario-dice-que-mexico-tiene-que-decidir-entre-china-o-ee-uu\/\" rel=\"prev\"><span class=\"post-navigation__arrow-wrapper post-navigation__arrow-prev\"><i aria-hidden=\"true\" class=\"fas fa-arrow-left\"><\/i><span class=\"elementor-screen-only\">Prev<\/span><\/span><span class=\"elementor-post-navigation__link__prev\"><span class=\"post-navigation__prev--label\">Anterior<\/span><span class=\"post-navigation__prev--title\">La provincia canadiense de Ontario dice que M\u00e9xico tiene que decidir entre China o EE.UU.<\/span><\/span><\/a>\t\t\t<\/div>\r\n\t\t\t\t\t\t\t<div class=\"elementor-post-navigation__separator-wrapper\">\r\n\t\t\t\t\t<div class=\"elementor-post-navigation__separator\"><\/div>\r\n\t\t\t\t<\/div>\r\n\t\t\t\t\t\t<div class=\"elementor-post-navigation__next elementor-post-navigation__link\">\r\n\t\t\t\t<a href=\"https:\/\/tlcmagazinemexico.com.mx\/index.php\/2025\/01\/10\/republicanos-introducen-proyecto-de-ley-en-el-congreso-para-comprar-el-canal-de-panama\/\" rel=\"next\"><span class=\"elementor-post-navigation__link__next\"><span class=\"post-navigation__next--label\">siguiente<\/span><span class=\"post-navigation__next--title\">Republicanos introducen proyecto de ley en el Congreso para comprar el canal de Panam\u00e1<\/span><\/span><span class=\"post-navigation__arrow-wrapper post-navigation__arrow-next\"><i aria-hidden=\"true\" class=\"fas fa-arrow-right\"><\/i><span class=\"elementor-screen-only\">Next<\/span><\/span><\/a>\t\t\t<\/div>\r\n\t\t<\/div>\r\n\t\t\t\t\t\t<\/div>\n\t\t\t\t<\/div>\n\t\t\t\t\t<\/div>\n\t\t<\/div>\n\t\t\t\t<div class=\"elementor-column elementor-col-33 elementor-top-column elementor-element elementor-element-111ec5eb\" data-id=\"111ec5eb\" data-element_type=\"column\" data-e-type=\"column\">\n\t\t\t<div class=\"elementor-widget-wrap\">\n\t\t\t\t\t\t\t<\/div>\n\t\t<\/div>\n\t\t\t\t<div class=\"elementor-column elementor-col-33 elementor-top-column elementor-element elementor-element-3916a7d3\" data-id=\"3916a7d3\" data-element_type=\"column\" data-e-type=\"column\">\n\t\t\t<div class=\"elementor-widget-wrap elementor-element-populated\">\n\t\t\t\t\t\t<div class=\"elementor-element elementor-element-605783e1 elementor-grid-1 elementor-posts--align-center elementor-posts__hover-none elementor-widget__width-inherit elementor-grid-tablet-2 elementor-grid-mobile-1 elementor-posts--thumbnail-top elementor-card-shadow-yes elementor-widget elementor-widget-posts\" data-id=\"605783e1\" data-element_type=\"widget\" data-e-type=\"widget\" data-settings=\"{&quot;cards_columns&quot;:&quot;1&quot;,&quot;cards_row_gap&quot;:{&quot;unit&quot;:&quot;px&quot;,&quot;size&quot;:&quot;30&quot;,&quot;sizes&quot;:[]},&quot;cards_columns_tablet&quot;:&quot;2&quot;,&quot;cards_columns_mobile&quot;:&quot;1&quot;,&quot;cards_row_gap_tablet&quot;:{&quot;unit&quot;:&quot;px&quot;,&quot;size&quot;:&quot;&quot;,&quot;sizes&quot;:[]},&quot;cards_row_gap_mobile&quot;:{&quot;unit&quot;:&quot;px&quot;,&quot;size&quot;:&quot;&quot;,&quot;sizes&quot;:[]}}\" data-widget_type=\"posts.cards\">\n\t\t\t\t<div class=\"elementor-widget-container\">\n\t\t\t\t\t\t\t<div class=\"elementor-posts-container elementor-posts elementor-posts--skin-cards elementor-grid\" role=\"list\">\r\n\t\t\t\t<article class=\"elementor-post elementor-grid-item post-24478 post type-post status-publish format-standard has-post-thumbnail hentry category-tlc-news entry\" role=\"listitem\">\r\n\t\t\t<div class=\"elementor-post__card\">\r\n\t\t\t\t<a class=\"elementor-post__thumbnail__link\" href=\"https:\/\/tlcmagazinemexico.com.mx\/index.php\/2026\/07\/17\/una-nueva-ruta-maritima-amplia-la-conexion-entre-asia-america-latina-y-el-mediterraneo\/\" tabindex=\"-1\" ><div class=\"elementor-post__thumbnail\"><img decoding=\"async\" width=\"900\" height=\"600\" src=\"https:\/\/tlcmagazinemexico.com.mx\/wp-content\/uploads\/2026\/07\/42g-4-1.png\" class=\"attachment-full size-full wp-image-24479\" alt=\"\" srcset=\"https:\/\/tlcmagazinemexico.com.mx\/wp-content\/uploads\/2026\/07\/42g-4-1.png 900w, https:\/\/tlcmagazinemexico.com.mx\/wp-content\/uploads\/2026\/07\/42g-4-1-300x200.png 300w, https:\/\/tlcmagazinemexico.com.mx\/wp-content\/uploads\/2026\/07\/42g-4-1-768x512.png 768w\" sizes=\"(max-width: 34.9rem) calc(100vw - 2rem), (max-width: 53rem) calc(8 * (100vw \/ 12)), (min-width: 53rem) calc(6 * (100vw \/ 12)), 100vw\" \/><\/div><\/a>\r\n\t\t\t\t<div class=\"elementor-post__text\">\r\n\t\t\t\t<h1 class=\"elementor-post__title\">\r\n\t\t\t<a href=\"https:\/\/tlcmagazinemexico.com.mx\/index.php\/2026\/07\/17\/una-nueva-ruta-maritima-amplia-la-conexion-entre-asia-america-latina-y-el-mediterraneo\/\" >\r\n\t\t\t\tUna nueva ruta mar\u00edtima ampl\u00eda la conexi\u00f3n entre Asia, Am\u00e9rica Latina y el Mediterr\u00e1neo\t\t\t<\/a>\r\n\t\t<\/h1>\r\n\t\t\t\t<div class=\"elementor-post__excerpt\">\r\n\t\t\t<p>\u25b8 ZIM y MSC ponen en operaci\u00f3n el servicio ZCP-Amberjack, una nueva alternativa log\u00edstica que fortalece la conectividad regional mediante un servicio semanal.La Autoridad Portuaria<\/p>\n\t\t<\/div>\r\n\t\t\r\n\t\t<a class=\"elementor-post__read-more\" href=\"https:\/\/tlcmagazinemexico.com.mx\/index.php\/2026\/07\/17\/una-nueva-ruta-maritima-amplia-la-conexion-entre-asia-america-latina-y-el-mediterraneo\/\" aria-label=\"Read more about Una nueva ruta mar\u00edtima ampl\u00eda la conexi\u00f3n entre Asia, Am\u00e9rica Latina y el Mediterr\u00e1neo\" tabindex=\"-1\" >\r\n\t\t\tLeer m\u00e1s \u00bb\t\t<\/a>\r\n\r\n\t\t\t\t<\/div>\r\n\t\t\t\t\t<\/div>\r\n\t\t<\/article>\r\n\t\t\t\t<article class=\"elementor-post elementor-grid-item post-24472 post type-post status-publish format-standard has-post-thumbnail hentry category-tlc-news entry\" role=\"listitem\">\r\n\t\t\t<div class=\"elementor-post__card\">\r\n\t\t\t\t<a class=\"elementor-post__thumbnail__link\" href=\"https:\/\/tlcmagazinemexico.com.mx\/index.php\/2026\/07\/17\/el-auge-de-los-centros-de-datos-abre-una-nueva-oportunidad-para-el-comercio-exterior-en-mexico\/\" tabindex=\"-1\" ><div class=\"elementor-post__thumbnail\"><img decoding=\"async\" width=\"900\" height=\"600\" src=\"https:\/\/tlcmagazinemexico.com.mx\/wp-content\/uploads\/2026\/07\/42g-3-1.png\" class=\"attachment-full size-full wp-image-24473\" alt=\"\" srcset=\"https:\/\/tlcmagazinemexico.com.mx\/wp-content\/uploads\/2026\/07\/42g-3-1.png 900w, https:\/\/tlcmagazinemexico.com.mx\/wp-content\/uploads\/2026\/07\/42g-3-1-300x200.png 300w, https:\/\/tlcmagazinemexico.com.mx\/wp-content\/uploads\/2026\/07\/42g-3-1-768x512.png 768w\" sizes=\"(max-width: 34.9rem) calc(100vw - 2rem), (max-width: 53rem) calc(8 * (100vw \/ 12)), (min-width: 53rem) calc(6 * (100vw \/ 12)), 100vw\" \/><\/div><\/a>\r\n\t\t\t\t<div class=\"elementor-post__text\">\r\n\t\t\t\t<h1 class=\"elementor-post__title\">\r\n\t\t\t<a href=\"https:\/\/tlcmagazinemexico.com.mx\/index.php\/2026\/07\/17\/el-auge-de-los-centros-de-datos-abre-una-nueva-oportunidad-para-el-comercio-exterior-en-mexico\/\" >\r\n\t\t\t\tEl auge de los centros de datos abre una nueva oportunidad para el comercio exterior en M\u00e9xico\t\t\t<\/a>\r\n\t\t<\/h1>\r\n\t\t\t\t<div class=\"elementor-post__excerpt\">\r\n\t\t\t<p>\u25b8 Inversiones por 82,500 millones de d\u00f3lares impulsar\u00e1n la importaci\u00f3n de infraestructura tecnol\u00f3gica especializada durante los pr\u00f3ximos a\u00f1os. La expansi\u00f3n de la infraestructura digital en<\/p>\n\t\t<\/div>\r\n\t\t\r\n\t\t<a class=\"elementor-post__read-more\" href=\"https:\/\/tlcmagazinemexico.com.mx\/index.php\/2026\/07\/17\/el-auge-de-los-centros-de-datos-abre-una-nueva-oportunidad-para-el-comercio-exterior-en-mexico\/\" aria-label=\"Read more about El auge de los centros de datos abre una nueva oportunidad para el comercio exterior en M\u00e9xico\" tabindex=\"-1\" >\r\n\t\t\tLeer m\u00e1s \u00bb\t\t<\/a>\r\n\r\n\t\t\t\t<\/div>\r\n\t\t\t\t\t<\/div>\r\n\t\t<\/article>\r\n\t\t\t\t<article class=\"elementor-post elementor-grid-item post-24466 post type-post status-publish format-standard has-post-thumbnail hentry category-tlc-news entry\" role=\"listitem\">\r\n\t\t\t<div class=\"elementor-post__card\">\r\n\t\t\t\t<a class=\"elementor-post__thumbnail__link\" href=\"https:\/\/tlcmagazinemexico.com.mx\/index.php\/2026\/07\/17\/el-estandar-que-permite-a-las-aduanas-intercambiar-informacion-acaba-de-actualizarse\/\" tabindex=\"-1\" ><div class=\"elementor-post__thumbnail\"><img loading=\"lazy\" decoding=\"async\" width=\"900\" height=\"600\" src=\"https:\/\/tlcmagazinemexico.com.mx\/wp-content\/uploads\/2026\/07\/42g-2-2.png\" class=\"attachment-full size-full wp-image-24467\" alt=\"\" srcset=\"https:\/\/tlcmagazinemexico.com.mx\/wp-content\/uploads\/2026\/07\/42g-2-2.png 900w, https:\/\/tlcmagazinemexico.com.mx\/wp-content\/uploads\/2026\/07\/42g-2-2-300x200.png 300w, https:\/\/tlcmagazinemexico.com.mx\/wp-content\/uploads\/2026\/07\/42g-2-2-768x512.png 768w\" sizes=\"(max-width: 34.9rem) calc(100vw - 2rem), (max-width: 53rem) calc(8 * (100vw \/ 12)), (min-width: 53rem) calc(6 * (100vw \/ 12)), 100vw\" \/><\/div><\/a>\r\n\t\t\t\t<div class=\"elementor-post__text\">\r\n\t\t\t\t<h1 class=\"elementor-post__title\">\r\n\t\t\t<a href=\"https:\/\/tlcmagazinemexico.com.mx\/index.php\/2026\/07\/17\/el-estandar-que-permite-a-las-aduanas-intercambiar-informacion-acaba-de-actualizarse\/\" >\r\n\t\t\t\tEl est\u00e1ndar que permite a las aduanas intercambiar informaci\u00f3n acaba de actualizarse\t\t\t<\/a>\r\n\t\t<\/h1>\r\n\t\t\t\t<div class=\"elementor-post__excerpt\">\r\n\t\t\t<p>\u25b8 La OMA presenta la Versi\u00f3n 4.3.0 de su Modelo de Datos con nuevas capacidades para interoperabilidad digital, etiquetas JSON y reconocimiento mutuo de OEA.<\/p>\n\t\t<\/div>\r\n\t\t\r\n\t\t<a class=\"elementor-post__read-more\" href=\"https:\/\/tlcmagazinemexico.com.mx\/index.php\/2026\/07\/17\/el-estandar-que-permite-a-las-aduanas-intercambiar-informacion-acaba-de-actualizarse\/\" aria-label=\"Read more about El est\u00e1ndar que permite a las aduanas intercambiar informaci\u00f3n acaba de actualizarse\" tabindex=\"-1\" >\r\n\t\t\tLeer m\u00e1s \u00bb\t\t<\/a>\r\n\r\n\t\t\t\t<\/div>\r\n\t\t\t\t\t<\/div>\r\n\t\t<\/article>\r\n\t\t\t\t<article class=\"elementor-post elementor-grid-item post-24453 post type-post status-publish format-standard has-post-thumbnail hentry category-tlc-news entry\" role=\"listitem\">\r\n\t\t\t<div class=\"elementor-post__card\">\r\n\t\t\t\t<a class=\"elementor-post__thumbnail__link\" href=\"https:\/\/tlcmagazinemexico.com.mx\/index.php\/2026\/07\/17\/un-error-aduanero-puede-costar-millones-la-inteligencia-artificial-esta-cambiando-la-forma-de-detectarlos\/\" tabindex=\"-1\" ><div class=\"elementor-post__thumbnail\"><img loading=\"lazy\" decoding=\"async\" width=\"900\" height=\"600\" src=\"https:\/\/tlcmagazinemexico.com.mx\/wp-content\/uploads\/2026\/07\/42g-1-2.png\" class=\"attachment-full size-full wp-image-24461\" alt=\"\" srcset=\"https:\/\/tlcmagazinemexico.com.mx\/wp-content\/uploads\/2026\/07\/42g-1-2.png 900w, https:\/\/tlcmagazinemexico.com.mx\/wp-content\/uploads\/2026\/07\/42g-1-2-300x200.png 300w, https:\/\/tlcmagazinemexico.com.mx\/wp-content\/uploads\/2026\/07\/42g-1-2-768x512.png 768w\" sizes=\"(max-width: 34.9rem) calc(100vw - 2rem), (max-width: 53rem) calc(8 * (100vw \/ 12)), (min-width: 53rem) calc(6 * (100vw \/ 12)), 100vw\" \/><\/div><\/a>\r\n\t\t\t\t<div class=\"elementor-post__text\">\r\n\t\t\t\t<h1 class=\"elementor-post__title\">\r\n\t\t\t<a href=\"https:\/\/tlcmagazinemexico.com.mx\/index.php\/2026\/07\/17\/un-error-aduanero-puede-costar-millones-la-inteligencia-artificial-esta-cambiando-la-forma-de-detectarlos\/\" >\r\n\t\t\t\tUn error aduanero puede costar millones. La inteligencia artificial est\u00e1 cambiando la forma de detectarlos.\t\t\t<\/a>\r\n\t\t<\/h1>\r\n\t\t\t\t<div class=\"elementor-post__excerpt\">\r\n\t\t\t<p>\u25b8 Flexport impulsa auditor\u00edas automatizadas con IA mientras aumenta la fiscalizaci\u00f3n del cumplimiento aduanero en Estados Unidos. Los constantes cambios en la pol\u00edtica arancelaria de<\/p>\n\t\t<\/div>\r\n\t\t\r\n\t\t<a class=\"elementor-post__read-more\" href=\"https:\/\/tlcmagazinemexico.com.mx\/index.php\/2026\/07\/17\/un-error-aduanero-puede-costar-millones-la-inteligencia-artificial-esta-cambiando-la-forma-de-detectarlos\/\" aria-label=\"Read more about Un error aduanero puede costar millones. La inteligencia artificial est\u00e1 cambiando la forma de detectarlos.\" tabindex=\"-1\" >\r\n\t\t\tLeer m\u00e1s \u00bb\t\t<\/a>\r\n\r\n\t\t\t\t<\/div>\r\n\t\t\t\t\t<\/div>\r\n\t\t<\/article>\r\n\t\t\t\t<article class=\"elementor-post elementor-grid-item post-24413 post type-post status-publish format-standard has-post-thumbnail hentry category-people-of-trade category-tlc-news entry\" role=\"listitem\">\r\n\t\t\t<div class=\"elementor-post__card\">\r\n\t\t\t\t<a class=\"elementor-post__thumbnail__link\" href=\"https:\/\/tlcmagazinemexico.com.mx\/index.php\/2026\/07\/16\/los-hombres-que-mueven-el-mundo-lo-hicieron-esta-semana-bajo-40-grados\/\" tabindex=\"-1\" ><div class=\"elementor-post__thumbnail\"><img loading=\"lazy\" decoding=\"async\" width=\"900\" height=\"600\" src=\"https:\/\/tlcmagazinemexico.com.mx\/wp-content\/uploads\/2026\/07\/n4-3.png\" class=\"attachment-full size-full wp-image-24395\" alt=\"\" srcset=\"https:\/\/tlcmagazinemexico.com.mx\/wp-content\/uploads\/2026\/07\/n4-3.png 900w, https:\/\/tlcmagazinemexico.com.mx\/wp-content\/uploads\/2026\/07\/n4-3-300x200.png 300w, https:\/\/tlcmagazinemexico.com.mx\/wp-content\/uploads\/2026\/07\/n4-3-768x512.png 768w\" sizes=\"(max-width: 34.9rem) calc(100vw - 2rem), (max-width: 53rem) calc(8 * (100vw \/ 12)), (min-width: 53rem) calc(6 * (100vw \/ 12)), 100vw\" \/><\/div><\/a>\r\n\t\t\t\t<div class=\"elementor-post__text\">\r\n\t\t\t\t<h1 class=\"elementor-post__title\">\r\n\t\t\t<a href=\"https:\/\/tlcmagazinemexico.com.mx\/index.php\/2026\/07\/16\/los-hombres-que-mueven-el-mundo-lo-hicieron-esta-semana-bajo-40-grados\/\" >\r\n\t\t\t\tLos hombres que mueven el mundo lo hicieron esta semana bajo 40 grados\t\t\t<\/a>\r\n\t\t<\/h1>\r\n\t\t\t\t<div class=\"elementor-post__excerpt\">\r\n\t\t\t<p>\u2022 Operadores de gr\u00faa y trabajadores portuarios en Rotterdam, Amberes y Hamburgo enfrentaron una ola de calor extrema que ralentiz\u00f3 operaciones, recalent\u00f3 equipos y agrav\u00f3<\/p>\n\t\t<\/div>\r\n\t\t\r\n\t\t<a class=\"elementor-post__read-more\" href=\"https:\/\/tlcmagazinemexico.com.mx\/index.php\/2026\/07\/16\/los-hombres-que-mueven-el-mundo-lo-hicieron-esta-semana-bajo-40-grados\/\" aria-label=\"Read more about Los hombres que mueven el mundo lo hicieron esta semana bajo 40 grados\" tabindex=\"-1\" >\r\n\t\t\tLeer m\u00e1s \u00bb\t\t<\/a>\r\n\r\n\t\t\t\t<\/div>\r\n\t\t\t\t\t<\/div>\r\n\t\t<\/article>\r\n\t\t\t\t<article class=\"elementor-post elementor-grid-item post-24408 post type-post status-publish format-standard has-post-thumbnail hentry category-datos-curiosos category-tlc-news entry\" role=\"listitem\">\r\n\t\t\t<div class=\"elementor-post__card\">\r\n\t\t\t\t<a class=\"elementor-post__thumbnail__link\" href=\"https:\/\/tlcmagazinemexico.com.mx\/index.php\/2026\/07\/16\/china-rompe-record-de-comercio-exterior-en-el-primer-semestre-de-2026\/\" tabindex=\"-1\" ><div class=\"elementor-post__thumbnail\"><img loading=\"lazy\" decoding=\"async\" width=\"900\" height=\"600\" src=\"https:\/\/tlcmagazinemexico.com.mx\/wp-content\/uploads\/2026\/07\/n3-3.png\" class=\"attachment-full size-full wp-image-24396\" alt=\"\" srcset=\"https:\/\/tlcmagazinemexico.com.mx\/wp-content\/uploads\/2026\/07\/n3-3.png 900w, https:\/\/tlcmagazinemexico.com.mx\/wp-content\/uploads\/2026\/07\/n3-3-300x200.png 300w, https:\/\/tlcmagazinemexico.com.mx\/wp-content\/uploads\/2026\/07\/n3-3-768x512.png 768w\" sizes=\"(max-width: 34.9rem) calc(100vw - 2rem), (max-width: 53rem) calc(8 * (100vw \/ 12)), (min-width: 53rem) calc(6 * (100vw \/ 12)), 100vw\" \/><\/div><\/a>\r\n\t\t\t\t<div class=\"elementor-post__text\">\r\n\t\t\t\t<h1 class=\"elementor-post__title\">\r\n\t\t\t<a href=\"https:\/\/tlcmagazinemexico.com.mx\/index.php\/2026\/07\/16\/china-rompe-record-de-comercio-exterior-en-el-primer-semestre-de-2026\/\" >\r\n\t\t\t\tChina rompe r\u00e9cord de comercio exterior en el primer semestre de 2026\t\t\t<\/a>\r\n\t\t<\/h1>\r\n\t\t\t\t<div class=\"elementor-post__excerpt\">\r\n\t\t\t<p>\u2022 El pa\u00eds super\u00f3 por primera vez los 25 billones de yuanes en comercio exterior durante un periodo enero-junio, impulsado por exportaciones tecnol\u00f3gicas, mayor demanda<\/p>\n\t\t<\/div>\r\n\t\t\r\n\t\t<a class=\"elementor-post__read-more\" href=\"https:\/\/tlcmagazinemexico.com.mx\/index.php\/2026\/07\/16\/china-rompe-record-de-comercio-exterior-en-el-primer-semestre-de-2026\/\" aria-label=\"Read more about China rompe r\u00e9cord de comercio exterior en el primer semestre de 2026\" tabindex=\"-1\" >\r\n\t\t\tLeer m\u00e1s \u00bb\t\t<\/a>\r\n\r\n\t\t\t\t<\/div>\r\n\t\t\t\t\t<\/div>\r\n\t\t<\/article>\r\n\t\t\t\t<\/div>\r\n\t\t\r\n\t\t\t\t\t\t<\/div>\n\t\t\t\t<\/div>\n\t\t\t\t\t<\/div>\n\t\t<\/div>\n\t\t\t\t\t<\/div>\n\t\t<\/section>\n\t\t\t\t<\/div>\n\t\t","protected":false},"excerpt":{"rendered":"<p>La producci\u00f3n de y exportaci\u00f3n de autos en M\u00e9xico, la mayor industria del pa\u00eds, subi\u00f3 m\u00e1s del 5 % en 2024, con lo que hila tres a\u00f1os al alza tras la pandemia de covid-19 y la escasez de insumos, revel\u00f3 este jueves el Instituto Nacional de Geograf\u00eda y Estad\u00edstica (Inegi). En concreto, la fabricaci\u00f3n de &hellip; <\/p>\n<p class=\"link-more\"><a href=\"https:\/\/tlcmagazinemexico.com.mx\/index.php\/2026\/07\/16\/china-rompe-record-de-comercio-exterior-en-el-primer-semestre-de-2026\/\" class=\"more-link\">Continue reading<span class=\"screen-reader-text\"> &#8220;China rompe r\u00e9cord de comercio exterior en el primer semestre de 2026&#8221;<\/span><\/a><\/p>\n","protected":false},"author":3,"featured_media":10748,"comment_status":"open","ping_status":"open","sticky":false,"template":"elementor_header_footer","format":"standard","meta":{"_monsterinsights_skip_tracking":false,"footnotes":""},"categories":[5],"tags":[],"class_list":["post-11985","post","type-post","status-publish","format-standard","has-post-thumbnail","hentry","category-tlc-news","entry"],"views":1825,"_links":{"self":[{"href":"https:\/\/tlcmagazinemexico.com.mx\/index.php\/wp-json\/wp\/v2\/posts\/11985","targetHints":{"allow":["GET"]}}],"collection":[{"href":"https:\/\/tlcmagazinemexico.com.mx\/index.php\/wp-json\/wp\/v2\/posts"}],"about":[{"href":"https:\/\/tlcmagazinemexico.com.mx\/index.php\/wp-json\/wp\/v2\/types\/post"}],"author":[{"embeddable":true,"href":"https:\/\/tlcmagazinemexico.com.mx\/index.php\/wp-json\/wp\/v2\/users\/3"}],"replies":[{"embeddable":true,"href":"https:\/\/tlcmagazinemexico.com.mx\/index.php\/wp-json\/wp\/v2\/comments?post=11985"}],"version-history":[{"count":0,"href":"https:\/\/tlcmagazinemexico.com.mx\/index.php\/wp-json\/wp\/v2\/posts\/11985\/revisions"}],"wp:featuredmedia":[{"embeddable":true,"href":"https:\/\/tlcmagazinemexico.com.mx\/index.php\/wp-json\/wp\/v2\/media\/10748"}],"wp:attachment":[{"href":"https:\/\/tlcmagazinemexico.com.mx\/index.php\/wp-json\/wp\/v2\/media?parent=11985"}],"wp:term":[{"taxonomy":"category","embeddable":true,"href":"https:\/\/tlcmagazinemexico.com.mx\/index.php\/wp-json\/wp\/v2\/categories?post=11985"},{"taxonomy":"post_tag","embeddable":true,"href":"https:\/\/tlcmagazinemexico.com.mx\/index.php\/wp-json\/wp\/v2\/tags?post=11985"}],"curies":[{"name":"wp","href":"https:\/\/api.w.org\/{rel}","templated":true}]}}