{"id":11911,"date":"2025-01-08T17:56:11","date_gmt":"2025-01-08T17:56:11","guid":{"rendered":"https:\/\/tlcmagazinemexico.com.mx\/?p=11911"},"modified":"2025-01-08T19:10:47","modified_gmt":"2025-01-08T19:10:47","slug":"construyamos-junto-con-el-gobierno-y-la-sociedad-un-plan-nacional-de-desarrollo-plural-y-diverso-que-marque-un-cambio-en-la-historia-de-mexico-confederacion-nacional-de-comercio","status":"publish","type":"post","link":"https:\/\/tlcmagazinemexico.com.mx\/index.php\/2025\/01\/08\/construyamos-junto-con-el-gobierno-y-la-sociedad-un-plan-nacional-de-desarrollo-plural-y-diverso-que-marque-un-cambio-en-la-historia-de-mexico-confederacion-nacional-de-comercio\/","title":{"rendered":"Construyamos, junto con el Gobierno y la sociedad, un Plan Nacional de Desarrollo plural y diverso que marque un cambio en la historia de M\u00e9xico, Confederaci\u00f3n Nacional de Comercio"},"content":{"rendered":"\t\t<div data-elementor-type=\"wp-post\" data-elementor-id=\"11911\" class=\"elementor elementor-11911\" data-elementor-post-type=\"post\">\n\t\t\t\t\t\t<section class=\"elementor-section elementor-top-section elementor-element elementor-element-2a2a0bce elementor-section-boxed elementor-section-height-default elementor-section-height-default\" data-id=\"2a2a0bce\" data-element_type=\"section\" data-e-type=\"section\">\n\t\t\t\t\t\t<div class=\"elementor-container elementor-column-gap-default\">\n\t\t\t\t\t<div class=\"elementor-column elementor-col-33 elementor-top-column elementor-element elementor-element-3b43a71f\" data-id=\"3b43a71f\" data-element_type=\"column\" data-e-type=\"column\">\n\t\t\t<div class=\"elementor-widget-wrap elementor-element-populated\">\n\t\t\t\t\t\t<div class=\"elementor-element elementor-element-ad35513 elementor-widget elementor-widget-theme-post-featured-image elementor-widget-image\" data-id=\"ad35513\" data-element_type=\"widget\" data-e-type=\"widget\" data-widget_type=\"theme-post-featured-image.default\">\n\t\t\t\t<div class=\"elementor-widget-container\">\n\t\t\t\t\t\t\t\t\t\t\t\t\t\t\t<img fetchpriority=\"high\" decoding=\"async\" width=\"640\" height=\"427\" src=\"https:\/\/tlcmagazinemexico.com.mx\/wp-content\/uploads\/2025\/01\/18g-1-1.png\" class=\"attachment-large size-large wp-image-11912\" alt=\"\" srcset=\"https:\/\/tlcmagazinemexico.com.mx\/wp-content\/uploads\/2025\/01\/18g-1-1.png 900w, https:\/\/tlcmagazinemexico.com.mx\/wp-content\/uploads\/2025\/01\/18g-1-1-300x200.png 300w, https:\/\/tlcmagazinemexico.com.mx\/wp-content\/uploads\/2025\/01\/18g-1-1-768x512.png 768w\" sizes=\"(max-width: 34.9rem) calc(100vw - 2rem), (max-width: 53rem) calc(8 * (100vw \/ 12)), (min-width: 53rem) calc(6 * (100vw \/ 12)), 100vw\" \/>\t\t\t\t\t\t\t\t\t\t\t\t\t\t\t<\/div>\n\t\t\t\t<\/div>\n\t\t\t\t<div class=\"elementor-element elementor-element-576e7947 elementor-widget elementor-widget-spacer\" data-id=\"576e7947\" data-element_type=\"widget\" data-e-type=\"widget\" data-widget_type=\"spacer.default\">\n\t\t\t\t<div class=\"elementor-widget-container\">\n\t\t\t\t\t\t\t<div class=\"elementor-spacer\">\n\t\t\t<div class=\"elementor-spacer-inner\"><\/div>\n\t\t<\/div>\n\t\t\t\t\t\t<\/div>\n\t\t\t\t<\/div>\n\t\t\t\t<div class=\"elementor-element elementor-element-72bfb41a elementor-widget elementor-widget-theme-post-title elementor-page-title elementor-widget-heading\" data-id=\"72bfb41a\" data-element_type=\"widget\" data-e-type=\"widget\" data-widget_type=\"theme-post-title.default\">\n\t\t\t\t<div class=\"elementor-widget-container\">\n\t\t\t\t\t<h1 class=\"elementor-heading-title elementor-size-default\">Construyamos, junto con el Gobierno y la sociedad, un Plan Nacional de Desarrollo plural y diverso que marque un cambio en la historia de M\u00e9xico, Confederaci\u00f3n Nacional de Comercio<\/h1>\t\t\t\t<\/div>\n\t\t\t\t<\/div>\n\t\t\t\t<div class=\"elementor-element elementor-element-19c095c6 elementor-widget elementor-widget-text-editor\" data-id=\"19c095c6\" data-element_type=\"widget\" data-e-type=\"widget\" data-widget_type=\"text-editor.default\">\n\t\t\t\t<div class=\"elementor-widget-container\">\n\t\t\t\t\t\t\t\t\t<p>\u201cTenemos muy claro que nuestra participaci\u00f3n como Confederaci\u00f3n es fundamental en la integraci\u00f3n del Plan Nacional de Desarrollo, de acuerdo con una encuesta que levantamos en 2024, el 76.8% de los encuestados se\u00f1al\u00f3 que existe la presencia del crimen organizado en sus cadenas de valor.\u201d De la Torre.<\/p><p><br><\/p>\n<p>La participaci\u00f3n de la Confederaci\u00f3n en este foro es apenas el inicio de un esfuerzo nacional que continuar\u00e1 en los pr\u00f3ximos d\u00edas en las distintas sedes de los foros del Plan Nacional de Desarrollo 2025-2030.<\/p><p><br><\/p>\n<p>Con la objetivo de participar y contribuir activamente en la construcci\u00f3n de un M\u00e9xico pr\u00f3spero, justo y seguro, la Confederaci\u00f3n de C\u00e1maras Nacionales de Comercio, Servicios y Turismo (CONCANACO SERVYTUR), presidida por Octavio de la Torre, estuvo presente en el Primer Foro para la Elaboraci\u00f3n del Plan Nacional de Desarrollo (PND) 2025-2030, realizado en Baja California, con la representaci\u00f3n de Juli\u00e1n Palombo Saucedo, presidente de CANACO SERVYTUR Tijuana, y Jorge Mac\u00edas Jim\u00e9nez, presidente de la FECANACO Baja California.<\/p><p><br><\/p>\n<p><\/p>\n<p>Con el prop\u00f3sito de definir las prioridades en materia econ\u00f3mica, social y pol\u00edtica que regir\u00e1n al Gobierno de M\u00e9xico en el presente sexenio, la Secretar\u00eda de Seguridad y Protecci\u00f3n Ciudadana, realiz\u00f3 el Foro para el Plan Nacional de Desarrollo (PND) 2025-2030: Gobernanza con justicia y participaci\u00f3n ciudadana: Construyendo una Rep\u00fablica segura y justa, con la presencia de la gobernadora de BC, Marina del Pilar \u00c1vila.<\/p><p><br><\/p>\n<p><\/p>\n<p>En este contexto, Octavio de la Torre, presidente de CONCANACO SERVYTUR, destac\u00f3 que la participaci\u00f3n de las C\u00e1maras de Comercio en la entidad es clave para brindar informaci\u00f3n y hacer propuestas sobre el tema de seguridad que afecta al Sector Comercio, Servicios y Turismo, con lo cual se reafirma el compromiso de la Confederaci\u00f3n como interlocutor clave entre la sociedad y el gobierno, pues m\u00e1s de 4.8 millones de empresas en todo el pa\u00eds conf\u00edan en que el gobierno les garantice tranquilidad y seguridad.<\/p><p><br><\/p>\n<p><\/p>\n<p>La participaci\u00f3n de la Confederaci\u00f3n a trav\u00e9s de las C\u00e1maras de Comercio locales es el inicio de un esfuerzo nacional que continuar\u00e1 en los pr\u00f3ximos d\u00edas en las distintas sedes de los foros del Plan Nacional de Desarrollo 2025-2030, donde se manifestar\u00e1n inquietudes y se aportar\u00e1n propuestas y soluciones del sector empresarial para contribuir en la construcci\u00f3n de un M\u00e9xico equitativo y pr\u00f3spero.<\/p><p><br><\/p>\n<p><\/p>\n<p>\u201cTenemos muy claro que nuestra participaci\u00f3n como Confederaci\u00f3n es fundamental en la integraci\u00f3n del Plan Nacional de Desarrollo, de acuerdo con una encuesta que levantamos en 2024, el 76.8% de los encuestados se\u00f1al\u00f3 que existe la presencia del crimen organizado en sus cadenas de valor, lo cual impacta directamente en la competitividad y operatividad del Sector. Asimismo, seg\u00fan la Encuesta Nacional de Victimizaci\u00f3n de Empresas, entre los il\u00edcitos que m\u00e1s afectan a las unidades productivas destacan la extorsi\u00f3n (25.5%) y el robo o asalto de mercanc\u00eda (16.9%). Hoy debemos fomentar e impulsar medidas como las que el Gobierno ha venido implementando, el combate a la extorsi\u00f3n no solo protege a los empresarios, sino que tambi\u00e9n garantiza un entorno m\u00e1s justo y competitivo para las unidades productivas del pa\u00eds, por ejemplo\u201d, se\u00f1al\u00f3 De la Torre.<\/p><p><br><\/p>\n<p><\/p>\n<p>Durante el Foro, las C\u00e1maras de Comercio locales hicieron menci\u00f3n de un plan integral enfocado en seguridad, el cual se ha presentado a las autoridades de diferentes entidades federativas, basado en un diagn\u00f3stico nacional elaborado mediante cuestionarios aplicados a l\u00edderes empresariales de los sectores comercio, servicios y turismo en diversos estados. Este esfuerzo permiti\u00f3 plantear propuestas concretas para fortalecer la seguridad p\u00fablica, la gobernanza y la competitividad de las empresas mexicanas.<\/p><p><br><\/p>\n<p><\/p>\n<p>De igual forma, los presidentes de las C\u00e1maras, reforzaron las propuestas del sector, que abordan la reducci\u00f3n de delitos de alto impacto y la generaci\u00f3n de entornos m\u00e1s seguros para el desarrollo de negocios, en coordinaci\u00f3n con el Gobierno de M\u00e9xico.<\/p><p><br><\/p>\n<p><\/p>\n<p>Otra propuesta presentada versa sobre la realizaci\u00f3n de consultas a los presidentes y l\u00edderes de las distintas c\u00e1maras de comercio del pa\u00eds, para elaborar un documento que integrar\u00e1 las principales propuestas del sector empresarial, sobre los distintos temas que abordar\u00e1n los Foros. Las propuestas estar\u00e1n fundamentadas en los nueve ejes de trabajo que CONCANACO SERVYTUR ha venido impulsando desde el a\u00f1o anterior, reafirmando su compromiso con un desarrollo econ\u00f3mico inclusivo y sostenible.<\/p><p><br><\/p>\n<p>En la entidad participan activamente Nicol\u00e1s Ayub Mart\u00ednez, presidente de CANACO SERVYTUR Ensenada; Jos\u00e9 Antonio Villa Gonz\u00e1lez, presidente de CANACO SERVYTUR Mexicali; Jorge Luis Rodr\u00edguez Curiel, presidente de CANACO SERVYTUR Tecate; Juli\u00e1n Palombo Saucedo, presidente de CANACO SERVYTUR Tijuana; Berta Partida, presidenta de CANACOPE SERVYTUR Mexicali; y Gina Ivethe Villalobos Gonz\u00e1lez, presidenta de CANACOPE SERVYTUR Tijuana.<\/p><p><br><\/p>\n<p><\/p>\n<p>El PND 2025-2030 se construir\u00e1 bajo cuatro ejes generales:<\/p><p><br><\/p>\n<p><ul><li>Gobernanza con justicia y participaci\u00f3n ciudadana.<\/li><li>Desarrollo con bienestar y humanismo.<\/li><li>Econom\u00eda moral y trabajo.<\/li><li>Desarrollo sustentable.<\/li><\/ul><div><font face=\"-apple-system, BlinkMacSystemFont, Segoe UI, Roboto, Oxygen-Sans, Ubuntu, Cantarell, Helvetica Neue, sans-serif\"><br><\/font><\/div><\/p>\n<p>Incluir\u00e1 tres ejes transversales, innovaci\u00f3n tecnol\u00f3gica, igualdad sustantiva y derechos de las comunidades ind\u00edgenas y afromexicanas, temas en los que la CONCANACO SERVYTUR buscar\u00e1 incidir con propuestas concretas desde los sectores comercio, servicios y turismo.<\/p><p><br><\/p>\n<p><\/p>\n<p>El Plan Nacional de Desarrollo representa un espacio donde se fomenta la participaci\u00f3n de toda la poblaci\u00f3n en general: organizaciones obreras, campesinas y de la sociedad civil, pueblos originarios, instituciones acad\u00e9micas, organismos empresariales, j\u00f3venes, mujeres, personas adultas mayores, personas con discapacidad, entre otros.<\/p><p><br><\/p>\n<p><\/p>\n<p>\u201cSomos un actor estrat\u00e9gico en el desarrollo de pol\u00edticas p\u00fablicas que favorezcan al sector empresarial y al bienestar social en M\u00e9xico; por ello, nuestra presencia en todos los foros es fundamental para construir, junto con las autoridades y la sociedad, un Plan Nacional de Desarrollo m\u00e1s plural y diverso que marque un cambio en la historia de M\u00e9xico\u201d, concluy\u00f3 De la Torre.<\/p><p><br><\/p>\n<p style=\"line-height: var(--wp--typography--line-height, var(--global--line-height-body));\">FUENTE: CONCANACO SERVYTUR<\/p>\n<p>https:\/\/www.concanaco.com.mx\/prensa\/comunicados\/construyamos-junto-con-el-gobierno-y-la-sociedad-un-plan-nacional-de-desarrollo-plural-y-diverso-que-marque-un-cambio-en-la-historia-de-mexico-confederacion-nacional-de-comercio<\/p>\n<p><!-- \/wp:paragraph --><\/p>\t\t\t\t\t\t\t\t<\/div>\n\t\t\t\t<\/div>\n\t\t\t\t<section class=\"elementor-section elementor-inner-section elementor-element elementor-element-676394ab elementor-section-boxed elementor-section-height-default elementor-section-height-default\" data-id=\"676394ab\" data-element_type=\"section\" data-e-type=\"section\">\n\t\t\t\t\t\t<div class=\"elementor-container elementor-column-gap-default\">\n\t\t\t\t\t<div class=\"elementor-column elementor-col-50 elementor-inner-column elementor-element elementor-element-63f32cea\" data-id=\"63f32cea\" data-element_type=\"column\" data-e-type=\"column\">\n\t\t\t<div class=\"elementor-widget-wrap elementor-element-populated\">\n\t\t\t\t\t\t<div class=\"elementor-element elementor-element-2bc4cd2 elementor-widget elementor-widget-heading\" data-id=\"2bc4cd2\" data-element_type=\"widget\" data-e-type=\"widget\" data-widget_type=\"heading.default\">\n\t\t\t\t<div class=\"elementor-widget-container\">\n\t\t\t\t\t<h2 class=\"elementor-heading-title elementor-size-default\">Compartir <\/h2>\t\t\t\t<\/div>\n\t\t\t\t<\/div>\n\t\t\t\t\t<\/div>\n\t\t<\/div>\n\t\t\t\t<div class=\"elementor-column elementor-col-50 elementor-inner-column elementor-element elementor-element-6d53dc4f\" data-id=\"6d53dc4f\" data-element_type=\"column\" data-e-type=\"column\">\n\t\t\t<div class=\"elementor-widget-wrap elementor-element-populated\">\n\t\t\t\t\t\t<div class=\"elementor-element elementor-element-1f78b3e3 elementor-share-buttons--view-icon elementor-share-buttons--skin-flat elementor-share-buttons--color-custom elementor-share-buttons--shape-square elementor-grid-0 elementor-widget elementor-widget-share-buttons\" data-id=\"1f78b3e3\" data-element_type=\"widget\" data-e-type=\"widget\" data-widget_type=\"share-buttons.default\">\n\t\t\t\t<div class=\"elementor-widget-container\">\n\t\t\t\t\t\t\t<div class=\"elementor-grid\" role=\"list\">\r\n\t\t\t\t\t\t\t\t<div class=\"elementor-grid-item\" role=\"listitem\">\r\n\t\t\t\t\t\t<div class=\"elementor-share-btn elementor-share-btn_facebook\" role=\"button\" tabindex=\"0\" aria-label=\"Share on facebook\">\r\n\t\t\t\t\t\t\t\t\t\t\t\t\t\t\t<span class=\"elementor-share-btn__icon\">\r\n\t\t\t\t\t\t\t\t<i class=\"fab fa-facebook\" aria-hidden=\"true\"><\/i>\t\t\t\t\t\t\t<\/span>\r\n\t\t\t\t\t\t\t\t\t\t\t\t\t\t\t\t\t\t\t\t<\/div>\r\n\t\t\t\t\t<\/div>\r\n\t\t\t\t\t\t\t\t\t<div class=\"elementor-grid-item\" role=\"listitem\">\r\n\t\t\t\t\t\t<div class=\"elementor-share-btn elementor-share-btn_linkedin\" role=\"button\" tabindex=\"0\" aria-label=\"Share on linkedin\">\r\n\t\t\t\t\t\t\t\t\t\t\t\t\t\t\t<span class=\"elementor-share-btn__icon\">\r\n\t\t\t\t\t\t\t\t<i class=\"fab fa-linkedin\" aria-hidden=\"true\"><\/i>\t\t\t\t\t\t\t<\/span>\r\n\t\t\t\t\t\t\t\t\t\t\t\t\t\t\t\t\t\t\t\t<\/div>\r\n\t\t\t\t\t<\/div>\r\n\t\t\t\t\t\t\t\t\t<div class=\"elementor-grid-item\" role=\"listitem\">\r\n\t\t\t\t\t\t<div class=\"elementor-share-btn elementor-share-btn_twitter\" role=\"button\" tabindex=\"0\" aria-label=\"Share on twitter\">\r\n\t\t\t\t\t\t\t\t\t\t\t\t\t\t\t<span class=\"elementor-share-btn__icon\">\r\n\t\t\t\t\t\t\t\t<i class=\"fab fa-twitter\" aria-hidden=\"true\"><\/i>\t\t\t\t\t\t\t<\/span>\r\n\t\t\t\t\t\t\t\t\t\t\t\t\t\t\t\t\t\t\t\t<\/div>\r\n\t\t\t\t\t<\/div>\r\n\t\t\t\t\t\t\t\t\t<div class=\"elementor-grid-item\" role=\"listitem\">\r\n\t\t\t\t\t\t<div class=\"elementor-share-btn elementor-share-btn_email\" role=\"button\" tabindex=\"0\" aria-label=\"Share on email\">\r\n\t\t\t\t\t\t\t\t\t\t\t\t\t\t\t<span class=\"elementor-share-btn__icon\">\r\n\t\t\t\t\t\t\t\t<i class=\"fas fa-envelope\" aria-hidden=\"true\"><\/i>\t\t\t\t\t\t\t<\/span>\r\n\t\t\t\t\t\t\t\t\t\t\t\t\t\t\t\t\t\t\t\t<\/div>\r\n\t\t\t\t\t<\/div>\r\n\t\t\t\t\t\t<\/div>\r\n\t\t\t\t\t\t<\/div>\n\t\t\t\t<\/div>\n\t\t\t\t\t<\/div>\n\t\t<\/div>\n\t\t\t\t\t<\/div>\n\t\t<\/section>\n\t\t\t\t<section class=\"elementor-section elementor-inner-section elementor-element elementor-element-2a9cb6bb elementor-section-height-min-height elementor-section-boxed elementor-section-height-default\" data-id=\"2a9cb6bb\" data-element_type=\"section\" data-e-type=\"section\" data-settings=\"{&quot;background_background&quot;:&quot;classic&quot;}\">\n\t\t\t\t\t\t\t<div class=\"elementor-background-overlay\"><\/div>\n\t\t\t\t\t\t\t<div class=\"elementor-container elementor-column-gap-default\">\n\t\t\t\t\t<div class=\"elementor-column elementor-col-100 elementor-inner-column elementor-element elementor-element-6e669dbc\" data-id=\"6e669dbc\" data-element_type=\"column\" data-e-type=\"column\">\n\t\t\t<div class=\"elementor-widget-wrap elementor-element-populated\">\n\t\t\t\t\t\t<div class=\"elementor-element elementor-element-27ee3241 elementor-widget elementor-widget-heading\" data-id=\"27ee3241\" data-element_type=\"widget\" data-e-type=\"widget\" data-widget_type=\"heading.default\">\n\t\t\t\t<div class=\"elementor-widget-container\">\n\t\t\t\t\t<h2 class=\"elementor-heading-title elementor-size-default\">Recibe las noticias m\u00e1s relevantes del medio<\/h2>\t\t\t\t<\/div>\n\t\t\t\t<\/div>\n\t\t\t\t<div class=\"elementor-element elementor-element-2ae9fc54 elementor-widget elementor-widget-heading\" data-id=\"2ae9fc54\" data-element_type=\"widget\" data-e-type=\"widget\" data-widget_type=\"heading.default\">\n\t\t\t\t<div class=\"elementor-widget-container\">\n\t\t\t\t\t<h3 class=\"elementor-heading-title elementor-size-default\">en tu correo electr\u00f3nico<\/h3>\t\t\t\t<\/div>\n\t\t\t\t<\/div>\n\t\t\t\t<div class=\"elementor-element elementor-element-460d93d8 elementor-widget elementor-widget-spacer\" data-id=\"460d93d8\" data-element_type=\"widget\" data-e-type=\"widget\" data-widget_type=\"spacer.default\">\n\t\t\t\t<div class=\"elementor-widget-container\">\n\t\t\t\t\t\t\t<div class=\"elementor-spacer\">\n\t\t\t<div class=\"elementor-spacer-inner\"><\/div>\n\t\t<\/div>\n\t\t\t\t\t\t<\/div>\n\t\t\t\t<\/div>\n\t\t\t\t<div class=\"elementor-element elementor-element-729a2b91 elementor-button-align-stretch elementor-widget elementor-widget-form\" data-id=\"729a2b91\" data-element_type=\"widget\" data-e-type=\"widget\" data-settings=\"{&quot;button_width&quot;:&quot;25&quot;,&quot;step_next_label&quot;:&quot;Next&quot;,&quot;step_previous_label&quot;:&quot;Previous&quot;,&quot;step_type&quot;:&quot;number_text&quot;,&quot;step_icon_shape&quot;:&quot;circle&quot;}\" data-widget_type=\"form.default\">\n\t\t\t\t<div class=\"elementor-widget-container\">\n\t\t\t\t\t\t\t<form class=\"elementor-form\" method=\"post\" name=\"TLC News\" aria-label=\"TLC News\">\r\n\t\t\t<input type=\"hidden\" name=\"post_id\" value=\"11911\"\/>\r\n\t\t\t<input type=\"hidden\" name=\"form_id\" value=\"729a2b91\"\/>\r\n\t\t\t<input type=\"hidden\" name=\"referer_title\" value=\"Construyamos, junto con el Gobierno y la sociedad, un Plan Nacional de Desarrollo plural y diverso que marque un cambio en la historia de M\u00e9xico, Confederaci\u00f3n Nacional de Comercio\" \/>\r\n\r\n\t\t\t\t\t\t\t<input type=\"hidden\" name=\"queried_id\" value=\"11911\"\/>\r\n\t\t\t\r\n\t\t\t<div class=\"elementor-form-fields-wrapper elementor-labels-\">\r\n\t\t\t\t\t\t\t\t<div class=\"elementor-field-type-email elementor-field-group elementor-column elementor-field-group-email elementor-col-75 elementor-field-required\">\r\n\t\t\t\t\t\t\t\t\t\t\t\t<label for=\"form-field-email\" class=\"elementor-field-label elementor-screen-only\">\r\n\t\t\t\t\t\t\t\tEmail\t\t\t\t\t\t\t<\/label>\r\n\t\t\t\t\t\t\t\t\t\t\t\t\t\t<input size=\"1\" type=\"email\" name=\"form_fields[email]\" id=\"form-field-email\" class=\"elementor-field elementor-size-md  elementor-field-textual\" placeholder=\"Correo electr\u00f3nico\" required=\"required\">\r\n\t\t\t\t\t\t\t\t\t\t\t<\/div>\r\n\t\t\t\t\t\t\t\t<div class=\"elementor-field-group elementor-column elementor-field-type-submit elementor-col-25 e-form__buttons\">\r\n\t\t\t\t\t<button class=\"elementor-button elementor-size-md\" type=\"submit\">\r\n\t\t\t\t\t\t<span class=\"elementor-button-content-wrapper\">\r\n\t\t\t\t\t\t\t\t\t\t\t\t\t\t\t<span class=\"elementor-button-icon\">\r\n\t\t\t\t\t\t\t\t\t<i aria-hidden=\"true\" class=\"fas fa-arrow-right\"><\/i>\t\t\t\t\t\t\t\t\t\t\t\t\t\t\t\t\t<\/span>\r\n\t\t\t\t\t\t\t\t\t\t\t\t\t\t\t\t\t\t\t\t\t\t<span class=\"elementor-button-text\">Enviar<\/span>\r\n\t\t\t\t\t\t\t\t\t\t\t\t\t<\/span>\r\n\t\t\t\t\t<\/button>\r\n\t\t\t\t<\/div>\r\n\t\t\t<\/div>\r\n\t\t<\/form>\r\n\t\t\t\t\t\t<\/div>\n\t\t\t\t<\/div>\n\t\t\t\t\t<\/div>\n\t\t<\/div>\n\t\t\t\t\t<\/div>\n\t\t<\/section>\n\t\t\t\t<div class=\"elementor-element elementor-element-38e18a1 elementor-post-navigation-borders-yes elementor-widget elementor-widget-post-navigation\" data-id=\"38e18a1\" data-element_type=\"widget\" data-e-type=\"widget\" data-widget_type=\"post-navigation.default\">\n\t\t\t\t<div class=\"elementor-widget-container\">\n\t\t\t\t\t\t\t<div class=\"elementor-post-navigation\" role=\"navigation\" aria-label=\"Post Navigation\">\r\n\t\t\t<div class=\"elementor-post-navigation__prev elementor-post-navigation__link\">\r\n\t\t\t\t<a href=\"https:\/\/tlcmagazinemexico.com.mx\/index.php\/2025\/01\/08\/trump-sugiere-posibles-medidas-sobre-el-canal-de-panama-y-groenlandia\/\" rel=\"prev\"><span class=\"post-navigation__arrow-wrapper post-navigation__arrow-prev\"><i aria-hidden=\"true\" class=\"fas fa-arrow-left\"><\/i><span class=\"elementor-screen-only\">Prev<\/span><\/span><span class=\"elementor-post-navigation__link__prev\"><span class=\"post-navigation__prev--label\">Anterior<\/span><span class=\"post-navigation__prev--title\">Trump sugiere posibles medidas sobre el Canal de Panam\u00e1 y Groenlandia<\/span><\/span><\/a>\t\t\t<\/div>\r\n\t\t\t\t\t\t\t<div class=\"elementor-post-navigation__separator-wrapper\">\r\n\t\t\t\t\t<div class=\"elementor-post-navigation__separator\"><\/div>\r\n\t\t\t\t<\/div>\r\n\t\t\t\t\t\t<div class=\"elementor-post-navigation__next elementor-post-navigation__link\">\r\n\t\t\t\t<a href=\"https:\/\/tlcmagazinemexico.com.mx\/index.php\/2025\/01\/10\/la-provincia-canadiense-de-ontario-dice-que-mexico-tiene-que-decidir-entre-china-o-ee-uu\/\" rel=\"next\"><span class=\"elementor-post-navigation__link__next\"><span class=\"post-navigation__next--label\">siguiente<\/span><span class=\"post-navigation__next--title\">La provincia canadiense de Ontario dice que M\u00e9xico tiene que decidir entre China o EE.UU.<\/span><\/span><span class=\"post-navigation__arrow-wrapper post-navigation__arrow-next\"><i aria-hidden=\"true\" class=\"fas fa-arrow-right\"><\/i><span class=\"elementor-screen-only\">Next<\/span><\/span><\/a>\t\t\t<\/div>\r\n\t\t<\/div>\r\n\t\t\t\t\t\t<\/div>\n\t\t\t\t<\/div>\n\t\t\t\t\t<\/div>\n\t\t<\/div>\n\t\t\t\t<div class=\"elementor-column elementor-col-33 elementor-top-column elementor-element elementor-element-6e07dd0d\" data-id=\"6e07dd0d\" data-element_type=\"column\" data-e-type=\"column\">\n\t\t\t<div class=\"elementor-widget-wrap\">\n\t\t\t\t\t\t\t<\/div>\n\t\t<\/div>\n\t\t\t\t<div class=\"elementor-column elementor-col-33 elementor-top-column elementor-element elementor-element-4827152e\" data-id=\"4827152e\" data-element_type=\"column\" data-e-type=\"column\">\n\t\t\t<div class=\"elementor-widget-wrap elementor-element-populated\">\n\t\t\t\t\t\t<div class=\"elementor-element elementor-element-12e11f51 elementor-grid-1 elementor-posts--align-center elementor-posts__hover-none elementor-widget__width-inherit elementor-grid-tablet-2 elementor-grid-mobile-1 elementor-posts--thumbnail-top elementor-card-shadow-yes elementor-widget elementor-widget-posts\" data-id=\"12e11f51\" data-element_type=\"widget\" data-e-type=\"widget\" data-settings=\"{&quot;cards_columns&quot;:&quot;1&quot;,&quot;cards_row_gap&quot;:{&quot;unit&quot;:&quot;px&quot;,&quot;size&quot;:&quot;30&quot;,&quot;sizes&quot;:[]},&quot;cards_columns_tablet&quot;:&quot;2&quot;,&quot;cards_columns_mobile&quot;:&quot;1&quot;,&quot;cards_row_gap_tablet&quot;:{&quot;unit&quot;:&quot;px&quot;,&quot;size&quot;:&quot;&quot;,&quot;sizes&quot;:[]},&quot;cards_row_gap_mobile&quot;:{&quot;unit&quot;:&quot;px&quot;,&quot;size&quot;:&quot;&quot;,&quot;sizes&quot;:[]}}\" data-widget_type=\"posts.cards\">\n\t\t\t\t<div class=\"elementor-widget-container\">\n\t\t\t\t\t\t\t<div class=\"elementor-posts-container elementor-posts elementor-posts--skin-cards elementor-grid\" role=\"list\">\r\n\t\t\t\t<article class=\"elementor-post elementor-grid-item post-24478 post type-post status-publish format-standard has-post-thumbnail hentry category-tlc-news entry\" role=\"listitem\">\r\n\t\t\t<div class=\"elementor-post__card\">\r\n\t\t\t\t<a class=\"elementor-post__thumbnail__link\" href=\"https:\/\/tlcmagazinemexico.com.mx\/index.php\/2026\/07\/17\/una-nueva-ruta-maritima-amplia-la-conexion-entre-asia-america-latina-y-el-mediterraneo\/\" tabindex=\"-1\" ><div class=\"elementor-post__thumbnail\"><img decoding=\"async\" width=\"900\" height=\"600\" src=\"https:\/\/tlcmagazinemexico.com.mx\/wp-content\/uploads\/2026\/07\/42g-4-1.png\" class=\"attachment-full size-full wp-image-24479\" alt=\"\" srcset=\"https:\/\/tlcmagazinemexico.com.mx\/wp-content\/uploads\/2026\/07\/42g-4-1.png 900w, https:\/\/tlcmagazinemexico.com.mx\/wp-content\/uploads\/2026\/07\/42g-4-1-300x200.png 300w, https:\/\/tlcmagazinemexico.com.mx\/wp-content\/uploads\/2026\/07\/42g-4-1-768x512.png 768w\" sizes=\"(max-width: 34.9rem) calc(100vw - 2rem), (max-width: 53rem) calc(8 * (100vw \/ 12)), (min-width: 53rem) calc(6 * (100vw \/ 12)), 100vw\" \/><\/div><\/a>\r\n\t\t\t\t<div class=\"elementor-post__text\">\r\n\t\t\t\t<h1 class=\"elementor-post__title\">\r\n\t\t\t<a href=\"https:\/\/tlcmagazinemexico.com.mx\/index.php\/2026\/07\/17\/una-nueva-ruta-maritima-amplia-la-conexion-entre-asia-america-latina-y-el-mediterraneo\/\" >\r\n\t\t\t\tUna nueva ruta mar\u00edtima ampl\u00eda la conexi\u00f3n entre Asia, Am\u00e9rica Latina y el Mediterr\u00e1neo\t\t\t<\/a>\r\n\t\t<\/h1>\r\n\t\t\t\t<div class=\"elementor-post__excerpt\">\r\n\t\t\t<p>\u25b8 ZIM y MSC ponen en operaci\u00f3n el servicio ZCP-Amberjack, una nueva alternativa log\u00edstica que fortalece la conectividad regional mediante un servicio semanal.La Autoridad Portuaria<\/p>\n\t\t<\/div>\r\n\t\t\r\n\t\t<a class=\"elementor-post__read-more\" href=\"https:\/\/tlcmagazinemexico.com.mx\/index.php\/2026\/07\/17\/una-nueva-ruta-maritima-amplia-la-conexion-entre-asia-america-latina-y-el-mediterraneo\/\" aria-label=\"Read more about Una nueva ruta mar\u00edtima ampl\u00eda la conexi\u00f3n entre Asia, Am\u00e9rica Latina y el Mediterr\u00e1neo\" tabindex=\"-1\" >\r\n\t\t\tLeer m\u00e1s \u00bb\t\t<\/a>\r\n\r\n\t\t\t\t<\/div>\r\n\t\t\t\t\t<\/div>\r\n\t\t<\/article>\r\n\t\t\t\t<article class=\"elementor-post elementor-grid-item post-24472 post type-post status-publish format-standard has-post-thumbnail hentry category-tlc-news entry\" role=\"listitem\">\r\n\t\t\t<div class=\"elementor-post__card\">\r\n\t\t\t\t<a class=\"elementor-post__thumbnail__link\" href=\"https:\/\/tlcmagazinemexico.com.mx\/index.php\/2026\/07\/17\/el-auge-de-los-centros-de-datos-abre-una-nueva-oportunidad-para-el-comercio-exterior-en-mexico\/\" tabindex=\"-1\" ><div class=\"elementor-post__thumbnail\"><img decoding=\"async\" width=\"900\" height=\"600\" src=\"https:\/\/tlcmagazinemexico.com.mx\/wp-content\/uploads\/2026\/07\/42g-3-1.png\" class=\"attachment-full size-full wp-image-24473\" alt=\"\" srcset=\"https:\/\/tlcmagazinemexico.com.mx\/wp-content\/uploads\/2026\/07\/42g-3-1.png 900w, https:\/\/tlcmagazinemexico.com.mx\/wp-content\/uploads\/2026\/07\/42g-3-1-300x200.png 300w, https:\/\/tlcmagazinemexico.com.mx\/wp-content\/uploads\/2026\/07\/42g-3-1-768x512.png 768w\" sizes=\"(max-width: 34.9rem) calc(100vw - 2rem), (max-width: 53rem) calc(8 * (100vw \/ 12)), (min-width: 53rem) calc(6 * (100vw \/ 12)), 100vw\" \/><\/div><\/a>\r\n\t\t\t\t<div class=\"elementor-post__text\">\r\n\t\t\t\t<h1 class=\"elementor-post__title\">\r\n\t\t\t<a href=\"https:\/\/tlcmagazinemexico.com.mx\/index.php\/2026\/07\/17\/el-auge-de-los-centros-de-datos-abre-una-nueva-oportunidad-para-el-comercio-exterior-en-mexico\/\" >\r\n\t\t\t\tEl auge de los centros de datos abre una nueva oportunidad para el comercio exterior en M\u00e9xico\t\t\t<\/a>\r\n\t\t<\/h1>\r\n\t\t\t\t<div class=\"elementor-post__excerpt\">\r\n\t\t\t<p>\u25b8 Inversiones por 82,500 millones de d\u00f3lares impulsar\u00e1n la importaci\u00f3n de infraestructura tecnol\u00f3gica especializada durante los pr\u00f3ximos a\u00f1os. La expansi\u00f3n de la infraestructura digital en<\/p>\n\t\t<\/div>\r\n\t\t\r\n\t\t<a class=\"elementor-post__read-more\" href=\"https:\/\/tlcmagazinemexico.com.mx\/index.php\/2026\/07\/17\/el-auge-de-los-centros-de-datos-abre-una-nueva-oportunidad-para-el-comercio-exterior-en-mexico\/\" aria-label=\"Read more about El auge de los centros de datos abre una nueva oportunidad para el comercio exterior en M\u00e9xico\" tabindex=\"-1\" >\r\n\t\t\tLeer m\u00e1s \u00bb\t\t<\/a>\r\n\r\n\t\t\t\t<\/div>\r\n\t\t\t\t\t<\/div>\r\n\t\t<\/article>\r\n\t\t\t\t<article class=\"elementor-post elementor-grid-item post-24466 post type-post status-publish format-standard has-post-thumbnail hentry category-tlc-news entry\" role=\"listitem\">\r\n\t\t\t<div class=\"elementor-post__card\">\r\n\t\t\t\t<a class=\"elementor-post__thumbnail__link\" href=\"https:\/\/tlcmagazinemexico.com.mx\/index.php\/2026\/07\/17\/el-estandar-que-permite-a-las-aduanas-intercambiar-informacion-acaba-de-actualizarse\/\" tabindex=\"-1\" ><div class=\"elementor-post__thumbnail\"><img loading=\"lazy\" decoding=\"async\" width=\"900\" height=\"600\" src=\"https:\/\/tlcmagazinemexico.com.mx\/wp-content\/uploads\/2026\/07\/42g-2-2.png\" class=\"attachment-full size-full wp-image-24467\" alt=\"\" srcset=\"https:\/\/tlcmagazinemexico.com.mx\/wp-content\/uploads\/2026\/07\/42g-2-2.png 900w, https:\/\/tlcmagazinemexico.com.mx\/wp-content\/uploads\/2026\/07\/42g-2-2-300x200.png 300w, https:\/\/tlcmagazinemexico.com.mx\/wp-content\/uploads\/2026\/07\/42g-2-2-768x512.png 768w\" sizes=\"(max-width: 34.9rem) calc(100vw - 2rem), (max-width: 53rem) calc(8 * (100vw \/ 12)), (min-width: 53rem) calc(6 * (100vw \/ 12)), 100vw\" \/><\/div><\/a>\r\n\t\t\t\t<div class=\"elementor-post__text\">\r\n\t\t\t\t<h1 class=\"elementor-post__title\">\r\n\t\t\t<a href=\"https:\/\/tlcmagazinemexico.com.mx\/index.php\/2026\/07\/17\/el-estandar-que-permite-a-las-aduanas-intercambiar-informacion-acaba-de-actualizarse\/\" >\r\n\t\t\t\tEl est\u00e1ndar que permite a las aduanas intercambiar informaci\u00f3n acaba de actualizarse\t\t\t<\/a>\r\n\t\t<\/h1>\r\n\t\t\t\t<div class=\"elementor-post__excerpt\">\r\n\t\t\t<p>\u25b8 La OMA presenta la Versi\u00f3n 4.3.0 de su Modelo de Datos con nuevas capacidades para interoperabilidad digital, etiquetas JSON y reconocimiento mutuo de OEA.<\/p>\n\t\t<\/div>\r\n\t\t\r\n\t\t<a class=\"elementor-post__read-more\" href=\"https:\/\/tlcmagazinemexico.com.mx\/index.php\/2026\/07\/17\/el-estandar-que-permite-a-las-aduanas-intercambiar-informacion-acaba-de-actualizarse\/\" aria-label=\"Read more about El est\u00e1ndar que permite a las aduanas intercambiar informaci\u00f3n acaba de actualizarse\" tabindex=\"-1\" >\r\n\t\t\tLeer m\u00e1s \u00bb\t\t<\/a>\r\n\r\n\t\t\t\t<\/div>\r\n\t\t\t\t\t<\/div>\r\n\t\t<\/article>\r\n\t\t\t\t<article class=\"elementor-post elementor-grid-item post-24453 post type-post status-publish format-standard has-post-thumbnail hentry category-tlc-news entry\" role=\"listitem\">\r\n\t\t\t<div class=\"elementor-post__card\">\r\n\t\t\t\t<a class=\"elementor-post__thumbnail__link\" href=\"https:\/\/tlcmagazinemexico.com.mx\/index.php\/2026\/07\/17\/un-error-aduanero-puede-costar-millones-la-inteligencia-artificial-esta-cambiando-la-forma-de-detectarlos\/\" tabindex=\"-1\" ><div class=\"elementor-post__thumbnail\"><img loading=\"lazy\" decoding=\"async\" width=\"900\" height=\"600\" src=\"https:\/\/tlcmagazinemexico.com.mx\/wp-content\/uploads\/2026\/07\/42g-1-2.png\" class=\"attachment-full size-full wp-image-24461\" alt=\"\" srcset=\"https:\/\/tlcmagazinemexico.com.mx\/wp-content\/uploads\/2026\/07\/42g-1-2.png 900w, https:\/\/tlcmagazinemexico.com.mx\/wp-content\/uploads\/2026\/07\/42g-1-2-300x200.png 300w, https:\/\/tlcmagazinemexico.com.mx\/wp-content\/uploads\/2026\/07\/42g-1-2-768x512.png 768w\" sizes=\"(max-width: 34.9rem) calc(100vw - 2rem), (max-width: 53rem) calc(8 * (100vw \/ 12)), (min-width: 53rem) calc(6 * (100vw \/ 12)), 100vw\" \/><\/div><\/a>\r\n\t\t\t\t<div class=\"elementor-post__text\">\r\n\t\t\t\t<h1 class=\"elementor-post__title\">\r\n\t\t\t<a href=\"https:\/\/tlcmagazinemexico.com.mx\/index.php\/2026\/07\/17\/un-error-aduanero-puede-costar-millones-la-inteligencia-artificial-esta-cambiando-la-forma-de-detectarlos\/\" >\r\n\t\t\t\tUn error aduanero puede costar millones. La inteligencia artificial est\u00e1 cambiando la forma de detectarlos.\t\t\t<\/a>\r\n\t\t<\/h1>\r\n\t\t\t\t<div class=\"elementor-post__excerpt\">\r\n\t\t\t<p>\u25b8 Flexport impulsa auditor\u00edas automatizadas con IA mientras aumenta la fiscalizaci\u00f3n del cumplimiento aduanero en Estados Unidos. Los constantes cambios en la pol\u00edtica arancelaria de<\/p>\n\t\t<\/div>\r\n\t\t\r\n\t\t<a class=\"elementor-post__read-more\" href=\"https:\/\/tlcmagazinemexico.com.mx\/index.php\/2026\/07\/17\/un-error-aduanero-puede-costar-millones-la-inteligencia-artificial-esta-cambiando-la-forma-de-detectarlos\/\" aria-label=\"Read more about Un error aduanero puede costar millones. La inteligencia artificial est\u00e1 cambiando la forma de detectarlos.\" tabindex=\"-1\" >\r\n\t\t\tLeer m\u00e1s \u00bb\t\t<\/a>\r\n\r\n\t\t\t\t<\/div>\r\n\t\t\t\t\t<\/div>\r\n\t\t<\/article>\r\n\t\t\t\t<article class=\"elementor-post elementor-grid-item post-24413 post type-post status-publish format-standard has-post-thumbnail hentry category-people-of-trade category-tlc-news entry\" role=\"listitem\">\r\n\t\t\t<div class=\"elementor-post__card\">\r\n\t\t\t\t<a class=\"elementor-post__thumbnail__link\" href=\"https:\/\/tlcmagazinemexico.com.mx\/index.php\/2026\/07\/16\/los-hombres-que-mueven-el-mundo-lo-hicieron-esta-semana-bajo-40-grados\/\" tabindex=\"-1\" ><div class=\"elementor-post__thumbnail\"><img loading=\"lazy\" decoding=\"async\" width=\"900\" height=\"600\" src=\"https:\/\/tlcmagazinemexico.com.mx\/wp-content\/uploads\/2026\/07\/n4-3.png\" class=\"attachment-full size-full wp-image-24395\" alt=\"\" srcset=\"https:\/\/tlcmagazinemexico.com.mx\/wp-content\/uploads\/2026\/07\/n4-3.png 900w, https:\/\/tlcmagazinemexico.com.mx\/wp-content\/uploads\/2026\/07\/n4-3-300x200.png 300w, https:\/\/tlcmagazinemexico.com.mx\/wp-content\/uploads\/2026\/07\/n4-3-768x512.png 768w\" sizes=\"(max-width: 34.9rem) calc(100vw - 2rem), (max-width: 53rem) calc(8 * (100vw \/ 12)), (min-width: 53rem) calc(6 * (100vw \/ 12)), 100vw\" \/><\/div><\/a>\r\n\t\t\t\t<div class=\"elementor-post__text\">\r\n\t\t\t\t<h1 class=\"elementor-post__title\">\r\n\t\t\t<a href=\"https:\/\/tlcmagazinemexico.com.mx\/index.php\/2026\/07\/16\/los-hombres-que-mueven-el-mundo-lo-hicieron-esta-semana-bajo-40-grados\/\" >\r\n\t\t\t\tLos hombres que mueven el mundo lo hicieron esta semana bajo 40 grados\t\t\t<\/a>\r\n\t\t<\/h1>\r\n\t\t\t\t<div class=\"elementor-post__excerpt\">\r\n\t\t\t<p>\u2022 Operadores de gr\u00faa y trabajadores portuarios en Rotterdam, Amberes y Hamburgo enfrentaron una ola de calor extrema que ralentiz\u00f3 operaciones, recalent\u00f3 equipos y agrav\u00f3<\/p>\n\t\t<\/div>\r\n\t\t\r\n\t\t<a class=\"elementor-post__read-more\" href=\"https:\/\/tlcmagazinemexico.com.mx\/index.php\/2026\/07\/16\/los-hombres-que-mueven-el-mundo-lo-hicieron-esta-semana-bajo-40-grados\/\" aria-label=\"Read more about Los hombres que mueven el mundo lo hicieron esta semana bajo 40 grados\" tabindex=\"-1\" >\r\n\t\t\tLeer m\u00e1s \u00bb\t\t<\/a>\r\n\r\n\t\t\t\t<\/div>\r\n\t\t\t\t\t<\/div>\r\n\t\t<\/article>\r\n\t\t\t\t<article class=\"elementor-post elementor-grid-item post-24408 post type-post status-publish format-standard has-post-thumbnail hentry category-datos-curiosos category-tlc-news entry\" role=\"listitem\">\r\n\t\t\t<div class=\"elementor-post__card\">\r\n\t\t\t\t<a class=\"elementor-post__thumbnail__link\" href=\"https:\/\/tlcmagazinemexico.com.mx\/index.php\/2026\/07\/16\/china-rompe-record-de-comercio-exterior-en-el-primer-semestre-de-2026\/\" tabindex=\"-1\" ><div class=\"elementor-post__thumbnail\"><img loading=\"lazy\" decoding=\"async\" width=\"900\" height=\"600\" src=\"https:\/\/tlcmagazinemexico.com.mx\/wp-content\/uploads\/2026\/07\/n3-3.png\" class=\"attachment-full size-full wp-image-24396\" alt=\"\" srcset=\"https:\/\/tlcmagazinemexico.com.mx\/wp-content\/uploads\/2026\/07\/n3-3.png 900w, https:\/\/tlcmagazinemexico.com.mx\/wp-content\/uploads\/2026\/07\/n3-3-300x200.png 300w, https:\/\/tlcmagazinemexico.com.mx\/wp-content\/uploads\/2026\/07\/n3-3-768x512.png 768w\" sizes=\"(max-width: 34.9rem) calc(100vw - 2rem), (max-width: 53rem) calc(8 * (100vw \/ 12)), (min-width: 53rem) calc(6 * (100vw \/ 12)), 100vw\" \/><\/div><\/a>\r\n\t\t\t\t<div class=\"elementor-post__text\">\r\n\t\t\t\t<h1 class=\"elementor-post__title\">\r\n\t\t\t<a href=\"https:\/\/tlcmagazinemexico.com.mx\/index.php\/2026\/07\/16\/china-rompe-record-de-comercio-exterior-en-el-primer-semestre-de-2026\/\" >\r\n\t\t\t\tChina rompe r\u00e9cord de comercio exterior en el primer semestre de 2026\t\t\t<\/a>\r\n\t\t<\/h1>\r\n\t\t\t\t<div class=\"elementor-post__excerpt\">\r\n\t\t\t<p>\u2022 El pa\u00eds super\u00f3 por primera vez los 25 billones de yuanes en comercio exterior durante un periodo enero-junio, impulsado por exportaciones tecnol\u00f3gicas, mayor demanda<\/p>\n\t\t<\/div>\r\n\t\t\r\n\t\t<a class=\"elementor-post__read-more\" href=\"https:\/\/tlcmagazinemexico.com.mx\/index.php\/2026\/07\/16\/china-rompe-record-de-comercio-exterior-en-el-primer-semestre-de-2026\/\" aria-label=\"Read more about China rompe r\u00e9cord de comercio exterior en el primer semestre de 2026\" tabindex=\"-1\" >\r\n\t\t\tLeer m\u00e1s \u00bb\t\t<\/a>\r\n\r\n\t\t\t\t<\/div>\r\n\t\t\t\t\t<\/div>\r\n\t\t<\/article>\r\n\t\t\t\t<\/div>\r\n\t\t\r\n\t\t\t\t\t\t<\/div>\n\t\t\t\t<\/div>\n\t\t\t\t\t<\/div>\n\t\t<\/div>\n\t\t\t\t\t<\/div>\n\t\t<\/section>\n\t\t\t\t<\/div>\n\t\t","protected":false},"excerpt":{"rendered":"<p>\u201cTenemos muy claro que nuestra participaci\u00f3n como Confederaci\u00f3n es fundamental en la integraci\u00f3n del Plan Nacional de Desarrollo, de acuerdo con una encuesta que levantamos en 2024, el 76.8% de los encuestados se\u00f1al\u00f3 que existe la presencia del crimen organizado en sus cadenas de valor.\u201d De la Torre. La participaci\u00f3n de la Confederaci\u00f3n en este &hellip; <\/p>\n<p class=\"link-more\"><a href=\"https:\/\/tlcmagazinemexico.com.mx\/index.php\/2026\/07\/16\/china-rompe-record-de-comercio-exterior-en-el-primer-semestre-de-2026\/\" class=\"more-link\">Continue reading<span class=\"screen-reader-text\"> &#8220;China rompe r\u00e9cord de comercio exterior en el primer semestre de 2026&#8221;<\/span><\/a><\/p>\n","protected":false},"author":3,"featured_media":11912,"comment_status":"open","ping_status":"open","sticky":false,"template":"elementor_header_footer","format":"standard","meta":{"_monsterinsights_skip_tracking":false,"footnotes":""},"categories":[5],"tags":[],"class_list":["post-11911","post","type-post","status-publish","format-standard","has-post-thumbnail","hentry","category-tlc-news","entry"],"views":1137,"_links":{"self":[{"href":"https:\/\/tlcmagazinemexico.com.mx\/index.php\/wp-json\/wp\/v2\/posts\/11911","targetHints":{"allow":["GET"]}}],"collection":[{"href":"https:\/\/tlcmagazinemexico.com.mx\/index.php\/wp-json\/wp\/v2\/posts"}],"about":[{"href":"https:\/\/tlcmagazinemexico.com.mx\/index.php\/wp-json\/wp\/v2\/types\/post"}],"author":[{"embeddable":true,"href":"https:\/\/tlcmagazinemexico.com.mx\/index.php\/wp-json\/wp\/v2\/users\/3"}],"replies":[{"embeddable":true,"href":"https:\/\/tlcmagazinemexico.com.mx\/index.php\/wp-json\/wp\/v2\/comments?post=11911"}],"version-history":[{"count":0,"href":"https:\/\/tlcmagazinemexico.com.mx\/index.php\/wp-json\/wp\/v2\/posts\/11911\/revisions"}],"wp:featuredmedia":[{"embeddable":true,"href":"https:\/\/tlcmagazinemexico.com.mx\/index.php\/wp-json\/wp\/v2\/media\/11912"}],"wp:attachment":[{"href":"https:\/\/tlcmagazinemexico.com.mx\/index.php\/wp-json\/wp\/v2\/media?parent=11911"}],"wp:term":[{"taxonomy":"category","embeddable":true,"href":"https:\/\/tlcmagazinemexico.com.mx\/index.php\/wp-json\/wp\/v2\/categories?post=11911"},{"taxonomy":"post_tag","embeddable":true,"href":"https:\/\/tlcmagazinemexico.com.mx\/index.php\/wp-json\/wp\/v2\/tags?post=11911"}],"curies":[{"name":"wp","href":"https:\/\/api.w.org\/{rel}","templated":true}]}}