{"id":11904,"date":"2025-01-08T17:50:36","date_gmt":"2025-01-08T17:50:36","guid":{"rendered":"https:\/\/tlcmagazinemexico.com.mx\/?p=11904"},"modified":"2025-01-08T19:06:14","modified_gmt":"2025-01-08T19:06:14","slug":"trump-sugiere-posibles-medidas-sobre-el-canal-de-panama-y-groenlandia","status":"publish","type":"post","link":"https:\/\/tlcmagazinemexico.com.mx\/index.php\/2025\/01\/08\/trump-sugiere-posibles-medidas-sobre-el-canal-de-panama-y-groenlandia\/","title":{"rendered":"Trump sugiere posibles medidas sobre el Canal de Panam\u00e1 y Groenlandia"},"content":{"rendered":"\t\t<div data-elementor-type=\"wp-post\" data-elementor-id=\"11904\" class=\"elementor elementor-11904\" data-elementor-post-type=\"post\">\n\t\t\t\t\t\t<section class=\"elementor-section elementor-top-section elementor-element elementor-element-5eec1321 elementor-section-boxed elementor-section-height-default elementor-section-height-default\" data-id=\"5eec1321\" data-element_type=\"section\" data-e-type=\"section\">\n\t\t\t\t\t\t<div class=\"elementor-container elementor-column-gap-default\">\n\t\t\t\t\t<div class=\"elementor-column elementor-col-33 elementor-top-column elementor-element elementor-element-25214020\" data-id=\"25214020\" data-element_type=\"column\" data-e-type=\"column\">\n\t\t\t<div class=\"elementor-widget-wrap elementor-element-populated\">\n\t\t\t\t\t\t<div class=\"elementor-element elementor-element-416692f elementor-widget elementor-widget-theme-post-featured-image elementor-widget-image\" data-id=\"416692f\" data-element_type=\"widget\" data-e-type=\"widget\" data-widget_type=\"theme-post-featured-image.default\">\n\t\t\t\t<div class=\"elementor-widget-container\">\n\t\t\t\t\t\t\t\t\t\t\t\t\t\t\t<img fetchpriority=\"high\" decoding=\"async\" width=\"640\" height=\"427\" src=\"https:\/\/tlcmagazinemexico.com.mx\/wp-content\/uploads\/2025\/01\/18g-7.png\" class=\"attachment-large size-large wp-image-11906\" alt=\"\" srcset=\"https:\/\/tlcmagazinemexico.com.mx\/wp-content\/uploads\/2025\/01\/18g-7.png 900w, https:\/\/tlcmagazinemexico.com.mx\/wp-content\/uploads\/2025\/01\/18g-7-300x200.png 300w, https:\/\/tlcmagazinemexico.com.mx\/wp-content\/uploads\/2025\/01\/18g-7-768x512.png 768w\" sizes=\"(max-width: 34.9rem) calc(100vw - 2rem), (max-width: 53rem) calc(8 * (100vw \/ 12)), (min-width: 53rem) calc(6 * (100vw \/ 12)), 100vw\" \/>\t\t\t\t\t\t\t\t\t\t\t\t\t\t\t<\/div>\n\t\t\t\t<\/div>\n\t\t\t\t<div class=\"elementor-element elementor-element-6fecb462 elementor-widget elementor-widget-spacer\" data-id=\"6fecb462\" data-element_type=\"widget\" data-e-type=\"widget\" data-widget_type=\"spacer.default\">\n\t\t\t\t<div class=\"elementor-widget-container\">\n\t\t\t\t\t\t\t<div class=\"elementor-spacer\">\n\t\t\t<div class=\"elementor-spacer-inner\"><\/div>\n\t\t<\/div>\n\t\t\t\t\t\t<\/div>\n\t\t\t\t<\/div>\n\t\t\t\t<div class=\"elementor-element elementor-element-1368e8a9 elementor-widget elementor-widget-theme-post-title elementor-page-title elementor-widget-heading\" data-id=\"1368e8a9\" data-element_type=\"widget\" data-e-type=\"widget\" data-widget_type=\"theme-post-title.default\">\n\t\t\t\t<div class=\"elementor-widget-container\">\n\t\t\t\t\t<h1 class=\"elementor-heading-title elementor-size-default\">Trump sugiere posibles medidas sobre el Canal de Panam\u00e1 y Groenlandia<\/h1>\t\t\t\t<\/div>\n\t\t\t\t<\/div>\n\t\t\t\t<div class=\"elementor-element elementor-element-1dc48e1e elementor-widget elementor-widget-text-editor\" data-id=\"1dc48e1e\" data-element_type=\"widget\" data-e-type=\"widget\" data-widget_type=\"text-editor.default\">\n\t\t\t\t<div class=\"elementor-widget-container\">\n\t\t\t\t\t\t\t\t\t<p>El presidente electo Donald Trump dej\u00f3 abierta la posibilidad de emplear t\u00e1cticas militares o econ\u00f3micas para que Estados Unidos obtenga control sobre el Canal de Panam\u00e1 y Groenlandia. Ante estas declaraciones, el gobierno paname\u00f1o reafirm\u00f3 que la soberan\u00eda del canal no es negociable, mientras Dinamarca expres\u00f3 su desacuerdo. En una conferencia de prensa en su club privado en Florida, Trump fue cuestionado sobre si pod\u00eda descartar el uso de coerci\u00f3n militar o econ\u00f3mica para abordar estos temas. Su respuesta fue clara: &#8220;No puedo asegurarlo. Estamos hablando de Panam\u00e1 y Groenlandia, y son necesarios para nuestra seguridad econ\u00f3mica&#8221;.<\/p><p><br><\/p>\n<p>El canciller de Panam\u00e1, Javier Mart\u00ednez-Acha, reiter\u00f3 la postura de su pa\u00eds: &#8220;La soberan\u00eda del canal es una conquista irreversible y las \u00fanicas manos que lo controlan son paname\u00f1as&#8221;. Este rechazo se suma al del presidente Jos\u00e9 Ra\u00fal Mulino, quien ya hab\u00eda descartado cualquier devoluci\u00f3n del canal a Estados Unidos, propietario del mismo hasta 1999. Por su parte, Dinamarca defendi\u00f3 la autonom\u00eda de Groenlandia, una regi\u00f3n que forma parte de su reino. La primera ministra, Mette Frederiksen, enfatiz\u00f3: &#8220;No creo que la confrontaci\u00f3n econ\u00f3mica entre aliados sea el camino correcto&#8221;.<\/p><p><br><\/p>\n<p>Trump tambi\u00e9n critic\u00f3 al presidente saliente, Joe Biden, por supuestamente dificultar la transici\u00f3n al implementar restricciones en la perforaci\u00f3n energ\u00e9tica en aguas federales. Esta medida, destinada a proteger millones de hect\u00e1reas de posibles arrendamientos para petr\u00f3leo y gas, fue calificada por Trump como un obst\u00e1culo a sus planes. &#8220;Voy a revertirlo el primer d\u00eda&#8221;, declar\u00f3, dejando abierta la posibilidad de recurrir a los tribunales. Aunque la administraci\u00f3n de Biden ha sido colaborativa seg\u00fan Susie Wiles, jefa de despacho entrante, Trump calific\u00f3 la transici\u00f3n como &#8220;poco fluida&#8221;.<\/p><p><br><\/p>\n<p>En otro orden de ideas, Trump expres\u00f3 su intenci\u00f3n de cambiar el nombre del Golfo de M\u00e9xico a \u201cGolfo de Estados Unidos\u201d, una propuesta que recuerda su intento previo de revertir el nombre de Denali a Monte McKinley. Estas acciones, seg\u00fan \u00e9l, buscan reflejar valores nacionales. Finalmente, Trump critic\u00f3 las investigaciones del fiscal especial Jack Smith, relacionadas con los eventos del 6 de enero de 2021 y documentos clasificados. Con su victoria en noviembre, los casos penales fueron desestimados, y el Departamento de Justicia publicar\u00e1 pr\u00f3ximamente un informe sobre el asunto. El evento de certificaci\u00f3n de su victoria, celebrado el 6 de enero de 2025, transcurri\u00f3 bajo estrictas medidas de seguridad, marcando un contraste con los disturbios del Capitolio en 2021.<\/p><p><br><\/p>\n<p style=\"line-height: var(--wp--typography--line-height, var(--global--line-height-body));\">FUENTE: STAFF<\/p>\n<p><!-- \/wp:paragraph --><\/p>\t\t\t\t\t\t\t\t<\/div>\n\t\t\t\t<\/div>\n\t\t\t\t<section class=\"elementor-section elementor-inner-section elementor-element elementor-element-703ef706 elementor-section-boxed elementor-section-height-default elementor-section-height-default\" data-id=\"703ef706\" data-element_type=\"section\" data-e-type=\"section\">\n\t\t\t\t\t\t<div class=\"elementor-container elementor-column-gap-default\">\n\t\t\t\t\t<div class=\"elementor-column elementor-col-50 elementor-inner-column elementor-element elementor-element-33a4ee54\" data-id=\"33a4ee54\" data-element_type=\"column\" data-e-type=\"column\">\n\t\t\t<div class=\"elementor-widget-wrap elementor-element-populated\">\n\t\t\t\t\t\t<div class=\"elementor-element elementor-element-3010c560 elementor-widget elementor-widget-heading\" data-id=\"3010c560\" data-element_type=\"widget\" data-e-type=\"widget\" data-widget_type=\"heading.default\">\n\t\t\t\t<div class=\"elementor-widget-container\">\n\t\t\t\t\t<h2 class=\"elementor-heading-title elementor-size-default\">Compartir <\/h2>\t\t\t\t<\/div>\n\t\t\t\t<\/div>\n\t\t\t\t\t<\/div>\n\t\t<\/div>\n\t\t\t\t<div class=\"elementor-column elementor-col-50 elementor-inner-column elementor-element elementor-element-510370a6\" data-id=\"510370a6\" data-element_type=\"column\" data-e-type=\"column\">\n\t\t\t<div class=\"elementor-widget-wrap elementor-element-populated\">\n\t\t\t\t\t\t<div class=\"elementor-element elementor-element-7a273398 elementor-share-buttons--view-icon elementor-share-buttons--skin-flat elementor-share-buttons--color-custom elementor-share-buttons--shape-square elementor-grid-0 elementor-widget elementor-widget-share-buttons\" data-id=\"7a273398\" data-element_type=\"widget\" data-e-type=\"widget\" data-widget_type=\"share-buttons.default\">\n\t\t\t\t<div class=\"elementor-widget-container\">\n\t\t\t\t\t\t\t<div class=\"elementor-grid\" role=\"list\">\r\n\t\t\t\t\t\t\t\t<div class=\"elementor-grid-item\" role=\"listitem\">\r\n\t\t\t\t\t\t<div class=\"elementor-share-btn elementor-share-btn_facebook\" role=\"button\" tabindex=\"0\" aria-label=\"Share on facebook\">\r\n\t\t\t\t\t\t\t\t\t\t\t\t\t\t\t<span class=\"elementor-share-btn__icon\">\r\n\t\t\t\t\t\t\t\t<i class=\"fab fa-facebook\" aria-hidden=\"true\"><\/i>\t\t\t\t\t\t\t<\/span>\r\n\t\t\t\t\t\t\t\t\t\t\t\t\t\t\t\t\t\t\t\t<\/div>\r\n\t\t\t\t\t<\/div>\r\n\t\t\t\t\t\t\t\t\t<div class=\"elementor-grid-item\" role=\"listitem\">\r\n\t\t\t\t\t\t<div class=\"elementor-share-btn elementor-share-btn_linkedin\" role=\"button\" tabindex=\"0\" aria-label=\"Share on linkedin\">\r\n\t\t\t\t\t\t\t\t\t\t\t\t\t\t\t<span class=\"elementor-share-btn__icon\">\r\n\t\t\t\t\t\t\t\t<i class=\"fab fa-linkedin\" aria-hidden=\"true\"><\/i>\t\t\t\t\t\t\t<\/span>\r\n\t\t\t\t\t\t\t\t\t\t\t\t\t\t\t\t\t\t\t\t<\/div>\r\n\t\t\t\t\t<\/div>\r\n\t\t\t\t\t\t\t\t\t<div class=\"elementor-grid-item\" role=\"listitem\">\r\n\t\t\t\t\t\t<div class=\"elementor-share-btn elementor-share-btn_twitter\" role=\"button\" tabindex=\"0\" aria-label=\"Share on twitter\">\r\n\t\t\t\t\t\t\t\t\t\t\t\t\t\t\t<span class=\"elementor-share-btn__icon\">\r\n\t\t\t\t\t\t\t\t<i class=\"fab fa-twitter\" aria-hidden=\"true\"><\/i>\t\t\t\t\t\t\t<\/span>\r\n\t\t\t\t\t\t\t\t\t\t\t\t\t\t\t\t\t\t\t\t<\/div>\r\n\t\t\t\t\t<\/div>\r\n\t\t\t\t\t\t\t\t\t<div class=\"elementor-grid-item\" role=\"listitem\">\r\n\t\t\t\t\t\t<div class=\"elementor-share-btn elementor-share-btn_email\" role=\"button\" tabindex=\"0\" aria-label=\"Share on email\">\r\n\t\t\t\t\t\t\t\t\t\t\t\t\t\t\t<span class=\"elementor-share-btn__icon\">\r\n\t\t\t\t\t\t\t\t<i class=\"fas fa-envelope\" aria-hidden=\"true\"><\/i>\t\t\t\t\t\t\t<\/span>\r\n\t\t\t\t\t\t\t\t\t\t\t\t\t\t\t\t\t\t\t\t<\/div>\r\n\t\t\t\t\t<\/div>\r\n\t\t\t\t\t\t<\/div>\r\n\t\t\t\t\t\t<\/div>\n\t\t\t\t<\/div>\n\t\t\t\t\t<\/div>\n\t\t<\/div>\n\t\t\t\t\t<\/div>\n\t\t<\/section>\n\t\t\t\t<section class=\"elementor-section elementor-inner-section elementor-element elementor-element-1b6febb6 elementor-section-height-min-height elementor-section-boxed elementor-section-height-default\" data-id=\"1b6febb6\" data-element_type=\"section\" data-e-type=\"section\" data-settings=\"{&quot;background_background&quot;:&quot;classic&quot;}\">\n\t\t\t\t\t\t\t<div class=\"elementor-background-overlay\"><\/div>\n\t\t\t\t\t\t\t<div class=\"elementor-container elementor-column-gap-default\">\n\t\t\t\t\t<div class=\"elementor-column elementor-col-100 elementor-inner-column elementor-element elementor-element-273124a1\" data-id=\"273124a1\" data-element_type=\"column\" data-e-type=\"column\">\n\t\t\t<div class=\"elementor-widget-wrap elementor-element-populated\">\n\t\t\t\t\t\t<div class=\"elementor-element elementor-element-13bdf98e elementor-widget elementor-widget-heading\" data-id=\"13bdf98e\" data-element_type=\"widget\" data-e-type=\"widget\" data-widget_type=\"heading.default\">\n\t\t\t\t<div class=\"elementor-widget-container\">\n\t\t\t\t\t<h2 class=\"elementor-heading-title elementor-size-default\">Recibe las noticias m\u00e1s relevantes del medio<\/h2>\t\t\t\t<\/div>\n\t\t\t\t<\/div>\n\t\t\t\t<div class=\"elementor-element elementor-element-1214c93f elementor-widget elementor-widget-heading\" data-id=\"1214c93f\" data-element_type=\"widget\" data-e-type=\"widget\" data-widget_type=\"heading.default\">\n\t\t\t\t<div class=\"elementor-widget-container\">\n\t\t\t\t\t<h3 class=\"elementor-heading-title elementor-size-default\">en tu correo electr\u00f3nico<\/h3>\t\t\t\t<\/div>\n\t\t\t\t<\/div>\n\t\t\t\t<div class=\"elementor-element elementor-element-5dc7e3bc elementor-widget elementor-widget-spacer\" data-id=\"5dc7e3bc\" data-element_type=\"widget\" data-e-type=\"widget\" data-widget_type=\"spacer.default\">\n\t\t\t\t<div class=\"elementor-widget-container\">\n\t\t\t\t\t\t\t<div class=\"elementor-spacer\">\n\t\t\t<div class=\"elementor-spacer-inner\"><\/div>\n\t\t<\/div>\n\t\t\t\t\t\t<\/div>\n\t\t\t\t<\/div>\n\t\t\t\t<div class=\"elementor-element elementor-element-74c0e965 elementor-button-align-stretch elementor-widget elementor-widget-form\" data-id=\"74c0e965\" data-element_type=\"widget\" data-e-type=\"widget\" data-settings=\"{&quot;button_width&quot;:&quot;25&quot;,&quot;step_next_label&quot;:&quot;Next&quot;,&quot;step_previous_label&quot;:&quot;Previous&quot;,&quot;step_type&quot;:&quot;number_text&quot;,&quot;step_icon_shape&quot;:&quot;circle&quot;}\" data-widget_type=\"form.default\">\n\t\t\t\t<div class=\"elementor-widget-container\">\n\t\t\t\t\t\t\t<form class=\"elementor-form\" method=\"post\" name=\"TLC News\" aria-label=\"TLC News\">\r\n\t\t\t<input type=\"hidden\" name=\"post_id\" value=\"11904\"\/>\r\n\t\t\t<input type=\"hidden\" name=\"form_id\" value=\"74c0e965\"\/>\r\n\t\t\t<input type=\"hidden\" name=\"referer_title\" value=\"Trump sugiere posibles medidas sobre el Canal de Panam\u00e1 y Groenlandia\" \/>\r\n\r\n\t\t\t\t\t\t\t<input type=\"hidden\" name=\"queried_id\" value=\"11904\"\/>\r\n\t\t\t\r\n\t\t\t<div class=\"elementor-form-fields-wrapper elementor-labels-\">\r\n\t\t\t\t\t\t\t\t<div class=\"elementor-field-type-email elementor-field-group elementor-column elementor-field-group-email elementor-col-75 elementor-field-required\">\r\n\t\t\t\t\t\t\t\t\t\t\t\t<label for=\"form-field-email\" class=\"elementor-field-label elementor-screen-only\">\r\n\t\t\t\t\t\t\t\tEmail\t\t\t\t\t\t\t<\/label>\r\n\t\t\t\t\t\t\t\t\t\t\t\t\t\t<input size=\"1\" type=\"email\" name=\"form_fields[email]\" id=\"form-field-email\" class=\"elementor-field elementor-size-md  elementor-field-textual\" placeholder=\"Correo electr\u00f3nico\" required=\"required\">\r\n\t\t\t\t\t\t\t\t\t\t\t<\/div>\r\n\t\t\t\t\t\t\t\t<div class=\"elementor-field-group elementor-column elementor-field-type-submit elementor-col-25 e-form__buttons\">\r\n\t\t\t\t\t<button class=\"elementor-button elementor-size-md\" type=\"submit\">\r\n\t\t\t\t\t\t<span class=\"elementor-button-content-wrapper\">\r\n\t\t\t\t\t\t\t\t\t\t\t\t\t\t\t<span class=\"elementor-button-icon\">\r\n\t\t\t\t\t\t\t\t\t<i aria-hidden=\"true\" class=\"fas fa-arrow-right\"><\/i>\t\t\t\t\t\t\t\t\t\t\t\t\t\t\t\t\t<\/span>\r\n\t\t\t\t\t\t\t\t\t\t\t\t\t\t\t\t\t\t\t\t\t\t<span class=\"elementor-button-text\">Enviar<\/span>\r\n\t\t\t\t\t\t\t\t\t\t\t\t\t<\/span>\r\n\t\t\t\t\t<\/button>\r\n\t\t\t\t<\/div>\r\n\t\t\t<\/div>\r\n\t\t<\/form>\r\n\t\t\t\t\t\t<\/div>\n\t\t\t\t<\/div>\n\t\t\t\t\t<\/div>\n\t\t<\/div>\n\t\t\t\t\t<\/div>\n\t\t<\/section>\n\t\t\t\t<div class=\"elementor-element elementor-element-3969780e elementor-post-navigation-borders-yes elementor-widget elementor-widget-post-navigation\" data-id=\"3969780e\" data-element_type=\"widget\" data-e-type=\"widget\" data-widget_type=\"post-navigation.default\">\n\t\t\t\t<div class=\"elementor-widget-container\">\n\t\t\t\t\t\t\t<div class=\"elementor-post-navigation\" role=\"navigation\" aria-label=\"Post Navigation\">\r\n\t\t\t<div class=\"elementor-post-navigation__prev elementor-post-navigation__link\">\r\n\t\t\t\t<a href=\"https:\/\/tlcmagazinemexico.com.mx\/index.php\/2025\/01\/08\/mexico-actuara-con-cabeza-fria-ante-aumento-de-aranceles-en-ee-uu\/\" rel=\"prev\"><span class=\"post-navigation__arrow-wrapper post-navigation__arrow-prev\"><i aria-hidden=\"true\" class=\"fas fa-arrow-left\"><\/i><span class=\"elementor-screen-only\">Prev<\/span><\/span><span class=\"elementor-post-navigation__link__prev\"><span class=\"post-navigation__prev--label\">Anterior<\/span><span class=\"post-navigation__prev--title\">M\u00e9xico actuar\u00e1 con &#8220;cabeza fr\u00eda&#8221; ante aumento de aranceles en EE.UU.<\/span><\/span><\/a>\t\t\t<\/div>\r\n\t\t\t\t\t\t\t<div class=\"elementor-post-navigation__separator-wrapper\">\r\n\t\t\t\t\t<div class=\"elementor-post-navigation__separator\"><\/div>\r\n\t\t\t\t<\/div>\r\n\t\t\t\t\t\t<div class=\"elementor-post-navigation__next elementor-post-navigation__link\">\r\n\t\t\t\t<a href=\"https:\/\/tlcmagazinemexico.com.mx\/index.php\/2025\/01\/08\/construyamos-junto-con-el-gobierno-y-la-sociedad-un-plan-nacional-de-desarrollo-plural-y-diverso-que-marque-un-cambio-en-la-historia-de-mexico-confederacion-nacional-de-comercio\/\" rel=\"next\"><span class=\"elementor-post-navigation__link__next\"><span class=\"post-navigation__next--label\">siguiente<\/span><span class=\"post-navigation__next--title\">Construyamos, junto con el Gobierno y la sociedad, un Plan Nacional de Desarrollo plural y diverso que marque un cambio en la historia de M\u00e9xico, Confederaci\u00f3n Nacional de Comercio<\/span><\/span><span class=\"post-navigation__arrow-wrapper post-navigation__arrow-next\"><i aria-hidden=\"true\" class=\"fas fa-arrow-right\"><\/i><span class=\"elementor-screen-only\">Next<\/span><\/span><\/a>\t\t\t<\/div>\r\n\t\t<\/div>\r\n\t\t\t\t\t\t<\/div>\n\t\t\t\t<\/div>\n\t\t\t\t\t<\/div>\n\t\t<\/div>\n\t\t\t\t<div class=\"elementor-column elementor-col-33 elementor-top-column elementor-element elementor-element-26ad2618\" data-id=\"26ad2618\" data-element_type=\"column\" data-e-type=\"column\">\n\t\t\t<div class=\"elementor-widget-wrap\">\n\t\t\t\t\t\t\t<\/div>\n\t\t<\/div>\n\t\t\t\t<div class=\"elementor-column elementor-col-33 elementor-top-column elementor-element elementor-element-1a28d3de\" data-id=\"1a28d3de\" data-element_type=\"column\" data-e-type=\"column\">\n\t\t\t<div class=\"elementor-widget-wrap elementor-element-populated\">\n\t\t\t\t\t\t<div class=\"elementor-element elementor-element-487aa86a elementor-grid-1 elementor-posts--align-center elementor-posts__hover-none elementor-widget__width-inherit elementor-grid-tablet-2 elementor-grid-mobile-1 elementor-posts--thumbnail-top elementor-card-shadow-yes elementor-widget elementor-widget-posts\" data-id=\"487aa86a\" data-element_type=\"widget\" data-e-type=\"widget\" data-settings=\"{&quot;cards_columns&quot;:&quot;1&quot;,&quot;cards_row_gap&quot;:{&quot;unit&quot;:&quot;px&quot;,&quot;size&quot;:&quot;30&quot;,&quot;sizes&quot;:[]},&quot;cards_columns_tablet&quot;:&quot;2&quot;,&quot;cards_columns_mobile&quot;:&quot;1&quot;,&quot;cards_row_gap_tablet&quot;:{&quot;unit&quot;:&quot;px&quot;,&quot;size&quot;:&quot;&quot;,&quot;sizes&quot;:[]},&quot;cards_row_gap_mobile&quot;:{&quot;unit&quot;:&quot;px&quot;,&quot;size&quot;:&quot;&quot;,&quot;sizes&quot;:[]}}\" data-widget_type=\"posts.cards\">\n\t\t\t\t<div class=\"elementor-widget-container\">\n\t\t\t\t\t\t\t<div class=\"elementor-posts-container elementor-posts elementor-posts--skin-cards elementor-grid\" role=\"list\">\r\n\t\t\t\t<article class=\"elementor-post elementor-grid-item post-24478 post type-post status-publish format-standard has-post-thumbnail hentry category-tlc-news entry\" role=\"listitem\">\r\n\t\t\t<div class=\"elementor-post__card\">\r\n\t\t\t\t<a class=\"elementor-post__thumbnail__link\" href=\"https:\/\/tlcmagazinemexico.com.mx\/index.php\/2026\/07\/17\/una-nueva-ruta-maritima-amplia-la-conexion-entre-asia-america-latina-y-el-mediterraneo\/\" tabindex=\"-1\" ><div class=\"elementor-post__thumbnail\"><img decoding=\"async\" width=\"900\" height=\"600\" src=\"https:\/\/tlcmagazinemexico.com.mx\/wp-content\/uploads\/2026\/07\/42g-4-1.png\" class=\"attachment-full size-full wp-image-24479\" alt=\"\" srcset=\"https:\/\/tlcmagazinemexico.com.mx\/wp-content\/uploads\/2026\/07\/42g-4-1.png 900w, https:\/\/tlcmagazinemexico.com.mx\/wp-content\/uploads\/2026\/07\/42g-4-1-300x200.png 300w, https:\/\/tlcmagazinemexico.com.mx\/wp-content\/uploads\/2026\/07\/42g-4-1-768x512.png 768w\" sizes=\"(max-width: 34.9rem) calc(100vw - 2rem), (max-width: 53rem) calc(8 * (100vw \/ 12)), (min-width: 53rem) calc(6 * (100vw \/ 12)), 100vw\" \/><\/div><\/a>\r\n\t\t\t\t<div class=\"elementor-post__text\">\r\n\t\t\t\t<h1 class=\"elementor-post__title\">\r\n\t\t\t<a href=\"https:\/\/tlcmagazinemexico.com.mx\/index.php\/2026\/07\/17\/una-nueva-ruta-maritima-amplia-la-conexion-entre-asia-america-latina-y-el-mediterraneo\/\" >\r\n\t\t\t\tUna nueva ruta mar\u00edtima ampl\u00eda la conexi\u00f3n entre Asia, Am\u00e9rica Latina y el Mediterr\u00e1neo\t\t\t<\/a>\r\n\t\t<\/h1>\r\n\t\t\t\t<div class=\"elementor-post__excerpt\">\r\n\t\t\t<p>\u25b8 ZIM y MSC ponen en operaci\u00f3n el servicio ZCP-Amberjack, una nueva alternativa log\u00edstica que fortalece la conectividad regional mediante un servicio semanal.La Autoridad Portuaria<\/p>\n\t\t<\/div>\r\n\t\t\r\n\t\t<a class=\"elementor-post__read-more\" href=\"https:\/\/tlcmagazinemexico.com.mx\/index.php\/2026\/07\/17\/una-nueva-ruta-maritima-amplia-la-conexion-entre-asia-america-latina-y-el-mediterraneo\/\" aria-label=\"Read more about Una nueva ruta mar\u00edtima ampl\u00eda la conexi\u00f3n entre Asia, Am\u00e9rica Latina y el Mediterr\u00e1neo\" tabindex=\"-1\" >\r\n\t\t\tLeer m\u00e1s \u00bb\t\t<\/a>\r\n\r\n\t\t\t\t<\/div>\r\n\t\t\t\t\t<\/div>\r\n\t\t<\/article>\r\n\t\t\t\t<article class=\"elementor-post elementor-grid-item post-24472 post type-post status-publish format-standard has-post-thumbnail hentry category-tlc-news entry\" role=\"listitem\">\r\n\t\t\t<div class=\"elementor-post__card\">\r\n\t\t\t\t<a class=\"elementor-post__thumbnail__link\" href=\"https:\/\/tlcmagazinemexico.com.mx\/index.php\/2026\/07\/17\/el-auge-de-los-centros-de-datos-abre-una-nueva-oportunidad-para-el-comercio-exterior-en-mexico\/\" tabindex=\"-1\" ><div class=\"elementor-post__thumbnail\"><img decoding=\"async\" width=\"900\" height=\"600\" src=\"https:\/\/tlcmagazinemexico.com.mx\/wp-content\/uploads\/2026\/07\/42g-3-1.png\" class=\"attachment-full size-full wp-image-24473\" alt=\"\" srcset=\"https:\/\/tlcmagazinemexico.com.mx\/wp-content\/uploads\/2026\/07\/42g-3-1.png 900w, https:\/\/tlcmagazinemexico.com.mx\/wp-content\/uploads\/2026\/07\/42g-3-1-300x200.png 300w, https:\/\/tlcmagazinemexico.com.mx\/wp-content\/uploads\/2026\/07\/42g-3-1-768x512.png 768w\" sizes=\"(max-width: 34.9rem) calc(100vw - 2rem), (max-width: 53rem) calc(8 * (100vw \/ 12)), (min-width: 53rem) calc(6 * (100vw \/ 12)), 100vw\" \/><\/div><\/a>\r\n\t\t\t\t<div class=\"elementor-post__text\">\r\n\t\t\t\t<h1 class=\"elementor-post__title\">\r\n\t\t\t<a href=\"https:\/\/tlcmagazinemexico.com.mx\/index.php\/2026\/07\/17\/el-auge-de-los-centros-de-datos-abre-una-nueva-oportunidad-para-el-comercio-exterior-en-mexico\/\" >\r\n\t\t\t\tEl auge de los centros de datos abre una nueva oportunidad para el comercio exterior en M\u00e9xico\t\t\t<\/a>\r\n\t\t<\/h1>\r\n\t\t\t\t<div class=\"elementor-post__excerpt\">\r\n\t\t\t<p>\u25b8 Inversiones por 82,500 millones de d\u00f3lares impulsar\u00e1n la importaci\u00f3n de infraestructura tecnol\u00f3gica especializada durante los pr\u00f3ximos a\u00f1os. La expansi\u00f3n de la infraestructura digital en<\/p>\n\t\t<\/div>\r\n\t\t\r\n\t\t<a class=\"elementor-post__read-more\" href=\"https:\/\/tlcmagazinemexico.com.mx\/index.php\/2026\/07\/17\/el-auge-de-los-centros-de-datos-abre-una-nueva-oportunidad-para-el-comercio-exterior-en-mexico\/\" aria-label=\"Read more about El auge de los centros de datos abre una nueva oportunidad para el comercio exterior en M\u00e9xico\" tabindex=\"-1\" >\r\n\t\t\tLeer m\u00e1s \u00bb\t\t<\/a>\r\n\r\n\t\t\t\t<\/div>\r\n\t\t\t\t\t<\/div>\r\n\t\t<\/article>\r\n\t\t\t\t<article class=\"elementor-post elementor-grid-item post-24466 post type-post status-publish format-standard has-post-thumbnail hentry category-tlc-news entry\" role=\"listitem\">\r\n\t\t\t<div class=\"elementor-post__card\">\r\n\t\t\t\t<a class=\"elementor-post__thumbnail__link\" href=\"https:\/\/tlcmagazinemexico.com.mx\/index.php\/2026\/07\/17\/el-estandar-que-permite-a-las-aduanas-intercambiar-informacion-acaba-de-actualizarse\/\" tabindex=\"-1\" ><div class=\"elementor-post__thumbnail\"><img loading=\"lazy\" decoding=\"async\" width=\"900\" height=\"600\" src=\"https:\/\/tlcmagazinemexico.com.mx\/wp-content\/uploads\/2026\/07\/42g-2-2.png\" class=\"attachment-full size-full wp-image-24467\" alt=\"\" srcset=\"https:\/\/tlcmagazinemexico.com.mx\/wp-content\/uploads\/2026\/07\/42g-2-2.png 900w, https:\/\/tlcmagazinemexico.com.mx\/wp-content\/uploads\/2026\/07\/42g-2-2-300x200.png 300w, https:\/\/tlcmagazinemexico.com.mx\/wp-content\/uploads\/2026\/07\/42g-2-2-768x512.png 768w\" sizes=\"(max-width: 34.9rem) calc(100vw - 2rem), (max-width: 53rem) calc(8 * (100vw \/ 12)), (min-width: 53rem) calc(6 * (100vw \/ 12)), 100vw\" \/><\/div><\/a>\r\n\t\t\t\t<div class=\"elementor-post__text\">\r\n\t\t\t\t<h1 class=\"elementor-post__title\">\r\n\t\t\t<a href=\"https:\/\/tlcmagazinemexico.com.mx\/index.php\/2026\/07\/17\/el-estandar-que-permite-a-las-aduanas-intercambiar-informacion-acaba-de-actualizarse\/\" >\r\n\t\t\t\tEl est\u00e1ndar que permite a las aduanas intercambiar informaci\u00f3n acaba de actualizarse\t\t\t<\/a>\r\n\t\t<\/h1>\r\n\t\t\t\t<div class=\"elementor-post__excerpt\">\r\n\t\t\t<p>\u25b8 La OMA presenta la Versi\u00f3n 4.3.0 de su Modelo de Datos con nuevas capacidades para interoperabilidad digital, etiquetas JSON y reconocimiento mutuo de OEA.<\/p>\n\t\t<\/div>\r\n\t\t\r\n\t\t<a class=\"elementor-post__read-more\" href=\"https:\/\/tlcmagazinemexico.com.mx\/index.php\/2026\/07\/17\/el-estandar-que-permite-a-las-aduanas-intercambiar-informacion-acaba-de-actualizarse\/\" aria-label=\"Read more about El est\u00e1ndar que permite a las aduanas intercambiar informaci\u00f3n acaba de actualizarse\" tabindex=\"-1\" >\r\n\t\t\tLeer m\u00e1s \u00bb\t\t<\/a>\r\n\r\n\t\t\t\t<\/div>\r\n\t\t\t\t\t<\/div>\r\n\t\t<\/article>\r\n\t\t\t\t<article class=\"elementor-post elementor-grid-item post-24453 post type-post status-publish format-standard has-post-thumbnail hentry category-tlc-news entry\" role=\"listitem\">\r\n\t\t\t<div class=\"elementor-post__card\">\r\n\t\t\t\t<a class=\"elementor-post__thumbnail__link\" href=\"https:\/\/tlcmagazinemexico.com.mx\/index.php\/2026\/07\/17\/un-error-aduanero-puede-costar-millones-la-inteligencia-artificial-esta-cambiando-la-forma-de-detectarlos\/\" tabindex=\"-1\" ><div class=\"elementor-post__thumbnail\"><img loading=\"lazy\" decoding=\"async\" width=\"900\" height=\"600\" src=\"https:\/\/tlcmagazinemexico.com.mx\/wp-content\/uploads\/2026\/07\/42g-1-2.png\" class=\"attachment-full size-full wp-image-24461\" alt=\"\" srcset=\"https:\/\/tlcmagazinemexico.com.mx\/wp-content\/uploads\/2026\/07\/42g-1-2.png 900w, https:\/\/tlcmagazinemexico.com.mx\/wp-content\/uploads\/2026\/07\/42g-1-2-300x200.png 300w, https:\/\/tlcmagazinemexico.com.mx\/wp-content\/uploads\/2026\/07\/42g-1-2-768x512.png 768w\" sizes=\"(max-width: 34.9rem) calc(100vw - 2rem), (max-width: 53rem) calc(8 * (100vw \/ 12)), (min-width: 53rem) calc(6 * (100vw \/ 12)), 100vw\" \/><\/div><\/a>\r\n\t\t\t\t<div class=\"elementor-post__text\">\r\n\t\t\t\t<h1 class=\"elementor-post__title\">\r\n\t\t\t<a href=\"https:\/\/tlcmagazinemexico.com.mx\/index.php\/2026\/07\/17\/un-error-aduanero-puede-costar-millones-la-inteligencia-artificial-esta-cambiando-la-forma-de-detectarlos\/\" >\r\n\t\t\t\tUn error aduanero puede costar millones. La inteligencia artificial est\u00e1 cambiando la forma de detectarlos.\t\t\t<\/a>\r\n\t\t<\/h1>\r\n\t\t\t\t<div class=\"elementor-post__excerpt\">\r\n\t\t\t<p>\u25b8 Flexport impulsa auditor\u00edas automatizadas con IA mientras aumenta la fiscalizaci\u00f3n del cumplimiento aduanero en Estados Unidos. Los constantes cambios en la pol\u00edtica arancelaria de<\/p>\n\t\t<\/div>\r\n\t\t\r\n\t\t<a class=\"elementor-post__read-more\" href=\"https:\/\/tlcmagazinemexico.com.mx\/index.php\/2026\/07\/17\/un-error-aduanero-puede-costar-millones-la-inteligencia-artificial-esta-cambiando-la-forma-de-detectarlos\/\" aria-label=\"Read more about Un error aduanero puede costar millones. La inteligencia artificial est\u00e1 cambiando la forma de detectarlos.\" tabindex=\"-1\" >\r\n\t\t\tLeer m\u00e1s \u00bb\t\t<\/a>\r\n\r\n\t\t\t\t<\/div>\r\n\t\t\t\t\t<\/div>\r\n\t\t<\/article>\r\n\t\t\t\t<article class=\"elementor-post elementor-grid-item post-24413 post type-post status-publish format-standard has-post-thumbnail hentry category-people-of-trade category-tlc-news entry\" role=\"listitem\">\r\n\t\t\t<div class=\"elementor-post__card\">\r\n\t\t\t\t<a class=\"elementor-post__thumbnail__link\" href=\"https:\/\/tlcmagazinemexico.com.mx\/index.php\/2026\/07\/16\/los-hombres-que-mueven-el-mundo-lo-hicieron-esta-semana-bajo-40-grados\/\" tabindex=\"-1\" ><div class=\"elementor-post__thumbnail\"><img loading=\"lazy\" decoding=\"async\" width=\"900\" height=\"600\" src=\"https:\/\/tlcmagazinemexico.com.mx\/wp-content\/uploads\/2026\/07\/n4-3.png\" class=\"attachment-full size-full wp-image-24395\" alt=\"\" srcset=\"https:\/\/tlcmagazinemexico.com.mx\/wp-content\/uploads\/2026\/07\/n4-3.png 900w, https:\/\/tlcmagazinemexico.com.mx\/wp-content\/uploads\/2026\/07\/n4-3-300x200.png 300w, https:\/\/tlcmagazinemexico.com.mx\/wp-content\/uploads\/2026\/07\/n4-3-768x512.png 768w\" sizes=\"(max-width: 34.9rem) calc(100vw - 2rem), (max-width: 53rem) calc(8 * (100vw \/ 12)), (min-width: 53rem) calc(6 * (100vw \/ 12)), 100vw\" \/><\/div><\/a>\r\n\t\t\t\t<div class=\"elementor-post__text\">\r\n\t\t\t\t<h1 class=\"elementor-post__title\">\r\n\t\t\t<a href=\"https:\/\/tlcmagazinemexico.com.mx\/index.php\/2026\/07\/16\/los-hombres-que-mueven-el-mundo-lo-hicieron-esta-semana-bajo-40-grados\/\" >\r\n\t\t\t\tLos hombres que mueven el mundo lo hicieron esta semana bajo 40 grados\t\t\t<\/a>\r\n\t\t<\/h1>\r\n\t\t\t\t<div class=\"elementor-post__excerpt\">\r\n\t\t\t<p>\u2022 Operadores de gr\u00faa y trabajadores portuarios en Rotterdam, Amberes y Hamburgo enfrentaron una ola de calor extrema que ralentiz\u00f3 operaciones, recalent\u00f3 equipos y agrav\u00f3<\/p>\n\t\t<\/div>\r\n\t\t\r\n\t\t<a class=\"elementor-post__read-more\" href=\"https:\/\/tlcmagazinemexico.com.mx\/index.php\/2026\/07\/16\/los-hombres-que-mueven-el-mundo-lo-hicieron-esta-semana-bajo-40-grados\/\" aria-label=\"Read more about Los hombres que mueven el mundo lo hicieron esta semana bajo 40 grados\" tabindex=\"-1\" >\r\n\t\t\tLeer m\u00e1s \u00bb\t\t<\/a>\r\n\r\n\t\t\t\t<\/div>\r\n\t\t\t\t\t<\/div>\r\n\t\t<\/article>\r\n\t\t\t\t<article class=\"elementor-post elementor-grid-item post-24408 post type-post status-publish format-standard has-post-thumbnail hentry category-datos-curiosos category-tlc-news entry\" role=\"listitem\">\r\n\t\t\t<div class=\"elementor-post__card\">\r\n\t\t\t\t<a class=\"elementor-post__thumbnail__link\" href=\"https:\/\/tlcmagazinemexico.com.mx\/index.php\/2026\/07\/16\/china-rompe-record-de-comercio-exterior-en-el-primer-semestre-de-2026\/\" tabindex=\"-1\" ><div class=\"elementor-post__thumbnail\"><img loading=\"lazy\" decoding=\"async\" width=\"900\" height=\"600\" src=\"https:\/\/tlcmagazinemexico.com.mx\/wp-content\/uploads\/2026\/07\/n3-3.png\" class=\"attachment-full size-full wp-image-24396\" alt=\"\" srcset=\"https:\/\/tlcmagazinemexico.com.mx\/wp-content\/uploads\/2026\/07\/n3-3.png 900w, https:\/\/tlcmagazinemexico.com.mx\/wp-content\/uploads\/2026\/07\/n3-3-300x200.png 300w, https:\/\/tlcmagazinemexico.com.mx\/wp-content\/uploads\/2026\/07\/n3-3-768x512.png 768w\" sizes=\"(max-width: 34.9rem) calc(100vw - 2rem), (max-width: 53rem) calc(8 * (100vw \/ 12)), (min-width: 53rem) calc(6 * (100vw \/ 12)), 100vw\" \/><\/div><\/a>\r\n\t\t\t\t<div class=\"elementor-post__text\">\r\n\t\t\t\t<h1 class=\"elementor-post__title\">\r\n\t\t\t<a href=\"https:\/\/tlcmagazinemexico.com.mx\/index.php\/2026\/07\/16\/china-rompe-record-de-comercio-exterior-en-el-primer-semestre-de-2026\/\" >\r\n\t\t\t\tChina rompe r\u00e9cord de comercio exterior en el primer semestre de 2026\t\t\t<\/a>\r\n\t\t<\/h1>\r\n\t\t\t\t<div class=\"elementor-post__excerpt\">\r\n\t\t\t<p>\u2022 El pa\u00eds super\u00f3 por primera vez los 25 billones de yuanes en comercio exterior durante un periodo enero-junio, impulsado por exportaciones tecnol\u00f3gicas, mayor demanda<\/p>\n\t\t<\/div>\r\n\t\t\r\n\t\t<a class=\"elementor-post__read-more\" href=\"https:\/\/tlcmagazinemexico.com.mx\/index.php\/2026\/07\/16\/china-rompe-record-de-comercio-exterior-en-el-primer-semestre-de-2026\/\" aria-label=\"Read more about China rompe r\u00e9cord de comercio exterior en el primer semestre de 2026\" tabindex=\"-1\" >\r\n\t\t\tLeer m\u00e1s \u00bb\t\t<\/a>\r\n\r\n\t\t\t\t<\/div>\r\n\t\t\t\t\t<\/div>\r\n\t\t<\/article>\r\n\t\t\t\t<\/div>\r\n\t\t\r\n\t\t\t\t\t\t<\/div>\n\t\t\t\t<\/div>\n\t\t\t\t\t<\/div>\n\t\t<\/div>\n\t\t\t\t\t<\/div>\n\t\t<\/section>\n\t\t\t\t<\/div>\n\t\t","protected":false},"excerpt":{"rendered":"<p>El presidente electo Donald Trump dej\u00f3 abierta la posibilidad de emplear t\u00e1cticas militares o econ\u00f3micas para que Estados Unidos obtenga control sobre el Canal de Panam\u00e1 y Groenlandia. Ante estas declaraciones, el gobierno paname\u00f1o reafirm\u00f3 que la soberan\u00eda del canal no es negociable, mientras Dinamarca expres\u00f3 su desacuerdo. En una conferencia de prensa en su &hellip; <\/p>\n<p class=\"link-more\"><a href=\"https:\/\/tlcmagazinemexico.com.mx\/index.php\/2026\/07\/16\/china-rompe-record-de-comercio-exterior-en-el-primer-semestre-de-2026\/\" class=\"more-link\">Continue reading<span class=\"screen-reader-text\"> &#8220;China rompe r\u00e9cord de comercio exterior en el primer semestre de 2026&#8221;<\/span><\/a><\/p>\n","protected":false},"author":3,"featured_media":11906,"comment_status":"open","ping_status":"open","sticky":false,"template":"elementor_header_footer","format":"standard","meta":{"_monsterinsights_skip_tracking":false,"footnotes":""},"categories":[5],"tags":[],"class_list":["post-11904","post","type-post","status-publish","format-standard","has-post-thumbnail","hentry","category-tlc-news","entry"],"views":1288,"_links":{"self":[{"href":"https:\/\/tlcmagazinemexico.com.mx\/index.php\/wp-json\/wp\/v2\/posts\/11904","targetHints":{"allow":["GET"]}}],"collection":[{"href":"https:\/\/tlcmagazinemexico.com.mx\/index.php\/wp-json\/wp\/v2\/posts"}],"about":[{"href":"https:\/\/tlcmagazinemexico.com.mx\/index.php\/wp-json\/wp\/v2\/types\/post"}],"author":[{"embeddable":true,"href":"https:\/\/tlcmagazinemexico.com.mx\/index.php\/wp-json\/wp\/v2\/users\/3"}],"replies":[{"embeddable":true,"href":"https:\/\/tlcmagazinemexico.com.mx\/index.php\/wp-json\/wp\/v2\/comments?post=11904"}],"version-history":[{"count":0,"href":"https:\/\/tlcmagazinemexico.com.mx\/index.php\/wp-json\/wp\/v2\/posts\/11904\/revisions"}],"wp:featuredmedia":[{"embeddable":true,"href":"https:\/\/tlcmagazinemexico.com.mx\/index.php\/wp-json\/wp\/v2\/media\/11906"}],"wp:attachment":[{"href":"https:\/\/tlcmagazinemexico.com.mx\/index.php\/wp-json\/wp\/v2\/media?parent=11904"}],"wp:term":[{"taxonomy":"category","embeddable":true,"href":"https:\/\/tlcmagazinemexico.com.mx\/index.php\/wp-json\/wp\/v2\/categories?post=11904"},{"taxonomy":"post_tag","embeddable":true,"href":"https:\/\/tlcmagazinemexico.com.mx\/index.php\/wp-json\/wp\/v2\/tags?post=11904"}],"curies":[{"name":"wp","href":"https:\/\/api.w.org\/{rel}","templated":true}]}}