{"id":10597,"date":"2024-10-17T19:56:08","date_gmt":"2024-10-17T19:56:08","guid":{"rendered":"https:\/\/tlcmagazinemexico.com.mx\/?p=10597"},"modified":"2024-11-07T22:42:13","modified_gmt":"2024-11-07T22:42:13","slug":"se-evidencia-la-desaceleracion-economica-en-mexico-2","status":"publish","type":"post","link":"https:\/\/tlcmagazinemexico.com.mx\/index.php\/2024\/10\/17\/se-evidencia-la-desaceleracion-economica-en-mexico-2\/","title":{"rendered":"Se evidencia la desaceleraci\u00f3n econ\u00f3mica en M\u00e9xico"},"content":{"rendered":"\t\t<div data-elementor-type=\"wp-post\" data-elementor-id=\"10597\" class=\"elementor elementor-10597\">\n\t\t\t\t\t\t\t\t\t<section class=\"elementor-section elementor-top-section elementor-element elementor-element-b6b7573 elementor-section-boxed elementor-section-height-default elementor-section-height-default\" data-id=\"b6b7573\" data-element_type=\"section\">\n\t\t\t\t\t\t<div class=\"elementor-container elementor-column-gap-default\">\n\t\t\t\t\t<div class=\"elementor-column elementor-col-33 elementor-top-column elementor-element elementor-element-57036f0a\" data-id=\"57036f0a\" data-element_type=\"column\">\n\t\t\t<div class=\"elementor-widget-wrap elementor-element-populated\">\n\t\t\t\t\t\t\t\t<div class=\"elementor-element elementor-element-73e9eaf7 elementor-widget elementor-widget-theme-post-featured-image elementor-widget-image\" data-id=\"73e9eaf7\" data-element_type=\"widget\" data-widget_type=\"theme-post-featured-image.default\">\n\t\t\t\t<div class=\"elementor-widget-container\">\n\t\t\t<style>\/*! elementor - v3.12.0 - 29-03-2023 *\/\n.elementor-widget-image{text-align:center}.elementor-widget-image a{display:inline-block}.elementor-widget-image a img[src$=\".svg\"]{width:48px}.elementor-widget-image img{vertical-align:middle;display:inline-block}<\/style>\t\t\t\t\t\t\t\t\t\t\t\t<img loading=\"lazy\" decoding=\"async\" width=\"750\" height=\"500\" src=\"https:\/\/tlcmagazinemexico.com.mx\/wp-content\/uploads\/2024\/10\/Portadas-52-Web_Art.-3.png\" class=\"attachment-large size-large wp-image-11056\" alt=\"\" srcset=\"https:\/\/tlcmagazinemexico.com.mx\/wp-content\/uploads\/2024\/10\/Portadas-52-Web_Art.-3.png 939w, https:\/\/tlcmagazinemexico.com.mx\/wp-content\/uploads\/2024\/10\/Portadas-52-Web_Art.-3-300x200.png 300w, https:\/\/tlcmagazinemexico.com.mx\/wp-content\/uploads\/2024\/10\/Portadas-52-Web_Art.-3-768x512.png 768w\" sizes=\"auto, (max-width: 750px) 100vw, 750px\" style=\"width:100%;height:66.67%;max-width:939px\" \/>\t\t\t\t\t\t\t\t\t\t\t\t\t\t\t<\/div>\n\t\t\t\t<\/div>\n\t\t\t\t<div class=\"elementor-element elementor-element-7c148828 elementor-widget elementor-widget-spacer\" data-id=\"7c148828\" data-element_type=\"widget\" data-widget_type=\"spacer.default\">\n\t\t\t\t<div class=\"elementor-widget-container\">\n\t\t\t<style>\/*! elementor - v3.12.0 - 29-03-2023 *\/\n.elementor-column .elementor-spacer-inner{height:var(--spacer-size)}.e-con{--container-widget-width:100%}.e-con-inner>.elementor-widget-spacer,.e-con>.elementor-widget-spacer{width:var(--container-widget-width,var(--spacer-size));--align-self:var(--container-widget-align-self,initial);--flex-shrink:0}.e-con-inner>.elementor-widget-spacer>.elementor-widget-container,.e-con-inner>.elementor-widget-spacer>.elementor-widget-container>.elementor-spacer,.e-con>.elementor-widget-spacer>.elementor-widget-container,.e-con>.elementor-widget-spacer>.elementor-widget-container>.elementor-spacer{height:100%}.e-con-inner>.elementor-widget-spacer>.elementor-widget-container>.elementor-spacer>.elementor-spacer-inner,.e-con>.elementor-widget-spacer>.elementor-widget-container>.elementor-spacer>.elementor-spacer-inner{height:var(--container-widget-height,var(--spacer-size))}<\/style>\t\t<div class=\"elementor-spacer\">\n\t\t\t<div class=\"elementor-spacer-inner\"><\/div>\n\t\t<\/div>\n\t\t\t\t<\/div>\n\t\t\t\t<\/div>\n\t\t\t\t<div class=\"elementor-element elementor-element-368598fd elementor-widget elementor-widget-theme-post-title elementor-page-title elementor-widget-heading\" data-id=\"368598fd\" data-element_type=\"widget\" data-widget_type=\"theme-post-title.default\">\n\t\t\t\t<div class=\"elementor-widget-container\">\n\t\t\t<style>\/*! elementor - v3.12.0 - 29-03-2023 *\/\n.elementor-heading-title{padding:0;margin:0;line-height:1}.elementor-widget-heading .elementor-heading-title[class*=elementor-size-]>a{color:inherit;font-size:inherit;line-height:inherit}.elementor-widget-heading .elementor-heading-title.elementor-size-small{font-size:15px}.elementor-widget-heading .elementor-heading-title.elementor-size-medium{font-size:19px}.elementor-widget-heading .elementor-heading-title.elementor-size-large{font-size:29px}.elementor-widget-heading .elementor-heading-title.elementor-size-xl{font-size:39px}.elementor-widget-heading .elementor-heading-title.elementor-size-xxl{font-size:59px}<\/style><h1 class=\"elementor-heading-title elementor-size-default\">Se evidencia la desaceleraci\u00f3n econ\u00f3mica en M\u00e9xico<\/h1>\t\t<\/div>\n\t\t\t\t<\/div>\n\t\t\t\t<div class=\"elementor-element elementor-element-402a1aa5 elementor-widget elementor-widget-text-editor\" data-id=\"402a1aa5\" data-element_type=\"widget\" data-widget_type=\"text-editor.default\">\n\t\t\t\t<div class=\"elementor-widget-container\">\n\t\t\t<style>\/*! elementor - v3.12.0 - 29-03-2023 *\/\n.elementor-widget-text-editor.elementor-drop-cap-view-stacked .elementor-drop-cap{background-color:#69727d;color:#fff}.elementor-widget-text-editor.elementor-drop-cap-view-framed .elementor-drop-cap{color:#69727d;border:3px solid;background-color:transparent}.elementor-widget-text-editor:not(.elementor-drop-cap-view-default) .elementor-drop-cap{margin-top:8px}.elementor-widget-text-editor:not(.elementor-drop-cap-view-default) .elementor-drop-cap-letter{width:1em;height:1em}.elementor-widget-text-editor .elementor-drop-cap{float:left;text-align:center;line-height:1;font-size:50px}.elementor-widget-text-editor .elementor-drop-cap-letter{display:inline-block}<\/style>\t\t\t\t<!-- wp:paragraph -->\n<p>Contrario a lo que se esperaba a inicios de 2024, la econom\u00eda mexicana ha mostrado indicios de una p\u00e9rdida de dinamismo, la cual inici\u00f3 a finales del a\u00f1o pasado. Indicadores asociados al mercado laboral, consumo privado, inversi\u00f3n fija bruta y confianza del consumidor se han venido deteriorando, propiciando revisiones constantes a la baja de las expectativas de crecimiento del PIB para 2024.<\/p>\n<p>\u00a0<\/p>\n<p>En primer lugar, en junio y con cifras ajustadas por estacionalidad, la tasa de desempleo de junio increment\u00f3 0.1 puntos porcentuales, situ\u00e1ndola en 2.74%, exhibiendo su nivel m\u00e1s alto en los \u00faltimos cinco meses. Mientras que, con cifras originales, la poblaci\u00f3n econ\u00f3micamente activa (PEA) fue de 60.63 millones de personas, lo cual implic\u00f3 una tasa de participaci\u00f3n del 59.84%. En este sentido, se registr\u00f3 un aumento en la PEA de 357 mil personas con respecto a junio de 2023. A su interior, la poblaci\u00f3n ocupada alcanz\u00f3 58.95 millones de personas, que represent\u00f3 el 97.22% de la PEA.<\/p>\n<p>\u00a0<\/p>\n<p>Por su parte, la poblaci\u00f3n desocupada fue de 1.68 millones de personas, lo que implic\u00f3 un incremento de 84 mil personas desempleadas con relaci\u00f3n a junio de 2023. Con ello, la tasa de desempleo se situ\u00f3 2.78% vs 2.65% en el mismo mes del a\u00f1o previo. Adicionalmente, en el rubro de poblaci\u00f3n subocupada, el cual incorpora a las personas que se reportaron con disponibilidad de ofertar m\u00e1s horas de trabajo de lo que su ocupaci\u00f3n actual les permite, se reportaron 4.4 millones de personas (7.5% de la poblaci\u00f3n ocupada).<\/p>\n<p>\u00a0<\/p>\n<p>En lo que respecta a la poblaci\u00f3n no econ\u00f3micamente activa (PNEA), se registraron 40.70 millones de personas, la cual increment\u00f3 en 706 mil personas respecto a junio del a\u00f1o anterior. En su desglose, fueron 5.1 millones de personas las que se manifestaron como disponibles a trabajar. En contraste, el n\u00famero de personas no disponibles a emplear se situ\u00f3 en 35.63 millones de personas; cifra que represent\u00f3 el 87.50% del total de la PNEA.<\/p>\n<p>\u00a0<\/p>\n<p>Ante ello, el reporte del mercado laboral de junio deja ligeras se\u00f1ales de debilidad. Las cifras mantienen una lectura diferente en su comparativa anual, respecto a la narrativa del mes previo. En este sentido, la tasa de participaci\u00f3n laboral exhibi\u00f3 su menor nivel en los \u00faltimos 18 meses, mientras que la tasa de desempleo mostr\u00f3 un relevante incremento. En su comparativa anual, tambi\u00e9n se observ\u00f3 una disminuci\u00f3n en la tasa de participaci\u00f3n de hombres y mujeres, mientras que la tasa de informalidad disminuy\u00f3. Finalmente, observamos que las tasas de empleo se podr\u00edan ajustar hacia el tercer trimestre, con base en la oferta registrada en los sectores de construcci\u00f3n y manufacturas.<\/p>\n<p>\u00a0<\/p>\n<p>En segundo lugar, el consumo privado mostr\u00f3 un retroceso de -0.37% mensual (m\/m) en mayo, conservando el d\u00e9bil desempe\u00f1o registrado en el mes previo. Este resultado fue ocasionado en mayor medida por la ca\u00edda de 3.64% en el consumo de bienes importados; mientras que los servicios de origen nacional moderaron su descenso (-0.37% m\/m). Este desempe\u00f1o, fue ligeramente compensado por el incremento en el consumo de bienes dom\u00e9sticos (0.67% m\/m), recuper\u00e1ndose de la contracci\u00f3n observada en abril.<\/p>\n<!-- \/wp:paragraph -->\t\t\t\t\t\t<\/div>\n\t\t\t\t<\/div>\n\t\t\t\t<div class=\"elementor-element elementor-element-01a62da elementor-widget elementor-widget-image\" data-id=\"01a62da\" data-element_type=\"widget\" data-widget_type=\"image.default\">\n\t\t\t\t<div class=\"elementor-widget-container\">\n\t\t\t\t\t\t\t\t\t\t\t\t\t\t\t<img loading=\"lazy\" decoding=\"async\" width=\"605\" height=\"343\" src=\"https:\/\/tlcmagazinemexico.com.mx\/wp-content\/uploads\/2024\/10\/Captura-de-pantalla-2024-10-17-135206.png\" class=\"attachment-large size-large wp-image-10600\" alt=\"\" srcset=\"https:\/\/tlcmagazinemexico.com.mx\/wp-content\/uploads\/2024\/10\/Captura-de-pantalla-2024-10-17-135206.png 605w, https:\/\/tlcmagazinemexico.com.mx\/wp-content\/uploads\/2024\/10\/Captura-de-pantalla-2024-10-17-135206-300x170.png 300w\" sizes=\"auto, (max-width: 605px) 100vw, 605px\" style=\"width:100%;height:56.69%;max-width:605px\" \/>\t\t\t\t\t\t\t\t\t\t\t\t\t\t\t<\/div>\n\t\t\t\t<\/div>\n\t\t\t\t<div class=\"elementor-element elementor-element-55f04aa elementor-widget elementor-widget-text-editor\" data-id=\"55f04aa\" data-element_type=\"widget\" data-widget_type=\"text-editor.default\">\n\t\t\t\t<div class=\"elementor-widget-container\">\n\t\t\t\t\t\t\t<p><!-- wp:paragraph --><\/p>\n<p>En tercer lugar, la inversi\u00f3n fija bruta (IFB) de mayo increment\u00f3 0.71% mensual (m\/m), desaceler\u00e1ndose ligeramente de la cifra previa (0.78%). Aun as\u00ed, en su comparativa anual, registr\u00f3 un crecimiento de 5.58% con respecto al mismo periodo de 2023. En el periodo reportado, el gasto en construcci\u00f3n fue el principal impulso, creci\u00f3 2.37% m\/m desde 2.02% en abril; hilando 3 meses de expansi\u00f3n.<\/p>\n<p>\u00a0<\/p>\n<p>\u00a0Mientras que la ca\u00edda m\u00e1s pronunciada fue en el rubro de maquinaria y equipo (-1.26% m\/m), acumulando 2 meses en zona de contracci\u00f3n. Al interior de la construcci\u00f3n, los subcomponentes que lo integran mostraron un comportamiento mixto: el gasto no residencial disminuy\u00f3 0.20% m\/m, siendo su primera ca\u00edda en 4 meses; mientras que el residencial aceler\u00f3 su ritmo de avance en 6.62% m\/m frente a 1.21% en abril. Por su parte, el componente de la maquinaria y equipo mostr\u00f3 una contracci\u00f3n a su interior, el cual estuvo afectado por retrocesos de los dos subcomponentes principales. La inversi\u00f3n nacional moder\u00f3 su descenso (-0.49% m\/m), explicado principalmente por la desaceleraci\u00f3n secuencial en el segmento de equipos de transporte (-0.84% m\/m). Mientras que, el subcomponente de origen importado mostr\u00f3 una contracci\u00f3n m\u00e1s pronunciada (-1.60% m\/m), la cual estuvo conducida por una disminuci\u00f3n de 2.22% m\/m en las importaciones de maquinaria y equipo.<\/p>\n<p><br \/>Estos resultados muestran una lectura similar al mes previo, pues se profundiz\u00f3 la ca\u00edda en el consumo de bienes importados, y persiste la desaceleraci\u00f3n en el gasto de inversi\u00f3n en maquinaria y equipo. Esta \u00faltima podr\u00eda presentar un entorno retador en los pr\u00f3ximos meses debido a los altos niveles de tasa de inter\u00e9s y la incertidumbre post electoral, econ\u00f3mica y cambiaria que presenta el pa\u00eds.<\/p>\n<p>\u00a0 <br \/>Finalmente, en julio y con cifras desestacionalizadas, el Indicador de Confianza del Consumidor (ICC) se situ\u00f3 en 46.9 puntos (pts), lo que implic\u00f3 un retroceso mensual de 0.4 pts; luego de alcanzar un m\u00e1ximo no observado desde febrero de 2019 en el mes previo. La principal ca\u00edda se localiz\u00f3 en las expectativas econ\u00f3micas del pa\u00eds para los pr\u00f3ximos 12 meses, disminuyeron 0.7 pts, hasta un nivel de 51.1 pts, exhibiendo su mayor descenso en los \u00faltimos 9 meses. Adicionalmente, las expectativas econ\u00f3micas actuales del pa\u00eds y las futuras de los hogares retrocedieron 0.4 pts, hasta ubicarse en 43.4 pts y 58.1 pts respectivamente. En lo que respecta a las perspectivas de la econom\u00eda actual de los hogares y el componente que eval\u00faa la posibilidad de compra de bienes duraderos, ambas registraron una ca\u00edda menos pronunciada, lo que implic\u00f3 una contracci\u00f3n de 0.3 pts para ambos componentes, hasta situarse en un nivel de 52.1 pts y 30 pts respectivamente.<\/p>\n<p><!-- \/wp:paragraph --><\/p>\t\t\t\t\t\t<\/div>\n\t\t\t\t<\/div>\n\t\t\t\t<div class=\"elementor-element elementor-element-f30e891 elementor-widget elementor-widget-image\" data-id=\"f30e891\" data-element_type=\"widget\" data-widget_type=\"image.default\">\n\t\t\t\t<div class=\"elementor-widget-container\">\n\t\t\t\t\t\t\t\t\t\t\t\t\t\t\t<img loading=\"lazy\" decoding=\"async\" width=\"593\" height=\"340\" src=\"https:\/\/tlcmagazinemexico.com.mx\/wp-content\/uploads\/2024\/10\/Captura-de-pantalla-2024-10-17-135257.png\" class=\"attachment-large size-large wp-image-10599\" alt=\"\" srcset=\"https:\/\/tlcmagazinemexico.com.mx\/wp-content\/uploads\/2024\/10\/Captura-de-pantalla-2024-10-17-135257.png 593w, https:\/\/tlcmagazinemexico.com.mx\/wp-content\/uploads\/2024\/10\/Captura-de-pantalla-2024-10-17-135257-300x172.png 300w\" sizes=\"auto, (max-width: 593px) 100vw, 593px\" style=\"width:100%;height:57.34%;max-width:593px\" \/>\t\t\t\t\t\t\t\t\t\t\t\t\t\t\t<\/div>\n\t\t\t\t<\/div>\n\t\t\t\t<div class=\"elementor-element elementor-element-1b293df elementor-widget elementor-widget-text-editor\" data-id=\"1b293df\" data-element_type=\"widget\" data-widget_type=\"text-editor.default\">\n\t\t\t\t<div class=\"elementor-widget-container\">\n\t\t\t\t\t\t\t<p><!-- wp:paragraph --><\/p>\n<p>En el periodo reportado, los indicadores complementarios retrocedieron respecto al avance registrado en el mes previo, pues 8 de los 10 presentaron una ca\u00edda. Con cifras desestacionalizadas, las variables asociadas al ahorro anotaron el mayor retroceso del periodo: la expectativa de ahorro actual baj\u00f3 2.9 pts, situ\u00e1ndose en 42.9 pts; mientras que el ahorro de los consumidores de los pr\u00f3ximos 12 meses moder\u00f3 su descenso en 1.8 unidades, alcanzando un nivel de 52.3 pts.<\/p><p><br><\/p><p>Adicionalmente, otro retroceso relevante se localiz\u00f3 en los indicadores relacionados al consumo de corto plazo (2 a\u00f1os), particularmente en los planes de compra, construcci\u00f3n y remodelaci\u00f3n de los hogares disminuy\u00f3 2.3 unidades (18.5 pts); mientras que la expectativa de compra de autom\u00f3vil nuevo o usado se ubic\u00f3 en 14.6 pts, implicando una disminuci\u00f3n de 1.2 unidades respecto al mes anterior. Por otro lado, el componente vinculado a la percepci\u00f3n de la din\u00e1mica inflacionaria cay\u00f3 1.4 unidades, situ\u00e1ndose en un nivel de 17.8 pts; ante este resultado y con la informaci\u00f3n disponible, se mantiene una expectativa negativa en los consumidores respecto al incremento en los precios. Finalmente, la perspectiva de empleo a futuro moder\u00f3 su avance en 0.5 unidades, resultado que podr\u00eda relacionarse con el mixto desempe\u00f1o del mercado laboral de junio.<\/p><p><br>Ante ello, observamos un deterioro en el sentimiento econ\u00f3mico actual y futuro de los consumidores tanto para las familias, como para el pa\u00eds. Aunado a lo anterior, el optimismo en el ahorro y en el consumo de corto plazo, se vio afectado, posiblemente ante la evoluci\u00f3n reciente de la inflaci\u00f3n, que al momento acumula 5 meses al alza. Hacia adelante, no descartamos que la confianza de los consumidores contin\u00fae deterior\u00e1ndose ante las se\u00f1ales de desaceleraci\u00f3n econ\u00f3mica que se han observado recientemente. Sin embargo, el reciente recorte en la tasa de referencia de Banxico podr\u00eda compensar la percepci\u00f3n negativa de los consumidores.<\/p><p><br>Frente a lo anterior, seg\u00fan los resultados de la Encuesta sobre las Expectativas del Sector Privado levantada por Banxico, el PIB de 2024 se revis\u00f3 a la baja por cuarto mes consecutivo. El consenso prev\u00e9 un crecimiento de 1.80% a\/a frente a 2.00% a\/a previo. Lo anterior, considerando la desaceleraci\u00f3n en las actividades secundarias y terciarias, as\u00ed como la contracci\u00f3n del sector primario en las cifras oportunas del PIB del 2T-24. Adicionalmente, se espera que esta inercia se prolongue al cierre de 2025, por lo que la expectativa para el PIB de ese a\u00f1o disminuy\u00f3 a 1.61% (vs 1.78% anterior) hilando 2 meses a la baja. Finalmente, nuestro estimado actual del PIB 2024, se ubica en 1.98% a\/a (vs 2.10% previo).<\/p>\n<p><\/p>\n<p><!-- \/wp:paragraph --><\/p>\t\t\t\t\t\t<\/div>\n\t\t\t\t<\/div>\n\t\t\t\t<div class=\"elementor-element elementor-element-19fa12c8 elementor-widget elementor-widget-image\" data-id=\"19fa12c8\" data-element_type=\"widget\" data-widget_type=\"image.default\">\n\t\t\t\t<div class=\"elementor-widget-container\">\n\t\t\t\t\t\t\t\t\t\t\t\t\t\t\t<img loading=\"lazy\" decoding=\"async\" width=\"750\" height=\"272\" src=\"https:\/\/tlcmagazinemexico.com.mx\/wp-content\/uploads\/2024\/10\/Semblanzas-E52_7-1024x372.png\" class=\"attachment-large size-large wp-image-11047\" alt=\"\" srcset=\"https:\/\/tlcmagazinemexico.com.mx\/wp-content\/uploads\/2024\/10\/Semblanzas-E52_7-1024x372.png 1024w, https:\/\/tlcmagazinemexico.com.mx\/wp-content\/uploads\/2024\/10\/Semblanzas-E52_7-300x109.png 300w, https:\/\/tlcmagazinemexico.com.mx\/wp-content\/uploads\/2024\/10\/Semblanzas-E52_7-768x279.png 768w, https:\/\/tlcmagazinemexico.com.mx\/wp-content\/uploads\/2024\/10\/Semblanzas-E52_7.png 1311w\" sizes=\"auto, (max-width: 750px) 100vw, 750px\" style=\"width:100%;height:36.31%;max-width:1311px\" \/>\t\t\t\t\t\t\t\t\t\t\t\t\t\t\t<\/div>\n\t\t\t\t<\/div>\n\t\t\t\t<section class=\"elementor-section elementor-inner-section elementor-element elementor-element-2b7457a1 elementor-section-boxed elementor-section-height-default elementor-section-height-default\" data-id=\"2b7457a1\" data-element_type=\"section\">\n\t\t\t\t\t\t<div class=\"elementor-container elementor-column-gap-default\">\n\t\t\t\t\t<div class=\"elementor-column elementor-col-50 elementor-inner-column elementor-element elementor-element-66730d15\" data-id=\"66730d15\" data-element_type=\"column\">\n\t\t\t<div class=\"elementor-widget-wrap elementor-element-populated\">\n\t\t\t\t\t\t\t\t<div class=\"elementor-element elementor-element-4a163be9 elementor-widget elementor-widget-heading\" data-id=\"4a163be9\" data-element_type=\"widget\" data-widget_type=\"heading.default\">\n\t\t\t\t<div class=\"elementor-widget-container\">\n\t\t\t<h2 class=\"elementor-heading-title elementor-size-default\">Compartir <\/h2>\t\t<\/div>\n\t\t\t\t<\/div>\n\t\t\t\t\t<\/div>\n\t\t<\/div>\n\t\t\t\t<div class=\"elementor-column elementor-col-50 elementor-inner-column elementor-element elementor-element-7de02603\" data-id=\"7de02603\" data-element_type=\"column\">\n\t\t\t<div class=\"elementor-widget-wrap elementor-element-populated\">\n\t\t\t\t\t\t\t\t<div class=\"elementor-element elementor-element-4bd92a79 elementor-share-buttons--view-icon elementor-share-buttons--skin-flat elementor-share-buttons--align-right elementor-share-buttons--color-custom elementor-share-buttons-mobile--align-center elementor-share-buttons--shape-square elementor-grid-0 elementor-widget elementor-widget-share-buttons\" data-id=\"4bd92a79\" data-element_type=\"widget\" data-widget_type=\"share-buttons.default\">\n\t\t\t\t<div class=\"elementor-widget-container\">\n\t\t\t<link rel=\"stylesheet\" href=\"https:\/\/tlcmagazinemexico.com.mx\/wp-content\/plugins\/elementor-pro\/assets\/css\/widget-share-buttons.min.css\">\t\t<div class=\"elementor-grid\">\n\t\t\t\t\t\t\t\t<div class=\"elementor-grid-item\">\n\t\t\t\t\t\t<div\n\t\t\t\t\t\t\tclass=\"elementor-share-btn elementor-share-btn_facebook\"\n\t\t\t\t\t\t\trole=\"button\"\n\t\t\t\t\t\t\ttabindex=\"0\"\n\t\t\t\t\t\t\taria-label=\"Compartir en facebook\"\n\t\t\t\t\t\t>\n\t\t\t\t\t\t\t\t\t\t\t\t\t\t\t<span class=\"elementor-share-btn__icon\">\n\t\t\t\t\t\t\t\t<i class=\"fab fa-facebook\" aria-hidden=\"true\"><\/i>\t\t\t\t\t\t\t<\/span>\n\t\t\t\t\t\t\t\t\t\t\t\t\t\t\t\t\t\t\t\t<\/div>\n\t\t\t\t\t<\/div>\n\t\t\t\t\t\t\t\t\t<div class=\"elementor-grid-item\">\n\t\t\t\t\t\t<div\n\t\t\t\t\t\t\tclass=\"elementor-share-btn elementor-share-btn_linkedin\"\n\t\t\t\t\t\t\trole=\"button\"\n\t\t\t\t\t\t\ttabindex=\"0\"\n\t\t\t\t\t\t\taria-label=\"Compartir en linkedin\"\n\t\t\t\t\t\t>\n\t\t\t\t\t\t\t\t\t\t\t\t\t\t\t<span class=\"elementor-share-btn__icon\">\n\t\t\t\t\t\t\t\t<i class=\"fab fa-linkedin\" aria-hidden=\"true\"><\/i>\t\t\t\t\t\t\t<\/span>\n\t\t\t\t\t\t\t\t\t\t\t\t\t\t\t\t\t\t\t\t<\/div>\n\t\t\t\t\t<\/div>\n\t\t\t\t\t\t\t\t\t<div class=\"elementor-grid-item\">\n\t\t\t\t\t\t<div\n\t\t\t\t\t\t\tclass=\"elementor-share-btn elementor-share-btn_twitter\"\n\t\t\t\t\t\t\trole=\"button\"\n\t\t\t\t\t\t\ttabindex=\"0\"\n\t\t\t\t\t\t\taria-label=\"Compartir en twitter\"\n\t\t\t\t\t\t>\n\t\t\t\t\t\t\t\t\t\t\t\t\t\t\t<span class=\"elementor-share-btn__icon\">\n\t\t\t\t\t\t\t\t<i class=\"fab fa-twitter\" aria-hidden=\"true\"><\/i>\t\t\t\t\t\t\t<\/span>\n\t\t\t\t\t\t\t\t\t\t\t\t\t\t\t\t\t\t\t\t<\/div>\n\t\t\t\t\t<\/div>\n\t\t\t\t\t\t\t\t\t<div class=\"elementor-grid-item\">\n\t\t\t\t\t\t<div\n\t\t\t\t\t\t\tclass=\"elementor-share-btn elementor-share-btn_email\"\n\t\t\t\t\t\t\trole=\"button\"\n\t\t\t\t\t\t\ttabindex=\"0\"\n\t\t\t\t\t\t\taria-label=\"Compartir en email\"\n\t\t\t\t\t\t>\n\t\t\t\t\t\t\t\t\t\t\t\t\t\t\t<span class=\"elementor-share-btn__icon\">\n\t\t\t\t\t\t\t\t<i class=\"fas fa-envelope\" aria-hidden=\"true\"><\/i>\t\t\t\t\t\t\t<\/span>\n\t\t\t\t\t\t\t\t\t\t\t\t\t\t\t\t\t\t\t\t<\/div>\n\t\t\t\t\t<\/div>\n\t\t\t\t\t\t<\/div>\n\t\t\t\t<\/div>\n\t\t\t\t<\/div>\n\t\t\t\t\t<\/div>\n\t\t<\/div>\n\t\t\t\t\t\t\t<\/div>\n\t\t<\/section>\n\t\t\t\t\t<\/div>\n\t\t<\/div>\n\t\t\t\t<div class=\"elementor-column elementor-col-33 elementor-top-column elementor-element elementor-element-72468ab2\" data-id=\"72468ab2\" data-element_type=\"column\">\n\t\t\t<div class=\"elementor-widget-wrap\">\n\t\t\t\t\t\t\t\t\t<\/div>\n\t\t<\/div>\n\t\t\t\t<div class=\"elementor-column elementor-col-33 elementor-top-column elementor-element elementor-element-3cb0483f\" data-id=\"3cb0483f\" data-element_type=\"column\">\n\t\t\t<div class=\"elementor-widget-wrap elementor-element-populated\">\n\t\t\t\t\t\t\t\t<div class=\"elementor-element elementor-element-501f2557 elementor-grid-1 elementor-posts--align-center elementor-posts__hover-none elementor-widget__width-inherit elementor-absolute elementor-grid-tablet-2 elementor-grid-mobile-1 elementor-posts--thumbnail-top elementor-card-shadow-yes elementor-widget elementor-widget-posts\" data-id=\"501f2557\" data-element_type=\"widget\" data-settings=\"{&quot;cards_columns&quot;:&quot;1&quot;,&quot;cards_row_gap&quot;:{&quot;unit&quot;:&quot;px&quot;,&quot;size&quot;:&quot;30&quot;,&quot;sizes&quot;:[]},&quot;_position&quot;:&quot;absolute&quot;,&quot;cards_columns_tablet&quot;:&quot;2&quot;,&quot;cards_columns_mobile&quot;:&quot;1&quot;,&quot;cards_row_gap_tablet&quot;:{&quot;unit&quot;:&quot;px&quot;,&quot;size&quot;:&quot;&quot;,&quot;sizes&quot;:[]},&quot;cards_row_gap_mobile&quot;:{&quot;unit&quot;:&quot;px&quot;,&quot;size&quot;:&quot;&quot;,&quot;sizes&quot;:[]}}\" data-widget_type=\"posts.cards\">\n\t\t\t\t<div class=\"elementor-widget-container\">\n\t\t\t<link rel=\"stylesheet\" href=\"https:\/\/tlcmagazinemexico.com.mx\/wp-content\/plugins\/elementor-pro\/assets\/css\/widget-posts.min.css\">\t\t<div class=\"elementor-posts-container elementor-posts elementor-posts--skin-cards elementor-grid\">\n\t\t\t\t<article class=\"elementor-post elementor-grid-item post-437 post type-post status-publish format-standard has-post-thumbnail hentry category-edicion-42 entry\">\n\t\t\t<div class=\"elementor-post__card\">\n\t\t\t\t<a class=\"elementor-post__thumbnail__link\" href=\"https:\/\/tlcmagazinemexico.com.mx\/index.php\/2023\/04\/06\/relaciones-comerciales-entre-mexico-y-australia-importancia-y-trascendencia\/\" ><div class=\"elementor-post__thumbnail\"><img loading=\"lazy\" decoding=\"async\" width=\"939\" height=\"626\" src=\"https:\/\/tlcmagazinemexico.com.mx\/wp-content\/uploads\/2023\/04\/Portadas-42-Web-P2_Art.-8-1.png\" class=\"attachment-full size-full wp-image-439\" alt=\"\" srcset=\"https:\/\/tlcmagazinemexico.com.mx\/wp-content\/uploads\/2023\/04\/Portadas-42-Web-P2_Art.-8-1.png 939w, https:\/\/tlcmagazinemexico.com.mx\/wp-content\/uploads\/2023\/04\/Portadas-42-Web-P2_Art.-8-1-300x200.png 300w, https:\/\/tlcmagazinemexico.com.mx\/wp-content\/uploads\/2023\/04\/Portadas-42-Web-P2_Art.-8-1-768x512.png 768w\" sizes=\"auto, (max-width: 939px) 100vw, 939px\" style=\"width:100%;height:66.67%;max-width:939px;\" \/><\/div><\/a>\n\t\t\t\t<div class=\"elementor-post__text\">\n\t\t\t\t<h1 class=\"elementor-post__title\">\n\t\t\t<a href=\"https:\/\/tlcmagazinemexico.com.mx\/index.php\/2023\/04\/06\/relaciones-comerciales-entre-mexico-y-australia-importancia-y-trascendencia\/\" >\n\t\t\t\tRelaciones comerciales entre M\u00e9xico y Australia, importancia y trascendencia\t\t\t<\/a>\n\t\t<\/h1>\n\t\t\t\t<div class=\"elementor-post__excerpt\">\n\t\t\t<p>En el presente art\u00edculo se tendr\u00e1 la oportunidad de examinar la importancia de las relaciones comerciales que existen, entre M\u00e9xico y Australia, relaciones que en<\/p>\n\t\t<\/div>\n\t\t\n\t\t<a class=\"elementor-post__read-more\" href=\"https:\/\/tlcmagazinemexico.com.mx\/index.php\/2023\/04\/06\/relaciones-comerciales-entre-mexico-y-australia-importancia-y-trascendencia\/\" aria-label=\"Read more about Relaciones comerciales entre M\u00e9xico y Australia, importancia y trascendencia\" >\n\t\t\tLeer m\u00e1s \u00bb\t\t<\/a>\n\n\t\t\t\t<\/div>\n\t\t\t\t\t<\/div>\n\t\t<\/article>\n\t\t\t\t<article class=\"elementor-post elementor-grid-item post-427 post type-post status-publish format-standard has-post-thumbnail hentry category-edicion-42 entry\">\n\t\t\t<div class=\"elementor-post__card\">\n\t\t\t\t<a class=\"elementor-post__thumbnail__link\" href=\"https:\/\/tlcmagazinemexico.com.mx\/index.php\/2023\/04\/06\/las-relaciones-comerciales-entre-mexico-y-espana-importancia-y-trascendencia\/\" ><div class=\"elementor-post__thumbnail\"><img loading=\"lazy\" decoding=\"async\" width=\"939\" height=\"626\" src=\"https:\/\/tlcmagazinemexico.com.mx\/wp-content\/uploads\/2023\/04\/Portadas-42-Web-P2_Art.-7-1.png\" class=\"attachment-full size-full wp-image-428\" alt=\"\" srcset=\"https:\/\/tlcmagazinemexico.com.mx\/wp-content\/uploads\/2023\/04\/Portadas-42-Web-P2_Art.-7-1.png 939w, https:\/\/tlcmagazinemexico.com.mx\/wp-content\/uploads\/2023\/04\/Portadas-42-Web-P2_Art.-7-1-300x200.png 300w, https:\/\/tlcmagazinemexico.com.mx\/wp-content\/uploads\/2023\/04\/Portadas-42-Web-P2_Art.-7-1-768x512.png 768w\" sizes=\"auto, (max-width: 939px) 100vw, 939px\" style=\"width:100%;height:66.67%;max-width:939px;\" \/><\/div><\/a>\n\t\t\t\t<div class=\"elementor-post__text\">\n\t\t\t\t<h1 class=\"elementor-post__title\">\n\t\t\t<a href=\"https:\/\/tlcmagazinemexico.com.mx\/index.php\/2023\/04\/06\/las-relaciones-comerciales-entre-mexico-y-espana-importancia-y-trascendencia\/\" >\n\t\t\t\tLas relaciones comerciales entre M\u00e9xico y Espa\u00f1a, importancia y trascendencia\t\t\t<\/a>\n\t\t<\/h1>\n\t\t\t\t<div class=\"elementor-post__excerpt\">\n\t\t\t<p>Por medio del presente art\u00edculo, se tendr\u00e1 la oportunidad de examinar las relaciones comerciales existentes entre dos pa\u00edses en los cuales existen fuertes v\u00ednculos hist\u00f3ricos,<\/p>\n\t\t<\/div>\n\t\t\n\t\t<a class=\"elementor-post__read-more\" href=\"https:\/\/tlcmagazinemexico.com.mx\/index.php\/2023\/04\/06\/las-relaciones-comerciales-entre-mexico-y-espana-importancia-y-trascendencia\/\" aria-label=\"Read more about Las relaciones comerciales entre M\u00e9xico y Espa\u00f1a, importancia y trascendencia\" >\n\t\t\tLeer m\u00e1s \u00bb\t\t<\/a>\n\n\t\t\t\t<\/div>\n\t\t\t\t\t<\/div>\n\t\t<\/article>\n\t\t\t\t<article class=\"elementor-post elementor-grid-item post-420 post type-post status-publish format-standard has-post-thumbnail hentry category-edicion-42 entry\">\n\t\t\t<div class=\"elementor-post__card\">\n\t\t\t\t<a class=\"elementor-post__thumbnail__link\" href=\"https:\/\/tlcmagazinemexico.com.mx\/index.php\/2023\/04\/06\/oro-azul-el-motivo-de-guerra-para-el-proximo-siglo\/\" ><div class=\"elementor-post__thumbnail\"><img loading=\"lazy\" decoding=\"async\" width=\"939\" height=\"626\" src=\"https:\/\/tlcmagazinemexico.com.mx\/wp-content\/uploads\/2023\/04\/Portadas-42-Web-P2_Art.-6-1.png\" class=\"attachment-full size-full wp-image-422\" alt=\"\" srcset=\"https:\/\/tlcmagazinemexico.com.mx\/wp-content\/uploads\/2023\/04\/Portadas-42-Web-P2_Art.-6-1.png 939w, https:\/\/tlcmagazinemexico.com.mx\/wp-content\/uploads\/2023\/04\/Portadas-42-Web-P2_Art.-6-1-300x200.png 300w, https:\/\/tlcmagazinemexico.com.mx\/wp-content\/uploads\/2023\/04\/Portadas-42-Web-P2_Art.-6-1-768x512.png 768w\" sizes=\"auto, (max-width: 939px) 100vw, 939px\" style=\"width:100%;height:66.67%;max-width:939px;\" \/><\/div><\/a>\n\t\t\t\t<div class=\"elementor-post__text\">\n\t\t\t\t<h1 class=\"elementor-post__title\">\n\t\t\t<a href=\"https:\/\/tlcmagazinemexico.com.mx\/index.php\/2023\/04\/06\/oro-azul-el-motivo-de-guerra-para-el-proximo-siglo\/\" >\n\t\t\t\tOro azul: El motivo de guerra para el pr\u00f3ximo siglo\t\t\t<\/a>\n\t\t<\/h1>\n\t\t\t\t<div class=\"elementor-post__excerpt\">\n\t\t\t<p>Me referir\u00e9 en esta ocasi\u00f3n al oro azul como recurso natural: el agua, debido al alto valor que mantiene actualmente y su similitud al mismo<\/p>\n\t\t<\/div>\n\t\t\n\t\t<a class=\"elementor-post__read-more\" href=\"https:\/\/tlcmagazinemexico.com.mx\/index.php\/2023\/04\/06\/oro-azul-el-motivo-de-guerra-para-el-proximo-siglo\/\" aria-label=\"Read more about Oro azul: El motivo de guerra para el pr\u00f3ximo siglo\" >\n\t\t\tLeer m\u00e1s \u00bb\t\t<\/a>\n\n\t\t\t\t<\/div>\n\t\t\t\t\t<\/div>\n\t\t<\/article>\n\t\t\t\t<article class=\"elementor-post elementor-grid-item post-403 post type-post status-publish format-standard has-post-thumbnail hentry category-edicion-42 entry\">\n\t\t\t<div class=\"elementor-post__card\">\n\t\t\t\t<a class=\"elementor-post__thumbnail__link\" href=\"https:\/\/tlcmagazinemexico.com.mx\/index.php\/2023\/04\/05\/el-manejo-del-riesgo-en-elcomercio-internacional\/\" ><div class=\"elementor-post__thumbnail\"><img loading=\"lazy\" decoding=\"async\" width=\"939\" height=\"626\" src=\"https:\/\/tlcmagazinemexico.com.mx\/wp-content\/uploads\/2023\/04\/Portadas-42-Web_Art.-4-1.png\" class=\"attachment-full size-full wp-image-404\" alt=\"\" srcset=\"https:\/\/tlcmagazinemexico.com.mx\/wp-content\/uploads\/2023\/04\/Portadas-42-Web_Art.-4-1.png 939w, https:\/\/tlcmagazinemexico.com.mx\/wp-content\/uploads\/2023\/04\/Portadas-42-Web_Art.-4-1-300x200.png 300w, https:\/\/tlcmagazinemexico.com.mx\/wp-content\/uploads\/2023\/04\/Portadas-42-Web_Art.-4-1-768x512.png 768w\" sizes=\"auto, (max-width: 939px) 100vw, 939px\" style=\"width:100%;height:66.67%;max-width:939px;\" \/><\/div><\/a>\n\t\t\t\t<div class=\"elementor-post__text\">\n\t\t\t\t<h1 class=\"elementor-post__title\">\n\t\t\t<a href=\"https:\/\/tlcmagazinemexico.com.mx\/index.php\/2023\/04\/05\/el-manejo-del-riesgo-en-elcomercio-internacional\/\" >\n\t\t\t\tEl manejo del riesgo en el comercio internacional\t\t\t<\/a>\n\t\t<\/h1>\n\t\t\t\t<div class=\"elementor-post__excerpt\">\n\t\t\t<p>En el mundo de los negocios el RIESGO es un elemento siempre presente. No es posible, y tal vez ni siquiera deseable \u201chuir\u201d de este.<\/p>\n\t\t<\/div>\n\t\t\n\t\t<a class=\"elementor-post__read-more\" href=\"https:\/\/tlcmagazinemexico.com.mx\/index.php\/2023\/04\/05\/el-manejo-del-riesgo-en-elcomercio-internacional\/\" aria-label=\"Read more about El manejo del riesgo en el comercio internacional\" >\n\t\t\tLeer m\u00e1s \u00bb\t\t<\/a>\n\n\t\t\t\t<\/div>\n\t\t\t\t\t<\/div>\n\t\t<\/article>\n\t\t\t\t<article class=\"elementor-post elementor-grid-item post-393 post type-post status-publish format-standard has-post-thumbnail hentry category-edicion-42 entry\">\n\t\t\t<div class=\"elementor-post__card\">\n\t\t\t\t<a class=\"elementor-post__thumbnail__link\" href=\"https:\/\/tlcmagazinemexico.com.mx\/index.php\/2023\/04\/05\/oportunidades-que-favorecen-el-desarrollo-del-comercio-internacional-en-mexico\/\" ><div class=\"elementor-post__thumbnail\"><img loading=\"lazy\" decoding=\"async\" width=\"939\" height=\"626\" src=\"https:\/\/tlcmagazinemexico.com.mx\/wp-content\/uploads\/2023\/04\/Portadas-42-Web_Art.-3-1.png\" class=\"attachment-full size-full wp-image-394\" alt=\"\" srcset=\"https:\/\/tlcmagazinemexico.com.mx\/wp-content\/uploads\/2023\/04\/Portadas-42-Web_Art.-3-1.png 939w, https:\/\/tlcmagazinemexico.com.mx\/wp-content\/uploads\/2023\/04\/Portadas-42-Web_Art.-3-1-300x200.png 300w, https:\/\/tlcmagazinemexico.com.mx\/wp-content\/uploads\/2023\/04\/Portadas-42-Web_Art.-3-1-768x512.png 768w\" sizes=\"auto, (max-width: 939px) 100vw, 939px\" style=\"width:100%;height:66.67%;max-width:939px;\" \/><\/div><\/a>\n\t\t\t\t<div class=\"elementor-post__text\">\n\t\t\t\t<h1 class=\"elementor-post__title\">\n\t\t\t<a href=\"https:\/\/tlcmagazinemexico.com.mx\/index.php\/2023\/04\/05\/oportunidades-que-favorecen-el-desarrollo-del-comercio-internacional-en-mexico\/\" >\n\t\t\t\tOportunidades que favorecen el desarrollo del Comercio Internacional en M\u00e9xico\t\t\t<\/a>\n\t\t<\/h1>\n\t\t\t\t<div class=\"elementor-post__excerpt\">\n\t\t\t<p>M\u00e9xico es un pa\u00eds atractivo para la inversi\u00f3n extranjera debido a su posici\u00f3n estrat\u00e9gica y su poblaci\u00f3n joven, adem\u00e1s de que somos un pa\u00eds consumista<\/p>\n\t\t<\/div>\n\t\t\n\t\t<a class=\"elementor-post__read-more\" href=\"https:\/\/tlcmagazinemexico.com.mx\/index.php\/2023\/04\/05\/oportunidades-que-favorecen-el-desarrollo-del-comercio-internacional-en-mexico\/\" aria-label=\"Read more about Oportunidades que favorecen el desarrollo del Comercio Internacional en M\u00e9xico\" >\n\t\t\tLeer m\u00e1s \u00bb\t\t<\/a>\n\n\t\t\t\t<\/div>\n\t\t\t\t\t<\/div>\n\t\t<\/article>\n\t\t\t\t<article class=\"elementor-post elementor-grid-item post-379 post type-post status-publish format-standard has-post-thumbnail hentry category-edicion-42 entry\">\n\t\t\t<div class=\"elementor-post__card\">\n\t\t\t\t<a class=\"elementor-post__thumbnail__link\" href=\"https:\/\/tlcmagazinemexico.com.mx\/index.php\/2023\/04\/05\/cumplimiento-de-las-disposiciones-aduaneras-en-el-dictamen-fiscal\/\" ><div class=\"elementor-post__thumbnail\"><img loading=\"lazy\" decoding=\"async\" width=\"939\" height=\"626\" src=\"https:\/\/tlcmagazinemexico.com.mx\/wp-content\/uploads\/2023\/04\/Portadas-42-Web_Art.-2-1.png\" class=\"attachment-full size-full wp-image-380\" alt=\"\" srcset=\"https:\/\/tlcmagazinemexico.com.mx\/wp-content\/uploads\/2023\/04\/Portadas-42-Web_Art.-2-1.png 939w, https:\/\/tlcmagazinemexico.com.mx\/wp-content\/uploads\/2023\/04\/Portadas-42-Web_Art.-2-1-300x200.png 300w, https:\/\/tlcmagazinemexico.com.mx\/wp-content\/uploads\/2023\/04\/Portadas-42-Web_Art.-2-1-768x512.png 768w\" sizes=\"auto, (max-width: 939px) 100vw, 939px\" style=\"width:100%;height:66.67%;max-width:939px;\" \/><\/div><\/a>\n\t\t\t\t<div class=\"elementor-post__text\">\n\t\t\t\t<h1 class=\"elementor-post__title\">\n\t\t\t<a href=\"https:\/\/tlcmagazinemexico.com.mx\/index.php\/2023\/04\/05\/cumplimiento-de-las-disposiciones-aduaneras-en-el-dictamen-fiscal\/\" >\n\t\t\t\tCumplimiento de las disposiciones aduaneras en el Dictamen Fiscal\t\t\t<\/a>\n\t\t<\/h1>\n\t\t\t\t<div class=\"elementor-post__excerpt\">\n\t\t\t<p>En el a\u00f1o 2023 se aplicar\u00e1n cambios relevantes en materia de presentaci\u00f3n de los \u201cdict\u00e1menes de los estados financieros\u201d, los cuales tienen relaci\u00f3n con la<\/p>\n\t\t<\/div>\n\t\t\n\t\t<a class=\"elementor-post__read-more\" href=\"https:\/\/tlcmagazinemexico.com.mx\/index.php\/2023\/04\/05\/cumplimiento-de-las-disposiciones-aduaneras-en-el-dictamen-fiscal\/\" aria-label=\"Read more about Cumplimiento de las disposiciones aduaneras en el Dictamen Fiscal\" >\n\t\t\tLeer m\u00e1s \u00bb\t\t<\/a>\n\n\t\t\t\t<\/div>\n\t\t\t\t\t<\/div>\n\t\t<\/article>\n\t\t\t\t<article class=\"elementor-post elementor-grid-item post-364 post type-post status-publish format-standard has-post-thumbnail hentry category-edicion-42 entry\">\n\t\t\t<div class=\"elementor-post__card\">\n\t\t\t\t<a class=\"elementor-post__thumbnail__link\" href=\"https:\/\/tlcmagazinemexico.com.mx\/index.php\/2023\/04\/05\/anzcerta-australia-y-nueva-zelanda\/\" ><div class=\"elementor-post__thumbnail\"><img loading=\"lazy\" decoding=\"async\" width=\"939\" height=\"626\" src=\"https:\/\/tlcmagazinemexico.com.mx\/wp-content\/uploads\/2023\/04\/Portadas-42-Web_Art.-1-1.png\" class=\"attachment-full size-full wp-image-365\" alt=\"\" srcset=\"https:\/\/tlcmagazinemexico.com.mx\/wp-content\/uploads\/2023\/04\/Portadas-42-Web_Art.-1-1.png 939w, https:\/\/tlcmagazinemexico.com.mx\/wp-content\/uploads\/2023\/04\/Portadas-42-Web_Art.-1-1-300x200.png 300w, https:\/\/tlcmagazinemexico.com.mx\/wp-content\/uploads\/2023\/04\/Portadas-42-Web_Art.-1-1-768x512.png 768w\" sizes=\"auto, (max-width: 939px) 100vw, 939px\" style=\"width:100%;height:66.67%;max-width:939px;\" \/><\/div><\/a>\n\t\t\t\t<div class=\"elementor-post__text\">\n\t\t\t\t<h1 class=\"elementor-post__title\">\n\t\t\t<a href=\"https:\/\/tlcmagazinemexico.com.mx\/index.php\/2023\/04\/05\/anzcerta-australia-y-nueva-zelanda\/\" >\n\t\t\t\tAnzcerta Australia y Nueva Zelanda\t\t\t<\/a>\n\t\t<\/h1>\n\t\t\t\t<div class=\"elementor-post__excerpt\">\n\t\t\t<p>Desde que Estados Unidos mostr\u00f3 inter\u00e9s en Ocean\u00eda para asociarse comercialmente con los pa\u00edses de la regi\u00f3n y enfrentar el expansionismo de China y sus<\/p>\n\t\t<\/div>\n\t\t\n\t\t<a class=\"elementor-post__read-more\" href=\"https:\/\/tlcmagazinemexico.com.mx\/index.php\/2023\/04\/05\/anzcerta-australia-y-nueva-zelanda\/\" aria-label=\"Read more about Anzcerta Australia y Nueva Zelanda\" >\n\t\t\tLeer m\u00e1s \u00bb\t\t<\/a>\n\n\t\t\t\t<\/div>\n\t\t\t\t\t<\/div>\n\t\t<\/article>\n\t\t\t\t<\/div>\n\t\t\n\t\t\t\t<\/div>\n\t\t\t\t<\/div>\n\t\t\t\t\t<\/div>\n\t\t<\/div>\n\t\t\t\t\t\t\t<\/div>\n\t\t<\/section>\n\t\t\t\t\t\t\t<\/div>\n\t\t","protected":false},"excerpt":{"rendered":"<p>Contrario a lo que se esperaba a inicios de 2024, la econom\u00eda mexicana ha mostrado indicios de una p\u00e9rdida de dinamismo, la cual inici\u00f3 a finales del a\u00f1o pasado. Indicadores asociados al mercado laboral, consumo privado, inversi\u00f3n fija bruta y confianza del consumidor se han venido deteriorando, propiciando revisiones constantes a la baja de las&hellip; <a class=\"more-link\" href=\"https:\/\/tlcmagazinemexico.com.mx\/index.php\/2023\/04\/05\/anzcerta-australia-y-nueva-zelanda\/\">Seguir leyendo <span class=\"screen-reader-text\">Anzcerta Australia y Nueva Zelanda<\/span><\/a><\/p>\n","protected":false},"author":3,"featured_media":11056,"comment_status":"open","ping_status":"open","sticky":false,"template":"elementor_header_footer","format":"standard","meta":{"_monsterinsights_skip_tracking":false,"_monsterinsights_sitenote_active":false,"_monsterinsights_sitenote_note":"","_monsterinsights_sitenote_category":0,"footnotes":""},"categories":[26],"tags":[],"class_list":["post-10597","post","type-post","status-publish","format-standard","has-post-thumbnail","hentry","category-edicion-52","entry"],"views":1769,"_links":{"self":[{"href":"https:\/\/tlcmagazinemexico.com.mx\/index.php\/wp-json\/wp\/v2\/posts\/10597","targetHints":{"allow":["GET"]}}],"collection":[{"href":"https:\/\/tlcmagazinemexico.com.mx\/index.php\/wp-json\/wp\/v2\/posts"}],"about":[{"href":"https:\/\/tlcmagazinemexico.com.mx\/index.php\/wp-json\/wp\/v2\/types\/post"}],"author":[{"embeddable":true,"href":"https:\/\/tlcmagazinemexico.com.mx\/index.php\/wp-json\/wp\/v2\/users\/3"}],"replies":[{"embeddable":true,"href":"https:\/\/tlcmagazinemexico.com.mx\/index.php\/wp-json\/wp\/v2\/comments?post=10597"}],"version-history":[{"count":7,"href":"https:\/\/tlcmagazinemexico.com.mx\/index.php\/wp-json\/wp\/v2\/posts\/10597\/revisions"}],"predecessor-version":[{"id":11079,"href":"https:\/\/tlcmagazinemexico.com.mx\/index.php\/wp-json\/wp\/v2\/posts\/10597\/revisions\/11079"}],"wp:featuredmedia":[{"embeddable":true,"href":"https:\/\/tlcmagazinemexico.com.mx\/index.php\/wp-json\/wp\/v2\/media\/11056"}],"wp:attachment":[{"href":"https:\/\/tlcmagazinemexico.com.mx\/index.php\/wp-json\/wp\/v2\/media?parent=10597"}],"wp:term":[{"taxonomy":"category","embeddable":true,"href":"https:\/\/tlcmagazinemexico.com.mx\/index.php\/wp-json\/wp\/v2\/categories?post=10597"},{"taxonomy":"post_tag","embeddable":true,"href":"https:\/\/tlcmagazinemexico.com.mx\/index.php\/wp-json\/wp\/v2\/tags?post=10597"}],"curies":[{"name":"wp","href":"https:\/\/api.w.org\/{rel}","templated":true}]}}