{"id":10592,"date":"2024-10-17T19:41:33","date_gmt":"2024-10-17T19:41:33","guid":{"rendered":"https:\/\/tlcmagazinemexico.com.mx\/?p=10592"},"modified":"2024-11-07T22:44:05","modified_gmt":"2024-11-07T22:44:05","slug":"analisis-e-importancia-de-la-resolucion-emitida-por-la-organizacion-de-las-naciones-unidas-en-el-tema-de-la-inteligencia-artificial","status":"publish","type":"post","link":"https:\/\/tlcmagazinemexico.com.mx\/index.php\/2024\/10\/17\/analisis-e-importancia-de-la-resolucion-emitida-por-la-organizacion-de-las-naciones-unidas-en-el-tema-de-la-inteligencia-artificial\/","title":{"rendered":"An\u00e1lisis e importancia de la Resoluci\u00f3n emitida por la Organizaci\u00f3n de las Naciones Unidas en el tema de la Inteligencia Artificial"},"content":{"rendered":"\t\t<div data-elementor-type=\"wp-post\" data-elementor-id=\"10592\" class=\"elementor elementor-10592\">\n\t\t\t\t\t\t\t\t\t<section class=\"elementor-section elementor-top-section elementor-element elementor-element-651e4c76 elementor-section-boxed elementor-section-height-default elementor-section-height-default\" data-id=\"651e4c76\" data-element_type=\"section\">\n\t\t\t\t\t\t<div class=\"elementor-container elementor-column-gap-default\">\n\t\t\t\t\t<div class=\"elementor-column elementor-col-33 elementor-top-column elementor-element elementor-element-221b1eb\" data-id=\"221b1eb\" data-element_type=\"column\">\n\t\t\t<div class=\"elementor-widget-wrap elementor-element-populated\">\n\t\t\t\t\t\t\t\t<div class=\"elementor-element elementor-element-28ae26d7 elementor-widget elementor-widget-theme-post-featured-image elementor-widget-image\" data-id=\"28ae26d7\" data-element_type=\"widget\" data-widget_type=\"theme-post-featured-image.default\">\n\t\t\t\t<div class=\"elementor-widget-container\">\n\t\t\t<style>\/*! elementor - v3.12.0 - 29-03-2023 *\/\n.elementor-widget-image{text-align:center}.elementor-widget-image a{display:inline-block}.elementor-widget-image a img[src$=\".svg\"]{width:48px}.elementor-widget-image img{vertical-align:middle;display:inline-block}<\/style>\t\t\t\t\t\t\t\t\t\t\t\t<img loading=\"lazy\" decoding=\"async\" width=\"750\" height=\"500\" src=\"https:\/\/tlcmagazinemexico.com.mx\/wp-content\/uploads\/2024\/10\/Portadas-52-Web_Art.-2.png\" class=\"attachment-large size-large wp-image-11054\" alt=\"\" srcset=\"https:\/\/tlcmagazinemexico.com.mx\/wp-content\/uploads\/2024\/10\/Portadas-52-Web_Art.-2.png 939w, https:\/\/tlcmagazinemexico.com.mx\/wp-content\/uploads\/2024\/10\/Portadas-52-Web_Art.-2-300x200.png 300w, https:\/\/tlcmagazinemexico.com.mx\/wp-content\/uploads\/2024\/10\/Portadas-52-Web_Art.-2-768x512.png 768w\" sizes=\"auto, (max-width: 750px) 100vw, 750px\" style=\"width:100%;height:66.67%;max-width:939px\" \/>\t\t\t\t\t\t\t\t\t\t\t\t\t\t\t<\/div>\n\t\t\t\t<\/div>\n\t\t\t\t<div class=\"elementor-element elementor-element-717d7512 elementor-widget elementor-widget-spacer\" data-id=\"717d7512\" data-element_type=\"widget\" data-widget_type=\"spacer.default\">\n\t\t\t\t<div class=\"elementor-widget-container\">\n\t\t\t<style>\/*! elementor - v3.12.0 - 29-03-2023 *\/\n.elementor-column .elementor-spacer-inner{height:var(--spacer-size)}.e-con{--container-widget-width:100%}.e-con-inner>.elementor-widget-spacer,.e-con>.elementor-widget-spacer{width:var(--container-widget-width,var(--spacer-size));--align-self:var(--container-widget-align-self,initial);--flex-shrink:0}.e-con-inner>.elementor-widget-spacer>.elementor-widget-container,.e-con-inner>.elementor-widget-spacer>.elementor-widget-container>.elementor-spacer,.e-con>.elementor-widget-spacer>.elementor-widget-container,.e-con>.elementor-widget-spacer>.elementor-widget-container>.elementor-spacer{height:100%}.e-con-inner>.elementor-widget-spacer>.elementor-widget-container>.elementor-spacer>.elementor-spacer-inner,.e-con>.elementor-widget-spacer>.elementor-widget-container>.elementor-spacer>.elementor-spacer-inner{height:var(--container-widget-height,var(--spacer-size))}<\/style>\t\t<div class=\"elementor-spacer\">\n\t\t\t<div class=\"elementor-spacer-inner\"><\/div>\n\t\t<\/div>\n\t\t\t\t<\/div>\n\t\t\t\t<\/div>\n\t\t\t\t<div class=\"elementor-element elementor-element-7d8362b6 elementor-widget elementor-widget-theme-post-title elementor-page-title elementor-widget-heading\" data-id=\"7d8362b6\" data-element_type=\"widget\" data-widget_type=\"theme-post-title.default\">\n\t\t\t\t<div class=\"elementor-widget-container\">\n\t\t\t<style>\/*! elementor - v3.12.0 - 29-03-2023 *\/\n.elementor-heading-title{padding:0;margin:0;line-height:1}.elementor-widget-heading .elementor-heading-title[class*=elementor-size-]>a{color:inherit;font-size:inherit;line-height:inherit}.elementor-widget-heading .elementor-heading-title.elementor-size-small{font-size:15px}.elementor-widget-heading .elementor-heading-title.elementor-size-medium{font-size:19px}.elementor-widget-heading .elementor-heading-title.elementor-size-large{font-size:29px}.elementor-widget-heading .elementor-heading-title.elementor-size-xl{font-size:39px}.elementor-widget-heading .elementor-heading-title.elementor-size-xxl{font-size:59px}<\/style><h1 class=\"elementor-heading-title elementor-size-default\">An\u00e1lisis e importancia de la Resoluci\u00f3n emitida por la Organizaci\u00f3n de las Naciones Unidas en el tema de la Inteligencia Artificial<\/h1>\t\t<\/div>\n\t\t\t\t<\/div>\n\t\t\t\t<div class=\"elementor-element elementor-element-1fa80cdd elementor-widget elementor-widget-text-editor\" data-id=\"1fa80cdd\" data-element_type=\"widget\" data-widget_type=\"text-editor.default\">\n\t\t\t\t<div class=\"elementor-widget-container\">\n\t\t\t<style>\/*! elementor - v3.12.0 - 29-03-2023 *\/\n.elementor-widget-text-editor.elementor-drop-cap-view-stacked .elementor-drop-cap{background-color:#69727d;color:#fff}.elementor-widget-text-editor.elementor-drop-cap-view-framed .elementor-drop-cap{color:#69727d;border:3px solid;background-color:transparent}.elementor-widget-text-editor:not(.elementor-drop-cap-view-default) .elementor-drop-cap{margin-top:8px}.elementor-widget-text-editor:not(.elementor-drop-cap-view-default) .elementor-drop-cap-letter{width:1em;height:1em}.elementor-widget-text-editor .elementor-drop-cap{float:left;text-align:center;line-height:1;font-size:50px}.elementor-widget-text-editor .elementor-drop-cap-letter{display:inline-block}<\/style>\t\t\t\t<p><!-- wp:paragraph --><\/p>\n<p>El tema de la Inteligencia Artificial (IA) en el mundo, si bien es un aspecto novedoso que va insert\u00e1ndose poco a poco en el consciente de diversos actores en el contexto internacional, tales como: gobiernos en lo individual o regional, empresas y personas f\u00edsicas, lo cierto es que dicho aspecto ya alcanz\u00f3, por su importancia y trascendencia, el hecho de ser analizado en el seno de la propia Organizaci\u00f3n de las Naciones Unidas, organizaci\u00f3n que ve con preocupaci\u00f3n el mal uso que pudiera darse a dicho campo, sobre todo si se toma en cuenta que la evoluci\u00f3n y desarrollo del mismo ya est\u00e1 impactando los diversos \u00f3rdenes de la vida de las sociedades actuales. De ah\u00ed que resulte necesario analizar los rubros que fueron puntualizados por dicha organizaci\u00f3n que, dicho sea de paso, es la m\u00e1s importante a nivel internacional.<\/p>\n<p><br><\/p>\n<p><\/p>\n<p><b>Resoluci\u00f3n de las Naciones Unidas sobre Inteligencia Artificial.<\/b><\/p>\n<p><\/p>\n<p>Con fecha 21 de marzo de 2024, la Asamblea General de Naciones Unidas aprob\u00f3 por unanimidad la Primera resoluci\u00f3n para la regulaci\u00f3n internacional de la inteligencia artificial (IA), fruto de la llamada \u201cconversaci\u00f3n global\u201d sobre esta tecnolog\u00eda. Se comenta que dicho texto fue respaldado por m\u00e1s de 120 Estados miembros de la propia organizaci\u00f3n<\/p>\n<p><br><\/p>\n<p><\/p>\n<p>De acuerdo con la Agencia de Noticias EFE, se comenta que el d\u00eda en que se aprob\u00f3 la Resoluci\u00f3n de referencia, se se\u00f1al\u00f3 por parte de la embajadora de los Estados Unidos de Am\u00e9rica que se debe abordar dicha tecnolog\u00eda como una comunidad global, sin dejar a nadie atr\u00e1s. Ese ha sido el principio rector del texto y, asimismo, resulta importante precisar que el documento titulado \u201cAprovechar las oportunidades de una Inteligencia Artificial (IA) segura y confiable para un desarrollo sostenible\u201d, fue iniciativa de los propios Estados Unidos y ha sido resultado de m\u00e1s de 40 horas de negociaci\u00f3n, seg\u00fan altos funcionarios del Gobierno en menci\u00f3n. Se refiri\u00f3 que, en su intervenci\u00f3n ante la Asamblea General de la ONU, la embajadora refiri\u00f3 los riesgos y las ventajas que pudieran tener las distintas aplicaciones de la IA y la importancia de cerrar las brechas digitales en todo el mundo para que todos los pa\u00edses puedan acceder a los beneficios de la Inteligencia Artificial, incluso se coment\u00f3 que las empresas privadas que impulsan la r\u00e1pida difusi\u00f3n y evoluci\u00f3n de esa tecnolog\u00eda deben ser responsables a la hora de dise\u00f1ar y lanzar nuevas capacidades de la misma.<\/p>\n<p><br><\/p>\n<p><\/p>\n<p>En t\u00e9rminos generales, puede se\u00f1alarse que la Resoluci\u00f3n de la promoci\u00f3n de sistemas de inteligencia artificial (IA) en el marco de las Naciones Unidas abarca cuatro puntos relevantes:<\/p>\n<p><br><\/p>\n<p><\/p>\n<p>Cuidado y protecci\u00f3n de los Derechos humanos.<\/p>\n<p>Empleo de la Inteligencia Artificial (IA) para un desarrollo sostenible.<\/p>\n<p>Equidad y alfabetizaci\u00f3n digital.<\/p>\n<p>Empleo de la IA en otros sectores.<\/p>\n<p><\/p>\n<p>Aspectos relevantes de dicha Resoluci\u00f3n.<\/p>\n<p><br><\/p>\n<p><\/p>\n<p><b>a) Derechos humanos.<\/b><\/p>\n<p><\/p>\n<p>La Asamblea General de la Organizaci\u00f3n de las Naciones Unidas adopt\u00f3 por aclamaci\u00f3n la resoluci\u00f3n de la promoci\u00f3n de sistemas de inteligencia artificial (IA) &#8220;seguros y fiables&#8221; que beneficien tambi\u00e9n al desarrollo sostenible para todos los pa\u00edses. En la Asamblea de la ONU tambi\u00e9n se destac\u00f3 que la Inteligencia Artificial debe realizarse con respeto, protecci\u00f3n y promoci\u00f3n de los Derechos humanos en el dise\u00f1o, desarrollo, despliegue y uso de la Inteligencia Artificial (IA).<\/p>\n<p><br><\/p>\n<p><\/p>\n<p>En el seno de la ONU, la Asamblea pidi\u00f3 a todos los Estados miembros y partes interesadas que se abstengan de utilizar sistemas de inteligencia artificial que no puedan funcionar de conformidad con las normas internacionales de Derechos humanos o que planteen riesgos indebidos para el disfrute de los mismos, por ende, se indic\u00f3 que los derechos que tienen las personas fuera de l\u00ednea deben protegerse tambi\u00e9n en l\u00ednea, incluso durante todo el ciclo de vida de los sistemas de inteligencia artificial.<\/p>\n<p><br><\/p>\n<p><\/p>\n<p>La Asamblea de la ONU tambi\u00e9n inst\u00f3 a todos los Estados del mundo, al sector privado, a la sociedad civil, a las organizaciones de investigaci\u00f3n y a los medios de comunicaci\u00f3n a desarrollar y apoyar enfoques y marcos normativos y de gobernanza relacionados con un uso seguro y fiable de la Inteligencia Artificial.<\/p>\n<p><br><\/p>\n<p><\/p>\n<p>Se advierte que en la Resoluci\u00f3n de la ONU se enfatiza un punto toral en el uso de la Inteligencia Artificial, como lo es el respeto hacia los Derechos humanos de las personas, tema de enorme relevancia si se considera que a trav\u00e9s de los algoritmos se pueden realizar an\u00e1lisis, c\u00e1lculos y, en su caso, generar tendencias y respuestas de las personas ante temas tan diversos como lo son: econom\u00eda, gobierno, justicia, adquisiciones y ventas en el sector econ\u00f3mico, cultura, diversiones, afinidades e incluso se puede tener injerencia en aspectos ideol\u00f3gicos, sexuales, raciales y religiosos, es decir, un mal uso de la inteligencia artificial podr\u00eda generar distorsiones ideol\u00f3gicas y de tendencias en los seres humanos, poniendo en riesgo derechos y garant\u00edas.<\/p>\n<p><br><\/p>\n<p><\/p>\n<p>Sobre el presente punto vale destacar que, en mayo de 2018, Amnist\u00eda Internacional, Access Now y diversas organizaciones internacionales presentaron la llamada Declaraci\u00f3n de Toronto, documento que versa sobre la protecci\u00f3n del derecho a la igualdad y la no discriminaci\u00f3n en los sistemas de aprendizaje autom\u00e1tico. La Declaraci\u00f3n se trata de un texto mediante el cual se busca aplicar las normas internacionales de derechos humanos existentes al desarrollo y uso de sistemas de aprendizaje autom\u00e1tico (o \u201cinteligencia artificial\u201d). En el mismo se indica que el aprendizaje autom\u00e1tico (AA) es un subconjunto de la inteligencia artificial, en la Declaraci\u00f3n se indica que se puede definir como \u201cproporcionar a los sistemas la capacidad de aprender y mejorar de forma autom\u00e1tica a partir de las experiencias, sin necesidad de programaci\u00f3n expl\u00edcita\u201d.<\/p>\n<p><br><\/p>\n<p><\/p>\n<p>En la llamada Declaraci\u00f3n de Toronto se prev\u00e9 que en la relaci\u00f3n entre derechos humanos e Inteligencia Artificial se deben considerar los siguientes aspectos:<\/p>\n<p><br><\/p>\n<p><\/p>\n<p><b>a)<\/b> En primer lugar, se indica que existe un deber por parte de los Estados para prevenir la discriminaci\u00f3n que pueda existir, en el dise\u00f1o o bien en la implementaci\u00f3n de los sistemas de aprendizaje autom\u00e1ticos trat\u00e1ndose de contextos p\u00fablicos o mediante asociaciones p\u00fablico-privadas. Lo anterior, se determina a fin de evitar la generaci\u00f3n de discriminaci\u00f3n entre los seres humanos, una adecuada regulaci\u00f3n de los sistemas de aprendizaje autom\u00e1ticos sirve para garantizar la transparencia y la rendici\u00f3n de cuentas (incluida la divulgaci\u00f3n al p\u00fablico de donde se usan los sistemas de aprendizaje autom\u00e1ticos), para hacer cumplir la supervisi\u00f3n (incluidos los mecanismos para la supervisi\u00f3n independiente) y para promover la igualdad entre las personas.<\/p>\n<p><br><\/p>\n<p><\/p>\n<p><b>b) <\/b>Por otra parte, en la Declaraci\u00f3n de Toronto se indica que existen responsabilidades de los actores privados que participan en el contexto del desarrollo y la implementaci\u00f3n de los sistemas de aprendizaje autom\u00e1ticos. Dichas responsabilidades deben incluir la detecci\u00f3n de resultados discriminatorios, a trav\u00e9s de la identificaci\u00f3n y evaluaci\u00f3n de riesgos, y tambi\u00e9n se deben tomar medidas efectivas para prevenir y mitigar la discriminaci\u00f3n (entre ellas, someter a los sistemas de aprendizaje autom\u00e1ticos a auditor\u00edas externas independientes cuando haya un riesgo considerable de que se puedan violar derechos humanos), y ser transparentes, lo que incluye la publicaci\u00f3n de especificaciones t\u00e9cnicas, muestras de los datos de entrenamiento utilizados y fuentes de datos que se emplean en los sistemas de aprendizaje autom\u00e1ticos.<\/p><p><br><\/p>\n<p><\/p>\n<p><b>c)<\/b> En la misma Declaraci\u00f3n de Toronto, se indica que debe existir un derecho a un recurso efectivo y en su caso, poder llamar a cuentas a los responsables de las violaciones a derechos humanos en el desarrollo de los sistemas de aprendizaje autom\u00e1ticos. En dicha Declaraci\u00f3n, se exhorta a los gobiernos para que los mismos puedan garantizar est\u00e1ndares para el debido proceso en el uso del aprendizaje autom\u00e1tico dentro del sector p\u00fablico, ello a fin de que act\u00faen con cautela al utilizar dichos sistemas; por ejemplo, en el desarrollo de los procedimientos penales y que se definan estrategias para la rendici\u00f3n de cuentas en el desarrollo y la implementaci\u00f3n de aplicaciones de aprendizaje autom\u00e1ticos y que, en su caso, se aclaren cu\u00e1les ser\u00e1n los organismos o personas jur\u00eddicamente responsables de las decisiones tomadas mediante el uso de dichos sistemas, es decir, conocer los sujetos responsables de delinear los sistemas de Inteligencia Artificial, en los distintos pa\u00edses.<\/p><p><br><\/p>\n<p><\/p>\n<p>Como podr\u00e1 observarse de lo antes comentado, la relaci\u00f3n entre los derechos humanos y la Inteligencia Artificial se trata de un tema que empieza a ser explorado y que ser\u00e1 analizado, seguramente, a mayor profundidad en los a\u00f1os que vienen; sin embargo, y ya desde ahora, puede advertirse que los aludidos derechos humanos, a trav\u00e9s de sistemas de inteligencia artificial mal aplicados, pueden llegar a vulnerar derechos y garant\u00edas de las personas en cuestiones como: la igualdad, la no discriminaci\u00f3n, la privacidad, la protecci\u00f3n de datos, la libertad de expresi\u00f3n, la libertad de publicar escritos y documentos, el debido proceso legal, la garant\u00eda de legalidad, la de audiencia, y por supuesto un adecuado acceso a la justicia.<\/p><p><br><\/p>\n<p><\/p>\n<p><b>b) Empleo de la Inteligencia Artificial para un desarrollo sostenible.<\/b><\/p>\n<p><\/p>\n<p>El uso de la Inteligencia Artificial puede ayudar a generar un desarrollo sostenible para la econom\u00eda de las naciones, y en este sentido, se dice que puede tratarse de una aliada para la evoluci\u00f3n de los pa\u00edses en rubros tales como: el dise\u00f1o, ejecuci\u00f3n, consulta y planificaci\u00f3n de la explotaci\u00f3n de recursos naturales con que cuentan los pa\u00edses, as\u00ed como, para el dise\u00f1o de ciudades, y tratamiento de residuos en el planeta.<\/p><p><br><\/p>\n<p><\/p>\n<p>Unos ejemplos del empleo de la Inteligencia Artificial dentro del mecanismo de desarrollo sostenible, se tiene, por ejemplo, con la generaci\u00f3n y aumento del potencial para mejorar la eficiencia de las energ\u00edas renovables. En este sentido, las empresas ya est\u00e1n empleando la tecnolog\u00eda de referencia para conocer la disponibilidad diaria de las instalaciones encargadas de generar energ\u00eda (aerogeneradores, centrales hidr\u00e1ulicas, plantas de biomasa), y la IA se emplea para predecir la producci\u00f3n de energ\u00eda que se podr\u00e1 generar en los pr\u00f3ximos d\u00edas y, por \u00faltimo, para prevenir y diagnosticar aver\u00edas. M\u00e1s all\u00e1 del sector energ\u00e9tico, son muchas las industrias y negocios que pueden mejorar gracias a la IA al mismo tiempo que favorecen al planeta. Otro ejemplo es en el caso de la agricultura, en donde la inteligencia artificial se aplica para conseguir los mejores sistemas de producci\u00f3n agr\u00edcola para el mejor uso de riego en las siembras, as\u00ed como para el empleo de mecanismos de producci\u00f3n y fertilizaci\u00f3n m\u00e1s adecuados y eficientes para una mejor utilizaci\u00f3n de las tierras de cultivo. En el tema de agricultura y respecto de la inteligencia artificial, pueden emplearse mecanismos que midan la humedad, temperatura y fertilizaci\u00f3n de los cultivos. Incluso, pueden emplearse drones para mantener vigilados los cultivos.<\/p><p><br><\/p>\n<p><\/p>\n<p>En este contexto, sobre la conjunci\u00f3n entre las nociones de Inteligencia Artificial y sostenibilidad, se advierte que la IA puede ofrecer un potencial, como se ha visto, para fomentar el desarrollo y crecimiento de los Estados, ya que implica una herramienta transformadora para generar soluciones pr\u00e1cticas, adecuadas, eficientes e innovadoras, en campos clave como lo son: la planeaci\u00f3n y edificaci\u00f3n de ciudades con los mejores recursos disponibles, y reduciendo al mismo tiempo, su costo de mantenimiento; el uso adecuado y eficiente de recursos naturales con que cuentan los pa\u00edses; ayudar a mitigar el cambio clim\u00e1tico en las naciones, cuesti\u00f3n que resulta ser por dem\u00e1s de tratamiento urgente, habida cuenta del aumento de temperatura a nivel internacional; un uso m\u00e1s racional y eficiente del agua, as\u00ed como generar acciones que ayuden a preservar la biodiversidad.<\/p><p><br><\/p>\n<p><\/p>\n<p>De acuerdo con Mar\u00eda P\u00e9rez Ortiz, la misma innovaci\u00f3n que podr\u00eda crear un progreso muy significativo en los problemas sociales, econ\u00f3micos y medioambientales m\u00e1s importantes a los que nos enfrentamos actualmente puede al mismo tiempo traer consigo nuevos riesgos. Es necesario que el sector tecnol\u00f3gico tome el control de dichas oportunidades en sostenibilidad, as\u00ed como los riesgos de la aplicaci\u00f3n de la IA. Sin duda, cuanto m\u00e1s nos acerquemos a la implementaci\u00f3n de aplicaciones de la IA tales como veh\u00edculos aut\u00f3nomos, medicina personalizada y redes el\u00e9ctricas inteligentes, m\u00e1s crucial se hace invertir en la investigaci\u00f3n necesaria para mantener estos sistemas robustos, seguros y beneficiosos para prevenir entre otros el mal funcionamiento o los ataques inform\u00e1ticos. Es por tanto muy importante crear conciencia de los riesgos asociados a los sistemas basados en IA en una sociedad progresivamente m\u00e1s dependiente en dicha tecnolog\u00eda.<\/p><p><br><\/p>\n<p><\/p>\n<p><b>c) Equidad y alfabetizaci\u00f3n digital.<\/b><\/p>\n<p><\/p>\n<p>La Asamblea de las Naciones Unidas ha reconocido que adem\u00e1s de los diferentes niveles de desarrollo tecnol\u00f3gico entre los pa\u00edses y dentro de ellos, y que las naciones en desarrollo se enfrentan a retos \u00fanicos para seguir el r\u00e1pido ritmo de la innovaci\u00f3n, ello implica que el uso de tecnolog\u00edas digitales puede aumentar las diferencias de desarrollo entre los Estados y, por lo tanto, y a trav\u00e9s de la Resoluci\u00f3n en estudio, se insta a los Estados miembros y a las partes interesadas a cooperar y apoyar a los pa\u00edses en desarrollo para que estos puedan beneficiarse de un acceso inclusivo y equitativo, y en su caso, poder cerrar la brecha digital y aumentar la alfabetizaci\u00f3n digital entre los pa\u00edses, diferencia que podr\u00eda ahondarse con el uso y empleo de la IA.<\/p><p><br><\/p>\n<p><\/p>\n<p>En opini\u00f3n de Luc\u00eda Fainboim, la alfabetizaci\u00f3n tiene que ver con ciertos conocimientos b\u00e1sicos que las personas debemos tener para transitar plenamente en la vida. Evidentemente, que la alfabetizaci\u00f3n es un concepto en movimiento y contextual: no se consideraban los mismos conocimientos b\u00e1sicos los que se necesitaban hace 50 a\u00f1os que los que se necesitan ahora. Y menos a\u00fan en un contexto en donde ni\u00f1os y ni\u00f1as suelen ser usuarios de internet antes de aprender a leer y escribir. En la actualidad no basta con saber leer y escribir para poder transitar plenamente este mundo. Hoy en d\u00eda ya se habla de diversas alfabetizaciones, no una sola que sea \u00fanica y estancada para todas las personas. Sin duda una alfabetizaci\u00f3n digital es indispensable porque, como venimos hablando, implica conocer el funcionamiento y las formas de uso de las plataformas digitales que utilizamos diariamente. Conocerlas para lograr una apropiaci\u00f3n y, por ende, un uso m\u00e1s pleno, creativo, cr\u00edtico o reflexivo.<\/p><p><br><\/p>\n<p><\/p>\n<p><b>d) Empleo de la IA en otros sectores.<\/b><\/p>\n<p><\/p>\n<p>Al amparo del contenido de la Resoluci\u00f3n emitida por las Naciones Unidas en el tema de la Inteligencia Artificial, tambi\u00e9n se aludi\u00f3 a otros sectores en los cuales deber\u00e1 cuidarse el uso de dicha tecnolog\u00eda, como son a saber: el respeto a la paz, la seguridad internacional y el uso militar responsable de la autonom\u00eda de la Inteligencia Artificial.<\/p><p><br><\/p>\n<p><\/p>\n<p>A manera de guisa, puede se\u00f1alarse que el uso de la Inteligencia Artificial en el \u00e1mbito militar, se trata de un campo que tiene amplias repercusiones, que van desde la toma de decisiones por parte de los comandantes y de la inteligencia militar, hasta la adopci\u00f3n de armas con cierta capacidad de IA, sin olvidar rubros clave como lo son la rob\u00f3tica inteligente; el Big Data analytics; nuevos asistentes inteligentes; motores de recomendaci\u00f3n o encomendadores; la ciberseguridad y la inteligencia artificial; la evoluci\u00f3n previsible de las tecnolog\u00edas relacionadas con la inteligencia artificial, etc. De ah\u00ed que se est\u00e9 en presencia de una tecnolog\u00eda que, en el sector militar, puede tener innumerables aplicaciones.<\/p><p><br><\/p>\n<p><\/p>\n<p>Como se ha podido observar del contenido de la Resoluci\u00f3n emitida por las Naciones Unidas en el \u00e1mbito de la Inteligencia Artificial, el tema ya es de envergadura mundial y existe la necesidad, y al mismo tiempo, preocupaci\u00f3n, por implementar medidas que ayuden a regular y controlar el campo de la Inteligencia Artificial en los diversos sectores, cuesti\u00f3n que nos parece debiera ser de mayor an\u00e1lisis y estudio en el \u00e1mbito nacional, por las repercusiones que dicha tecnolog\u00eda conlleva.<\/p>\n<p><!-- \/wp:paragraph --><\/p>\t\t\t\t\t\t<\/div>\n\t\t\t\t<\/div>\n\t\t\t\t<div class=\"elementor-element elementor-element-243a3827 elementor-widget elementor-widget-image\" data-id=\"243a3827\" data-element_type=\"widget\" data-widget_type=\"image.default\">\n\t\t\t\t<div class=\"elementor-widget-container\">\n\t\t\t\t\t\t\t\t\t\t\t\t\t\t\t<img loading=\"lazy\" decoding=\"async\" width=\"750\" height=\"272\" src=\"https:\/\/tlcmagazinemexico.com.mx\/wp-content\/uploads\/2024\/10\/Semblanzas-E52_2-1024x372.png\" class=\"attachment-large size-large wp-image-11049\" alt=\"\" srcset=\"https:\/\/tlcmagazinemexico.com.mx\/wp-content\/uploads\/2024\/10\/Semblanzas-E52_2-1024x372.png 1024w, https:\/\/tlcmagazinemexico.com.mx\/wp-content\/uploads\/2024\/10\/Semblanzas-E52_2-300x109.png 300w, https:\/\/tlcmagazinemexico.com.mx\/wp-content\/uploads\/2024\/10\/Semblanzas-E52_2-768x279.png 768w, https:\/\/tlcmagazinemexico.com.mx\/wp-content\/uploads\/2024\/10\/Semblanzas-E52_2.png 1311w\" sizes=\"auto, (max-width: 750px) 100vw, 750px\" style=\"width:100%;height:36.31%;max-width:1311px\" \/>\t\t\t\t\t\t\t\t\t\t\t\t\t\t\t<\/div>\n\t\t\t\t<\/div>\n\t\t\t\t<section class=\"elementor-section elementor-inner-section elementor-element elementor-element-67e15612 elementor-section-boxed elementor-section-height-default elementor-section-height-default\" data-id=\"67e15612\" data-element_type=\"section\">\n\t\t\t\t\t\t<div class=\"elementor-container elementor-column-gap-default\">\n\t\t\t\t\t<div class=\"elementor-column elementor-col-50 elementor-inner-column elementor-element elementor-element-35f7c90e\" data-id=\"35f7c90e\" data-element_type=\"column\">\n\t\t\t<div class=\"elementor-widget-wrap elementor-element-populated\">\n\t\t\t\t\t\t\t\t<div class=\"elementor-element elementor-element-66ff58eb elementor-widget elementor-widget-heading\" data-id=\"66ff58eb\" data-element_type=\"widget\" data-widget_type=\"heading.default\">\n\t\t\t\t<div class=\"elementor-widget-container\">\n\t\t\t<h2 class=\"elementor-heading-title elementor-size-default\">Compartir <\/h2>\t\t<\/div>\n\t\t\t\t<\/div>\n\t\t\t\t\t<\/div>\n\t\t<\/div>\n\t\t\t\t<div class=\"elementor-column elementor-col-50 elementor-inner-column elementor-element elementor-element-3ae9608c\" data-id=\"3ae9608c\" data-element_type=\"column\">\n\t\t\t<div class=\"elementor-widget-wrap elementor-element-populated\">\n\t\t\t\t\t\t\t\t<div class=\"elementor-element elementor-element-7e4c86f6 elementor-share-buttons--view-icon elementor-share-buttons--skin-flat elementor-share-buttons--align-right elementor-share-buttons--color-custom elementor-share-buttons-mobile--align-center elementor-share-buttons--shape-square elementor-grid-0 elementor-widget elementor-widget-share-buttons\" data-id=\"7e4c86f6\" data-element_type=\"widget\" data-widget_type=\"share-buttons.default\">\n\t\t\t\t<div class=\"elementor-widget-container\">\n\t\t\t<link rel=\"stylesheet\" href=\"https:\/\/tlcmagazinemexico.com.mx\/wp-content\/plugins\/elementor-pro\/assets\/css\/widget-share-buttons.min.css\">\t\t<div class=\"elementor-grid\">\n\t\t\t\t\t\t\t\t<div class=\"elementor-grid-item\">\n\t\t\t\t\t\t<div\n\t\t\t\t\t\t\tclass=\"elementor-share-btn elementor-share-btn_facebook\"\n\t\t\t\t\t\t\trole=\"button\"\n\t\t\t\t\t\t\ttabindex=\"0\"\n\t\t\t\t\t\t\taria-label=\"Compartir en facebook\"\n\t\t\t\t\t\t>\n\t\t\t\t\t\t\t\t\t\t\t\t\t\t\t<span class=\"elementor-share-btn__icon\">\n\t\t\t\t\t\t\t\t<i class=\"fab fa-facebook\" aria-hidden=\"true\"><\/i>\t\t\t\t\t\t\t<\/span>\n\t\t\t\t\t\t\t\t\t\t\t\t\t\t\t\t\t\t\t\t<\/div>\n\t\t\t\t\t<\/div>\n\t\t\t\t\t\t\t\t\t<div class=\"elementor-grid-item\">\n\t\t\t\t\t\t<div\n\t\t\t\t\t\t\tclass=\"elementor-share-btn elementor-share-btn_linkedin\"\n\t\t\t\t\t\t\trole=\"button\"\n\t\t\t\t\t\t\ttabindex=\"0\"\n\t\t\t\t\t\t\taria-label=\"Compartir en linkedin\"\n\t\t\t\t\t\t>\n\t\t\t\t\t\t\t\t\t\t\t\t\t\t\t<span class=\"elementor-share-btn__icon\">\n\t\t\t\t\t\t\t\t<i class=\"fab fa-linkedin\" aria-hidden=\"true\"><\/i>\t\t\t\t\t\t\t<\/span>\n\t\t\t\t\t\t\t\t\t\t\t\t\t\t\t\t\t\t\t\t<\/div>\n\t\t\t\t\t<\/div>\n\t\t\t\t\t\t\t\t\t<div class=\"elementor-grid-item\">\n\t\t\t\t\t\t<div\n\t\t\t\t\t\t\tclass=\"elementor-share-btn elementor-share-btn_twitter\"\n\t\t\t\t\t\t\trole=\"button\"\n\t\t\t\t\t\t\ttabindex=\"0\"\n\t\t\t\t\t\t\taria-label=\"Compartir en twitter\"\n\t\t\t\t\t\t>\n\t\t\t\t\t\t\t\t\t\t\t\t\t\t\t<span class=\"elementor-share-btn__icon\">\n\t\t\t\t\t\t\t\t<i class=\"fab fa-twitter\" aria-hidden=\"true\"><\/i>\t\t\t\t\t\t\t<\/span>\n\t\t\t\t\t\t\t\t\t\t\t\t\t\t\t\t\t\t\t\t<\/div>\n\t\t\t\t\t<\/div>\n\t\t\t\t\t\t\t\t\t<div class=\"elementor-grid-item\">\n\t\t\t\t\t\t<div\n\t\t\t\t\t\t\tclass=\"elementor-share-btn elementor-share-btn_email\"\n\t\t\t\t\t\t\trole=\"button\"\n\t\t\t\t\t\t\ttabindex=\"0\"\n\t\t\t\t\t\t\taria-label=\"Compartir en email\"\n\t\t\t\t\t\t>\n\t\t\t\t\t\t\t\t\t\t\t\t\t\t\t<span class=\"elementor-share-btn__icon\">\n\t\t\t\t\t\t\t\t<i class=\"fas fa-envelope\" aria-hidden=\"true\"><\/i>\t\t\t\t\t\t\t<\/span>\n\t\t\t\t\t\t\t\t\t\t\t\t\t\t\t\t\t\t\t\t<\/div>\n\t\t\t\t\t<\/div>\n\t\t\t\t\t\t<\/div>\n\t\t\t\t<\/div>\n\t\t\t\t<\/div>\n\t\t\t\t\t<\/div>\n\t\t<\/div>\n\t\t\t\t\t\t\t<\/div>\n\t\t<\/section>\n\t\t\t\t\t<\/div>\n\t\t<\/div>\n\t\t\t\t<div class=\"elementor-column elementor-col-33 elementor-top-column elementor-element elementor-element-3f233414\" data-id=\"3f233414\" data-element_type=\"column\">\n\t\t\t<div class=\"elementor-widget-wrap\">\n\t\t\t\t\t\t\t\t\t<\/div>\n\t\t<\/div>\n\t\t\t\t<div class=\"elementor-column elementor-col-33 elementor-top-column elementor-element elementor-element-16e91adc\" data-id=\"16e91adc\" data-element_type=\"column\">\n\t\t\t<div class=\"elementor-widget-wrap elementor-element-populated\">\n\t\t\t\t\t\t\t\t<div class=\"elementor-element elementor-element-45863632 elementor-grid-1 elementor-posts--align-center elementor-posts__hover-none elementor-widget__width-inherit elementor-absolute elementor-grid-tablet-2 elementor-grid-mobile-1 elementor-posts--thumbnail-top elementor-card-shadow-yes elementor-widget elementor-widget-posts\" data-id=\"45863632\" data-element_type=\"widget\" data-settings=\"{&quot;cards_columns&quot;:&quot;1&quot;,&quot;cards_row_gap&quot;:{&quot;unit&quot;:&quot;px&quot;,&quot;size&quot;:&quot;30&quot;,&quot;sizes&quot;:[]},&quot;_position&quot;:&quot;absolute&quot;,&quot;cards_columns_tablet&quot;:&quot;2&quot;,&quot;cards_columns_mobile&quot;:&quot;1&quot;,&quot;cards_row_gap_tablet&quot;:{&quot;unit&quot;:&quot;px&quot;,&quot;size&quot;:&quot;&quot;,&quot;sizes&quot;:[]},&quot;cards_row_gap_mobile&quot;:{&quot;unit&quot;:&quot;px&quot;,&quot;size&quot;:&quot;&quot;,&quot;sizes&quot;:[]}}\" data-widget_type=\"posts.cards\">\n\t\t\t\t<div class=\"elementor-widget-container\">\n\t\t\t<link rel=\"stylesheet\" href=\"https:\/\/tlcmagazinemexico.com.mx\/wp-content\/plugins\/elementor-pro\/assets\/css\/widget-posts.min.css\">\t\t<div class=\"elementor-posts-container elementor-posts elementor-posts--skin-cards elementor-grid\">\n\t\t\t\t<article class=\"elementor-post elementor-grid-item post-437 post type-post status-publish format-standard has-post-thumbnail hentry category-edicion-42 entry\">\n\t\t\t<div class=\"elementor-post__card\">\n\t\t\t\t<a class=\"elementor-post__thumbnail__link\" href=\"https:\/\/tlcmagazinemexico.com.mx\/index.php\/2023\/04\/06\/relaciones-comerciales-entre-mexico-y-australia-importancia-y-trascendencia\/\" ><div class=\"elementor-post__thumbnail\"><img loading=\"lazy\" decoding=\"async\" width=\"939\" height=\"626\" src=\"https:\/\/tlcmagazinemexico.com.mx\/wp-content\/uploads\/2023\/04\/Portadas-42-Web-P2_Art.-8-1.png\" class=\"attachment-full size-full wp-image-439\" alt=\"\" srcset=\"https:\/\/tlcmagazinemexico.com.mx\/wp-content\/uploads\/2023\/04\/Portadas-42-Web-P2_Art.-8-1.png 939w, https:\/\/tlcmagazinemexico.com.mx\/wp-content\/uploads\/2023\/04\/Portadas-42-Web-P2_Art.-8-1-300x200.png 300w, https:\/\/tlcmagazinemexico.com.mx\/wp-content\/uploads\/2023\/04\/Portadas-42-Web-P2_Art.-8-1-768x512.png 768w\" sizes=\"auto, (max-width: 939px) 100vw, 939px\" style=\"width:100%;height:66.67%;max-width:939px;\" \/><\/div><\/a>\n\t\t\t\t<div class=\"elementor-post__text\">\n\t\t\t\t<h1 class=\"elementor-post__title\">\n\t\t\t<a href=\"https:\/\/tlcmagazinemexico.com.mx\/index.php\/2023\/04\/06\/relaciones-comerciales-entre-mexico-y-australia-importancia-y-trascendencia\/\" >\n\t\t\t\tRelaciones comerciales entre M\u00e9xico y Australia, importancia y trascendencia\t\t\t<\/a>\n\t\t<\/h1>\n\t\t\t\t<div class=\"elementor-post__excerpt\">\n\t\t\t<p>En el presente art\u00edculo se tendr\u00e1 la oportunidad de examinar la importancia de las relaciones comerciales que existen, entre M\u00e9xico y Australia, relaciones que en<\/p>\n\t\t<\/div>\n\t\t\n\t\t<a class=\"elementor-post__read-more\" href=\"https:\/\/tlcmagazinemexico.com.mx\/index.php\/2023\/04\/06\/relaciones-comerciales-entre-mexico-y-australia-importancia-y-trascendencia\/\" aria-label=\"Read more about Relaciones comerciales entre M\u00e9xico y Australia, importancia y trascendencia\" >\n\t\t\tLeer m\u00e1s \u00bb\t\t<\/a>\n\n\t\t\t\t<\/div>\n\t\t\t\t\t<\/div>\n\t\t<\/article>\n\t\t\t\t<article class=\"elementor-post elementor-grid-item post-427 post type-post status-publish format-standard has-post-thumbnail hentry category-edicion-42 entry\">\n\t\t\t<div class=\"elementor-post__card\">\n\t\t\t\t<a class=\"elementor-post__thumbnail__link\" href=\"https:\/\/tlcmagazinemexico.com.mx\/index.php\/2023\/04\/06\/las-relaciones-comerciales-entre-mexico-y-espana-importancia-y-trascendencia\/\" ><div class=\"elementor-post__thumbnail\"><img loading=\"lazy\" decoding=\"async\" width=\"939\" height=\"626\" src=\"https:\/\/tlcmagazinemexico.com.mx\/wp-content\/uploads\/2023\/04\/Portadas-42-Web-P2_Art.-7-1.png\" class=\"attachment-full size-full wp-image-428\" alt=\"\" srcset=\"https:\/\/tlcmagazinemexico.com.mx\/wp-content\/uploads\/2023\/04\/Portadas-42-Web-P2_Art.-7-1.png 939w, https:\/\/tlcmagazinemexico.com.mx\/wp-content\/uploads\/2023\/04\/Portadas-42-Web-P2_Art.-7-1-300x200.png 300w, https:\/\/tlcmagazinemexico.com.mx\/wp-content\/uploads\/2023\/04\/Portadas-42-Web-P2_Art.-7-1-768x512.png 768w\" sizes=\"auto, (max-width: 939px) 100vw, 939px\" style=\"width:100%;height:66.67%;max-width:939px;\" \/><\/div><\/a>\n\t\t\t\t<div class=\"elementor-post__text\">\n\t\t\t\t<h1 class=\"elementor-post__title\">\n\t\t\t<a href=\"https:\/\/tlcmagazinemexico.com.mx\/index.php\/2023\/04\/06\/las-relaciones-comerciales-entre-mexico-y-espana-importancia-y-trascendencia\/\" >\n\t\t\t\tLas relaciones comerciales entre M\u00e9xico y Espa\u00f1a, importancia y trascendencia\t\t\t<\/a>\n\t\t<\/h1>\n\t\t\t\t<div class=\"elementor-post__excerpt\">\n\t\t\t<p>Por medio del presente art\u00edculo, se tendr\u00e1 la oportunidad de examinar las relaciones comerciales existentes entre dos pa\u00edses en los cuales existen fuertes v\u00ednculos hist\u00f3ricos,<\/p>\n\t\t<\/div>\n\t\t\n\t\t<a class=\"elementor-post__read-more\" href=\"https:\/\/tlcmagazinemexico.com.mx\/index.php\/2023\/04\/06\/las-relaciones-comerciales-entre-mexico-y-espana-importancia-y-trascendencia\/\" aria-label=\"Read more about Las relaciones comerciales entre M\u00e9xico y Espa\u00f1a, importancia y trascendencia\" >\n\t\t\tLeer m\u00e1s \u00bb\t\t<\/a>\n\n\t\t\t\t<\/div>\n\t\t\t\t\t<\/div>\n\t\t<\/article>\n\t\t\t\t<article class=\"elementor-post elementor-grid-item post-420 post type-post status-publish format-standard has-post-thumbnail hentry category-edicion-42 entry\">\n\t\t\t<div class=\"elementor-post__card\">\n\t\t\t\t<a class=\"elementor-post__thumbnail__link\" href=\"https:\/\/tlcmagazinemexico.com.mx\/index.php\/2023\/04\/06\/oro-azul-el-motivo-de-guerra-para-el-proximo-siglo\/\" ><div class=\"elementor-post__thumbnail\"><img loading=\"lazy\" decoding=\"async\" width=\"939\" height=\"626\" src=\"https:\/\/tlcmagazinemexico.com.mx\/wp-content\/uploads\/2023\/04\/Portadas-42-Web-P2_Art.-6-1.png\" class=\"attachment-full size-full wp-image-422\" alt=\"\" srcset=\"https:\/\/tlcmagazinemexico.com.mx\/wp-content\/uploads\/2023\/04\/Portadas-42-Web-P2_Art.-6-1.png 939w, https:\/\/tlcmagazinemexico.com.mx\/wp-content\/uploads\/2023\/04\/Portadas-42-Web-P2_Art.-6-1-300x200.png 300w, https:\/\/tlcmagazinemexico.com.mx\/wp-content\/uploads\/2023\/04\/Portadas-42-Web-P2_Art.-6-1-768x512.png 768w\" sizes=\"auto, (max-width: 939px) 100vw, 939px\" style=\"width:100%;height:66.67%;max-width:939px;\" \/><\/div><\/a>\n\t\t\t\t<div class=\"elementor-post__text\">\n\t\t\t\t<h1 class=\"elementor-post__title\">\n\t\t\t<a href=\"https:\/\/tlcmagazinemexico.com.mx\/index.php\/2023\/04\/06\/oro-azul-el-motivo-de-guerra-para-el-proximo-siglo\/\" >\n\t\t\t\tOro azul: El motivo de guerra para el pr\u00f3ximo siglo\t\t\t<\/a>\n\t\t<\/h1>\n\t\t\t\t<div class=\"elementor-post__excerpt\">\n\t\t\t<p>Me referir\u00e9 en esta ocasi\u00f3n al oro azul como recurso natural: el agua, debido al alto valor que mantiene actualmente y su similitud al mismo<\/p>\n\t\t<\/div>\n\t\t\n\t\t<a class=\"elementor-post__read-more\" href=\"https:\/\/tlcmagazinemexico.com.mx\/index.php\/2023\/04\/06\/oro-azul-el-motivo-de-guerra-para-el-proximo-siglo\/\" aria-label=\"Read more about Oro azul: El motivo de guerra para el pr\u00f3ximo siglo\" >\n\t\t\tLeer m\u00e1s \u00bb\t\t<\/a>\n\n\t\t\t\t<\/div>\n\t\t\t\t\t<\/div>\n\t\t<\/article>\n\t\t\t\t<article class=\"elementor-post elementor-grid-item post-403 post type-post status-publish format-standard has-post-thumbnail hentry category-edicion-42 entry\">\n\t\t\t<div class=\"elementor-post__card\">\n\t\t\t\t<a class=\"elementor-post__thumbnail__link\" href=\"https:\/\/tlcmagazinemexico.com.mx\/index.php\/2023\/04\/05\/el-manejo-del-riesgo-en-elcomercio-internacional\/\" ><div class=\"elementor-post__thumbnail\"><img loading=\"lazy\" decoding=\"async\" width=\"939\" height=\"626\" src=\"https:\/\/tlcmagazinemexico.com.mx\/wp-content\/uploads\/2023\/04\/Portadas-42-Web_Art.-4-1.png\" class=\"attachment-full size-full wp-image-404\" alt=\"\" srcset=\"https:\/\/tlcmagazinemexico.com.mx\/wp-content\/uploads\/2023\/04\/Portadas-42-Web_Art.-4-1.png 939w, https:\/\/tlcmagazinemexico.com.mx\/wp-content\/uploads\/2023\/04\/Portadas-42-Web_Art.-4-1-300x200.png 300w, https:\/\/tlcmagazinemexico.com.mx\/wp-content\/uploads\/2023\/04\/Portadas-42-Web_Art.-4-1-768x512.png 768w\" sizes=\"auto, (max-width: 939px) 100vw, 939px\" style=\"width:100%;height:66.67%;max-width:939px;\" \/><\/div><\/a>\n\t\t\t\t<div class=\"elementor-post__text\">\n\t\t\t\t<h1 class=\"elementor-post__title\">\n\t\t\t<a href=\"https:\/\/tlcmagazinemexico.com.mx\/index.php\/2023\/04\/05\/el-manejo-del-riesgo-en-elcomercio-internacional\/\" >\n\t\t\t\tEl manejo del riesgo en el comercio internacional\t\t\t<\/a>\n\t\t<\/h1>\n\t\t\t\t<div class=\"elementor-post__excerpt\">\n\t\t\t<p>En el mundo de los negocios el RIESGO es un elemento siempre presente. No es posible, y tal vez ni siquiera deseable \u201chuir\u201d de este.<\/p>\n\t\t<\/div>\n\t\t\n\t\t<a class=\"elementor-post__read-more\" href=\"https:\/\/tlcmagazinemexico.com.mx\/index.php\/2023\/04\/05\/el-manejo-del-riesgo-en-elcomercio-internacional\/\" aria-label=\"Read more about El manejo del riesgo en el comercio internacional\" >\n\t\t\tLeer m\u00e1s \u00bb\t\t<\/a>\n\n\t\t\t\t<\/div>\n\t\t\t\t\t<\/div>\n\t\t<\/article>\n\t\t\t\t<article class=\"elementor-post elementor-grid-item post-393 post type-post status-publish format-standard has-post-thumbnail hentry category-edicion-42 entry\">\n\t\t\t<div class=\"elementor-post__card\">\n\t\t\t\t<a class=\"elementor-post__thumbnail__link\" href=\"https:\/\/tlcmagazinemexico.com.mx\/index.php\/2023\/04\/05\/oportunidades-que-favorecen-el-desarrollo-del-comercio-internacional-en-mexico\/\" ><div class=\"elementor-post__thumbnail\"><img loading=\"lazy\" decoding=\"async\" width=\"939\" height=\"626\" src=\"https:\/\/tlcmagazinemexico.com.mx\/wp-content\/uploads\/2023\/04\/Portadas-42-Web_Art.-3-1.png\" class=\"attachment-full size-full wp-image-394\" alt=\"\" srcset=\"https:\/\/tlcmagazinemexico.com.mx\/wp-content\/uploads\/2023\/04\/Portadas-42-Web_Art.-3-1.png 939w, https:\/\/tlcmagazinemexico.com.mx\/wp-content\/uploads\/2023\/04\/Portadas-42-Web_Art.-3-1-300x200.png 300w, https:\/\/tlcmagazinemexico.com.mx\/wp-content\/uploads\/2023\/04\/Portadas-42-Web_Art.-3-1-768x512.png 768w\" sizes=\"auto, (max-width: 939px) 100vw, 939px\" style=\"width:100%;height:66.67%;max-width:939px;\" \/><\/div><\/a>\n\t\t\t\t<div class=\"elementor-post__text\">\n\t\t\t\t<h1 class=\"elementor-post__title\">\n\t\t\t<a href=\"https:\/\/tlcmagazinemexico.com.mx\/index.php\/2023\/04\/05\/oportunidades-que-favorecen-el-desarrollo-del-comercio-internacional-en-mexico\/\" >\n\t\t\t\tOportunidades que favorecen el desarrollo del Comercio Internacional en M\u00e9xico\t\t\t<\/a>\n\t\t<\/h1>\n\t\t\t\t<div class=\"elementor-post__excerpt\">\n\t\t\t<p>M\u00e9xico es un pa\u00eds atractivo para la inversi\u00f3n extranjera debido a su posici\u00f3n estrat\u00e9gica y su poblaci\u00f3n joven, adem\u00e1s de que somos un pa\u00eds consumista<\/p>\n\t\t<\/div>\n\t\t\n\t\t<a class=\"elementor-post__read-more\" href=\"https:\/\/tlcmagazinemexico.com.mx\/index.php\/2023\/04\/05\/oportunidades-que-favorecen-el-desarrollo-del-comercio-internacional-en-mexico\/\" aria-label=\"Read more about Oportunidades que favorecen el desarrollo del Comercio Internacional en M\u00e9xico\" >\n\t\t\tLeer m\u00e1s \u00bb\t\t<\/a>\n\n\t\t\t\t<\/div>\n\t\t\t\t\t<\/div>\n\t\t<\/article>\n\t\t\t\t<article class=\"elementor-post elementor-grid-item post-379 post type-post status-publish format-standard has-post-thumbnail hentry category-edicion-42 entry\">\n\t\t\t<div class=\"elementor-post__card\">\n\t\t\t\t<a class=\"elementor-post__thumbnail__link\" href=\"https:\/\/tlcmagazinemexico.com.mx\/index.php\/2023\/04\/05\/cumplimiento-de-las-disposiciones-aduaneras-en-el-dictamen-fiscal\/\" ><div class=\"elementor-post__thumbnail\"><img loading=\"lazy\" decoding=\"async\" width=\"939\" height=\"626\" src=\"https:\/\/tlcmagazinemexico.com.mx\/wp-content\/uploads\/2023\/04\/Portadas-42-Web_Art.-2-1.png\" class=\"attachment-full size-full wp-image-380\" alt=\"\" srcset=\"https:\/\/tlcmagazinemexico.com.mx\/wp-content\/uploads\/2023\/04\/Portadas-42-Web_Art.-2-1.png 939w, https:\/\/tlcmagazinemexico.com.mx\/wp-content\/uploads\/2023\/04\/Portadas-42-Web_Art.-2-1-300x200.png 300w, https:\/\/tlcmagazinemexico.com.mx\/wp-content\/uploads\/2023\/04\/Portadas-42-Web_Art.-2-1-768x512.png 768w\" sizes=\"auto, (max-width: 939px) 100vw, 939px\" style=\"width:100%;height:66.67%;max-width:939px;\" \/><\/div><\/a>\n\t\t\t\t<div class=\"elementor-post__text\">\n\t\t\t\t<h1 class=\"elementor-post__title\">\n\t\t\t<a href=\"https:\/\/tlcmagazinemexico.com.mx\/index.php\/2023\/04\/05\/cumplimiento-de-las-disposiciones-aduaneras-en-el-dictamen-fiscal\/\" >\n\t\t\t\tCumplimiento de las disposiciones aduaneras en el Dictamen Fiscal\t\t\t<\/a>\n\t\t<\/h1>\n\t\t\t\t<div class=\"elementor-post__excerpt\">\n\t\t\t<p>En el a\u00f1o 2023 se aplicar\u00e1n cambios relevantes en materia de presentaci\u00f3n de los \u201cdict\u00e1menes de los estados financieros\u201d, los cuales tienen relaci\u00f3n con la<\/p>\n\t\t<\/div>\n\t\t\n\t\t<a class=\"elementor-post__read-more\" href=\"https:\/\/tlcmagazinemexico.com.mx\/index.php\/2023\/04\/05\/cumplimiento-de-las-disposiciones-aduaneras-en-el-dictamen-fiscal\/\" aria-label=\"Read more about Cumplimiento de las disposiciones aduaneras en el Dictamen Fiscal\" >\n\t\t\tLeer m\u00e1s \u00bb\t\t<\/a>\n\n\t\t\t\t<\/div>\n\t\t\t\t\t<\/div>\n\t\t<\/article>\n\t\t\t\t<article class=\"elementor-post elementor-grid-item post-364 post type-post status-publish format-standard has-post-thumbnail hentry category-edicion-42 entry\">\n\t\t\t<div class=\"elementor-post__card\">\n\t\t\t\t<a class=\"elementor-post__thumbnail__link\" href=\"https:\/\/tlcmagazinemexico.com.mx\/index.php\/2023\/04\/05\/anzcerta-australia-y-nueva-zelanda\/\" ><div class=\"elementor-post__thumbnail\"><img loading=\"lazy\" decoding=\"async\" width=\"939\" height=\"626\" src=\"https:\/\/tlcmagazinemexico.com.mx\/wp-content\/uploads\/2023\/04\/Portadas-42-Web_Art.-1-1.png\" class=\"attachment-full size-full wp-image-365\" alt=\"\" srcset=\"https:\/\/tlcmagazinemexico.com.mx\/wp-content\/uploads\/2023\/04\/Portadas-42-Web_Art.-1-1.png 939w, https:\/\/tlcmagazinemexico.com.mx\/wp-content\/uploads\/2023\/04\/Portadas-42-Web_Art.-1-1-300x200.png 300w, https:\/\/tlcmagazinemexico.com.mx\/wp-content\/uploads\/2023\/04\/Portadas-42-Web_Art.-1-1-768x512.png 768w\" sizes=\"auto, (max-width: 939px) 100vw, 939px\" style=\"width:100%;height:66.67%;max-width:939px;\" \/><\/div><\/a>\n\t\t\t\t<div class=\"elementor-post__text\">\n\t\t\t\t<h1 class=\"elementor-post__title\">\n\t\t\t<a href=\"https:\/\/tlcmagazinemexico.com.mx\/index.php\/2023\/04\/05\/anzcerta-australia-y-nueva-zelanda\/\" >\n\t\t\t\tAnzcerta Australia y Nueva Zelanda\t\t\t<\/a>\n\t\t<\/h1>\n\t\t\t\t<div class=\"elementor-post__excerpt\">\n\t\t\t<p>Desde que Estados Unidos mostr\u00f3 inter\u00e9s en Ocean\u00eda para asociarse comercialmente con los pa\u00edses de la regi\u00f3n y enfrentar el expansionismo de China y sus<\/p>\n\t\t<\/div>\n\t\t\n\t\t<a class=\"elementor-post__read-more\" href=\"https:\/\/tlcmagazinemexico.com.mx\/index.php\/2023\/04\/05\/anzcerta-australia-y-nueva-zelanda\/\" aria-label=\"Read more about Anzcerta Australia y Nueva Zelanda\" >\n\t\t\tLeer m\u00e1s \u00bb\t\t<\/a>\n\n\t\t\t\t<\/div>\n\t\t\t\t\t<\/div>\n\t\t<\/article>\n\t\t\t\t<\/div>\n\t\t\n\t\t\t\t<\/div>\n\t\t\t\t<\/div>\n\t\t\t\t\t<\/div>\n\t\t<\/div>\n\t\t\t\t\t\t\t<\/div>\n\t\t<\/section>\n\t\t\t\t\t\t\t<\/div>\n\t\t","protected":false},"excerpt":{"rendered":"<p>El tema de la Inteligencia Artificial (IA) en el mundo, si bien es un aspecto novedoso que va insert\u00e1ndose poco a poco en el consciente de diversos actores en el contexto internacional, tales como: gobiernos en lo individual o regional, empresas y personas f\u00edsicas, lo cierto es que dicho aspecto ya alcanz\u00f3, por su importancia&hellip; <a class=\"more-link\" href=\"https:\/\/tlcmagazinemexico.com.mx\/index.php\/2023\/04\/05\/anzcerta-australia-y-nueva-zelanda\/\">Seguir leyendo <span class=\"screen-reader-text\">Anzcerta Australia y Nueva Zelanda<\/span><\/a><\/p>\n","protected":false},"author":3,"featured_media":11054,"comment_status":"open","ping_status":"open","sticky":false,"template":"elementor_header_footer","format":"standard","meta":{"_monsterinsights_skip_tracking":false,"_monsterinsights_sitenote_active":false,"_monsterinsights_sitenote_note":"","_monsterinsights_sitenote_category":0,"footnotes":""},"categories":[26],"tags":[],"class_list":["post-10592","post","type-post","status-publish","format-standard","has-post-thumbnail","hentry","category-edicion-52","entry"],"views":1575,"_links":{"self":[{"href":"https:\/\/tlcmagazinemexico.com.mx\/index.php\/wp-json\/wp\/v2\/posts\/10592","targetHints":{"allow":["GET"]}}],"collection":[{"href":"https:\/\/tlcmagazinemexico.com.mx\/index.php\/wp-json\/wp\/v2\/posts"}],"about":[{"href":"https:\/\/tlcmagazinemexico.com.mx\/index.php\/wp-json\/wp\/v2\/types\/post"}],"author":[{"embeddable":true,"href":"https:\/\/tlcmagazinemexico.com.mx\/index.php\/wp-json\/wp\/v2\/users\/3"}],"replies":[{"embeddable":true,"href":"https:\/\/tlcmagazinemexico.com.mx\/index.php\/wp-json\/wp\/v2\/comments?post=10592"}],"version-history":[{"count":7,"href":"https:\/\/tlcmagazinemexico.com.mx\/index.php\/wp-json\/wp\/v2\/posts\/10592\/revisions"}],"predecessor-version":[{"id":11082,"href":"https:\/\/tlcmagazinemexico.com.mx\/index.php\/wp-json\/wp\/v2\/posts\/10592\/revisions\/11082"}],"wp:featuredmedia":[{"embeddable":true,"href":"https:\/\/tlcmagazinemexico.com.mx\/index.php\/wp-json\/wp\/v2\/media\/11054"}],"wp:attachment":[{"href":"https:\/\/tlcmagazinemexico.com.mx\/index.php\/wp-json\/wp\/v2\/media?parent=10592"}],"wp:term":[{"taxonomy":"category","embeddable":true,"href":"https:\/\/tlcmagazinemexico.com.mx\/index.php\/wp-json\/wp\/v2\/categories?post=10592"},{"taxonomy":"post_tag","embeddable":true,"href":"https:\/\/tlcmagazinemexico.com.mx\/index.php\/wp-json\/wp\/v2\/tags?post=10592"}],"curies":[{"name":"wp","href":"https:\/\/api.w.org\/{rel}","templated":true}]}}